{"id":1,"date":"2018-01-12T09:42:28","date_gmt":"2018-01-12T09:42:28","guid":{"rendered":"http:\/\/corporateacademy.org\/\/?p=1"},"modified":"2025-03-13T18:04:47","modified_gmt":"2025-03-13T21:04:47","slug":"gosto-de-voce-somos-parecidos","status":"publish","type":"post","link":"https:\/\/corporateacademy.org\/index.php\/2018\/01\/12\/gosto-de-voce-somos-parecidos\/","title":{"rendered":"Gosto de voc\u00ea! Somos muito parecidos!"},"content":{"rendered":"\n<p class=\"wp-block-paragraph\"><em>Fernando Neves, Ph.D.&nbsp; &nbsp; &nbsp; &nbsp; <\/em><\/p>\n\n\n\n<p class=\"has-drop-cap wp-block-paragraph\">Em tempos de rede social e algoritmos, aquela ideia de que os opostos se atraem n\u00e3o \u00e9 verdadeira. O natural \u00e9 exatamente o oposto, ou seja, &nbsp;que nos conectemos com as pessoas com quem temos afinidades. Quer queiramos admitir ou n\u00e3o, n\u00f3s gostamos disso! Estudiosos do comportamento social j\u00e1 h\u00e1 tempos t\u00eam observado este comportamento. A grande quest\u00e3o \u00e9: como este comportamento afeta as rela\u00e7\u00f5es pessoais em uma sociedade que busca a diversidade? Se ao mesmo tempo as corpora\u00e7\u00f5es se esfor\u00e7am para disseminar a cultura da diversidade em todos os sentidos, ou seja, ra\u00e7a, g\u00eanero, idade, cultura ou opini\u00f5es, ao mesmo tempo, as redes sociais nos afastam daqueles que pensam ou agem de forma diferente da nossa.<\/p>\n\n\n\n<p class=\"wp-block-paragraph\">Outra quest\u00e3o que surge no meio corporativo \u00e9: De que maneira este comportamento afeta a produtividade ou criatividade? A Prof<sup>a<\/sup> Dr<sup>a<\/sup>&nbsp; Raina Brands da London Business School analisou como o network informal das amizades ajuda ou dificulta as rela\u00e7\u00f5es no ambiente corporativo, mais especificamente como os gestores devem agir frente a esta realidade. Ela diz: \u201cNo in\u00edcio n\u00f3s nos relacionamos devido a fatores geogr\u00e1ficos, mas \u00e0 medida que interagimos nos tornamos parecidos o que fortalece nossa atra\u00e7\u00e3o m\u00fatua.\u201d Este efeito produz densos grupos de pessoas similares dentro das organiza\u00e7\u00f5es ao redor do mundo.<\/p>\n\n\n\n<p class=\"wp-block-paragraph\">De certa forma, \u00e9 desej\u00e1vel que as pessoas identifiquem seus valores com os da organiza\u00e7\u00e3o onde trabalham o que naturalmente contribuir\u00e1 para que as pessoas que trabalhem juntas tendam a ser mais parecidas com o tempo. Por outro lado, a busca da diversidade n\u00e3o acontece naturalmente. \u201cQuando dizemos que devemos promover a diversidade, n\u00e3o \u00e9 porque homens e mulheres ou pessoas de diferentes etnias ou idades s\u00e3o &nbsp;diferentes, mas porque eles est\u00e3o interagindo em ambientes sociais diferentes. Eles veem o mundo de forma diferente\u201d, conclui a Dr<sup>a<\/sup> Brands.<\/p>\n\n\n\n<p class=\"wp-block-paragraph\">A busca da diversidade traz muitos benef\u00edcios, incluindo novas informa\u00e7\u00f5es, novos pontos de vista, aumento da criatividade e oportunidades de reconhecimento. Gerben S. van Der Vegt estudou um grupo de pessoas da \u00e1rea de finan\u00e7as composto por 343 pessoas compondo 41 equipes de trabalho em diferentes n\u00edveis de diversifica\u00e7\u00e3o. Neste trabalho, ele pode examinar a atitude de cada participante individualmente e sua inter-rela\u00e7\u00e3o com o grupo onde p\u00f4de avaliar o comportamento inovador dos grupos e indiv\u00edduos inseridos neles e chegou \u00e0 conclus\u00e3o que em grupos homog\u00eaneos o comportamento do indiv\u00edduo frente ao objetivo do grupo n\u00e3o estava relacionada diretamente com um comportamento inovador. J\u00e1 em grupos heterog\u00eaneos houve mais disposi\u00e7\u00e3o em se \u201cpensar fora da caixa\u201d trazendo ideias inovadoras \u00e0 toda equipe. Vegt sugere que mudan\u00e7as no ambiente de trabalho podem trazer aumento significativo no comportamento inovador dos indiv\u00edduos de uma equipe.<\/p>\n\n\n\n<h4 class=\"wp-block-heading has-dark-purple-color has-text-color\"><span id=\"inserted5947\" style=\"font-size: 36px; color: #c91079;\"><span class=\"fontplugin_fontid_4077_duality\"><span class=\"fontplugin_fontid_4077_duality\"><span id=\"inserted8936\" style=\"color: #c91079;\">Por que a diversidade \u00e9 t\u00e3o dif\u00edcil de ser alcan\u00e7ada?<\/span><\/span><\/span><\/span><\/h4>\n\n\n\n<p class=\"wp-block-paragraph\">O que impede as pessoas de promover a diversidade? Na vis\u00e3o da Dr<sup>a<\/sup> Brands s\u00e3o basicamente tr\u00eas fatores:<\/p>\n\n\n\n<blockquote><h4><span id=\"inserted7118\" style=\"color: #1935e6;\">Ambiente:<\/span><\/h4><p>Em ambientes onde um certo grupo demogr\u00e1fico domina, a afinidade pelo que \u00e9 semelhante \u00e9 mais comum. Aqueles que se sentem diferentes podem ficar contra voc\u00ea. Layouts organizacionais tamb\u00e9m podem dificultar as coisas. Uma pessoa que trabalha isolada estar\u00e1 menos propensa a encontrar pessoas. Neste sentido, o trabalho em home office, embora tenha muitas vantagens dificulta a intera\u00e7\u00e3o f\u00edsica de grupos diferentes. O desafio \u00e9 saber dosar a medida correta entre reuni\u00f5es, home office e por que n\u00e3o happy hours.<\/p><h4><span id=\"inserted3463\" style=\"color: #1232e6;\">Voc\u00ea:<\/span><\/h4><p>\u201cRelacionamentos levam tempo\u201d, diz a Dr<sup>a<\/sup> Brands. Relacionamentos superficiais e contatos passageiros s\u00e3o facilmente acrescentados ao nosso networking, mas para atingir um n\u00edvel de relacionamento mais profundo \u00e9 preciso que haja envolvimento que vai al\u00e9m do networking. O n\u00famero de pessoas que fazem parte deste relacionamento mais pr\u00f3ximo \u00e9 limitadoe fica em torno de 8 a 10 pessoas. \u201c Se voc\u00ea faz um novo amigo pr\u00f3ximo algum outro sair\u00e1 do c\u00edrculo de proximidade. Voc\u00ea n\u00e3o conseguir\u00e1 mant\u00ea-lo\u201d, diz a Dr<sup>a<\/sup> Brands.<\/p><h4><span id=\"inserted6328\" style=\"color: #1935e6;\">O Outro:<\/span><\/h4><p>Nossa habilidade de construir novos relacionamentos depende da resposta dos outros. Desta forma, quando voc\u00ea exterioriza suas &nbsp;prefer\u00eancias iniciais, elas ser\u00e3o direcionadas \u00e0s pessoas que voc\u00ea pretende alcan\u00e7ar &nbsp;pelas semelhan\u00e7as existentes entre voc\u00eas. Comunicar-se com com pessoas que possuem semelhan\u00e7as a n\u00f3s \u00e9 mais confort\u00e1vel, j\u00e1 que o risco de rejei\u00e7\u00e3o \u00e0 nossas ideias \u00e9 menor neste grupo que em um grupo com maior diversidade.<\/p><\/blockquote>\n\n\n\n<h4 class=\"wp-block-heading\"><span id=\"inserted5947\" style=\"font-size: 36px; color: #c91079;\"><span class=\"fontplugin_fontid_4077_duality\"><span id=\"inserted8936\" style=\"color: #c91079;\">Como aumentar a diversidade?<\/span><\/span><\/span><\/h4>\n\n\n\n<p class=\"wp-block-paragraph\">O primeiro passo para aumentar a diversidade em ambientes corporativos ou n\u00e3o, &nbsp;\u00e9 a mudan\u00e7a de nossos pr\u00f3prios&nbsp; paradigmas. A palavra-chave para isso \u00e9 Respeito. Quando estamos em um ambiente homog\u00eaneo, n\u00f3s nos comparamos com pessoas parecidas conosco e n\u00e3o percebemos o qu\u00e3o diferentes podemos nos tornar se nos dermos a oportunidade de nos compararmos com pessoas que pensam e agem de forma distinta \u00e0 nossa. Em princ\u00edpio, pode haver um choque de conceitos e valores, mas ao se desenvolver o respeito m\u00fatuo inicia-se um processo de reflex\u00e3o que trar\u00e1 uma nova maneira de olhar para o mesmo problema, que muitas vezes para o outro nem sequer \u00e9 um problema. Novas ideias brotam neste processo, novas maneiras de ver o mundo, novas formas de solucionar um problema.<\/p>\n\n\n\n<p class=\"wp-block-paragraph\">O segundo passo \u00e9 liderar o processo pelo exemplo e a palavra-chave agora \u00e9 lideran\u00e7a. Ao incentivar e respeitar a diversidade, o l\u00edder traz para a equipe o respaldo necess\u00e1rio para que todos sintam-se confort\u00e1veis de agir da mesma forma e fica claro que o desrespeito n\u00e3o ser\u00e1 tolerado, garantindo que as minorias possam se manifestar<\/p>\n\n\n\n<p class=\"wp-block-paragraph\">Por fim, \u00e9 importante que o time esteja coeso e a palavra-chave agora \u00e9 Integra\u00e7\u00e3o. \u00c9 a partir do trabalho em equipe e da coopera\u00e7\u00e3o que o time aprender\u00e1 a lidar de forma inconsciente tornando a diversidade um valor. O h\u00e1bito de ouvir, respeitar, opinar e decidir juntos trar\u00e1 ao grupo maturidade. O comportamento anterior baseado na decis\u00e3o consciente pautada no ambiente passa a fazer parte dos valores do grupo que tende a se tornar mais equilibrado e depois de certo tempo mais parecido.<\/p>\n\n\n\n<p class=\"wp-block-paragraph\">Fontes:<\/p>\n\n\n\n<p class=\"wp-block-paragraph\"><a href=\"https:\/\/www.london.edu\/faculty-and-research\/lbsr\/i-like-you-youre-like-me#.WtdJPpXruUk\">https:\/\/www.london.edu\/faculty-and-research\/lbsr\/i-like-you-youre-like-me#.WtdJPpXruUk<\/a><\/p>\n\n\n\n<p class=\"wp-block-paragraph\">Joint impact of interdependence and Group diversity on Innovation- Gerben S. Van der Vegt &amp; Onne Janssen \u2013 Journal of Management Vol 29,Issue 5, Pages 729-751.<\/p>\n\n\n\n<h3 class=\"wp-block-heading\">Dicas de Leitura<\/h3>\n\n\n\n<h2 class=\"wp-block-heading\">Assista este Post em formato de V\u00eddeo<\/h2>\n\n\n\n<figure class=\"wp-block-embed is-type-video is-provider-youtube wp-block-embed-youtube wp-embed-aspect-16-9 wp-has-aspect-ratio\"><div class=\"wp-block-embed__wrapper\">\n<span class=\"embed-youtube\" style=\"text-align:center; display: block;\"><iframe loading=\"lazy\" class=\"youtube-player\" width=\"660\" height=\"372\" src=\"https:\/\/www.youtube.com\/embed\/-sCSEUPDJCc?version=3&#038;rel=1&#038;showsearch=0&#038;showinfo=1&#038;iv_load_policy=1&#038;fs=1&#038;hl=pt-BR&#038;autohide=2&#038;wmode=transparent\" allowfullscreen=\"true\" style=\"border:0;\" sandbox=\"allow-scripts allow-same-origin allow-popups allow-presentation allow-popups-to-escape-sandbox\"><\/iframe><\/span>\n<\/div><\/figure>\n","protected":false},"excerpt":{"rendered":"<p>Fernando Neves, Ph.D.&nbsp; &nbsp; &nbsp; &nbsp; Em tempos de rede social e algoritmos, aquela ideia de que os opostos se atraem n\u00e3o \u00e9 verdadeira. O natural \u00e9 exatamente o oposto, ou seja, &nbsp;que nos conectemos com as pessoas com quem temos afinidades. Quer queiramos admitir ou n\u00e3o, n\u00f3s gostamos disso! Estudiosos do comportamento social j\u00e1 &hellip; <a href=\"https:\/\/corporateacademy.org\/index.php\/2018\/01\/12\/gosto-de-voce-somos-parecidos\/\" class=\"more-link\">Continuar lendo <span class=\"screen-reader-text\">Gosto de voc\u00ea! Somos muito parecidos!<\/span><\/a><\/p>\n","protected":false},"author":1,"featured_media":104,"comment_status":"open","ping_status":"open","sticky":false,"template":"","format":"standard","meta":{"_jetpack_newsletter_access":"","_jetpack_dont_email_post_to_subs":false,"_jetpack_newsletter_tier_id":0,"_jetpack_memberships_contains_paywalled_content":false,"_jetpack_feature_clip_id":0,"_jetpack_memberships_contains_paid_content":false,"footnotes":"","jetpack_publicize_message":"","jetpack_publicize_feature_enabled":true,"jetpack_social_post_already_shared":false,"jetpack_social_options":{"image_generator_settings":{"template":"highway","default_image_id":0,"font":"","enabled":false},"version":2},"jetpack_post_was_ever_published":false},"categories":[19,18,21,20],"tags":[30,22,28,180,181,179,27,29,23,24,178,25,26],"class_list":["post-1","post","type-post","status-publish","format-standard","has-post-thumbnail","hentry","category-ambiente-corporativo","category-comportamento","category-diversidade","category-gestao-de-pessoas","tag-ambiente-de-trabalho","tag-comportamento","tag-corporativo","tag-cultura","tag-cultura-organizacional","tag-diferencas","tag-diversidade","tag-empresa","tag-gestao","tag-gestao-de-pessoas","tag-psicologia","tag-rede-social","tag-redes-sociais"],"aioseo_notices":[],"aioseo_head":"\n\t\t<!-- All in One SEO 5.0.1.1 - aioseo.com -->\n\t<meta name=\"description\" content=\"Fernando Neves, Ph.D. Em tempos de rede social e algoritmos, aquela ideia de que os opostos se atraem n\u00e3o \u00e9 verdadeira. O natural \u00e9 exatamente o oposto, ou seja, que nos conectemos com as pessoas com quem temos afinidades. Quer queiramos admitir ou n\u00e3o, n\u00f3s gostamos disso! Estudiosos do comportamento social j\u00e1\" \/>\n\t<meta name=\"robots\" content=\"max-image-preview:large\" \/>\n\t<meta name=\"author\" content=\"Editor\"\/>\n\t<link rel=\"canonical\" href=\"https:\/\/corporateacademy.org\/index.php\/2018\/01\/12\/gosto-de-voce-somos-parecidos\/\" \/>\n\t<meta name=\"generator\" content=\"All in One SEO (AIOSEO) 5.0.1.1\" \/>\n\t\t<meta property=\"og:locale\" content=\"pt_BR\" \/>\n\t\t<meta property=\"og:site_name\" content=\"Corporate Academy - Compartilhando Conhecimento\" \/>\n\t\t<meta property=\"og:type\" content=\"article\" \/>\n\t\t<meta property=\"og:title\" content=\"Gosto de voc\u00ea! Somos muito parecidos! - Corporate Academy\" \/>\n\t\t<meta property=\"og:description\" content=\"Fernando Neves, Ph.D. Em tempos de rede social e algoritmos, aquela ideia de que os opostos se atraem n\u00e3o \u00e9 verdadeira. O natural \u00e9 exatamente o oposto, ou seja, que nos conectemos com as pessoas com quem temos afinidades. Quer queiramos admitir ou n\u00e3o, n\u00f3s gostamos disso! Estudiosos do comportamento social j\u00e1\" \/>\n\t\t<meta property=\"og:url\" content=\"https:\/\/corporateacademy.org\/index.php\/2018\/01\/12\/gosto-de-voce-somos-parecidos\/\" \/>\n\t\t<meta property=\"og:image\" content=\"https:\/\/i0.wp.com\/corporateacademy.org\/wp-content\/uploads\/2018\/03\/Logo200x200.jpg?fit=200200\" \/>\n\t\t<meta property=\"og:image:secure_url\" content=\"https:\/\/i0.wp.com\/corporateacademy.org\/wp-content\/uploads\/2018\/03\/Logo200x200.jpg?fit=200200\" \/>\n\t\t<meta property=\"article:published_time\" content=\"2018-01-12T09:42:28+00:00\" \/>\n\t\t<meta property=\"article:modified_time\" content=\"2025-03-13T21:04:47+00:00\" \/>\n\t\t<meta name=\"twitter:card\" content=\"summary_large_image\" \/>\n\t\t<meta name=\"twitter:title\" content=\"Gosto de voc\u00ea! Somos muito parecidos! - Corporate Academy\" \/>\n\t\t<meta name=\"twitter:description\" content=\"Fernando Neves, Ph.D. Em tempos de rede social e algoritmos, aquela ideia de que os opostos se atraem n\u00e3o \u00e9 verdadeira. O natural \u00e9 exatamente o oposto, ou seja, que nos conectemos com as pessoas com quem temos afinidades. Quer queiramos admitir ou n\u00e3o, n\u00f3s gostamos disso! Estudiosos do comportamento social j\u00e1\" \/>\n\t\t<meta name=\"twitter:image\" content=\"https:\/\/i0.wp.com\/corporateacademy.org\/wp-content\/uploads\/2018\/03\/Logo200x200.jpg?fit=200200\" \/>\n\t\t<script type=\"application\/ld+json\" class=\"aioseo-schema\">\n\t\t\t{\"@context\":\"https:\\\/\\\/schema.org\",\"@graph\":[{\"@type\":\"BlogPosting\",\"@id\":\"https:\\\/\\\/corporateacademy.org\\\/index.php\\\/2018\\\/01\\\/12\\\/gosto-de-voce-somos-parecidos\\\/#blogposting\",\"name\":\"Gosto de voc\\u00ea! Somos muito parecidos! - Corporate Academy\",\"headline\":\"Gosto de voc\\u00ea! Somos muito parecidos!\",\"author\":{\"@id\":\"https:\\\/\\\/corporateacademy.org\\\/index.php\\\/author\\\/nevesf\\\/#author\"},\"publisher\":{\"@id\":\"https:\\\/\\\/corporateacademy.org\\\/#organization\"},\"image\":{\"@type\":\"ImageObject\",\"url\":\"https:\\\/\\\/i0.wp.com\\\/corporateacademy.org\\\/wp-content\\\/uploads\\\/2018\\\/01\\\/car-communication-3100981GertAltmann.jpg?fit=6000%2C2000&ssl=1\",\"width\":6000,\"height\":2000,\"caption\":\"Foto:  Gert Altmann\\\/ Pixabay\"},\"datePublished\":\"2018-01-12T09:42:28-02:00\",\"dateModified\":\"2025-03-13T18:04:47-03:00\",\"inLanguage\":\"pt-BR\",\"mainEntityOfPage\":{\"@id\":\"https:\\\/\\\/corporateacademy.org\\\/index.php\\\/2018\\\/01\\\/12\\\/gosto-de-voce-somos-parecidos\\\/#webpage\"},\"isPartOf\":{\"@id\":\"https:\\\/\\\/corporateacademy.org\\\/index.php\\\/2018\\\/01\\\/12\\\/gosto-de-voce-somos-parecidos\\\/#webpage\"},\"articleSection\":\"Ambiente corporativo, comportamento, diversidade, gest\\u00e3o de pessoas, ambiente de trabalho, comportamento, corporativo, cultura, cultura organizacional, diferen\\u00e7as, diversidade, empresa, gest\\u00e3o, gest\\u00e3o de pessoas, psicologia, rede social, redes sociais\"},{\"@type\":\"BreadcrumbList\",\"@id\":\"https:\\\/\\\/corporateacademy.org\\\/index.php\\\/2018\\\/01\\\/12\\\/gosto-de-voce-somos-parecidos\\\/#breadcrumblist\",\"itemListElement\":[{\"@type\":\"ListItem\",\"@id\":\"https:\\\/\\\/corporateacademy.org#listItem\",\"position\":1,\"name\":\"Home\",\"item\":\"https:\\\/\\\/corporateacademy.org\",\"nextItem\":{\"@type\":\"ListItem\",\"@id\":\"https:\\\/\\\/corporateacademy.org\\\/index.php\\\/category\\\/comportamento\\\/#listItem\",\"name\":\"comportamento\"}},{\"@type\":\"ListItem\",\"@id\":\"https:\\\/\\\/corporateacademy.org\\\/index.php\\\/category\\\/comportamento\\\/#listItem\",\"position\":2,\"name\":\"comportamento\",\"item\":\"https:\\\/\\\/corporateacademy.org\\\/index.php\\\/category\\\/comportamento\\\/\",\"nextItem\":{\"@type\":\"ListItem\",\"@id\":\"https:\\\/\\\/corporateacademy.org\\\/index.php\\\/2018\\\/01\\\/12\\\/gosto-de-voce-somos-parecidos\\\/#listItem\",\"name\":\"Gosto de voc\\u00ea! Somos muito parecidos!\"},\"previousItem\":{\"@type\":\"ListItem\",\"@id\":\"https:\\\/\\\/corporateacademy.org#listItem\",\"name\":\"Home\"}},{\"@type\":\"ListItem\",\"@id\":\"https:\\\/\\\/corporateacademy.org\\\/index.php\\\/2018\\\/01\\\/12\\\/gosto-de-voce-somos-parecidos\\\/#listItem\",\"position\":3,\"name\":\"Gosto de voc\\u00ea! Somos muito parecidos!\",\"previousItem\":{\"@type\":\"ListItem\",\"@id\":\"https:\\\/\\\/corporateacademy.org\\\/index.php\\\/category\\\/comportamento\\\/#listItem\",\"name\":\"comportamento\"}}]},{\"@type\":\"Organization\",\"@id\":\"https:\\\/\\\/corporateacademy.org\\\/#organization\",\"name\":\"Corporate Academy\",\"description\":\"Compartilhando Conhecimento\",\"url\":\"https:\\\/\\\/corporateacademy.org\\\/\",\"logo\":{\"@type\":\"ImageObject\",\"url\":\"https:\\\/\\\/i0.wp.com\\\/corporateacademy.org\\\/wp-content\\\/uploads\\\/2018\\\/03\\\/Logo200x200.jpg?fit=200%2C200&ssl=1\",\"@id\":\"https:\\\/\\\/corporateacademy.org\\\/index.php\\\/2018\\\/01\\\/12\\\/gosto-de-voce-somos-parecidos\\\/#organizationLogo\",\"width\":200,\"height\":200},\"image\":{\"@id\":\"https:\\\/\\\/corporateacademy.org\\\/index.php\\\/2018\\\/01\\\/12\\\/gosto-de-voce-somos-parecidos\\\/#organizationLogo\"}},{\"@type\":\"Person\",\"@id\":\"https:\\\/\\\/corporateacademy.org\\\/index.php\\\/author\\\/nevesf\\\/#author\",\"url\":\"https:\\\/\\\/corporateacademy.org\\\/index.php\\\/author\\\/nevesf\\\/\",\"name\":\"Editor\",\"image\":{\"@type\":\"ImageObject\",\"@id\":\"https:\\\/\\\/corporateacademy.org\\\/index.php\\\/2018\\\/01\\\/12\\\/gosto-de-voce-somos-parecidos\\\/#authorImage\",\"url\":\"https:\\\/\\\/secure.gravatar.com\\\/avatar\\\/40a180061deabb68d04bd9f812bde2b372b5d57984baf7dd947ee866377d90fb?s=96&d=blank&r=g\",\"width\":96,\"height\":96,\"caption\":\"Editor\"}},{\"@type\":\"WebPage\",\"@id\":\"https:\\\/\\\/corporateacademy.org\\\/index.php\\\/2018\\\/01\\\/12\\\/gosto-de-voce-somos-parecidos\\\/#webpage\",\"url\":\"https:\\\/\\\/corporateacademy.org\\\/index.php\\\/2018\\\/01\\\/12\\\/gosto-de-voce-somos-parecidos\\\/\",\"name\":\"Gosto de voc\\u00ea! Somos muito parecidos! - Corporate Academy\",\"description\":\"Fernando Neves, Ph.D. Em tempos de rede social e algoritmos, aquela ideia de que os opostos se atraem n\\u00e3o \\u00e9 verdadeira. O natural \\u00e9 exatamente o oposto, ou seja, que nos conectemos com as pessoas com quem temos afinidades. Quer queiramos admitir ou n\\u00e3o, n\\u00f3s gostamos disso! Estudiosos do comportamento social j\\u00e1\",\"inLanguage\":\"pt-BR\",\"isPartOf\":{\"@id\":\"https:\\\/\\\/corporateacademy.org\\\/#website\"},\"breadcrumb\":{\"@id\":\"https:\\\/\\\/corporateacademy.org\\\/index.php\\\/2018\\\/01\\\/12\\\/gosto-de-voce-somos-parecidos\\\/#breadcrumblist\"},\"author\":{\"@id\":\"https:\\\/\\\/corporateacademy.org\\\/index.php\\\/author\\\/nevesf\\\/#author\"},\"creator\":{\"@id\":\"https:\\\/\\\/corporateacademy.org\\\/index.php\\\/author\\\/nevesf\\\/#author\"},\"image\":{\"@type\":\"ImageObject\",\"url\":\"https:\\\/\\\/i0.wp.com\\\/corporateacademy.org\\\/wp-content\\\/uploads\\\/2018\\\/01\\\/car-communication-3100981GertAltmann.jpg?fit=6000%2C2000&ssl=1\",\"@id\":\"https:\\\/\\\/corporateacademy.org\\\/index.php\\\/2018\\\/01\\\/12\\\/gosto-de-voce-somos-parecidos\\\/#mainImage\",\"width\":6000,\"height\":2000,\"caption\":\"Foto:  Gert Altmann\\\/ Pixabay\"},\"primaryImageOfPage\":{\"@id\":\"https:\\\/\\\/corporateacademy.org\\\/index.php\\\/2018\\\/01\\\/12\\\/gosto-de-voce-somos-parecidos\\\/#mainImage\"},\"datePublished\":\"2018-01-12T09:42:28-02:00\",\"dateModified\":\"2025-03-13T18:04:47-03:00\"},{\"@type\":\"WebSite\",\"@id\":\"https:\\\/\\\/corporateacademy.org\\\/#website\",\"url\":\"https:\\\/\\\/corporateacademy.org\\\/\",\"name\":\"Corporate Academy\",\"description\":\"Compartilhando Conhecimento\",\"inLanguage\":\"pt-BR\",\"publisher\":{\"@id\":\"https:\\\/\\\/corporateacademy.org\\\/#organization\"}}]}\n\t\t<\/script>\n\t\t<!-- All in One SEO -->\n\n","aioseo_head_json":{"title":"Gosto de voc\u00ea! Somos muito parecidos! - Corporate Academy","description":"Fernando Neves, Ph.D. Em tempos de rede social e algoritmos, aquela ideia de que os opostos se atraem n\u00e3o \u00e9 verdadeira. O natural \u00e9 exatamente o oposto, ou seja, que nos conectemos com as pessoas com quem temos afinidades. Quer queiramos admitir ou n\u00e3o, n\u00f3s gostamos disso! Estudiosos do comportamento social j\u00e1","canonical_url":"https:\/\/corporateacademy.org\/index.php\/2018\/01\/12\/gosto-de-voce-somos-parecidos\/","robots":"max-image-preview:large","keywords":"","webmasterTools":{"miscellaneous":""},"schema":{"@context":"https:\/\/schema.org","@graph":[{"@type":"BlogPosting","@id":"https:\/\/corporateacademy.org\/index.php\/2018\/01\/12\/gosto-de-voce-somos-parecidos\/#blogposting","name":"Gosto de voc\u00ea! Somos muito parecidos! - Corporate Academy","headline":"Gosto de voc\u00ea! Somos muito parecidos!","author":{"@id":"https:\/\/corporateacademy.org\/index.php\/author\/nevesf\/#author"},"publisher":{"@id":"https:\/\/corporateacademy.org\/#organization"},"image":{"@type":"ImageObject","url":"https:\/\/i0.wp.com\/corporateacademy.org\/wp-content\/uploads\/2018\/01\/car-communication-3100981GertAltmann.jpg?fit=6000%2C2000&ssl=1","width":6000,"height":2000,"caption":"Foto:  Gert Altmann\/ Pixabay"},"datePublished":"2018-01-12T09:42:28-02:00","dateModified":"2025-03-13T18:04:47-03:00","inLanguage":"pt-BR","mainEntityOfPage":{"@id":"https:\/\/corporateacademy.org\/index.php\/2018\/01\/12\/gosto-de-voce-somos-parecidos\/#webpage"},"isPartOf":{"@id":"https:\/\/corporateacademy.org\/index.php\/2018\/01\/12\/gosto-de-voce-somos-parecidos\/#webpage"},"articleSection":"Ambiente corporativo, comportamento, diversidade, gest\u00e3o de pessoas, ambiente de trabalho, comportamento, corporativo, cultura, cultura organizacional, diferen\u00e7as, diversidade, empresa, gest\u00e3o, gest\u00e3o de pessoas, psicologia, rede social, redes sociais"},{"@type":"BreadcrumbList","@id":"https:\/\/corporateacademy.org\/index.php\/2018\/01\/12\/gosto-de-voce-somos-parecidos\/#breadcrumblist","itemListElement":[{"@type":"ListItem","@id":"https:\/\/corporateacademy.org#listItem","position":1,"name":"Home","item":"https:\/\/corporateacademy.org","nextItem":{"@type":"ListItem","@id":"https:\/\/corporateacademy.org\/index.php\/category\/comportamento\/#listItem","name":"comportamento"}},{"@type":"ListItem","@id":"https:\/\/corporateacademy.org\/index.php\/category\/comportamento\/#listItem","position":2,"name":"comportamento","item":"https:\/\/corporateacademy.org\/index.php\/category\/comportamento\/","nextItem":{"@type":"ListItem","@id":"https:\/\/corporateacademy.org\/index.php\/2018\/01\/12\/gosto-de-voce-somos-parecidos\/#listItem","name":"Gosto de voc\u00ea! Somos muito parecidos!"},"previousItem":{"@type":"ListItem","@id":"https:\/\/corporateacademy.org#listItem","name":"Home"}},{"@type":"ListItem","@id":"https:\/\/corporateacademy.org\/index.php\/2018\/01\/12\/gosto-de-voce-somos-parecidos\/#listItem","position":3,"name":"Gosto de voc\u00ea! Somos muito parecidos!","previousItem":{"@type":"ListItem","@id":"https:\/\/corporateacademy.org\/index.php\/category\/comportamento\/#listItem","name":"comportamento"}}]},{"@type":"Organization","@id":"https:\/\/corporateacademy.org\/#organization","name":"Corporate Academy","description":"Compartilhando Conhecimento","url":"https:\/\/corporateacademy.org\/","logo":{"@type":"ImageObject","url":"https:\/\/i0.wp.com\/corporateacademy.org\/wp-content\/uploads\/2018\/03\/Logo200x200.jpg?fit=200%2C200&ssl=1","@id":"https:\/\/corporateacademy.org\/index.php\/2018\/01\/12\/gosto-de-voce-somos-parecidos\/#organizationLogo","width":200,"height":200},"image":{"@id":"https:\/\/corporateacademy.org\/index.php\/2018\/01\/12\/gosto-de-voce-somos-parecidos\/#organizationLogo"}},{"@type":"Person","@id":"https:\/\/corporateacademy.org\/index.php\/author\/nevesf\/#author","url":"https:\/\/corporateacademy.org\/index.php\/author\/nevesf\/","name":"Editor","image":{"@type":"ImageObject","@id":"https:\/\/corporateacademy.org\/index.php\/2018\/01\/12\/gosto-de-voce-somos-parecidos\/#authorImage","url":"https:\/\/secure.gravatar.com\/avatar\/40a180061deabb68d04bd9f812bde2b372b5d57984baf7dd947ee866377d90fb?s=96&d=blank&r=g","width":96,"height":96,"caption":"Editor"}},{"@type":"WebPage","@id":"https:\/\/corporateacademy.org\/index.php\/2018\/01\/12\/gosto-de-voce-somos-parecidos\/#webpage","url":"https:\/\/corporateacademy.org\/index.php\/2018\/01\/12\/gosto-de-voce-somos-parecidos\/","name":"Gosto de voc\u00ea! Somos muito parecidos! - Corporate Academy","description":"Fernando Neves, Ph.D. Em tempos de rede social e algoritmos, aquela ideia de que os opostos se atraem n\u00e3o \u00e9 verdadeira. O natural \u00e9 exatamente o oposto, ou seja, que nos conectemos com as pessoas com quem temos afinidades. Quer queiramos admitir ou n\u00e3o, n\u00f3s gostamos disso! Estudiosos do comportamento social j\u00e1","inLanguage":"pt-BR","isPartOf":{"@id":"https:\/\/corporateacademy.org\/#website"},"breadcrumb":{"@id":"https:\/\/corporateacademy.org\/index.php\/2018\/01\/12\/gosto-de-voce-somos-parecidos\/#breadcrumblist"},"author":{"@id":"https:\/\/corporateacademy.org\/index.php\/author\/nevesf\/#author"},"creator":{"@id":"https:\/\/corporateacademy.org\/index.php\/author\/nevesf\/#author"},"image":{"@type":"ImageObject","url":"https:\/\/i0.wp.com\/corporateacademy.org\/wp-content\/uploads\/2018\/01\/car-communication-3100981GertAltmann.jpg?fit=6000%2C2000&ssl=1","@id":"https:\/\/corporateacademy.org\/index.php\/2018\/01\/12\/gosto-de-voce-somos-parecidos\/#mainImage","width":6000,"height":2000,"caption":"Foto:  Gert Altmann\/ Pixabay"},"primaryImageOfPage":{"@id":"https:\/\/corporateacademy.org\/index.php\/2018\/01\/12\/gosto-de-voce-somos-parecidos\/#mainImage"},"datePublished":"2018-01-12T09:42:28-02:00","dateModified":"2025-03-13T18:04:47-03:00"},{"@type":"WebSite","@id":"https:\/\/corporateacademy.org\/#website","url":"https:\/\/corporateacademy.org\/","name":"Corporate Academy","description":"Compartilhando Conhecimento","inLanguage":"pt-BR","publisher":{"@id":"https:\/\/corporateacademy.org\/#organization"}}]},"og:locale":"pt_BR","og:site_name":"Corporate Academy - Compartilhando Conhecimento","og:type":"article","og:title":"Gosto de voc\u00ea! Somos muito parecidos! - Corporate Academy","og:description":"Fernando Neves, Ph.D. Em tempos de rede social e algoritmos, aquela ideia de que os opostos se atraem n\u00e3o \u00e9 verdadeira. O natural \u00e9 exatamente o oposto, ou seja, que nos conectemos com as pessoas com quem temos afinidades. Quer queiramos admitir ou n\u00e3o, n\u00f3s gostamos disso! Estudiosos do comportamento social j\u00e1","og:url":"https:\/\/corporateacademy.org\/index.php\/2018\/01\/12\/gosto-de-voce-somos-parecidos\/","og:image":"https:\/\/i0.wp.com\/corporateacademy.org\/wp-content\/uploads\/2018\/03\/Logo200x200.jpg?fit=200200","og:image:secure_url":"https:\/\/i0.wp.com\/corporateacademy.org\/wp-content\/uploads\/2018\/03\/Logo200x200.jpg?fit=200200","article:published_time":"2018-01-12T09:42:28+00:00","article:modified_time":"2025-03-13T21:04:47+00:00","twitter:card":"summary_large_image","twitter:title":"Gosto de voc\u00ea! Somos muito parecidos! - Corporate Academy","twitter:description":"Fernando Neves, Ph.D. Em tempos de rede social e algoritmos, aquela ideia de que os opostos se atraem n\u00e3o \u00e9 verdadeira. O natural \u00e9 exatamente o oposto, ou seja, que nos conectemos com as pessoas com quem temos afinidades. Quer queiramos admitir ou n\u00e3o, n\u00f3s gostamos disso! Estudiosos do comportamento social j\u00e1","twitter:image":"https:\/\/i0.wp.com\/corporateacademy.org\/wp-content\/uploads\/2018\/03\/Logo200x200.jpg?fit=200200"},"aioseo_meta_data":{"post_id":"1","title":null,"description":null,"keywords":null,"keyphrases":null,"focus_keyword":null,"additional_keywords":null,"truseo_locale":null,"primary_term":null,"canonical_url":null,"og_title":null,"og_description":null,"og_object_type":"default","og_image_type":"default","og_image_custom_url":null,"og_image_custom_fields":null,"og_image_url":null,"og_image_width":null,"og_image_height":null,"og_video":null,"og_custom_url":null,"og_article_section":null,"og_article_tags":null,"twitter_use_og":false,"twitter_card":"default","twitter_image_type":"default","twitter_image_custom_url":null,"twitter_image_custom_fields":null,"twitter_image_url":null,"twitter_title":null,"twitter_description":null,"schema_type":"default","schema_type_options":null,"schema":{"blockGraphs":[],"customGraphs":[],"default":{"data":{"Article":[],"Course":[],"Dataset":[],"FAQPage":[],"Movie":[],"Person":[],"Product":[],"ProductReview":[],"Car":[],"Recipe":[],"Service":[],"SoftwareApplication":[],"WebPage":[]},"graphName":"BlogPosting","isEnabled":true},"graphs":[]},"pillar_content":false,"robots_default":true,"robots_noindex":false,"robots_noarchive":false,"robots_nosnippet":false,"robots_nofollow":false,"robots_noimageindex":false,"robots_noodp":false,"robots_notranslate":false,"robots_max_snippet":null,"robots_max_videopreview":null,"robots_max_imagepreview":"large","priority":null,"frequency":null,"local_seo":null,"limit_modified_date":false,"ai":null,"breadcrumb_settings":null,"seo_analyzer_scan_date":null,"created":"2026-09-02 21:51:45","updated":"2026-09-02 21:53:34"},"aioseo_breadcrumb":"<div class=\"aioseo-breadcrumbs\"><span class=\"aioseo-breadcrumb\">\n\t\t\t<a href=\"https:\/\/corporateacademy.org\" title=\"Home\">Home<\/a>\n\t\t<\/span><span class=\"aioseo-breadcrumb-separator\">&raquo;<\/span><span class=\"aioseo-breadcrumb\">\n\t\t\t<a href=\"https:\/\/corporateacademy.org\/index.php\/category\/comportamento\/\" title=\"comportamento\">comportamento<\/a>\n\t\t<\/span><span class=\"aioseo-breadcrumb-separator\">&raquo;<\/span><span class=\"aioseo-breadcrumb\">\n\t\t\tGosto de voc\u00ea! Somos muito parecidos!\n\t\t<\/span><\/div>","aioseo_breadcrumb_json":[{"label":"Home","link":"https:\/\/corporateacademy.org"},{"label":"comportamento","link":"https:\/\/corporateacademy.org\/index.php\/category\/comportamento\/"},{"label":"Gosto de voc\u00ea! Somos muito parecidos!","link":"https:\/\/corporateacademy.org\/index.php\/2018\/01\/12\/gosto-de-voce-somos-parecidos\/"}],"jetpack_publicize_connections":[],"jetpack_sharing_enabled":true,"jetpack_shortlink":"https:\/\/wp.me\/p9MYp6-1","jetpack_likes_enabled":true,"jetpack-related-posts":[{"id":2398,"url":"https:\/\/corporateacademy.org\/index.php\/2024\/12\/20\/a-coragem-de-ser-imperfeito-um-guia-para-autenticidade-e-vulnerabilidade-no-ambiente-corporativo\/","url_meta":{"origin":1,"position":0},"title":"A Coragem de Ser Imperfeito: Um Guia para Autenticidade e Vulnerabilidade no Ambiente Corporativo","author":"Editor","date":"20\/12\/2024","format":false,"excerpt":"Voc\u00ea j\u00e1 se sentiu como se estivesse jogando um jogo que n\u00e3o pode vencer no trabalho? A press\u00e3o para ser perfeito, a necessidade de esconder suas falhas, a constante compara\u00e7\u00e3o com os colegas... Parece familiar? No mundo corporativo, onde a busca pela excel\u00eancia muitas vezes se transforma em uma corrida\u2026","rel":"","context":"Em &quot;Ambiente corporativo&quot;","block_context":{"text":"Ambiente corporativo","link":"https:\/\/corporateacademy.org\/index.php\/category\/ambiente-corporativo\/"},"img":{"alt_text":"A coragem de ser Imperfeito","src":"https:\/\/i0.wp.com\/corporateacademy.org\/wp-content\/uploads\/2024\/12\/vergonha-1-1.png?fit=896%2C502&ssl=1&resize=350%2C200","width":350,"height":200,"srcset":"https:\/\/i0.wp.com\/corporateacademy.org\/wp-content\/uploads\/2024\/12\/vergonha-1-1.png?fit=896%2C502&ssl=1&resize=350%2C200 1x, https:\/\/i0.wp.com\/corporateacademy.org\/wp-content\/uploads\/2024\/12\/vergonha-1-1.png?fit=896%2C502&ssl=1&resize=525%2C300 1.5x, https:\/\/i0.wp.com\/corporateacademy.org\/wp-content\/uploads\/2024\/12\/vergonha-1-1.png?fit=896%2C502&ssl=1&resize=700%2C400 2x"},"classes":[]},{"id":874,"url":"https:\/\/corporateacademy.org\/index.php\/2020\/11\/04\/como-ser-um-lider-inclusivo\/","url_meta":{"origin":1,"position":1},"title":"Como ser um l\u00edder inclusivo","author":"Editor","date":"04\/11\/2020","format":false,"excerpt":"Fernando Neves, Ph.D. Ap\u00f3s um dia cheio de atividades na empresa Reinaldo convidou o time para um jantar de boas vindas aos visitantes estrangeiros que vieram para o startup do projeto de uma nova m\u00e1quina na filial do Brasil. Cada um tomou seu lugar na churrascaria quando um dos visitantes\u2026","rel":"","context":"Em &quot;Ambiente corporativo&quot;","block_context":{"text":"Ambiente corporativo","link":"https:\/\/corporateacademy.org\/index.php\/category\/ambiente-corporativo\/"},"img":{"alt_text":"lideran\u00e7a inclusiva","src":"https:\/\/i0.wp.com\/corporateacademy.org\/wp-content\/uploads\/2020\/11\/migration-3129340_1920.jpg?fit=1200%2C674&ssl=1&resize=350%2C200","width":350,"height":200,"srcset":"https:\/\/i0.wp.com\/corporateacademy.org\/wp-content\/uploads\/2020\/11\/migration-3129340_1920.jpg?fit=1200%2C674&ssl=1&resize=350%2C200 1x, https:\/\/i0.wp.com\/corporateacademy.org\/wp-content\/uploads\/2020\/11\/migration-3129340_1920.jpg?fit=1200%2C674&ssl=1&resize=525%2C300 1.5x, https:\/\/i0.wp.com\/corporateacademy.org\/wp-content\/uploads\/2020\/11\/migration-3129340_1920.jpg?fit=1200%2C674&ssl=1&resize=700%2C400 2x, https:\/\/i0.wp.com\/corporateacademy.org\/wp-content\/uploads\/2020\/11\/migration-3129340_1920.jpg?fit=1200%2C674&ssl=1&resize=1050%2C600 3x"},"classes":[]},{"id":327,"url":"https:\/\/corporateacademy.org\/index.php\/2018\/08\/09\/trabalhando-com-equipes-multiculturais-e-multifuncionais-em-ambiente-vuca\/","url_meta":{"origin":1,"position":2},"title":"Trabalhando com equipes multiculturais e multifuncionais em ambiente VUCA","author":"Editor","date":"09\/08\/2018","format":false,"excerpt":"Texto: Fernando Neves, Ph.D. Imagem: Alexandra (Alexas_Fotos, Pixabay) As organiza\u00e7\u00f5es s\u00e3o formadas por pessoas e pessoas s\u00e3o diferentes, possuem interesses e aspira\u00e7\u00f5es distintas e acima de tudo cada um tem a sua pr\u00f3pria personalidade e individualidade. Mas o que acontece quando estas pessoas possuem um objetivo comum? O que ocorre\u2026","rel":"","context":"Em &quot;Ambiente corporativo&quot;","block_context":{"text":"Ambiente corporativo","link":"https:\/\/corporateacademy.org\/index.php\/category\/ambiente-corporativo\/"},"img":{"alt_text":"","src":"\/\/ws-na.amazon-adsystem.com\/widgets\/q?_encoding=UTF8&MarketPlace=BR&ASIN=8598254584&ServiceVersion=20070822&ID=AsinImage&WS=1&Format=_SL250_&tag=nevesf-20","width":350,"height":200},"classes":[]},{"id":2418,"url":"https:\/\/corporateacademy.org\/index.php\/2025\/01\/17\/o-segredo-do-sucesso\/","url_meta":{"origin":1,"position":3},"title":"O Segredo do Sucesso","author":"Editor","date":"17\/01\/2025","format":false,"excerpt":"Em um mundo corporativo em constante evolu\u00e7\u00e3o, o que realmente leva ao sucesso? H\u00e1 muito tempo, acreditamos que a genialidade e o talento inato s\u00e3o os principais motores do \u00eaxito. No entanto, Malcolm Gladwell, em seu livro Outliers, traduzido como \"Fora de S\u00e9rie\", desafia essa no\u00e7\u00e3o ao apresentar uma an\u00e1lise\u2026","rel":"","context":"Em &quot;Ambiente corporativo&quot;","block_context":{"text":"Ambiente corporativo","link":"https:\/\/corporateacademy.org\/index.php\/category\/ambiente-corporativo\/"},"img":{"alt_text":"Outliers: Fora de serie","src":"https:\/\/i0.wp.com\/corporateacademy.org\/wp-content\/uploads\/2025\/01\/outliers-3.png?fit=894%2C493&ssl=1&resize=350%2C200","width":350,"height":200,"srcset":"https:\/\/i0.wp.com\/corporateacademy.org\/wp-content\/uploads\/2025\/01\/outliers-3.png?fit=894%2C493&ssl=1&resize=350%2C200 1x, https:\/\/i0.wp.com\/corporateacademy.org\/wp-content\/uploads\/2025\/01\/outliers-3.png?fit=894%2C493&ssl=1&resize=525%2C300 1.5x, https:\/\/i0.wp.com\/corporateacademy.org\/wp-content\/uploads\/2025\/01\/outliers-3.png?fit=894%2C493&ssl=1&resize=700%2C400 2x"},"classes":[]},{"id":2432,"url":"https:\/\/corporateacademy.org\/index.php\/2025\/02\/14\/o-futuro-do-trabalho-como-lideres-podem-navegar-na-fronteira-entre-humanos-e-maquinas-insights-do-forum-economico-mundial\/","url_meta":{"origin":1,"position":4},"title":"O Futuro do Trabalho: Como L\u00edderes Podem Navegar na Fronteira Entre Humanos e M\u00e1quinas- Insights do F\u00f3rum Econ\u00f4mico Mundial.","author":"Editor","date":"14\/02\/2025","format":false,"excerpt":"Imagine o seguinte cen\u00e1rio: voc\u00ea chega ao trabalho e percebe que metade das tarefas que antes eram executadas por sua equipe agora s\u00e3o gerenciadas por intelig\u00eancia artificial. Os relat\u00f3rios financeiros, a triagem de candidatos para novas contrata\u00e7\u00f5es e at\u00e9 mesmo o atendimento ao cliente passaram a ser conduzidos por algoritmos\u2026","rel":"","context":"Em &quot;Ambiente corporativo&quot;","block_context":{"text":"Ambiente corporativo","link":"https:\/\/corporateacademy.org\/index.php\/category\/ambiente-corporativo\/"},"img":{"alt_text":"Humans and robots at the office","src":"https:\/\/i0.wp.com\/corporateacademy.org\/wp-content\/uploads\/2025\/02\/Human-and-Robots-Office.jpg?fit=1200%2C686&ssl=1&resize=350%2C200","width":350,"height":200,"srcset":"https:\/\/i0.wp.com\/corporateacademy.org\/wp-content\/uploads\/2025\/02\/Human-and-Robots-Office.jpg?fit=1200%2C686&ssl=1&resize=350%2C200 1x, https:\/\/i0.wp.com\/corporateacademy.org\/wp-content\/uploads\/2025\/02\/Human-and-Robots-Office.jpg?fit=1200%2C686&ssl=1&resize=525%2C300 1.5x, https:\/\/i0.wp.com\/corporateacademy.org\/wp-content\/uploads\/2025\/02\/Human-and-Robots-Office.jpg?fit=1200%2C686&ssl=1&resize=700%2C400 2x, https:\/\/i0.wp.com\/corporateacademy.org\/wp-content\/uploads\/2025\/02\/Human-and-Robots-Office.jpg?fit=1200%2C686&ssl=1&resize=1050%2C600 3x"},"classes":[]},{"id":2248,"url":"https:\/\/corporateacademy.org\/index.php\/2024\/01\/25\/a-ilusao-do-poder-como-os-paradigmas-moldam-as-relacoes-de-conflito-e-poder-nas-organizacoes\/","url_meta":{"origin":1,"position":5},"title":"A Ilus\u00e3o do Poder: Como os Paradigmas Moldam as Rela\u00e7\u00f5es de Conflito e Poder nas Organiza\u00e7\u00f5es.","author":"Editor","date":"25\/01\/2024","format":false,"excerpt":"Fernando Neves, Ph.D. Em uma noite escura e nebulosa, um grande navio se aproximava da costa. O capit\u00e3o, no conv\u00e9s, vigiava atentamente a aproxima\u00e7\u00e3o da terra. Ele viu uma luz fraca \u00e0 frente e disse ao sinalizador que enviasse uma mensagem: Alterar curso 20 graus. Estamos em rota de colis\u00e3o.\u2026","rel":"","context":"Em &quot;Ambiente corporativo&quot;","block_context":{"text":"Ambiente corporativo","link":"https:\/\/corporateacademy.org\/index.php\/category\/ambiente-corporativo\/"},"img":{"alt_text":"Navio de guerra colidindo com Farol","src":"https:\/\/i0.wp.com\/corporateacademy.org\/wp-content\/uploads\/2024\/01\/NavioFarolEditado.jpg?fit=1200%2C675&ssl=1&resize=350%2C200","width":350,"height":200,"srcset":"https:\/\/i0.wp.com\/corporateacademy.org\/wp-content\/uploads\/2024\/01\/NavioFarolEditado.jpg?fit=1200%2C675&ssl=1&resize=350%2C200 1x, https:\/\/i0.wp.com\/corporateacademy.org\/wp-content\/uploads\/2024\/01\/NavioFarolEditado.jpg?fit=1200%2C675&ssl=1&resize=525%2C300 1.5x, https:\/\/i0.wp.com\/corporateacademy.org\/wp-content\/uploads\/2024\/01\/NavioFarolEditado.jpg?fit=1200%2C675&ssl=1&resize=700%2C400 2x, https:\/\/i0.wp.com\/corporateacademy.org\/wp-content\/uploads\/2024\/01\/NavioFarolEditado.jpg?fit=1200%2C675&ssl=1&resize=1050%2C600 3x"},"classes":[]}],"jetpack_featured_media_url":"https:\/\/i0.wp.com\/corporateacademy.org\/wp-content\/uploads\/2018\/01\/car-communication-3100981GertAltmann.jpg?fit=6000%2C2000&ssl=1","_links":{"self":[{"href":"https:\/\/corporateacademy.org\/index.php\/wp-json\/wp\/v2\/posts\/1","targetHints":{"allow":["GET"]}}],"collection":[{"href":"https:\/\/corporateacademy.org\/index.php\/wp-json\/wp\/v2\/posts"}],"about":[{"href":"https:\/\/corporateacademy.org\/index.php\/wp-json\/wp\/v2\/types\/post"}],"author":[{"embeddable":true,"href":"https:\/\/corporateacademy.org\/index.php\/wp-json\/wp\/v2\/users\/1"}],"replies":[{"embeddable":true,"href":"https:\/\/corporateacademy.org\/index.php\/wp-json\/wp\/v2\/comments?post=1"}],"version-history":[{"count":38,"href":"https:\/\/corporateacademy.org\/index.php\/wp-json\/wp\/v2\/posts\/1\/revisions"}],"predecessor-version":[{"id":2469,"href":"https:\/\/corporateacademy.org\/index.php\/wp-json\/wp\/v2\/posts\/1\/revisions\/2469"}],"wp:featuredmedia":[{"embeddable":true,"href":"https:\/\/corporateacademy.org\/index.php\/wp-json\/wp\/v2\/media\/104"}],"wp:attachment":[{"href":"https:\/\/corporateacademy.org\/index.php\/wp-json\/wp\/v2\/media?parent=1"}],"wp:term":[{"taxonomy":"category","embeddable":true,"href":"https:\/\/corporateacademy.org\/index.php\/wp-json\/wp\/v2\/categories?post=1"},{"taxonomy":"post_tag","embeddable":true,"href":"https:\/\/corporateacademy.org\/index.php\/wp-json\/wp\/v2\/tags?post=1"}],"curies":[{"name":"wp","href":"https:\/\/api.w.org\/{rel}","templated":true}]}}