{"id":1035,"date":"2021-06-01T19:29:18","date_gmt":"2021-06-01T22:29:18","guid":{"rendered":"https:\/\/corporateacademy.org\/?p=1035"},"modified":"2021-09-08T15:15:38","modified_gmt":"2021-09-08T18:15:38","slug":"tempo-pra-mim","status":"publish","type":"post","link":"https:\/\/corporateacademy.org\/index.php\/2021\/06\/01\/tempo-pra-mim\/","title":{"rendered":"Tempo pra Mim"},"content":{"rendered":"\n<p class=\"wp-block-paragraph\">Fernando Neves, Ph.D.<\/p>\n\n\n\n<p class=\"has-drop-cap wp-block-paragraph\">Preciso de um dia com mais de vinte e quatro horas! Voc\u00ea j\u00e1 deve ter dito isso. Se n\u00e3o disse, muito provavelmente ouviu algu\u00e9m dizer. Tempo \u00e9 o recurso mais escasso que temos e a menos que ele possa ser administrado, n\u00e3o ser\u00e1 poss\u00edvel administrar outras coisas. Esta frase n\u00e3o \u00e9 minha, Peter Drucker disse isso em seu livro<a href=\"https:\/\/amzn.to\/3w16z8Q\" target=\"_blank\" rel=\"noreferrer noopener\"> o gestor eficaz<\/a>. Talvez voc\u00ea esteja constantemente pensando no trabalho, preocupado ou preocupada em n\u00e3o estar dispon\u00edvel vinte e quatro horas por dias, sete dias por semana. Ou quem sabe voc\u00ea est\u00e1 fazendo malabarismo para dar conta das crian\u00e7as, cuidar de idosos, ter tempo pra caminhar com seu animal de estima\u00e7\u00e3o, ou talvez apenas preso ou presa na roda viva de pagar contas, manter a limpeza da casa, administrar as coisas do dia a dia, auxiliar os filhos nas tarefas da escola. A quest\u00e3o \u00e9: Como est\u00e1 o tempo reservado para voc\u00ea? Cuidar da sa\u00fade seja ela f\u00edsica ou mental \u00e9 prioridade. Mas onde encontrar tempo para tanta coisa? O fil\u00f3sofo e&nbsp; escritor<a href=\"https:\/\/amzn.to\/3eFjCHt\" target=\"_blank\" rel=\"noreferrer noopener\"> Mario S\u00e9rgio Cortela <\/a>diz que tempo \u00e9 uma quest\u00e3o de prioridade. Se voc\u00ea n\u00e3o encontra o tempo necess\u00e1rio para si mesmo \u00e9 porque n\u00e3o considera que isso seja uma prioridade para voc\u00ea.<\/p>\n\n\n\n<p class=\"wp-block-paragraph\"><strong>P\u00e1re!<\/strong><\/p>\n\n\n\n<p class=\"wp-block-paragraph\">O primeiro passo para romper com a roda viva \u00e9 parar, respirar e entender que \u00e9 humanamente imposs\u00edvel carregar o mundo nas costas. Muitas vezes as pessoas ao seu redor podem ajudar mais se voc\u00ea simplesmente pedir e distribuir atividades tanto pessoais quanto profissionais. Algumas vezes \u00e9 preciso desapegar-se e deixar que as pessoas fa\u00e7am do jeito delas. N\u00e3o seja detalhista e perfeccionista. O fato de que algo n\u00e3o seja feito do seu jeito n\u00e3o significa que n\u00e3o tenha qualidade. \u00c9 preciso valorizar o trabalho das pessoas para que voc\u00ea possa liberar tempo para si mesmo.<\/p>\n\n\n\n<p class=\"wp-block-paragraph\">O pr\u00f3ximo passo \u00e9 se dar a permiss\u00e3o de cuidar de si mesmo agora! Se voc\u00ea continuar a adiar o cuidar de voc\u00ea at\u00e9 estar menos ocupado ou ocupada, at\u00e9 que sua casa esteja em ordem ou seus filhos cuidados, pode ser que nunca o fa\u00e7a. No entanto, se fizer uma pequena pausa e considerar que cuidar de si&nbsp; \u00e9 uma prioridade, ficar\u00e1 mais f\u00e1cil estabelecer uma rotina em que voc\u00ea seja a prioridade zero.<\/p>\n\n\n\n<center><a href=\"https:\/\/www.amazon.com.br\/Tr%C3%ADade-do-Tempo-Cristian-Barbosa\/dp\/8593156398?__mk_pt_BR=%C3%85M%C3%85%C5%BD%C3%95%C3%91&amp;dchild=1&amp;keywords=tempo&amp;qid=1622574023&amp;sr=8-5&amp;linkCode=li3&amp;tag=nevesf-20&amp;linkId=849adb08bae369847336ccc014e75145&amp;language=pt_BR&amp;ref_=as_li_ss_il\" target=\"_blank\" rel=\"noopener\"><img decoding=\"async\" border=\"0\" src=\"\/\/ws-na.amazon-adsystem.com\/widgets\/q?_encoding=UTF8&amp;ASIN=8593156398&amp;Format=_SL250_&amp;ID=AsinImage&amp;MarketPlace=BR&amp;ServiceVersion=20070822&amp;WS=1&amp;tag=nevesf-20&amp;language=pt_BR\"><\/a><img loading=\"lazy\" decoding=\"async\" src=\"https:\/\/ir-br.amazon-adsystem.com\/e\/ir?t=nevesf-20&amp;language=pt_BR&amp;l=li3&amp;o=33&amp;a=8593156398\" width=\"1\" height=\"1\" border=\"0\" alt=\"\" style=\"border:none !important; margin:0px !important;\"><\/center>\n\n\n\n<p class=\"wp-block-paragraph\">Elisabeth G. Saunders, autora do best seller <a href=\"https:\/\/amzn.to\/3i9oZRd\" target=\"_blank\" rel=\"noreferrer noopener\">How to invest your time like money<\/a>, diz que a maioria das metodologias de gest\u00e3o do tempo falha porque levam as pessoas&nbsp; \u00e0 sensa\u00e7\u00e3o de miss\u00e3o cumprida e satisfa\u00e7\u00e3o de ter conseguido fazer mais coisas apesar de sua agenda j\u00e1 cheia. Isso cria a falsa esperan\u00e7a de que se voc\u00ea apenas trabalhar com mais efici\u00eancia, livrando-se das distra\u00e7\u00f5es e fazendo suas tarefas de forma mais organizada, poder\u00e1 fazer tudo que quiser e ainda ir\u00e1 deixar as pessoas felizes. Elisabeth compara estas metodologias como sendo equivalentes a acumular contas no cart\u00e3o de cr\u00e9dito&nbsp; ao inv\u00e9s de aprender a&nbsp; cortar despesas. Mais atividades n\u00e3o v\u00e3o solucionar o problema, porque voc\u00ea vai acabar sentindo-se pior ao perceber que n\u00e3o consegue realizar o imposs\u00edvel. Assim, como o investimento faz o dinheiro trabalhar para voc\u00ea, investir o seu tempo cuidando de si, trar\u00e1 resultados positivos, como por exemplo,&nbsp; mais \u00e2nimo e disposi\u00e7\u00e3o, melhor racioc\u00ednio, al\u00e9m do reconhecimento de sua equipe pela confian\u00e7a depositada neles.<\/p>\n\n\n\n<p class=\"wp-block-paragraph\"><strong>Defina suas necessidades<\/strong><\/p>\n\n\n\n<p class=\"wp-block-paragraph\">Em se tratando de felicidade e bem estar, diferentes pessoas possuem distintas&nbsp; necessidades. No entanto,&nbsp; algumas coisas s\u00e3o comuns a todos,&nbsp; como por exemplo, uma boa alimenta\u00e7\u00e3o, qualidade de sono ou bem estar f\u00edsico e mental. Fa\u00e7a a sua pr\u00f3pria lista e priorize o que voc\u00ea entende ser mais importante. Se n\u00e3o tem dormido bem, o sono de qualidade deve estar no topo da lista, caso o problema seja cansa\u00e7o, voc\u00ea deve priorizar em sua agenda um momento para relaxar, meditar ou sair para uma caminhada. Enfim, voc\u00ea \u00e9 a melhor pessoa para estabelecer suas pr\u00f3prias prioridades. Procure fazer uma lista curta com no m\u00e1ximo 3 ou 4 itens de forma que seja poss\u00edvel execut\u00e1-los.&nbsp;<\/p>\n\n\n\n<center><a href=\"https:\/\/www.amazon.com.br\/D%C3%A1-tempo-encontrar-limite-limites\/dp\/6555670142?__mk_pt_BR=%C3%85M%C3%85%C5%BD%C3%95%C3%91&amp;dchild=1&amp;keywords=tempo&amp;qid=1622574142&amp;sr=8-10&amp;linkCode=li3&amp;tag=nevesf-20&amp;linkId=b7869ce4262c3cdf24438797fb8547e7&amp;language=pt_BR&amp;ref_=as_li_ss_il\" target=\"_blank\" rel=\"noopener\"><img decoding=\"async\" border=\"0\" src=\"\/\/ws-na.amazon-adsystem.com\/widgets\/q?_encoding=UTF8&amp;ASIN=6555670142&amp;Format=_SL250_&amp;ID=AsinImage&amp;MarketPlace=BR&amp;ServiceVersion=20070822&amp;WS=1&amp;tag=nevesf-20&amp;language=pt_BR\"><\/a><img loading=\"lazy\" decoding=\"async\" src=\"https:\/\/ir-br.amazon-adsystem.com\/e\/ir?t=nevesf-20&amp;language=pt_BR&amp;l=li3&amp;o=33&amp;a=6555670142\" width=\"1\" height=\"1\" border=\"0\" alt=\"\" style=\"border:none !important; margin:0px !important;\"><\/center>\n\n\n\n<p class=\"wp-block-paragraph\"><strong>Bloqueando a agenda<\/strong><\/p>\n\n\n\n<p class=\"wp-block-paragraph\">Agora \u00e9 preciso acrescentar em sua agenda estes momentos. N\u00e3o sinta culpa por interromper suas atividades durante o dia para dedicar alguns minutos a voc\u00ea. Lembre-se da ilustra\u00e7\u00e3o do lenhador que precisa de tempo em tempo afiar o machado para garantir um trabalho com efic\u00e1cia.&nbsp;<\/p>\n\n\n\n<p class=\"wp-block-paragraph\">Em tempos de home office, \u00e9 comum que a agenda esteja lotada, sem espa\u00e7os para sequer tomar um caf\u00e9 ou ir ao banheiro. Eu&nbsp; trabalho com pessoas que est\u00e3o em outros fusos hor\u00e1rios e que ao agendar uma reuni\u00e3o, esquecem de verificar se todas as pessoas est\u00e3o trabalhando no mesmo hor\u00e1rio. Ao&nbsp; come\u00e7ar a receber solicita\u00e7\u00f5es de reuni\u00f5es em meu hor\u00e1rio de almo\u00e7o tive que bloquear minha agenda no outlook durante uma hora todos os dias, deixando claro que n\u00e3o estou dispon\u00edvel naquele momento. Se preciso agendar m\u00e9dico, ou relaxar tomando um caf\u00e9 fa\u00e7o o mesmo. N\u00e3o sinta-se culpado em declinar aquela reuni\u00e3o \u00e0s tr\u00eas horas da manh\u00e3, mas explique que est\u00e1 fora do seu hor\u00e1rio de trabalho e solicite para que ela seja reagendada.<\/p>\n\n\n\n<p class=\"wp-block-paragraph\">Se precisa ir pra cama cedo para garantir boas horas de sono, que tal programar um alarme no celular para se lembrar que est\u00e1 na hora de se desconectar e dormir? Se n\u00e3o pega no sono logo, talvez um ch\u00e1 quente ou uma leitura que n\u00e3o tenha nada a ver com trabalho ajude. N\u00e3o leia no tablet ou celular. Use um livro com uma luz de leitura ou e-reader com a tecnologia e-paper para garantir que a luz do aparelho tenha efeito inverso e te desperte ainda mais. Tente ouvir sons de chuva ou uma m\u00fasica bem suave. Enfim, encontre aquilo que melhor se adapta a voc\u00ea.<\/p>\n\n\n\n<center><a href=\"https:\/\/www.amazon.com.br\/Kindle-10a-gera%C3%A7%C3%A3o-ilumina%C3%A7%C3%A3o-embutida\/dp\/B07FQK1TS9?__mk_pt_BR=%C3%85M%C3%85%C5%BD%C3%95%C3%91&amp;dchild=1&amp;keywords=kindle&amp;qid=1622575574&amp;sr=8-1&amp;ufe=app_do%3Aamzn1.fos.95de73c3-5dda-43a7-bd1f-63af03b14751&amp;linkCode=li3&amp;tag=nevesf-20&amp;linkId=5fe9e44e59a5e7481b8a0039df5f8597&amp;language=pt_BR&amp;ref_=as_li_ss_il\" target=\"_blank\" rel=\"noopener\"><img decoding=\"async\" border=\"0\" src=\"\/\/ws-na.amazon-adsystem.com\/widgets\/q?_encoding=UTF8&amp;ASIN=B07FQK1TS9&amp;Format=_SL250_&amp;ID=AsinImage&amp;MarketPlace=BR&amp;ServiceVersion=20070822&amp;WS=1&amp;tag=nevesf-20&amp;language=pt_BR\"><\/a><img loading=\"lazy\" decoding=\"async\" src=\"https:\/\/ir-br.amazon-adsystem.com\/e\/ir?t=nevesf-20&amp;language=pt_BR&amp;l=li3&amp;o=33&amp;a=B07FQK1TS9\" width=\"1\" height=\"1\" border=\"0\" alt=\"\" style=\"border:none !important; margin:0px !important;\"><\/center>\n\n\n\n<p class=\"wp-block-paragraph\"><strong>Elimine Distra\u00e7\u00f5es<\/strong><\/p>\n\n\n\n<p class=\"wp-block-paragraph\">N\u00e3o desperdice seu tempo com instagram ou facebook, a menos que fa\u00e7a isso a trabalho. Mesmo nestes casos, evite as distra\u00e7\u00f5es com coisas in\u00fateis. Usa YouTube para aprender ou buscar informa\u00e7\u00f5es relevantes? Desligue a op\u00e7\u00e3o que inicia automaticamente um novo v\u00eddeo, salve v\u00eddeos que ache interessantes para assistir depois, assim voc\u00ea n\u00e3o ir\u00e1 se distrair e perder o foco naquilo que est\u00e1 fazendo. Desligue as notifica\u00e7\u00f5es desnecess\u00e1rias no seu computador ou celular. N\u00e3o seja escravo ou escrava da tecnologia, mas fa\u00e7a com que a tecnologia trabalhe para voc\u00ea.<\/p>\n\n\n\n<p class=\"wp-block-paragraph\">A falta de foco durante tarefas que exigem concentra\u00e7\u00e3o \u00e9 o inimigo n\u00famero um da falta de tempo. Se precisa realizar um trabalho focado, n\u00e3o sinta-se culpado em fechar o e-mail ou o programa de&nbsp; chat. Quando poss\u00edvel coloque o celular no silencioso ou at\u00e9 mesmo no modo avi\u00e3o. A ci\u00eancia j\u00e1 mostrou que n\u00e3o somos multitask. O que nosso c\u00e9rebro faz quando tentamos fazer v\u00e1rias coisas ao mesmo tempo \u00e9 desligar e ligar a aten\u00e7\u00e3o em coisas diferentes. O problema \u00e9 que este efeito de ligar e desligar consome energia. Al\u00e9m disso, ao voltar para a tarefa que exige foco, voc\u00ea perder\u00e1 tempo re-conectando-se a ela.<\/p>\n\n\n\n<center><a href=\"https:\/\/www.amazon.com.br\/Produtividade-para-quem-quer-tempo\/dp\/8545200978?__mk_pt_BR=%C3%85M%C3%85%C5%BD%C3%95%C3%91&amp;dchild=1&amp;keywords=tempo&amp;qid=1622574142&amp;sr=8-19&amp;linkCode=li3&amp;tag=nevesf-20&amp;linkId=c946407e819658ffa15574ccf32fa2bb&amp;language=pt_BR&amp;ref_=as_li_ss_il\" target=\"_blank\" rel=\"noopener\"><img decoding=\"async\" border=\"0\" src=\"\/\/ws-na.amazon-adsystem.com\/widgets\/q?_encoding=UTF8&amp;ASIN=8545200978&amp;Format=_SL250_&amp;ID=AsinImage&amp;MarketPlace=BR&amp;ServiceVersion=20070822&amp;WS=1&amp;tag=nevesf-20&amp;language=pt_BR\"><\/a><img loading=\"lazy\" decoding=\"async\" src=\"https:\/\/ir-br.amazon-adsystem.com\/e\/ir?t=nevesf-20&amp;language=pt_BR&amp;l=li3&amp;o=33&amp;a=8545200978\" width=\"1\" height=\"1\" border=\"0\" alt=\"\" style=\"border:none !important; margin:0px !important;\"><\/center>\n\n\n\n<p class=\"wp-block-paragraph\"><strong>Prepare-se<\/strong><\/p>\n\n\n\n<p class=\"wp-block-paragraph\">Uma vez que definiu suas prioridades, deixou seu dia a dia mais enxuto e produtivo, eliminando distra\u00e7\u00f5es e aumentando o foco, al\u00e9m de bloquear sua agenda para o que \u00e9 priorit\u00e1rio. Chegou o momento de colocar em pr\u00e1tica. Para isso, voc\u00ea precisa se preparar refor\u00e7ando seus comportamentos positivos. Procure conectar-se com pessoas que decidiram fazer o mesmo, leia revistas ou livros que refor\u00e7am seu mindset. Se voc\u00ea decidiu caminhar ou correr duas ou tr\u00eas vezes por semana, aquela publica\u00e7\u00e3o sobre sa\u00fade ou atividade f\u00edsica vai te ajudar. Agendar atividades com amigos pode ser uma excelente op\u00e7\u00e3o para que a motiva\u00e7\u00e3o venha \u00e0 tona. Elimine os pontos de atrito que o separam de suas atividades f\u00edsicas deixando tudo ao alcance. Diga para outras pessoas o que ir\u00e1 fazer, assim seu c\u00e9rebro assimila a atividade mais facilmente. Enfim, independente da atividade ou necessidade, voc\u00ea precisa estar psicologicamente preparado ou preparada.<\/p>\n\n\n\n<p class=\"wp-block-paragraph\"><strong>Prepare os outros<\/strong><\/p>\n\n\n\n<p class=\"wp-block-paragraph\">Finalmente, deixe claro para as pessoas que vivem ou trabalham com voc\u00ea as suas prioridades. Se precisa mudar sua dieta, \u00e9 importante que as pessoas saibam que voc\u00ea ter\u00e1 um card\u00e1pio diferenciado. Se precisarem de voc\u00ea durante o tempo que reservou para si mesmo, ter\u00e3o de esperar da mesma forma que esperam que sua reuni\u00e3o termine. N\u00e3o s\u00e3o os colegas de trabalho os que mais sabotam suas decis\u00f5es de cuidar de si, mas aqueles que amamos e est\u00e3o do nosso lado o tempo todo. Tememos desapont\u00e1-los ou desagrad\u00e1-los, mas \u00e9 preciso deixar claro que este tempo \u00e9 t\u00e3o importante para voc\u00ea como o tempo que reservou para o trabalho ou para estar com eles. Por fim, n\u00e3o deixe de bloquear este tempo precioso para curtir a fam\u00edlia.<\/p>\n","protected":false},"excerpt":{"rendered":"<p>Fernando Neves, Ph.D. Preciso de um dia com mais de vinte e quatro horas! Voc\u00ea j\u00e1 deve ter dito isso. Se n\u00e3o disse, muito provavelmente ouviu algu\u00e9m dizer. Tempo \u00e9 o recurso mais escasso que temos e a menos que ele possa ser administrado, n\u00e3o ser\u00e1 poss\u00edvel administrar outras coisas. Esta frase n\u00e3o \u00e9 minha, &hellip; <a href=\"https:\/\/corporateacademy.org\/index.php\/2021\/06\/01\/tempo-pra-mim\/\" class=\"more-link\">Continuar lendo <span class=\"screen-reader-text\">Tempo pra Mim<\/span><\/a><\/p>\n","protected":false},"author":1,"featured_media":1037,"comment_status":"open","ping_status":"open","sticky":false,"template":"","format":"standard","meta":{"_jetpack_newsletter_access":"","_jetpack_dont_email_post_to_subs":false,"_jetpack_newsletter_tier_id":0,"_jetpack_memberships_contains_paywalled_content":false,"_jetpack_feature_clip_id":0,"_jetpack_memberships_contains_paid_content":false,"footnotes":"","jetpack_publicize_message":"","jetpack_publicize_feature_enabled":true,"jetpack_social_post_already_shared":true,"jetpack_social_options":{"image_generator_settings":{"template":"highway","default_image_id":0,"font":"","enabled":false},"version":2},"jetpack_post_was_ever_published":false},"categories":[19,18,20,364,295,315,365],"tags":[376,381,266,384,378,379,375,367,218,372,336,105,374,369,383,366,382,371,368],"class_list":["post-1035","post","type-post","status-publish","format-standard","has-post-thumbnail","hentry","category-ambiente-corporativo","category-comportamento","category-gestao-de-pessoas","category-gestao-do-tempo","category-inteligencia-emocional","category-relacionamento","category-saude","tag-atividade-fisica","tag-atividade-fisica-2","tag-burnout","tag-cuidar-da-saude","tag-curtir","tag-curtir-a-vida","tag-distracoes","tag-foco","tag-gestao-do-tempo","tag-necessidades","tag-negocios","tag-organizacao","tag-outlook","tag-prioridades","tag-relax","tag-saude","tag-tempo","tag-tempo-e-dinheiro","tag-tempo-pra-mim"],"aioseo_notices":[],"aioseo_head":"\n\t\t<!-- All in One SEO 5.0.1.1 - aioseo.com -->\n\t<meta name=\"description\" content=\"Fernando Neves, Ph.D. Preciso de um dia com mais de vinte e quatro horas! Voc\u00ea j\u00e1 deve ter dito isso. Se n\u00e3o disse, muito provavelmente ouviu algu\u00e9m dizer. Tempo \u00e9 o recurso mais escasso que temos e a menos que ele possa ser administrado, n\u00e3o ser\u00e1 poss\u00edvel administrar outras coisas. Esta frase n\u00e3o \u00e9 minha,\" \/>\n\t<meta name=\"robots\" content=\"max-image-preview:large\" \/>\n\t<meta name=\"author\" content=\"Editor\"\/>\n\t<link rel=\"canonical\" href=\"https:\/\/corporateacademy.org\/index.php\/2021\/06\/01\/tempo-pra-mim\/\" \/>\n\t<meta name=\"generator\" content=\"All in One SEO (AIOSEO) 5.0.1.1\" \/>\n\t\t<meta property=\"og:locale\" content=\"pt_BR\" \/>\n\t\t<meta property=\"og:site_name\" content=\"Corporate Academy - Compartilhando Conhecimento\" \/>\n\t\t<meta property=\"og:type\" content=\"article\" \/>\n\t\t<meta property=\"og:title\" content=\"Tempo pra Mim - Corporate Academy\" \/>\n\t\t<meta property=\"og:description\" content=\"Fernando Neves, Ph.D. Preciso de um dia com mais de vinte e quatro horas! Voc\u00ea j\u00e1 deve ter dito isso. Se n\u00e3o disse, muito provavelmente ouviu algu\u00e9m dizer. Tempo \u00e9 o recurso mais escasso que temos e a menos que ele possa ser administrado, n\u00e3o ser\u00e1 poss\u00edvel administrar outras coisas. Esta frase n\u00e3o \u00e9 minha,\" \/>\n\t\t<meta property=\"og:url\" content=\"https:\/\/corporateacademy.org\/index.php\/2021\/06\/01\/tempo-pra-mim\/\" \/>\n\t\t<meta property=\"og:image\" content=\"https:\/\/i0.wp.com\/corporateacademy.org\/wp-content\/uploads\/2018\/03\/Logo200x200.jpg?fit=200200\" \/>\n\t\t<meta property=\"og:image:secure_url\" content=\"https:\/\/i0.wp.com\/corporateacademy.org\/wp-content\/uploads\/2018\/03\/Logo200x200.jpg?fit=200200\" \/>\n\t\t<meta property=\"article:published_time\" content=\"2021-06-01T22:29:18+00:00\" \/>\n\t\t<meta property=\"article:modified_time\" content=\"2021-09-08T18:15:38+00:00\" \/>\n\t\t<meta name=\"twitter:card\" content=\"summary_large_image\" \/>\n\t\t<meta name=\"twitter:title\" content=\"Tempo pra Mim - Corporate Academy\" \/>\n\t\t<meta name=\"twitter:description\" content=\"Fernando Neves, Ph.D. Preciso de um dia com mais de vinte e quatro horas! Voc\u00ea j\u00e1 deve ter dito isso. Se n\u00e3o disse, muito provavelmente ouviu algu\u00e9m dizer. Tempo \u00e9 o recurso mais escasso que temos e a menos que ele possa ser administrado, n\u00e3o ser\u00e1 poss\u00edvel administrar outras coisas. Esta frase n\u00e3o \u00e9 minha,\" \/>\n\t\t<meta name=\"twitter:image\" content=\"https:\/\/i0.wp.com\/corporateacademy.org\/wp-content\/uploads\/2018\/03\/Logo200x200.jpg?fit=200200\" \/>\n\t\t<script type=\"application\/ld+json\" class=\"aioseo-schema\">\n\t\t\t{\"@context\":\"https:\\\/\\\/schema.org\",\"@graph\":[{\"@type\":\"BlogPosting\",\"@id\":\"https:\\\/\\\/corporateacademy.org\\\/index.php\\\/2021\\\/06\\\/01\\\/tempo-pra-mim\\\/#blogposting\",\"name\":\"Tempo pra Mim - Corporate Academy\",\"headline\":\"Tempo pra Mim\",\"author\":{\"@id\":\"https:\\\/\\\/corporateacademy.org\\\/index.php\\\/author\\\/nevesf\\\/#author\"},\"publisher\":{\"@id\":\"https:\\\/\\\/corporateacademy.org\\\/#organization\"},\"image\":{\"@type\":\"ImageObject\",\"url\":\"https:\\\/\\\/i0.wp.com\\\/corporateacademy.org\\\/wp-content\\\/uploads\\\/2021\\\/06\\\/girl-4981766_640.jpg?fit=640%2C427&ssl=1\",\"width\":640,\"height\":427,\"caption\":\"Imagem : Pixabay\"},\"datePublished\":\"2021-06-01T19:29:18-03:00\",\"dateModified\":\"2021-09-08T15:15:38-03:00\",\"inLanguage\":\"pt-BR\",\"mainEntityOfPage\":{\"@id\":\"https:\\\/\\\/corporateacademy.org\\\/index.php\\\/2021\\\/06\\\/01\\\/tempo-pra-mim\\\/#webpage\"},\"isPartOf\":{\"@id\":\"https:\\\/\\\/corporateacademy.org\\\/index.php\\\/2021\\\/06\\\/01\\\/tempo-pra-mim\\\/#webpage\"},\"articleSection\":\"Ambiente corporativo, comportamento, gest\\u00e3o de pessoas, gest\\u00e3o do tempo, inteligencia emocional, Relacionamento, sa\\u00fade, atividade fisica, atividade f\\u00edsica, burnout, cuidar da sa\\u00fade, curtir, curtir a vida, distra\\u00e7\\u00f5es, foco, gest\\u00e3o do tempo, necessidades, neg\\u00f3cios, organiza\\u00e7\\u00e3o, outlook, prioridades, relax, saude, tempo, tempo e dinheiro, tempo pra mim\"},{\"@type\":\"BreadcrumbList\",\"@id\":\"https:\\\/\\\/corporateacademy.org\\\/index.php\\\/2021\\\/06\\\/01\\\/tempo-pra-mim\\\/#breadcrumblist\",\"itemListElement\":[{\"@type\":\"ListItem\",\"@id\":\"https:\\\/\\\/corporateacademy.org#listItem\",\"position\":1,\"name\":\"Home\",\"item\":\"https:\\\/\\\/corporateacademy.org\",\"nextItem\":{\"@type\":\"ListItem\",\"@id\":\"https:\\\/\\\/corporateacademy.org\\\/index.php\\\/category\\\/comportamento\\\/#listItem\",\"name\":\"comportamento\"}},{\"@type\":\"ListItem\",\"@id\":\"https:\\\/\\\/corporateacademy.org\\\/index.php\\\/category\\\/comportamento\\\/#listItem\",\"position\":2,\"name\":\"comportamento\",\"item\":\"https:\\\/\\\/corporateacademy.org\\\/index.php\\\/category\\\/comportamento\\\/\",\"nextItem\":{\"@type\":\"ListItem\",\"@id\":\"https:\\\/\\\/corporateacademy.org\\\/index.php\\\/2021\\\/06\\\/01\\\/tempo-pra-mim\\\/#listItem\",\"name\":\"Tempo pra Mim\"},\"previousItem\":{\"@type\":\"ListItem\",\"@id\":\"https:\\\/\\\/corporateacademy.org#listItem\",\"name\":\"Home\"}},{\"@type\":\"ListItem\",\"@id\":\"https:\\\/\\\/corporateacademy.org\\\/index.php\\\/2021\\\/06\\\/01\\\/tempo-pra-mim\\\/#listItem\",\"position\":3,\"name\":\"Tempo pra Mim\",\"previousItem\":{\"@type\":\"ListItem\",\"@id\":\"https:\\\/\\\/corporateacademy.org\\\/index.php\\\/category\\\/comportamento\\\/#listItem\",\"name\":\"comportamento\"}}]},{\"@type\":\"Organization\",\"@id\":\"https:\\\/\\\/corporateacademy.org\\\/#organization\",\"name\":\"Corporate Academy\",\"description\":\"Compartilhando Conhecimento\",\"url\":\"https:\\\/\\\/corporateacademy.org\\\/\",\"logo\":{\"@type\":\"ImageObject\",\"url\":\"https:\\\/\\\/i0.wp.com\\\/corporateacademy.org\\\/wp-content\\\/uploads\\\/2018\\\/03\\\/Logo200x200.jpg?fit=200%2C200&ssl=1\",\"@id\":\"https:\\\/\\\/corporateacademy.org\\\/index.php\\\/2021\\\/06\\\/01\\\/tempo-pra-mim\\\/#organizationLogo\",\"width\":200,\"height\":200},\"image\":{\"@id\":\"https:\\\/\\\/corporateacademy.org\\\/index.php\\\/2021\\\/06\\\/01\\\/tempo-pra-mim\\\/#organizationLogo\"}},{\"@type\":\"Person\",\"@id\":\"https:\\\/\\\/corporateacademy.org\\\/index.php\\\/author\\\/nevesf\\\/#author\",\"url\":\"https:\\\/\\\/corporateacademy.org\\\/index.php\\\/author\\\/nevesf\\\/\",\"name\":\"Editor\",\"image\":{\"@type\":\"ImageObject\",\"@id\":\"https:\\\/\\\/corporateacademy.org\\\/index.php\\\/2021\\\/06\\\/01\\\/tempo-pra-mim\\\/#authorImage\",\"url\":\"https:\\\/\\\/secure.gravatar.com\\\/avatar\\\/40a180061deabb68d04bd9f812bde2b372b5d57984baf7dd947ee866377d90fb?s=96&d=blank&r=g\",\"width\":96,\"height\":96,\"caption\":\"Editor\"}},{\"@type\":\"WebPage\",\"@id\":\"https:\\\/\\\/corporateacademy.org\\\/index.php\\\/2021\\\/06\\\/01\\\/tempo-pra-mim\\\/#webpage\",\"url\":\"https:\\\/\\\/corporateacademy.org\\\/index.php\\\/2021\\\/06\\\/01\\\/tempo-pra-mim\\\/\",\"name\":\"Tempo pra Mim - Corporate Academy\",\"description\":\"Fernando Neves, Ph.D. Preciso de um dia com mais de vinte e quatro horas! Voc\\u00ea j\\u00e1 deve ter dito isso. Se n\\u00e3o disse, muito provavelmente ouviu algu\\u00e9m dizer. Tempo \\u00e9 o recurso mais escasso que temos e a menos que ele possa ser administrado, n\\u00e3o ser\\u00e1 poss\\u00edvel administrar outras coisas. Esta frase n\\u00e3o \\u00e9 minha,\",\"inLanguage\":\"pt-BR\",\"isPartOf\":{\"@id\":\"https:\\\/\\\/corporateacademy.org\\\/#website\"},\"breadcrumb\":{\"@id\":\"https:\\\/\\\/corporateacademy.org\\\/index.php\\\/2021\\\/06\\\/01\\\/tempo-pra-mim\\\/#breadcrumblist\"},\"author\":{\"@id\":\"https:\\\/\\\/corporateacademy.org\\\/index.php\\\/author\\\/nevesf\\\/#author\"},\"creator\":{\"@id\":\"https:\\\/\\\/corporateacademy.org\\\/index.php\\\/author\\\/nevesf\\\/#author\"},\"image\":{\"@type\":\"ImageObject\",\"url\":\"https:\\\/\\\/i0.wp.com\\\/corporateacademy.org\\\/wp-content\\\/uploads\\\/2021\\\/06\\\/girl-4981766_640.jpg?fit=640%2C427&ssl=1\",\"@id\":\"https:\\\/\\\/corporateacademy.org\\\/index.php\\\/2021\\\/06\\\/01\\\/tempo-pra-mim\\\/#mainImage\",\"width\":640,\"height\":427,\"caption\":\"Imagem : Pixabay\"},\"primaryImageOfPage\":{\"@id\":\"https:\\\/\\\/corporateacademy.org\\\/index.php\\\/2021\\\/06\\\/01\\\/tempo-pra-mim\\\/#mainImage\"},\"datePublished\":\"2021-06-01T19:29:18-03:00\",\"dateModified\":\"2021-09-08T15:15:38-03:00\"},{\"@type\":\"WebSite\",\"@id\":\"https:\\\/\\\/corporateacademy.org\\\/#website\",\"url\":\"https:\\\/\\\/corporateacademy.org\\\/\",\"name\":\"Corporate Academy\",\"description\":\"Compartilhando Conhecimento\",\"inLanguage\":\"pt-BR\",\"publisher\":{\"@id\":\"https:\\\/\\\/corporateacademy.org\\\/#organization\"}}]}\n\t\t<\/script>\n\t\t<!-- All in One SEO -->\n\n","aioseo_head_json":{"title":"Tempo pra Mim - Corporate Academy","description":"Fernando Neves, Ph.D. Preciso de um dia com mais de vinte e quatro horas! Voc\u00ea j\u00e1 deve ter dito isso. Se n\u00e3o disse, muito provavelmente ouviu algu\u00e9m dizer. Tempo \u00e9 o recurso mais escasso que temos e a menos que ele possa ser administrado, n\u00e3o ser\u00e1 poss\u00edvel administrar outras coisas. Esta frase n\u00e3o \u00e9 minha,","canonical_url":"https:\/\/corporateacademy.org\/index.php\/2021\/06\/01\/tempo-pra-mim\/","robots":"max-image-preview:large","keywords":"","webmasterTools":{"miscellaneous":""},"schema":{"@context":"https:\/\/schema.org","@graph":[{"@type":"BlogPosting","@id":"https:\/\/corporateacademy.org\/index.php\/2021\/06\/01\/tempo-pra-mim\/#blogposting","name":"Tempo pra Mim - Corporate Academy","headline":"Tempo pra Mim","author":{"@id":"https:\/\/corporateacademy.org\/index.php\/author\/nevesf\/#author"},"publisher":{"@id":"https:\/\/corporateacademy.org\/#organization"},"image":{"@type":"ImageObject","url":"https:\/\/i0.wp.com\/corporateacademy.org\/wp-content\/uploads\/2021\/06\/girl-4981766_640.jpg?fit=640%2C427&ssl=1","width":640,"height":427,"caption":"Imagem : Pixabay"},"datePublished":"2021-06-01T19:29:18-03:00","dateModified":"2021-09-08T15:15:38-03:00","inLanguage":"pt-BR","mainEntityOfPage":{"@id":"https:\/\/corporateacademy.org\/index.php\/2021\/06\/01\/tempo-pra-mim\/#webpage"},"isPartOf":{"@id":"https:\/\/corporateacademy.org\/index.php\/2021\/06\/01\/tempo-pra-mim\/#webpage"},"articleSection":"Ambiente corporativo, comportamento, gest\u00e3o de pessoas, gest\u00e3o do tempo, inteligencia emocional, Relacionamento, sa\u00fade, atividade fisica, atividade f\u00edsica, burnout, cuidar da sa\u00fade, curtir, curtir a vida, distra\u00e7\u00f5es, foco, gest\u00e3o do tempo, necessidades, neg\u00f3cios, organiza\u00e7\u00e3o, outlook, prioridades, relax, saude, tempo, tempo e dinheiro, tempo pra mim"},{"@type":"BreadcrumbList","@id":"https:\/\/corporateacademy.org\/index.php\/2021\/06\/01\/tempo-pra-mim\/#breadcrumblist","itemListElement":[{"@type":"ListItem","@id":"https:\/\/corporateacademy.org#listItem","position":1,"name":"Home","item":"https:\/\/corporateacademy.org","nextItem":{"@type":"ListItem","@id":"https:\/\/corporateacademy.org\/index.php\/category\/comportamento\/#listItem","name":"comportamento"}},{"@type":"ListItem","@id":"https:\/\/corporateacademy.org\/index.php\/category\/comportamento\/#listItem","position":2,"name":"comportamento","item":"https:\/\/corporateacademy.org\/index.php\/category\/comportamento\/","nextItem":{"@type":"ListItem","@id":"https:\/\/corporateacademy.org\/index.php\/2021\/06\/01\/tempo-pra-mim\/#listItem","name":"Tempo pra Mim"},"previousItem":{"@type":"ListItem","@id":"https:\/\/corporateacademy.org#listItem","name":"Home"}},{"@type":"ListItem","@id":"https:\/\/corporateacademy.org\/index.php\/2021\/06\/01\/tempo-pra-mim\/#listItem","position":3,"name":"Tempo pra Mim","previousItem":{"@type":"ListItem","@id":"https:\/\/corporateacademy.org\/index.php\/category\/comportamento\/#listItem","name":"comportamento"}}]},{"@type":"Organization","@id":"https:\/\/corporateacademy.org\/#organization","name":"Corporate Academy","description":"Compartilhando Conhecimento","url":"https:\/\/corporateacademy.org\/","logo":{"@type":"ImageObject","url":"https:\/\/i0.wp.com\/corporateacademy.org\/wp-content\/uploads\/2018\/03\/Logo200x200.jpg?fit=200%2C200&ssl=1","@id":"https:\/\/corporateacademy.org\/index.php\/2021\/06\/01\/tempo-pra-mim\/#organizationLogo","width":200,"height":200},"image":{"@id":"https:\/\/corporateacademy.org\/index.php\/2021\/06\/01\/tempo-pra-mim\/#organizationLogo"}},{"@type":"Person","@id":"https:\/\/corporateacademy.org\/index.php\/author\/nevesf\/#author","url":"https:\/\/corporateacademy.org\/index.php\/author\/nevesf\/","name":"Editor","image":{"@type":"ImageObject","@id":"https:\/\/corporateacademy.org\/index.php\/2021\/06\/01\/tempo-pra-mim\/#authorImage","url":"https:\/\/secure.gravatar.com\/avatar\/40a180061deabb68d04bd9f812bde2b372b5d57984baf7dd947ee866377d90fb?s=96&d=blank&r=g","width":96,"height":96,"caption":"Editor"}},{"@type":"WebPage","@id":"https:\/\/corporateacademy.org\/index.php\/2021\/06\/01\/tempo-pra-mim\/#webpage","url":"https:\/\/corporateacademy.org\/index.php\/2021\/06\/01\/tempo-pra-mim\/","name":"Tempo pra Mim - Corporate Academy","description":"Fernando Neves, Ph.D. Preciso de um dia com mais de vinte e quatro horas! Voc\u00ea j\u00e1 deve ter dito isso. Se n\u00e3o disse, muito provavelmente ouviu algu\u00e9m dizer. Tempo \u00e9 o recurso mais escasso que temos e a menos que ele possa ser administrado, n\u00e3o ser\u00e1 poss\u00edvel administrar outras coisas. Esta frase n\u00e3o \u00e9 minha,","inLanguage":"pt-BR","isPartOf":{"@id":"https:\/\/corporateacademy.org\/#website"},"breadcrumb":{"@id":"https:\/\/corporateacademy.org\/index.php\/2021\/06\/01\/tempo-pra-mim\/#breadcrumblist"},"author":{"@id":"https:\/\/corporateacademy.org\/index.php\/author\/nevesf\/#author"},"creator":{"@id":"https:\/\/corporateacademy.org\/index.php\/author\/nevesf\/#author"},"image":{"@type":"ImageObject","url":"https:\/\/i0.wp.com\/corporateacademy.org\/wp-content\/uploads\/2021\/06\/girl-4981766_640.jpg?fit=640%2C427&ssl=1","@id":"https:\/\/corporateacademy.org\/index.php\/2021\/06\/01\/tempo-pra-mim\/#mainImage","width":640,"height":427,"caption":"Imagem : Pixabay"},"primaryImageOfPage":{"@id":"https:\/\/corporateacademy.org\/index.php\/2021\/06\/01\/tempo-pra-mim\/#mainImage"},"datePublished":"2021-06-01T19:29:18-03:00","dateModified":"2021-09-08T15:15:38-03:00"},{"@type":"WebSite","@id":"https:\/\/corporateacademy.org\/#website","url":"https:\/\/corporateacademy.org\/","name":"Corporate Academy","description":"Compartilhando Conhecimento","inLanguage":"pt-BR","publisher":{"@id":"https:\/\/corporateacademy.org\/#organization"}}]},"og:locale":"pt_BR","og:site_name":"Corporate Academy - Compartilhando Conhecimento","og:type":"article","og:title":"Tempo pra Mim - Corporate Academy","og:description":"Fernando Neves, Ph.D. Preciso de um dia com mais de vinte e quatro horas! Voc\u00ea j\u00e1 deve ter dito isso. Se n\u00e3o disse, muito provavelmente ouviu algu\u00e9m dizer. Tempo \u00e9 o recurso mais escasso que temos e a menos que ele possa ser administrado, n\u00e3o ser\u00e1 poss\u00edvel administrar outras coisas. Esta frase n\u00e3o \u00e9 minha,","og:url":"https:\/\/corporateacademy.org\/index.php\/2021\/06\/01\/tempo-pra-mim\/","og:image":"https:\/\/i0.wp.com\/corporateacademy.org\/wp-content\/uploads\/2018\/03\/Logo200x200.jpg?fit=200200","og:image:secure_url":"https:\/\/i0.wp.com\/corporateacademy.org\/wp-content\/uploads\/2018\/03\/Logo200x200.jpg?fit=200200","article:published_time":"2021-06-01T22:29:18+00:00","article:modified_time":"2021-09-08T18:15:38+00:00","twitter:card":"summary_large_image","twitter:title":"Tempo pra Mim - Corporate Academy","twitter:description":"Fernando Neves, Ph.D. Preciso de um dia com mais de vinte e quatro horas! Voc\u00ea j\u00e1 deve ter dito isso. Se n\u00e3o disse, muito provavelmente ouviu algu\u00e9m dizer. Tempo \u00e9 o recurso mais escasso que temos e a menos que ele possa ser administrado, n\u00e3o ser\u00e1 poss\u00edvel administrar outras coisas. Esta frase n\u00e3o \u00e9 minha,","twitter:image":"https:\/\/i0.wp.com\/corporateacademy.org\/wp-content\/uploads\/2018\/03\/Logo200x200.jpg?fit=200200"},"aioseo_meta_data":{"post_id":"1035","title":null,"description":null,"keywords":null,"keyphrases":null,"focus_keyword":null,"additional_keywords":null,"truseo_locale":null,"primary_term":null,"canonical_url":null,"og_title":null,"og_description":null,"og_object_type":"default","og_image_type":"default","og_image_custom_url":null,"og_image_custom_fields":null,"og_image_url":null,"og_image_width":null,"og_image_height":null,"og_video":null,"og_custom_url":null,"og_article_section":null,"og_article_tags":null,"twitter_use_og":false,"twitter_card":"default","twitter_image_type":"default","twitter_image_custom_url":null,"twitter_image_custom_fields":null,"twitter_image_url":null,"twitter_title":null,"twitter_description":null,"schema_type":"default","schema_type_options":null,"schema":{"blockGraphs":[],"customGraphs":[],"default":{"data":{"Article":[],"Course":[],"Dataset":[],"FAQPage":[],"Movie":[],"Person":[],"Product":[],"ProductReview":[],"Car":[],"Recipe":[],"Service":[],"SoftwareApplication":[],"WebPage":[]},"graphName":"","isEnabled":true},"graphs":[]},"pillar_content":false,"robots_default":true,"robots_noindex":false,"robots_noarchive":false,"robots_nosnippet":false,"robots_nofollow":false,"robots_noimageindex":false,"robots_noodp":false,"robots_notranslate":false,"robots_max_snippet":null,"robots_max_videopreview":null,"robots_max_imagepreview":"large","priority":null,"frequency":null,"local_seo":null,"limit_modified_date":false,"ai":null,"breadcrumb_settings":null,"seo_analyzer_scan_date":null,"created":"2026-09-02 22:00:30","updated":"2026-09-02 22:00:30"},"aioseo_breadcrumb":"<div class=\"aioseo-breadcrumbs\"><span class=\"aioseo-breadcrumb\">\n\t\t\t<a href=\"https:\/\/corporateacademy.org\" title=\"Home\">Home<\/a>\n\t\t<\/span><span class=\"aioseo-breadcrumb-separator\">&raquo;<\/span><span class=\"aioseo-breadcrumb\">\n\t\t\t<a href=\"https:\/\/corporateacademy.org\/index.php\/category\/comportamento\/\" title=\"comportamento\">comportamento<\/a>\n\t\t<\/span><span class=\"aioseo-breadcrumb-separator\">&raquo;<\/span><span class=\"aioseo-breadcrumb\">\n\t\t\tTempo pra Mim\n\t\t<\/span><\/div>","aioseo_breadcrumb_json":[{"label":"Home","link":"https:\/\/corporateacademy.org"},{"label":"comportamento","link":"https:\/\/corporateacademy.org\/index.php\/category\/comportamento\/"},{"label":"Tempo pra Mim","link":"https:\/\/corporateacademy.org\/index.php\/2021\/06\/01\/tempo-pra-mim\/"}],"jetpack_publicize_connections":[],"jetpack_sharing_enabled":true,"jetpack_shortlink":"https:\/\/wp.me\/p9MYp6-gH","jetpack_likes_enabled":true,"jetpack-related-posts":[{"id":931,"url":"https:\/\/corporateacademy.org\/index.php\/2020\/12\/22\/como-romper-com-a-cultura-do-network-e-dos-relacionamentos-liquidos\/","url_meta":{"origin":1035,"position":0},"title":"Como Romper com a Cultura do Network e dos Relacionamentos L\u00edquidos?","author":"Editor","date":"22\/12\/2020","format":"chat","excerpt":"Fernando Neves, Ph.D. E foi a\u00ed que apareceu a raposa...\u00a0 \u2014 Bom dia, disse a raposa. \u2014 Bom dia, respondeu educadamente o pequeno pr\u00edncipe, apesar de que n\u00e3o a viu em canto nenhum quando se virou.\u00a0 \u2014 Estou aqui, ao lado da macieira. \u2014 Venha brincar comigo\u2014 convidou o pequeno\u2026","rel":"","context":"Em &quot;Ambiente corporativo&quot;","block_context":{"text":"Ambiente corporativo","link":"https:\/\/corporateacademy.org\/index.php\/category\/ambiente-corporativo\/"},"img":{"alt_text":"Raposa","src":"https:\/\/i0.wp.com\/corporateacademy.org\/wp-content\/uploads\/2020\/12\/fox-1748640_1280.jpg?fit=1200%2C801&ssl=1&resize=350%2C200","width":350,"height":200,"srcset":"https:\/\/i0.wp.com\/corporateacademy.org\/wp-content\/uploads\/2020\/12\/fox-1748640_1280.jpg?fit=1200%2C801&ssl=1&resize=350%2C200 1x, https:\/\/i0.wp.com\/corporateacademy.org\/wp-content\/uploads\/2020\/12\/fox-1748640_1280.jpg?fit=1200%2C801&ssl=1&resize=525%2C300 1.5x, https:\/\/i0.wp.com\/corporateacademy.org\/wp-content\/uploads\/2020\/12\/fox-1748640_1280.jpg?fit=1200%2C801&ssl=1&resize=700%2C400 2x, https:\/\/i0.wp.com\/corporateacademy.org\/wp-content\/uploads\/2020\/12\/fox-1748640_1280.jpg?fit=1200%2C801&ssl=1&resize=1050%2C600 3x"},"classes":[]},{"id":1732,"url":"https:\/\/corporateacademy.org\/index.php\/2023\/01\/02\/5-habitos-de-lideres-executivos-para-equilibrar-responsabilidades-e-manter-a-sanidade-mental\/","url_meta":{"origin":1035,"position":1},"title":"5 H\u00e1bitos de L\u00edderes Executivos para Equilibrar Responsabilidades e Manter a Sanidade Mental","author":"Editor","date":"02\/01\/2023","format":false,"excerpt":"Como ser um l\u00edder de sucesso no dia a dia? Esta \u00e9 uma pergunta que muitas pessoas t\u00eam, mas n\u00e3o sabem como responder. Na vida corporativa n\u00e3o h\u00e1 respostas prontas, mas aprender com os erros dos outros \u00e9 bem melhor do que com os nossos pr\u00f3prios. N\u00e3o h\u00e1 resposta \u00fanica\u2026","rel":"","context":"Em &quot;Ambiente corporativo&quot;","block_context":{"text":"Ambiente corporativo","link":"https:\/\/corporateacademy.org\/index.php\/category\/ambiente-corporativo\/"},"img":{"alt_text":"executivo- ambiente corporativo","src":"https:\/\/i0.wp.com\/corporateacademy.org\/wp-content\/uploads\/2023\/01\/angry-3233158_1280.jpg?fit=1200%2C790&ssl=1&resize=350%2C200","width":350,"height":200,"srcset":"https:\/\/i0.wp.com\/corporateacademy.org\/wp-content\/uploads\/2023\/01\/angry-3233158_1280.jpg?fit=1200%2C790&ssl=1&resize=350%2C200 1x, https:\/\/i0.wp.com\/corporateacademy.org\/wp-content\/uploads\/2023\/01\/angry-3233158_1280.jpg?fit=1200%2C790&ssl=1&resize=525%2C300 1.5x, https:\/\/i0.wp.com\/corporateacademy.org\/wp-content\/uploads\/2023\/01\/angry-3233158_1280.jpg?fit=1200%2C790&ssl=1&resize=700%2C400 2x, https:\/\/i0.wp.com\/corporateacademy.org\/wp-content\/uploads\/2023\/01\/angry-3233158_1280.jpg?fit=1200%2C790&ssl=1&resize=1050%2C600 3x"},"classes":[]},{"id":2543,"url":"https:\/\/corporateacademy.org\/index.php\/2025\/08\/04\/diga-nao-para-produzir-mais-e-melhor-o-poder-do-essencialismo\/","url_meta":{"origin":1035,"position":2},"title":"Diga N\u00c3O para Produzir Mais e Melhor. O poder do Essencialismo","author":"Editor","date":"04\/08\/2025","format":false,"excerpt":"Fernando Neves, Ph.D. Imagine receber um e-mail convocando voc\u00ea para uma reuni\u00e3o de trabalho no mesmo dia em que sua filha nasce. Foi exatamente isso que aconteceu com Greg McKeown, autor de Essencialismo. Pressionado pela cultura corporativa de dizer \u201csim\u201d a tudo, ele aceitou participar, mesmo sabendo que sua prioridade\u2026","rel":"","context":"Em &quot;Ambiente corporativo&quot;","block_context":{"text":"Ambiente corporativo","link":"https:\/\/corporateacademy.org\/index.php\/category\/ambiente-corporativo\/"},"img":{"alt_text":"Jovem executivo em escrit\u00f3rio \u00e0 noite trabalhando","src":"https:\/\/i0.wp.com\/corporateacademy.org\/wp-content\/uploads\/2025\/08\/Escritorio-Noite.png?fit=1200%2C675&ssl=1&resize=350%2C200","width":350,"height":200,"srcset":"https:\/\/i0.wp.com\/corporateacademy.org\/wp-content\/uploads\/2025\/08\/Escritorio-Noite.png?fit=1200%2C675&ssl=1&resize=350%2C200 1x, https:\/\/i0.wp.com\/corporateacademy.org\/wp-content\/uploads\/2025\/08\/Escritorio-Noite.png?fit=1200%2C675&ssl=1&resize=525%2C300 1.5x, https:\/\/i0.wp.com\/corporateacademy.org\/wp-content\/uploads\/2025\/08\/Escritorio-Noite.png?fit=1200%2C675&ssl=1&resize=700%2C400 2x, https:\/\/i0.wp.com\/corporateacademy.org\/wp-content\/uploads\/2025\/08\/Escritorio-Noite.png?fit=1200%2C675&ssl=1&resize=1050%2C600 3x"},"classes":[]},{"id":1641,"url":"https:\/\/corporateacademy.org\/index.php\/2022\/11\/14\/gestao-de-projetos-eu-preciso-saber-sobre-isso\/","url_meta":{"origin":1035,"position":3},"title":"Gest\u00e3o de Projetos: Eu preciso saber sobre isso?","author":"Editor","date":"14\/11\/2022","format":false,"excerpt":"Falar em gest\u00e3o de projetos, parece algo distante para a realidade da grande maioria das pessoas, mas a verdade \u00e9 que qualquer pessoa que tenha que planejar qualquer tipo de atividade, precisa fazer gest\u00e3o de seu projeto. Se voc\u00ea j\u00e1 planejou uma festa de anivers\u00e1rio infantil, uma reuni\u00e3o em fam\u00edlia\u2026","rel":"","context":"Em &quot;Ambiente corporativo&quot;","block_context":{"text":"Ambiente corporativo","link":"https:\/\/corporateacademy.org\/index.php\/category\/ambiente-corporativo\/"},"img":{"alt_text":"Gest\u00e3o de projetos","src":"https:\/\/i0.wp.com\/corporateacademy.org\/wp-content\/uploads\/2022\/11\/project-management-2061635_1280.jpg?fit=1200%2C900&ssl=1&resize=350%2C200","width":350,"height":200,"srcset":"https:\/\/i0.wp.com\/corporateacademy.org\/wp-content\/uploads\/2022\/11\/project-management-2061635_1280.jpg?fit=1200%2C900&ssl=1&resize=350%2C200 1x, https:\/\/i0.wp.com\/corporateacademy.org\/wp-content\/uploads\/2022\/11\/project-management-2061635_1280.jpg?fit=1200%2C900&ssl=1&resize=525%2C300 1.5x, https:\/\/i0.wp.com\/corporateacademy.org\/wp-content\/uploads\/2022\/11\/project-management-2061635_1280.jpg?fit=1200%2C900&ssl=1&resize=700%2C400 2x, https:\/\/i0.wp.com\/corporateacademy.org\/wp-content\/uploads\/2022\/11\/project-management-2061635_1280.jpg?fit=1200%2C900&ssl=1&resize=1050%2C600 3x"},"classes":[]},{"id":2384,"url":"https:\/\/corporateacademy.org\/index.php\/2024\/12\/15\/o-segredo-que-ninguem-te-conta-sobre-a-lideranca-por-que-o-medo-de-ser-chefe-esta-te-impedindo-de-crescer\/","url_meta":{"origin":1035,"position":4},"title":"O Segredo que Ningu\u00e9m Te Conta Sobre a Lideran\u00e7a: Por que o Medo de Ser Chefe Est\u00e1 Te Impedindo de Crescer?","author":"Editor","date":"15\/12\/2024","format":false,"excerpt":"Karen acabou de ser promovida a gerente de sua \u00e1rea e est\u00e1 extremamente nervosa e com medo de n\u00e3o ser aceita pelos demais colegas. E agora? Como irei liderar as pessoas que at\u00e9 ent\u00e3o eram meus pares? Pensou ela. A inseguran\u00e7a e a necessidade de aceita\u00e7\u00e3o s\u00e3o as primeiras barreiras\u2026","rel":"","context":"Em &quot;Ambiente corporativo&quot;","block_context":{"text":"Ambiente corporativo","link":"https:\/\/corporateacademy.org\/index.php\/category\/ambiente-corporativo\/"},"img":{"alt_text":"N\u00e3o tenha medo de ser chefe","src":"https:\/\/i0.wp.com\/corporateacademy.org\/wp-content\/uploads\/2024\/12\/lider-1.png?fit=1200%2C686&ssl=1&resize=350%2C200","width":350,"height":200,"srcset":"https:\/\/i0.wp.com\/corporateacademy.org\/wp-content\/uploads\/2024\/12\/lider-1.png?fit=1200%2C686&ssl=1&resize=350%2C200 1x, https:\/\/i0.wp.com\/corporateacademy.org\/wp-content\/uploads\/2024\/12\/lider-1.png?fit=1200%2C686&ssl=1&resize=525%2C300 1.5x, https:\/\/i0.wp.com\/corporateacademy.org\/wp-content\/uploads\/2024\/12\/lider-1.png?fit=1200%2C686&ssl=1&resize=700%2C400 2x, https:\/\/i0.wp.com\/corporateacademy.org\/wp-content\/uploads\/2024\/12\/lider-1.png?fit=1200%2C686&ssl=1&resize=1050%2C600 3x"},"classes":[]},{"id":381,"url":"https:\/\/corporateacademy.org\/index.php\/2018\/10\/09\/como-tornar-se-um-top-performer-e-conseguir-mais-resultados\/","url_meta":{"origin":1035,"position":5},"title":"Como tornar-se um Top Performer e conseguir mais resultados","author":"Editor","date":"09\/10\/2018","format":false,"excerpt":"Texto: Fernando Neves, Ph. D. Imagem: Pixabay (Raw Pixel) No mundo corporativo \u00e9 comum as pessoas considerarem que ao executar mais tarefas estar\u00e3o obtendo mais resultados. No entanto, nem sempre isso \u00e9 verdade. \u00a0O professor da Universidade de Berkeley Morten Hansen pesquisou cerca de 5000 pessoas entre l\u00edderes e liderados\u2026","rel":"","context":"Em &quot;Ambiente corporativo&quot;","block_context":{"text":"Ambiente corporativo","link":"https:\/\/corporateacademy.org\/index.php\/category\/ambiente-corporativo\/"},"img":{"alt_text":"Top Performer","src":"https:\/\/i0.wp.com\/corporateacademy.org\/wp-content\/uploads\/2018\/10\/RawPixelPixabayoffice-3295556_640.jpg?fit=640%2C389&ssl=1&resize=350%2C200","width":350,"height":200,"srcset":"https:\/\/i0.wp.com\/corporateacademy.org\/wp-content\/uploads\/2018\/10\/RawPixelPixabayoffice-3295556_640.jpg?fit=640%2C389&ssl=1&resize=350%2C200 1x, https:\/\/i0.wp.com\/corporateacademy.org\/wp-content\/uploads\/2018\/10\/RawPixelPixabayoffice-3295556_640.jpg?fit=640%2C389&ssl=1&resize=525%2C300 1.5x"},"classes":[]}],"jetpack_featured_media_url":"https:\/\/i0.wp.com\/corporateacademy.org\/wp-content\/uploads\/2021\/06\/girl-4981766_640.jpg?fit=640%2C427&ssl=1","_links":{"self":[{"href":"https:\/\/corporateacademy.org\/index.php\/wp-json\/wp\/v2\/posts\/1035","targetHints":{"allow":["GET"]}}],"collection":[{"href":"https:\/\/corporateacademy.org\/index.php\/wp-json\/wp\/v2\/posts"}],"about":[{"href":"https:\/\/corporateacademy.org\/index.php\/wp-json\/wp\/v2\/types\/post"}],"author":[{"embeddable":true,"href":"https:\/\/corporateacademy.org\/index.php\/wp-json\/wp\/v2\/users\/1"}],"replies":[{"embeddable":true,"href":"https:\/\/corporateacademy.org\/index.php\/wp-json\/wp\/v2\/comments?post=1035"}],"version-history":[{"count":15,"href":"https:\/\/corporateacademy.org\/index.php\/wp-json\/wp\/v2\/posts\/1035\/revisions"}],"predecessor-version":[{"id":1103,"href":"https:\/\/corporateacademy.org\/index.php\/wp-json\/wp\/v2\/posts\/1035\/revisions\/1103"}],"wp:featuredmedia":[{"embeddable":true,"href":"https:\/\/corporateacademy.org\/index.php\/wp-json\/wp\/v2\/media\/1037"}],"wp:attachment":[{"href":"https:\/\/corporateacademy.org\/index.php\/wp-json\/wp\/v2\/media?parent=1035"}],"wp:term":[{"taxonomy":"category","embeddable":true,"href":"https:\/\/corporateacademy.org\/index.php\/wp-json\/wp\/v2\/categories?post=1035"},{"taxonomy":"post_tag","embeddable":true,"href":"https:\/\/corporateacademy.org\/index.php\/wp-json\/wp\/v2\/tags?post=1035"}],"curies":[{"name":"wp","href":"https:\/\/api.w.org\/{rel}","templated":true}]}}