{"id":1071,"date":"2021-09-07T21:17:07","date_gmt":"2021-09-08T00:17:07","guid":{"rendered":"https:\/\/corporateacademy.org\/?p=1071"},"modified":"2022-11-03T12:35:37","modified_gmt":"2022-11-03T15:35:37","slug":"vale-a-pena-investir-em-energia-solar","status":"publish","type":"post","link":"https:\/\/corporateacademy.org\/index.php\/2021\/09\/07\/vale-a-pena-investir-em-energia-solar\/","title":{"rendered":"Vale a pena investir em energia solar?"},"content":{"rendered":"\n<p class=\"wp-block-paragraph\">Fernando Neves, Ph.D.<\/p>\n\n\n\n<p class=\"has-drop-cap wp-block-paragraph\">J\u00e1 n\u00e3o se discute se teremos um colapso em fun\u00e7\u00e3o do aquecimento global, mas quando isso ir\u00e1 acontecer. Soma-se a isso a situa\u00e7\u00e3o do Brasil que vive uma escassez h\u00eddrica sem precedentes como consequ\u00eancia n\u00e3o apenas das mudan\u00e7as clim\u00e1ticas, mas  tamb\u00e9m da falta de uma pol\u00edtica que busque resolver o problema energ\u00e9tico do pa\u00eds de forma definitiva. <\/p>\n\n\n\n<p class=\"wp-block-paragraph\">Lembro-me do apag\u00e3o de energia el\u00e9trica ainda durante o governo de FHC e do amargo rem\u00e9dio do racionamento de energia com metas de consumo m\u00ednimo para empresas e pessoas f\u00edsicas.  A cada ano, tenho visto a conta de luz trazer a famosa bandeira vermelha no per\u00edodo da seca e sinto o impacto na conta no  final do m\u00eas. A diferen\u00e7a hoje \u00e9 que gero parte da minha energia el\u00e9trica com placas fotovoltaicas instaladas sobre o telhado de minha casa. \u00c9 fant\u00e1stico! Embora n\u00e3o gere ainda 100% da energia que consumo, pude ver a redu\u00e7\u00e3o nos kwh de minha conta e mesmo com apenas a metade do meu consumo de pot\u00eancia instalada, tenho redu\u00e7\u00e3o de aproximadamente 50% em m\u00e9dia no meu custo anual.<\/p>\n\n\n\n<p class=\"wp-block-paragraph\">Houve um tempo que investir em c\u00e9lulas fotovoltaicas era caro, mas como toda tecnologia nova, h\u00e1 uma curva decrescente de pre\u00e7os \u00e0 medida que a economia de escala torna poss\u00edvel mais usu\u00e1rios a um menor pre\u00e7o per capta. Al\u00e9m disso, h\u00e1 linhas de cr\u00e9dito incentivadas, e portanto com juros reduzidos, que facilita bastante a aquisi\u00e7\u00e3o. \u00c9 uma alternativa interessante, j\u00e1 que o financiamento se paga com a economia no consumo.<\/p>\n\n\n\n<p class=\"wp-block-paragraph\">Al\u00e9m disso, \u00e9 poss\u00edvel injetar o excedente de gera\u00e7\u00e3o n\u00e3o consumido durante o dia e us\u00e1-lo como cr\u00e9dito no consumo noturno ou outros momentos de maior consumo. A legisla\u00e7\u00e3o brasileira avan\u00e7ou bastante neste sentido, permitindo inclusive o compartilhamento de energia el\u00e9trica entre unidades diferentes, desde que registrados sob o mesmo CPF ou CNPJ.<\/p>\n\n\n\n<div class=\"wp-block-cover aligncenter is-light is-repeated\" style=\"min-height:280px;aspect-ratio:unset;\"><span aria-hidden=\"true\" class=\"wp-block-cover__background has-background-dim-20 has-background-dim\"><\/span><div role=\"img\" class=\"wp-block-cover__image-background wp-image-1092 is-repeated\" style=\"background-position:50% 50%;background-image:url(https:\/\/corporateacademy.org\/wp-content\/uploads\/2021\/09\/person-3062271_1920-1024x612.jpg)\"><\/div><div class=\"wp-block-cover__inner-container is-layout-flow wp-block-cover-is-layout-flow\">\n<p class=\"has-text-align-center has-medium-font-size wp-block-paragraph\"><meta charset=\"utf-8\"><p><em>Interessado em obter uma cota\u00e7\u00e3o para sistemas solares? <\/em><\/p><\/p>\n\n\n\n<p class=\"has-text-align-center has-medium-font-size wp-block-paragraph\"><p><em><a href=\"https:\/\/corporateacademy.org\/index.php\/paineis-solares\/\" target=\"_blank\" rel=\"noreferrer noopener\">clique aqui<\/a>  para enviar seus dados e entraremos em contato com voc\u00ea.<\/em><\/p>   <\/p>\n<\/div><\/div>\n\n\n\n<h3 class=\"wp-block-heading\">Como funciona?<\/h3>\n\n\n\n<p class=\"wp-block-paragraph\">Mas como funciona este sistema? E qual \u00e9 a m\u00e1gica, ou melhor,  a engenharia que permite transformar luz solar em energia el\u00e9trica? A primeira vez que se conseguiu mover el\u00e9trons em um material usando a luz solar foi em 1839. Foi <a href=\"https:\/\/en.wikipedia.org\/wiki\/Alexandre-Edmond_Becquerel\" target=\"_blank\" rel=\"noreferrer noopener\">Alexandre-Edmond Becquere<\/a><a href=\"https:\/\/en.wikipedia.org\/wiki\/Alexandre-Edmond_Becquerel\">l<\/a> quem observou o efeito fotovoltaico pela primeira vez, mas foi apenas em 1954 que a Bell Labs criou o primeiro painel solar comercialmente vi\u00e1vel. A baixa efici\u00eancia e o alto custo sempre foram impedimentos para sua larga utiliza\u00e7\u00e3o, mas esse jogo tem mudado nos \u00faltimos dez anos. Com efici\u00eancia cada vez maiores e pre\u00e7os menores, os pain\u00e9is solares j\u00e1 s\u00e3o largamente usados. Al\u00e9m disso, a legisla\u00e7\u00e3o atual, permite injetar na rede el\u00e9trica a energia gerada que estive excedendo o consumo naquele momento, gerando cr\u00e9ditos para serem abatidos na conta de luz.<\/p>\n\n\n\n<p class=\"wp-block-paragraph\">As placas solares s\u00e3o feitas de sil\u00edcio ou outro material semi-condutor. O segredo de seu funcionamento est\u00e1 na inje\u00e7\u00e3o de outros materias como o f\u00f3sforo (P) e o boro(B) que criam condi\u00e7\u00f5es para a circula\u00e7\u00e3o de eletrons entre eles.  Se voc\u00ea conhece um pouco de semicondutores, j\u00e1m deve ter ouvido falar de jun\u00e7\u00f5es P-N entre eles. Fique tranquilo, n\u00e3o vamos entrar em detalhes, mas \u00e9 essa jun\u00e7\u00e3o de dois tipos diferentes que promove a dire\u00e7\u00e3o de fluxo dos el\u00e9trons quando s\u00e3o atingidos pelos f\u00f3tons la luz solar. Pra quem gosta de saber como funcionam as coisas, deixo um v\u00eddeo do TED-Ed explicando. Acione a legenda e clique na engrenagem para escolher o idioma da legenda em portugu\u00eas.<\/p>\n\n\n\n<figure class=\"wp-block-embed is-type-video is-provider-youtube wp-block-embed-youtube wp-embed-aspect-16-9 wp-has-aspect-ratio\"><div class=\"wp-block-embed__wrapper\">\n<span class=\"embed-youtube\" style=\"text-align:center; display: block;\"><iframe loading=\"lazy\" class=\"youtube-player\" width=\"660\" height=\"372\" src=\"https:\/\/www.youtube.com\/embed\/xKxrkht7CpY?version=3&#038;rel=1&#038;showsearch=0&#038;showinfo=1&#038;iv_load_policy=1&#038;fs=1&#038;hl=pt-BR&#038;autohide=2&#038;wmode=transparent\" allowfullscreen=\"true\" style=\"border:0;\" sandbox=\"allow-scripts allow-same-origin allow-popups allow-presentation allow-popups-to-escape-sandbox\"><\/iframe><\/span>\n<\/div><\/figure>\n\n\n\n<p class=\"wp-block-paragraph\">A energia gerada nas c\u00e9lulas solares \u00e9 do tipo corrente cont\u00ednua, j\u00e1 a que chega em nossas casas \u00e9 do tipo alternada. \u00c9 preciso ent\u00e3o converter a corrente cont\u00ednua para corrente alternada, o que \u00e9 feito usando um inversor ou microinversor. Este equipamento tem as fun\u00e7\u00e3o de gerar pulsos el\u00e9tricos de 50 ou 60 Hz. No caso do Brasil, nossa rede el\u00e9trica \u00e9 de 60 Hz.<\/p>\n\n\n\n<p class=\"wp-block-paragraph\">A quantidade de placas solares a ser instalada, depende do consumo da resid\u00eancia ou ind\u00fastria e deve ser calculada por um t\u00e9cnico ou engenheiro. As empresas que comercializam este sistema providenciam tudo. A instala\u00e7\u00e3o \u00e9 simples e r\u00e1pida e para sistemas residenciais em geral \u00e9 feita no mesmo dia. Um ponto importante \u00e9 a localiza\u00e7\u00e3o do inversor, j\u00e1 que ele precisa ser conectado \u00e0 rede. O medidor de consumo tamb\u00e9m \u00e9 trocado para um do tipo digital. Al\u00e9m disso, o inversor pode ser conectado \u00e0 internet usando a rede wifi o que possibilita o controle do quanto de energia est\u00e1 sendo gerado ao longo do dia ou at\u00e9 fazer comparativo em diferentes meses do ano.<\/p>\n\n\n\n<p class=\"wp-block-paragraph\">O v\u00eddeo a seguir mostra o sistema de inversor que recebe a corrente cont\u00ednua das placas, faza convers\u00e3o para corrente alternada, conecta o sistema na rede el\u00e9trica e faz o monitoriamento do sistema.<\/p>\n\n\n\n<figure class=\"wp-block-embed is-type-video is-provider-youtube wp-block-embed-youtube wp-embed-aspect-16-9 wp-has-aspect-ratio\"><div class=\"wp-block-embed__wrapper\">\n<span class=\"embed-youtube\" style=\"text-align:center; display: block;\"><iframe loading=\"lazy\" class=\"youtube-player\" width=\"660\" height=\"372\" src=\"https:\/\/www.youtube.com\/embed\/jymajk4SDfI?version=3&#038;rel=1&#038;showsearch=0&#038;showinfo=1&#038;iv_load_policy=1&#038;fs=1&#038;hl=pt-BR&#038;autohide=2&#038;wmode=transparent\" allowfullscreen=\"true\" style=\"border:0;\" sandbox=\"allow-scripts allow-same-origin allow-popups allow-presentation allow-popups-to-escape-sandbox\"><\/iframe><\/span>\n<\/div><\/figure>\n\n\n\n<p class=\"wp-block-paragraph\"> A vida \u00fatil dos equipamentos \u00e9 bastante longa, da ordem de 25 a 30 anos. Considrerando os custos atuais de energia el\u00e9trica no Brasil, o retorno do investimento se d\u00e1 em menos de cinco anos. Um c\u00e1lculo mais preciso pode ser feito pelas empresas que comercializam o sistema. Al\u00e9m disso, h\u00e1 diversas linhas de cr\u00e9dito para este tipo de investimento. Santander, Siccob e Sicred s\u00e3o alguns exemplos de bancos com linhas de cr\u00e9dito para sistemas de gera\u00e7\u00e3o de energia solar.<\/p>\n\n\n\n<blockquote class=\"wp-block-quote is-layout-flow wp-block-quote-is-layout-flow\">\n<p class=\"wp-block-paragraph\"><\/p>\n<\/blockquote>\n","protected":false},"excerpt":{"rendered":"<p>Fernando Neves, Ph.D. J\u00e1 n\u00e3o se discute se teremos um colapso em fun\u00e7\u00e3o do aquecimento global, mas quando isso ir\u00e1 acontecer. Soma-se a isso a situa\u00e7\u00e3o do Brasil que vive uma escassez h\u00eddrica sem precedentes como consequ\u00eancia n\u00e3o apenas das mudan\u00e7as clim\u00e1ticas, mas tamb\u00e9m da falta de uma pol\u00edtica que busque resolver o problema energ\u00e9tico &hellip; <a href=\"https:\/\/corporateacademy.org\/index.php\/2021\/09\/07\/vale-a-pena-investir-em-energia-solar\/\" class=\"more-link\">Continuar lendo <span class=\"screen-reader-text\">Vale a pena investir em energia solar?<\/span><\/a><\/p>\n","protected":false},"author":1,"featured_media":1077,"comment_status":"open","ping_status":"open","sticky":false,"template":"","format":"standard","meta":{"_jetpack_newsletter_access":"","_jetpack_dont_email_post_to_subs":false,"_jetpack_newsletter_tier_id":0,"_jetpack_memberships_contains_paywalled_content":false,"_jetpack_feature_clip_id":0,"_jetpack_memberships_contains_paid_content":false,"footnotes":"","jetpack_publicize_message":"","jetpack_publicize_feature_enabled":true,"jetpack_social_post_already_shared":true,"jetpack_social_options":{"image_generator_settings":{"template":"highway","default_image_id":0,"font":"","enabled":false},"version":2},"jetpack_post_was_ever_published":false},"categories":[19,385,65],"tags":[396,395,394,391,392,387,388,390,389,393,386],"class_list":["post-1071","post","type-post","status-publish","format-standard","has-post-thumbnail","hentry","category-ambiente-corporativo","category-sustentabilidade","category-tecnologia","tag-comprar","tag-cotacao","tag-cotar","tag-custo-de-energia","tag-energia-eletrica","tag-energia-solar","tag-fotovoltaico","tag-investimento","tag-painel-fotovoltaico","tag-racionamento","tag-solar"],"aioseo_notices":[],"aioseo_head":"\n\t\t<!-- All in One SEO 5.0.1.1 - aioseo.com -->\n\t<meta name=\"description\" content=\"Fernando Neves, Ph.D. J\u00e1 n\u00e3o se discute se teremos um colapso em fun\u00e7\u00e3o do aquecimento global, mas quando isso ir\u00e1 acontecer. Soma-se a isso a situa\u00e7\u00e3o do Brasil que vive uma escassez h\u00eddrica sem precedentes como consequ\u00eancia n\u00e3o apenas das mudan\u00e7as clim\u00e1ticas, mas tamb\u00e9m da falta de uma pol\u00edtica que busque resolver o problema energ\u00e9tico\" \/>\n\t<meta name=\"robots\" content=\"max-image-preview:large\" \/>\n\t<meta name=\"author\" content=\"Editor\"\/>\n\t<link rel=\"canonical\" href=\"https:\/\/corporateacademy.org\/index.php\/2021\/09\/07\/vale-a-pena-investir-em-energia-solar\/\" \/>\n\t<meta name=\"generator\" content=\"All in One SEO (AIOSEO) 5.0.1.1\" \/>\n\t\t<meta property=\"og:locale\" content=\"pt_BR\" \/>\n\t\t<meta property=\"og:site_name\" content=\"Corporate Academy - Compartilhando Conhecimento\" \/>\n\t\t<meta property=\"og:type\" content=\"article\" \/>\n\t\t<meta property=\"og:title\" content=\"Vale a pena investir em energia solar? - Corporate Academy\" \/>\n\t\t<meta property=\"og:description\" content=\"Fernando Neves, Ph.D. J\u00e1 n\u00e3o se discute se teremos um colapso em fun\u00e7\u00e3o do aquecimento global, mas quando isso ir\u00e1 acontecer. Soma-se a isso a situa\u00e7\u00e3o do Brasil que vive uma escassez h\u00eddrica sem precedentes como consequ\u00eancia n\u00e3o apenas das mudan\u00e7as clim\u00e1ticas, mas tamb\u00e9m da falta de uma pol\u00edtica que busque resolver o problema energ\u00e9tico\" \/>\n\t\t<meta property=\"og:url\" content=\"https:\/\/corporateacademy.org\/index.php\/2021\/09\/07\/vale-a-pena-investir-em-energia-solar\/\" \/>\n\t\t<meta property=\"og:image\" content=\"https:\/\/i0.wp.com\/corporateacademy.org\/wp-content\/uploads\/2018\/03\/Logo200x200.jpg?fit=200200\" \/>\n\t\t<meta property=\"og:image:secure_url\" content=\"https:\/\/i0.wp.com\/corporateacademy.org\/wp-content\/uploads\/2018\/03\/Logo200x200.jpg?fit=200200\" \/>\n\t\t<meta property=\"article:published_time\" content=\"2021-09-08T00:17:07+00:00\" \/>\n\t\t<meta property=\"article:modified_time\" content=\"2022-11-03T15:35:37+00:00\" \/>\n\t\t<meta name=\"twitter:card\" content=\"summary_large_image\" \/>\n\t\t<meta name=\"twitter:title\" content=\"Vale a pena investir em energia solar? - Corporate Academy\" \/>\n\t\t<meta name=\"twitter:description\" content=\"Fernando Neves, Ph.D. J\u00e1 n\u00e3o se discute se teremos um colapso em fun\u00e7\u00e3o do aquecimento global, mas quando isso ir\u00e1 acontecer. Soma-se a isso a situa\u00e7\u00e3o do Brasil que vive uma escassez h\u00eddrica sem precedentes como consequ\u00eancia n\u00e3o apenas das mudan\u00e7as clim\u00e1ticas, mas tamb\u00e9m da falta de uma pol\u00edtica que busque resolver o problema energ\u00e9tico\" \/>\n\t\t<meta name=\"twitter:image\" content=\"https:\/\/i0.wp.com\/corporateacademy.org\/wp-content\/uploads\/2018\/03\/Logo200x200.jpg?fit=200200\" \/>\n\t\t<script type=\"application\/ld+json\" class=\"aioseo-schema\">\n\t\t\t{\"@context\":\"https:\\\/\\\/schema.org\",\"@graph\":[{\"@type\":\"BlogPosting\",\"@id\":\"https:\\\/\\\/corporateacademy.org\\\/index.php\\\/2021\\\/09\\\/07\\\/vale-a-pena-investir-em-energia-solar\\\/#blogposting\",\"name\":\"Vale a pena investir em energia solar? - Corporate Academy\",\"headline\":\"Vale a pena investir em energia solar?\",\"author\":{\"@id\":\"https:\\\/\\\/corporateacademy.org\\\/index.php\\\/author\\\/nevesf\\\/#author\"},\"publisher\":{\"@id\":\"https:\\\/\\\/corporateacademy.org\\\/#organization\"},\"image\":{\"@type\":\"ImageObject\",\"url\":\"https:\\\/\\\/i0.wp.com\\\/corporateacademy.org\\\/wp-content\\\/uploads\\\/2021\\\/08\\\/solar-energy-868663_1920.jpg?fit=1920%2C1080&ssl=1\",\"width\":1920,\"height\":1080,\"caption\":\"Painel solar - Pixabay\"},\"datePublished\":\"2021-09-07T21:17:07-03:00\",\"dateModified\":\"2022-11-03T12:35:37-03:00\",\"inLanguage\":\"pt-BR\",\"mainEntityOfPage\":{\"@id\":\"https:\\\/\\\/corporateacademy.org\\\/index.php\\\/2021\\\/09\\\/07\\\/vale-a-pena-investir-em-energia-solar\\\/#webpage\"},\"isPartOf\":{\"@id\":\"https:\\\/\\\/corporateacademy.org\\\/index.php\\\/2021\\\/09\\\/07\\\/vale-a-pena-investir-em-energia-solar\\\/#webpage\"},\"articleSection\":\"Ambiente corporativo, sustentabilidade, tecnologia, comprar, cota\\u00e7\\u00e3o, cotar, custo de energia, energia el\\u00e9trica, energia solar, fotovoltaico, investimento, painel fotovoltaico, racionamento, solar\"},{\"@type\":\"BreadcrumbList\",\"@id\":\"https:\\\/\\\/corporateacademy.org\\\/index.php\\\/2021\\\/09\\\/07\\\/vale-a-pena-investir-em-energia-solar\\\/#breadcrumblist\",\"itemListElement\":[{\"@type\":\"ListItem\",\"@id\":\"https:\\\/\\\/corporateacademy.org#listItem\",\"position\":1,\"name\":\"Home\",\"item\":\"https:\\\/\\\/corporateacademy.org\",\"nextItem\":{\"@type\":\"ListItem\",\"@id\":\"https:\\\/\\\/corporateacademy.org\\\/index.php\\\/category\\\/ambiente-corporativo\\\/#listItem\",\"name\":\"Ambiente corporativo\"}},{\"@type\":\"ListItem\",\"@id\":\"https:\\\/\\\/corporateacademy.org\\\/index.php\\\/category\\\/ambiente-corporativo\\\/#listItem\",\"position\":2,\"name\":\"Ambiente corporativo\",\"item\":\"https:\\\/\\\/corporateacademy.org\\\/index.php\\\/category\\\/ambiente-corporativo\\\/\",\"nextItem\":{\"@type\":\"ListItem\",\"@id\":\"https:\\\/\\\/corporateacademy.org\\\/index.php\\\/2021\\\/09\\\/07\\\/vale-a-pena-investir-em-energia-solar\\\/#listItem\",\"name\":\"Vale a pena investir em energia solar?\"},\"previousItem\":{\"@type\":\"ListItem\",\"@id\":\"https:\\\/\\\/corporateacademy.org#listItem\",\"name\":\"Home\"}},{\"@type\":\"ListItem\",\"@id\":\"https:\\\/\\\/corporateacademy.org\\\/index.php\\\/2021\\\/09\\\/07\\\/vale-a-pena-investir-em-energia-solar\\\/#listItem\",\"position\":3,\"name\":\"Vale a pena investir em energia solar?\",\"previousItem\":{\"@type\":\"ListItem\",\"@id\":\"https:\\\/\\\/corporateacademy.org\\\/index.php\\\/category\\\/ambiente-corporativo\\\/#listItem\",\"name\":\"Ambiente corporativo\"}}]},{\"@type\":\"Organization\",\"@id\":\"https:\\\/\\\/corporateacademy.org\\\/#organization\",\"name\":\"Corporate Academy\",\"description\":\"Compartilhando Conhecimento\",\"url\":\"https:\\\/\\\/corporateacademy.org\\\/\",\"logo\":{\"@type\":\"ImageObject\",\"url\":\"https:\\\/\\\/i0.wp.com\\\/corporateacademy.org\\\/wp-content\\\/uploads\\\/2018\\\/03\\\/Logo200x200.jpg?fit=200%2C200&ssl=1\",\"@id\":\"https:\\\/\\\/corporateacademy.org\\\/index.php\\\/2021\\\/09\\\/07\\\/vale-a-pena-investir-em-energia-solar\\\/#organizationLogo\",\"width\":200,\"height\":200},\"image\":{\"@id\":\"https:\\\/\\\/corporateacademy.org\\\/index.php\\\/2021\\\/09\\\/07\\\/vale-a-pena-investir-em-energia-solar\\\/#organizationLogo\"}},{\"@type\":\"Person\",\"@id\":\"https:\\\/\\\/corporateacademy.org\\\/index.php\\\/author\\\/nevesf\\\/#author\",\"url\":\"https:\\\/\\\/corporateacademy.org\\\/index.php\\\/author\\\/nevesf\\\/\",\"name\":\"Editor\",\"image\":{\"@type\":\"ImageObject\",\"@id\":\"https:\\\/\\\/corporateacademy.org\\\/index.php\\\/2021\\\/09\\\/07\\\/vale-a-pena-investir-em-energia-solar\\\/#authorImage\",\"url\":\"https:\\\/\\\/secure.gravatar.com\\\/avatar\\\/40a180061deabb68d04bd9f812bde2b372b5d57984baf7dd947ee866377d90fb?s=96&d=blank&r=g\",\"width\":96,\"height\":96,\"caption\":\"Editor\"}},{\"@type\":\"WebPage\",\"@id\":\"https:\\\/\\\/corporateacademy.org\\\/index.php\\\/2021\\\/09\\\/07\\\/vale-a-pena-investir-em-energia-solar\\\/#webpage\",\"url\":\"https:\\\/\\\/corporateacademy.org\\\/index.php\\\/2021\\\/09\\\/07\\\/vale-a-pena-investir-em-energia-solar\\\/\",\"name\":\"Vale a pena investir em energia solar? - Corporate Academy\",\"description\":\"Fernando Neves, Ph.D. J\\u00e1 n\\u00e3o se discute se teremos um colapso em fun\\u00e7\\u00e3o do aquecimento global, mas quando isso ir\\u00e1 acontecer. Soma-se a isso a situa\\u00e7\\u00e3o do Brasil que vive uma escassez h\\u00eddrica sem precedentes como consequ\\u00eancia n\\u00e3o apenas das mudan\\u00e7as clim\\u00e1ticas, mas tamb\\u00e9m da falta de uma pol\\u00edtica que busque resolver o problema energ\\u00e9tico\",\"inLanguage\":\"pt-BR\",\"isPartOf\":{\"@id\":\"https:\\\/\\\/corporateacademy.org\\\/#website\"},\"breadcrumb\":{\"@id\":\"https:\\\/\\\/corporateacademy.org\\\/index.php\\\/2021\\\/09\\\/07\\\/vale-a-pena-investir-em-energia-solar\\\/#breadcrumblist\"},\"author\":{\"@id\":\"https:\\\/\\\/corporateacademy.org\\\/index.php\\\/author\\\/nevesf\\\/#author\"},\"creator\":{\"@id\":\"https:\\\/\\\/corporateacademy.org\\\/index.php\\\/author\\\/nevesf\\\/#author\"},\"image\":{\"@type\":\"ImageObject\",\"url\":\"https:\\\/\\\/i0.wp.com\\\/corporateacademy.org\\\/wp-content\\\/uploads\\\/2021\\\/08\\\/solar-energy-868663_1920.jpg?fit=1920%2C1080&ssl=1\",\"@id\":\"https:\\\/\\\/corporateacademy.org\\\/index.php\\\/2021\\\/09\\\/07\\\/vale-a-pena-investir-em-energia-solar\\\/#mainImage\",\"width\":1920,\"height\":1080,\"caption\":\"Painel solar - Pixabay\"},\"primaryImageOfPage\":{\"@id\":\"https:\\\/\\\/corporateacademy.org\\\/index.php\\\/2021\\\/09\\\/07\\\/vale-a-pena-investir-em-energia-solar\\\/#mainImage\"},\"datePublished\":\"2021-09-07T21:17:07-03:00\",\"dateModified\":\"2022-11-03T12:35:37-03:00\"},{\"@type\":\"WebSite\",\"@id\":\"https:\\\/\\\/corporateacademy.org\\\/#website\",\"url\":\"https:\\\/\\\/corporateacademy.org\\\/\",\"name\":\"Corporate Academy\",\"description\":\"Compartilhando Conhecimento\",\"inLanguage\":\"pt-BR\",\"publisher\":{\"@id\":\"https:\\\/\\\/corporateacademy.org\\\/#organization\"}}]}\n\t\t<\/script>\n\t\t<!-- All in One SEO -->\n\n","aioseo_head_json":{"title":"Vale a pena investir em energia solar? - Corporate Academy","description":"Fernando Neves, Ph.D. J\u00e1 n\u00e3o se discute se teremos um colapso em fun\u00e7\u00e3o do aquecimento global, mas quando isso ir\u00e1 acontecer. Soma-se a isso a situa\u00e7\u00e3o do Brasil que vive uma escassez h\u00eddrica sem precedentes como consequ\u00eancia n\u00e3o apenas das mudan\u00e7as clim\u00e1ticas, mas tamb\u00e9m da falta de uma pol\u00edtica que busque resolver o problema energ\u00e9tico","canonical_url":"https:\/\/corporateacademy.org\/index.php\/2021\/09\/07\/vale-a-pena-investir-em-energia-solar\/","robots":"max-image-preview:large","keywords":"","webmasterTools":{"miscellaneous":""},"schema":{"@context":"https:\/\/schema.org","@graph":[{"@type":"BlogPosting","@id":"https:\/\/corporateacademy.org\/index.php\/2021\/09\/07\/vale-a-pena-investir-em-energia-solar\/#blogposting","name":"Vale a pena investir em energia solar? - Corporate Academy","headline":"Vale a pena investir em energia solar?","author":{"@id":"https:\/\/corporateacademy.org\/index.php\/author\/nevesf\/#author"},"publisher":{"@id":"https:\/\/corporateacademy.org\/#organization"},"image":{"@type":"ImageObject","url":"https:\/\/i0.wp.com\/corporateacademy.org\/wp-content\/uploads\/2021\/08\/solar-energy-868663_1920.jpg?fit=1920%2C1080&ssl=1","width":1920,"height":1080,"caption":"Painel solar - Pixabay"},"datePublished":"2021-09-07T21:17:07-03:00","dateModified":"2022-11-03T12:35:37-03:00","inLanguage":"pt-BR","mainEntityOfPage":{"@id":"https:\/\/corporateacademy.org\/index.php\/2021\/09\/07\/vale-a-pena-investir-em-energia-solar\/#webpage"},"isPartOf":{"@id":"https:\/\/corporateacademy.org\/index.php\/2021\/09\/07\/vale-a-pena-investir-em-energia-solar\/#webpage"},"articleSection":"Ambiente corporativo, sustentabilidade, tecnologia, comprar, cota\u00e7\u00e3o, cotar, custo de energia, energia el\u00e9trica, energia solar, fotovoltaico, investimento, painel fotovoltaico, racionamento, solar"},{"@type":"BreadcrumbList","@id":"https:\/\/corporateacademy.org\/index.php\/2021\/09\/07\/vale-a-pena-investir-em-energia-solar\/#breadcrumblist","itemListElement":[{"@type":"ListItem","@id":"https:\/\/corporateacademy.org#listItem","position":1,"name":"Home","item":"https:\/\/corporateacademy.org","nextItem":{"@type":"ListItem","@id":"https:\/\/corporateacademy.org\/index.php\/category\/ambiente-corporativo\/#listItem","name":"Ambiente corporativo"}},{"@type":"ListItem","@id":"https:\/\/corporateacademy.org\/index.php\/category\/ambiente-corporativo\/#listItem","position":2,"name":"Ambiente corporativo","item":"https:\/\/corporateacademy.org\/index.php\/category\/ambiente-corporativo\/","nextItem":{"@type":"ListItem","@id":"https:\/\/corporateacademy.org\/index.php\/2021\/09\/07\/vale-a-pena-investir-em-energia-solar\/#listItem","name":"Vale a pena investir em energia solar?"},"previousItem":{"@type":"ListItem","@id":"https:\/\/corporateacademy.org#listItem","name":"Home"}},{"@type":"ListItem","@id":"https:\/\/corporateacademy.org\/index.php\/2021\/09\/07\/vale-a-pena-investir-em-energia-solar\/#listItem","position":3,"name":"Vale a pena investir em energia solar?","previousItem":{"@type":"ListItem","@id":"https:\/\/corporateacademy.org\/index.php\/category\/ambiente-corporativo\/#listItem","name":"Ambiente corporativo"}}]},{"@type":"Organization","@id":"https:\/\/corporateacademy.org\/#organization","name":"Corporate Academy","description":"Compartilhando Conhecimento","url":"https:\/\/corporateacademy.org\/","logo":{"@type":"ImageObject","url":"https:\/\/i0.wp.com\/corporateacademy.org\/wp-content\/uploads\/2018\/03\/Logo200x200.jpg?fit=200%2C200&ssl=1","@id":"https:\/\/corporateacademy.org\/index.php\/2021\/09\/07\/vale-a-pena-investir-em-energia-solar\/#organizationLogo","width":200,"height":200},"image":{"@id":"https:\/\/corporateacademy.org\/index.php\/2021\/09\/07\/vale-a-pena-investir-em-energia-solar\/#organizationLogo"}},{"@type":"Person","@id":"https:\/\/corporateacademy.org\/index.php\/author\/nevesf\/#author","url":"https:\/\/corporateacademy.org\/index.php\/author\/nevesf\/","name":"Editor","image":{"@type":"ImageObject","@id":"https:\/\/corporateacademy.org\/index.php\/2021\/09\/07\/vale-a-pena-investir-em-energia-solar\/#authorImage","url":"https:\/\/secure.gravatar.com\/avatar\/40a180061deabb68d04bd9f812bde2b372b5d57984baf7dd947ee866377d90fb?s=96&d=blank&r=g","width":96,"height":96,"caption":"Editor"}},{"@type":"WebPage","@id":"https:\/\/corporateacademy.org\/index.php\/2021\/09\/07\/vale-a-pena-investir-em-energia-solar\/#webpage","url":"https:\/\/corporateacademy.org\/index.php\/2021\/09\/07\/vale-a-pena-investir-em-energia-solar\/","name":"Vale a pena investir em energia solar? - Corporate Academy","description":"Fernando Neves, Ph.D. J\u00e1 n\u00e3o se discute se teremos um colapso em fun\u00e7\u00e3o do aquecimento global, mas quando isso ir\u00e1 acontecer. Soma-se a isso a situa\u00e7\u00e3o do Brasil que vive uma escassez h\u00eddrica sem precedentes como consequ\u00eancia n\u00e3o apenas das mudan\u00e7as clim\u00e1ticas, mas tamb\u00e9m da falta de uma pol\u00edtica que busque resolver o problema energ\u00e9tico","inLanguage":"pt-BR","isPartOf":{"@id":"https:\/\/corporateacademy.org\/#website"},"breadcrumb":{"@id":"https:\/\/corporateacademy.org\/index.php\/2021\/09\/07\/vale-a-pena-investir-em-energia-solar\/#breadcrumblist"},"author":{"@id":"https:\/\/corporateacademy.org\/index.php\/author\/nevesf\/#author"},"creator":{"@id":"https:\/\/corporateacademy.org\/index.php\/author\/nevesf\/#author"},"image":{"@type":"ImageObject","url":"https:\/\/i0.wp.com\/corporateacademy.org\/wp-content\/uploads\/2021\/08\/solar-energy-868663_1920.jpg?fit=1920%2C1080&ssl=1","@id":"https:\/\/corporateacademy.org\/index.php\/2021\/09\/07\/vale-a-pena-investir-em-energia-solar\/#mainImage","width":1920,"height":1080,"caption":"Painel solar - Pixabay"},"primaryImageOfPage":{"@id":"https:\/\/corporateacademy.org\/index.php\/2021\/09\/07\/vale-a-pena-investir-em-energia-solar\/#mainImage"},"datePublished":"2021-09-07T21:17:07-03:00","dateModified":"2022-11-03T12:35:37-03:00"},{"@type":"WebSite","@id":"https:\/\/corporateacademy.org\/#website","url":"https:\/\/corporateacademy.org\/","name":"Corporate Academy","description":"Compartilhando Conhecimento","inLanguage":"pt-BR","publisher":{"@id":"https:\/\/corporateacademy.org\/#organization"}}]},"og:locale":"pt_BR","og:site_name":"Corporate Academy - Compartilhando Conhecimento","og:type":"article","og:title":"Vale a pena investir em energia solar? - Corporate Academy","og:description":"Fernando Neves, Ph.D. J\u00e1 n\u00e3o se discute se teremos um colapso em fun\u00e7\u00e3o do aquecimento global, mas quando isso ir\u00e1 acontecer. Soma-se a isso a situa\u00e7\u00e3o do Brasil que vive uma escassez h\u00eddrica sem precedentes como consequ\u00eancia n\u00e3o apenas das mudan\u00e7as clim\u00e1ticas, mas tamb\u00e9m da falta de uma pol\u00edtica que busque resolver o problema energ\u00e9tico","og:url":"https:\/\/corporateacademy.org\/index.php\/2021\/09\/07\/vale-a-pena-investir-em-energia-solar\/","og:image":"https:\/\/i0.wp.com\/corporateacademy.org\/wp-content\/uploads\/2018\/03\/Logo200x200.jpg?fit=200200","og:image:secure_url":"https:\/\/i0.wp.com\/corporateacademy.org\/wp-content\/uploads\/2018\/03\/Logo200x200.jpg?fit=200200","article:published_time":"2021-09-08T00:17:07+00:00","article:modified_time":"2022-11-03T15:35:37+00:00","twitter:card":"summary_large_image","twitter:title":"Vale a pena investir em energia solar? - Corporate Academy","twitter:description":"Fernando Neves, Ph.D. J\u00e1 n\u00e3o se discute se teremos um colapso em fun\u00e7\u00e3o do aquecimento global, mas quando isso ir\u00e1 acontecer. Soma-se a isso a situa\u00e7\u00e3o do Brasil que vive uma escassez h\u00eddrica sem precedentes como consequ\u00eancia n\u00e3o apenas das mudan\u00e7as clim\u00e1ticas, mas tamb\u00e9m da falta de uma pol\u00edtica que busque resolver o problema energ\u00e9tico","twitter:image":"https:\/\/i0.wp.com\/corporateacademy.org\/wp-content\/uploads\/2018\/03\/Logo200x200.jpg?fit=200200"},"aioseo_meta_data":{"post_id":"1071","title":null,"description":null,"keywords":null,"keyphrases":null,"focus_keyword":null,"additional_keywords":null,"truseo_locale":null,"primary_term":null,"canonical_url":null,"og_title":null,"og_description":null,"og_object_type":"default","og_image_type":"default","og_image_custom_url":null,"og_image_custom_fields":null,"og_image_url":null,"og_image_width":null,"og_image_height":null,"og_video":null,"og_custom_url":null,"og_article_section":null,"og_article_tags":null,"twitter_use_og":false,"twitter_card":"default","twitter_image_type":"default","twitter_image_custom_url":null,"twitter_image_custom_fields":null,"twitter_image_url":null,"twitter_title":null,"twitter_description":null,"schema_type":"default","schema_type_options":null,"schema":{"blockGraphs":[],"customGraphs":[],"default":{"data":{"Article":[],"Course":[],"Dataset":[],"FAQPage":[],"Movie":[],"Person":[],"Product":[],"ProductReview":[],"Car":[],"Recipe":[],"Service":[],"SoftwareApplication":[],"WebPage":[]},"graphName":"","isEnabled":true},"graphs":[]},"pillar_content":false,"robots_default":true,"robots_noindex":false,"robots_noarchive":false,"robots_nosnippet":false,"robots_nofollow":false,"robots_noimageindex":false,"robots_noodp":false,"robots_notranslate":false,"robots_max_snippet":null,"robots_max_videopreview":null,"robots_max_imagepreview":"large","priority":null,"frequency":null,"local_seo":null,"limit_modified_date":false,"ai":null,"breadcrumb_settings":null,"seo_analyzer_scan_date":null,"created":"2026-09-02 22:00:30","updated":"2026-09-02 22:00:30"},"aioseo_breadcrumb":"<div class=\"aioseo-breadcrumbs\"><span class=\"aioseo-breadcrumb\">\n\t\t\t<a href=\"https:\/\/corporateacademy.org\" title=\"Home\">Home<\/a>\n\t\t<\/span><span class=\"aioseo-breadcrumb-separator\">&raquo;<\/span><span class=\"aioseo-breadcrumb\">\n\t\t\t<a href=\"https:\/\/corporateacademy.org\/index.php\/category\/ambiente-corporativo\/\" title=\"Ambiente corporativo\">Ambiente corporativo<\/a>\n\t\t<\/span><span class=\"aioseo-breadcrumb-separator\">&raquo;<\/span><span class=\"aioseo-breadcrumb\">\n\t\t\tVale a pena investir em energia solar?\n\t\t<\/span><\/div>","aioseo_breadcrumb_json":[{"label":"Home","link":"https:\/\/corporateacademy.org"},{"label":"Ambiente corporativo","link":"https:\/\/corporateacademy.org\/index.php\/category\/ambiente-corporativo\/"},{"label":"Vale a pena investir em energia solar?","link":"https:\/\/corporateacademy.org\/index.php\/2021\/09\/07\/vale-a-pena-investir-em-energia-solar\/"}],"jetpack_publicize_connections":[],"jetpack_sharing_enabled":true,"jetpack_shortlink":"https:\/\/wp.me\/p9MYp6-hh","jetpack_likes_enabled":true,"jetpack-related-posts":[{"id":2347,"url":"https:\/\/corporateacademy.org\/index.php\/2024\/11\/23\/como-fazer-anotacoes-inteligentes-o-metodo-definitivo-para-pensar-melhor-e-produzir-mais\/","url_meta":{"origin":1071,"position":0},"title":"Como Fazer Anota\u00e7\u00f5es Inteligentes: O M\u00e9todo Definitivo para Pensar Melhor e Produzir Mais.","author":"Editor","date":"23\/11\/2024","format":false,"excerpt":"Voc\u00ea j\u00e1 se viu perdido entre p\u00e1ginas de livros, materiais de estudo e ideias desconexas? Muitas pessoas passam por isso, seja no meio acad\u00eamico, na produ\u00e7\u00e3o de conte\u00fado ou na busca por organiza\u00e7\u00e3o intelectual. No livro How to Take Smart Notes, S\u00f6nke Ahrens apresenta uma solu\u00e7\u00e3o poderosa: a t\u00e9cnica das\u2026","rel":"","context":"Em &quot;Ambiente corporativo&quot;","block_context":{"text":"Ambiente corporativo","link":"https:\/\/corporateacademy.org\/index.php\/category\/ambiente-corporativo\/"},"img":{"alt_text":"como fazer anota\u00e7\u00f5es inteligentes","src":"https:\/\/i0.wp.com\/corporateacademy.org\/wp-content\/uploads\/2024\/11\/notes-mulher-01.png?fit=897%2C497&ssl=1&resize=350%2C200","width":350,"height":200,"srcset":"https:\/\/i0.wp.com\/corporateacademy.org\/wp-content\/uploads\/2024\/11\/notes-mulher-01.png?fit=897%2C497&ssl=1&resize=350%2C200 1x, https:\/\/i0.wp.com\/corporateacademy.org\/wp-content\/uploads\/2024\/11\/notes-mulher-01.png?fit=897%2C497&ssl=1&resize=525%2C300 1.5x, https:\/\/i0.wp.com\/corporateacademy.org\/wp-content\/uploads\/2024\/11\/notes-mulher-01.png?fit=897%2C497&ssl=1&resize=700%2C400 2x"},"classes":[]},{"id":2543,"url":"https:\/\/corporateacademy.org\/index.php\/2025\/08\/04\/diga-nao-para-produzir-mais-e-melhor-o-poder-do-essencialismo\/","url_meta":{"origin":1071,"position":1},"title":"Diga N\u00c3O para Produzir Mais e Melhor. O poder do Essencialismo","author":"Editor","date":"04\/08\/2025","format":false,"excerpt":"Fernando Neves, Ph.D. Imagine receber um e-mail convocando voc\u00ea para uma reuni\u00e3o de trabalho no mesmo dia em que sua filha nasce. Foi exatamente isso que aconteceu com Greg McKeown, autor de Essencialismo. Pressionado pela cultura corporativa de dizer \u201csim\u201d a tudo, ele aceitou participar, mesmo sabendo que sua prioridade\u2026","rel":"","context":"Em &quot;Ambiente corporativo&quot;","block_context":{"text":"Ambiente corporativo","link":"https:\/\/corporateacademy.org\/index.php\/category\/ambiente-corporativo\/"},"img":{"alt_text":"Jovem executivo em escrit\u00f3rio \u00e0 noite trabalhando","src":"https:\/\/i0.wp.com\/corporateacademy.org\/wp-content\/uploads\/2025\/08\/Escritorio-Noite.png?fit=1200%2C675&ssl=1&resize=350%2C200","width":350,"height":200,"srcset":"https:\/\/i0.wp.com\/corporateacademy.org\/wp-content\/uploads\/2025\/08\/Escritorio-Noite.png?fit=1200%2C675&ssl=1&resize=350%2C200 1x, https:\/\/i0.wp.com\/corporateacademy.org\/wp-content\/uploads\/2025\/08\/Escritorio-Noite.png?fit=1200%2C675&ssl=1&resize=525%2C300 1.5x, https:\/\/i0.wp.com\/corporateacademy.org\/wp-content\/uploads\/2025\/08\/Escritorio-Noite.png?fit=1200%2C675&ssl=1&resize=700%2C400 2x, https:\/\/i0.wp.com\/corporateacademy.org\/wp-content\/uploads\/2025\/08\/Escritorio-Noite.png?fit=1200%2C675&ssl=1&resize=1050%2C600 3x"},"classes":[]},{"id":1732,"url":"https:\/\/corporateacademy.org\/index.php\/2023\/01\/02\/5-habitos-de-lideres-executivos-para-equilibrar-responsabilidades-e-manter-a-sanidade-mental\/","url_meta":{"origin":1071,"position":2},"title":"5 H\u00e1bitos de L\u00edderes Executivos para Equilibrar Responsabilidades e Manter a Sanidade Mental","author":"Editor","date":"02\/01\/2023","format":false,"excerpt":"Como ser um l\u00edder de sucesso no dia a dia? Esta \u00e9 uma pergunta que muitas pessoas t\u00eam, mas n\u00e3o sabem como responder. Na vida corporativa n\u00e3o h\u00e1 respostas prontas, mas aprender com os erros dos outros \u00e9 bem melhor do que com os nossos pr\u00f3prios. N\u00e3o h\u00e1 resposta \u00fanica\u2026","rel":"","context":"Em &quot;Ambiente corporativo&quot;","block_context":{"text":"Ambiente corporativo","link":"https:\/\/corporateacademy.org\/index.php\/category\/ambiente-corporativo\/"},"img":{"alt_text":"executivo- ambiente corporativo","src":"https:\/\/i0.wp.com\/corporateacademy.org\/wp-content\/uploads\/2023\/01\/angry-3233158_1280.jpg?fit=1200%2C790&ssl=1&resize=350%2C200","width":350,"height":200,"srcset":"https:\/\/i0.wp.com\/corporateacademy.org\/wp-content\/uploads\/2023\/01\/angry-3233158_1280.jpg?fit=1200%2C790&ssl=1&resize=350%2C200 1x, https:\/\/i0.wp.com\/corporateacademy.org\/wp-content\/uploads\/2023\/01\/angry-3233158_1280.jpg?fit=1200%2C790&ssl=1&resize=525%2C300 1.5x, https:\/\/i0.wp.com\/corporateacademy.org\/wp-content\/uploads\/2023\/01\/angry-3233158_1280.jpg?fit=1200%2C790&ssl=1&resize=700%2C400 2x, https:\/\/i0.wp.com\/corporateacademy.org\/wp-content\/uploads\/2023\/01\/angry-3233158_1280.jpg?fit=1200%2C790&ssl=1&resize=1050%2C600 3x"},"classes":[]},{"id":2398,"url":"https:\/\/corporateacademy.org\/index.php\/2024\/12\/20\/a-coragem-de-ser-imperfeito-um-guia-para-autenticidade-e-vulnerabilidade-no-ambiente-corporativo\/","url_meta":{"origin":1071,"position":3},"title":"A Coragem de Ser Imperfeito: Um Guia para Autenticidade e Vulnerabilidade no Ambiente Corporativo","author":"Editor","date":"20\/12\/2024","format":false,"excerpt":"Voc\u00ea j\u00e1 se sentiu como se estivesse jogando um jogo que n\u00e3o pode vencer no trabalho? A press\u00e3o para ser perfeito, a necessidade de esconder suas falhas, a constante compara\u00e7\u00e3o com os colegas... Parece familiar? No mundo corporativo, onde a busca pela excel\u00eancia muitas vezes se transforma em uma corrida\u2026","rel":"","context":"Em &quot;Ambiente corporativo&quot;","block_context":{"text":"Ambiente corporativo","link":"https:\/\/corporateacademy.org\/index.php\/category\/ambiente-corporativo\/"},"img":{"alt_text":"A coragem de ser Imperfeito","src":"https:\/\/i0.wp.com\/corporateacademy.org\/wp-content\/uploads\/2024\/12\/vergonha-1-1.png?fit=896%2C502&ssl=1&resize=350%2C200","width":350,"height":200,"srcset":"https:\/\/i0.wp.com\/corporateacademy.org\/wp-content\/uploads\/2024\/12\/vergonha-1-1.png?fit=896%2C502&ssl=1&resize=350%2C200 1x, https:\/\/i0.wp.com\/corporateacademy.org\/wp-content\/uploads\/2024\/12\/vergonha-1-1.png?fit=896%2C502&ssl=1&resize=525%2C300 1.5x, https:\/\/i0.wp.com\/corporateacademy.org\/wp-content\/uploads\/2024\/12\/vergonha-1-1.png?fit=896%2C502&ssl=1&resize=700%2C400 2x"},"classes":[]},{"id":2440,"url":"https:\/\/corporateacademy.org\/index.php\/2025\/02\/21\/o-futuro-dos-empregos-uma-jornada-rumo-ao-desconhecido\/","url_meta":{"origin":1071,"position":4},"title":"O Futuro dos Empregos: Uma Jornada Rumo ao Desconhecido","author":"Editor","date":"21\/02\/2025","format":false,"excerpt":"Era uma manh\u00e3 comum em S\u00e3o Paulo, dessas com tr\u00e2nsito barulhento e o cheiro de caf\u00e9 pairando no ar. Mariana, gerente de RH de uma multinacional, olhava pela janela do escrit\u00f3rio no 15\u00ba andar enquanto tomava sua segunda x\u00edcara do dia. Entre uma liga\u00e7\u00e3o e outra, ela pensava no relat\u00f3rio\u2026","rel":"","context":"Em &quot;Ambiente corporativo&quot;","block_context":{"text":"Ambiente corporativo","link":"https:\/\/corporateacademy.org\/index.php\/category\/ambiente-corporativo\/"},"img":{"alt_text":"Empregos do futuro","src":"https:\/\/i0.wp.com\/corporateacademy.org\/wp-content\/uploads\/2025\/02\/FutureJobsEdit.png?fit=1016%2C732&ssl=1&resize=350%2C200","width":350,"height":200,"srcset":"https:\/\/i0.wp.com\/corporateacademy.org\/wp-content\/uploads\/2025\/02\/FutureJobsEdit.png?fit=1016%2C732&ssl=1&resize=350%2C200 1x, https:\/\/i0.wp.com\/corporateacademy.org\/wp-content\/uploads\/2025\/02\/FutureJobsEdit.png?fit=1016%2C732&ssl=1&resize=525%2C300 1.5x, https:\/\/i0.wp.com\/corporateacademy.org\/wp-content\/uploads\/2025\/02\/FutureJobsEdit.png?fit=1016%2C732&ssl=1&resize=700%2C400 2x"},"classes":[]},{"id":1035,"url":"https:\/\/corporateacademy.org\/index.php\/2021\/06\/01\/tempo-pra-mim\/","url_meta":{"origin":1071,"position":5},"title":"Tempo pra Mim","author":"Editor","date":"01\/06\/2021","format":false,"excerpt":"Fernando Neves, Ph.D. Preciso de um dia com mais de vinte e quatro horas! Voc\u00ea j\u00e1 deve ter dito isso. Se n\u00e3o disse, muito provavelmente ouviu algu\u00e9m dizer. Tempo \u00e9 o recurso mais escasso que temos e a menos que ele possa ser administrado, n\u00e3o ser\u00e1 poss\u00edvel administrar outras coisas.\u2026","rel":"","context":"Em &quot;Ambiente corporativo&quot;","block_context":{"text":"Ambiente corporativo","link":"https:\/\/corporateacademy.org\/index.php\/category\/ambiente-corporativo\/"},"img":{"alt_text":"tempo pra mim","src":"https:\/\/i0.wp.com\/corporateacademy.org\/wp-content\/uploads\/2021\/06\/girl-4981766_640.jpg?fit=640%2C427&ssl=1&resize=350%2C200","width":350,"height":200,"srcset":"https:\/\/i0.wp.com\/corporateacademy.org\/wp-content\/uploads\/2021\/06\/girl-4981766_640.jpg?fit=640%2C427&ssl=1&resize=350%2C200 1x, https:\/\/i0.wp.com\/corporateacademy.org\/wp-content\/uploads\/2021\/06\/girl-4981766_640.jpg?fit=640%2C427&ssl=1&resize=525%2C300 1.5x"},"classes":[]}],"jetpack_featured_media_url":"https:\/\/i0.wp.com\/corporateacademy.org\/wp-content\/uploads\/2021\/08\/solar-energy-868663_1920.jpg?fit=1920%2C1080&ssl=1","_links":{"self":[{"href":"https:\/\/corporateacademy.org\/index.php\/wp-json\/wp\/v2\/posts\/1071","targetHints":{"allow":["GET"]}}],"collection":[{"href":"https:\/\/corporateacademy.org\/index.php\/wp-json\/wp\/v2\/posts"}],"about":[{"href":"https:\/\/corporateacademy.org\/index.php\/wp-json\/wp\/v2\/types\/post"}],"author":[{"embeddable":true,"href":"https:\/\/corporateacademy.org\/index.php\/wp-json\/wp\/v2\/users\/1"}],"replies":[{"embeddable":true,"href":"https:\/\/corporateacademy.org\/index.php\/wp-json\/wp\/v2\/comments?post=1071"}],"version-history":[{"count":18,"href":"https:\/\/corporateacademy.org\/index.php\/wp-json\/wp\/v2\/posts\/1071\/revisions"}],"predecessor-version":[{"id":1630,"href":"https:\/\/corporateacademy.org\/index.php\/wp-json\/wp\/v2\/posts\/1071\/revisions\/1630"}],"wp:featuredmedia":[{"embeddable":true,"href":"https:\/\/corporateacademy.org\/index.php\/wp-json\/wp\/v2\/media\/1077"}],"wp:attachment":[{"href":"https:\/\/corporateacademy.org\/index.php\/wp-json\/wp\/v2\/media?parent=1071"}],"wp:term":[{"taxonomy":"category","embeddable":true,"href":"https:\/\/corporateacademy.org\/index.php\/wp-json\/wp\/v2\/categories?post=1071"},{"taxonomy":"post_tag","embeddable":true,"href":"https:\/\/corporateacademy.org\/index.php\/wp-json\/wp\/v2\/tags?post=1071"}],"curies":[{"name":"wp","href":"https:\/\/api.w.org\/{rel}","templated":true}]}}