{"id":1193,"date":"2022-01-06T15:40:25","date_gmt":"2022-01-06T18:40:25","guid":{"rendered":"https:\/\/corporateacademy.org\/?p=1193"},"modified":"2022-01-06T15:47:49","modified_gmt":"2022-01-06T18:47:49","slug":"conflito-de-geracoes-nas-corporacoes","status":"publish","type":"post","link":"https:\/\/corporateacademy.org\/index.php\/2022\/01\/06\/conflito-de-geracoes-nas-corporacoes\/","title":{"rendered":"Conflito de Gera\u00e7\u00f5es nas Corpora\u00e7\u00f5es"},"content":{"rendered":"\n<p class=\"wp-block-paragraph\">Fernando Neves, Ph.D.<\/p>\n\n\n\n<p class=\"has-drop-cap wp-block-paragraph\">Uma gerente assistente de marketing de 25 anos foi escalada para criar um an\u00fancio impresso para um produto novo dirigido aos millennials. Ap\u00f3s realizar entrevistas com uma amostra de clientes em potencial, ela produziu um an\u00fancio bel\u00edssimo, com visual atraente e uma frase curta acompanhada de um link para um site como chamada para a a\u00e7\u00e3o. O que ela n\u00e3o esperava era que seu gerente de marketing, de 50 anos, fosse reclamar da falta de detalhes sobre caracter\u00edsticas, vantagens e benef\u00edcios do produto naquele an\u00fancio. Por achar que o gerente n\u00e3o compreendia a abordagem de marketing minimalista voltada para os millennials, ela pediu demiss\u00e3o \u2013 confirmando, ironicamente, a ideia preconcebida do gerente de que os subordinados mais jovens s\u00e3o avessos a cr\u00edticas.<\/p>\n\n\n\n<p class=\"wp-block-paragraph\">Esta hist\u00f3ria \u00e9 citada no livro <a href=\"https:\/\/amzn.to\/3eV4a9p\" target=\"_blank\" rel=\"noreferrer noopener\">Marketing 5.0 de Philip Kotler<\/a> para exemplificar o abismo existente entre gera\u00e7\u00f5es presentes no mercado de trabalho. Vivemos um momento \u00fanico em que quatro diferente gera\u00e7\u00f5es  convivem no ambiente corporativo e uma quinta est\u00e1 despontando, mas j\u00e1 influencia os h\u00e1bitos de consumo  das fam\u00edlias.<\/p>\n\n\n\n<h3 class=\"wp-block-heading\">Baby Boomers<\/h3>\n\n\n\n<p class=\"wp-block-paragraph\">Os baby boomers \u00e9 a gera\u00e7\u00e3o  constitu\u00edda pelas pessoas nascidas no p\u00f3s-guerra entre 1946 e 1964. Eles ainda fazem parte do mercado de trabalho por adiarem a aposentadoria. S\u00e3o assim chamados porque nasceram logo ap\u00f3s a segunda grande guerra, quando havia um alto \u00edndice de natalidade, principalmente  nos Estados Unidos, mas tamb\u00e9m em outros pa\u00edses causado pelo boom econ\u00f4mico no p\u00f3s-guerra.<\/p>\n\n\n\n<p class=\"wp-block-paragraph\">O prolongamento da carreira dos boomers tem a ver com uma vida mais longeva e saud\u00e1vel. \u00c9 claro que com as quest\u00f5es relativas \u00e0 previd\u00eancia social, n\u00e3o apenas no Brasil, mas tamb\u00e9m em outras economias, aposentar-se pode significar redu\u00e7\u00e3o do padr\u00e3o social. O fato \u00e9 que a presen\u00e7a dos baby boomers no mercado; em geral em cargos de lideran\u00e7a ou posi\u00e7\u00f5es t\u00e9cnicas, onde sua expertise \u00e9 requerida, acaba por gerar conflitos que n\u00e3o podem ser negligenciados.<\/p>\n\n\n\n<blockquote class=\"wp-block-quote is-layout-flow wp-block-quote-is-layout-flow\"><p>Por for\u00e7a da  necessidade, os integrantes da gera\u00e7\u00e3o X aprenderam a ser flex\u00edveis e altamente adapt\u00e1veis.<\/p><\/blockquote>\n\n\n\n<h3 class=\"wp-block-heading\">A gera\u00e7\u00e3o X<\/h3>\n\n\n\n<p class=\"wp-block-paragraph\"> A gera\u00e7\u00e3o X  \u00e9 composta pelos nascidos entre 1965 e 1980 e vivenciaram  os turbulentos anos 1970 e os incertos anos 1980. Kotler chama esta gera\u00e7\u00e3o de &#8220;os filhos do meio esquecidos&#8221;, j\u00e1 que acabaram ficando fora do radar do marketing por um bom tempo. Esta gera\u00e7\u00e3o experimentou grandes transforma\u00e7\u00f5es na tecnologia, o que afetou tamb\u00e9m as rela\u00e7\u00f5es de consumo. <\/p>\n\n\n\n<p class=\"wp-block-paragraph\">Por for\u00e7a da necessidade, os integrantes da gera\u00e7\u00e3o X aprenderam a ser flex\u00edveis e altamente adapt\u00e1veis. Se os baby boomers ouviam m\u00fasicas pelo r\u00e1dio ou LP&#8217;s, a gera\u00e7\u00e3o X j\u00e1 gravava seus hits nas fitas K-7, presenciaram o aparecimento do CD, do MP3 e hoje ouvem m\u00fasica por streaming pelo Spotify, Deezer e <a href=\"https:\/\/amzn.to\/3qRpmm5\" target=\"_blank\" rel=\"noreferrer noopener\">Amazon Music<\/a>. Contudo, a maior transforma\u00e7\u00e3o que esta gera\u00e7\u00e3o presenciou no mercado de trabalho foi o uso da internet como ferramenta de trabalho fazendo deles os adotantes iniciais da conectividade (early users).<\/p>\n\n\n\n<p class=\"wp-block-paragraph\">A gera\u00e7\u00e3o X representa hoje uma fra\u00e7\u00e3o consider\u00e1vel dos cargos de lideran\u00e7as nas empresas, mas muitos tiveram a carreira freada pelo prolongamento das carreiras dos baby boomers, criando dificuldades para esta gera\u00e7\u00e3o ascender mais r\u00e1pido na hierarquia o que levou muitos a empreenderem, iniciando  neg\u00f3cios pr\u00f3prios.<\/p>\n\n\n\n<center>\n<a href=\"https:\/\/www.amazon.com.br\/Marketing-5-0-Tecnologia-para-humanidade\/dp\/6555642408?crid=1SELG8IGJ8WNJ&amp;keywords=philip+kotler&amp;qid=1641492529&amp;s=books&amp;sprefix=philip+kotler%2Cstripbooks%2C171&amp;sr=1-2-spons&amp;psc=1&amp;spLa=ZW5jcnlwdGVkUXVhbGlmaWVyPUExOVJaWE5NMkNRUkxBJmVuY3J5cHRlZElkPUEwMDk5MzI1MkFUVjRIRUZIOVNURiZlbmNyeXB0ZWRBZElkPUEwNjIyNzU2MzZVRjFMVkNMSkRORSZ3aWRnZXROYW1lPXNwX2F0ZiZhY3Rpb249Y2xpY2tSZWRpcmVjdCZkb05vdExvZ0NsaWNrPXRydWU%3D&amp;linkCode=li3&amp;tag=nevesf-20&amp;linkId=57373cc2fb2fffee7aa5110a20639d15&amp;language=pt_BR&amp;ref_=as_li_ss_il\" target=\"_blank\" rel=\"noopener\"><img decoding=\"async\" border=\"0\" src=\"\/\/ws-na.amazon-adsystem.com\/widgets\/q?_encoding=UTF8&amp;ASIN=6555642408&amp;Format=_SL250_&amp;ID=AsinImage&amp;MarketPlace=BR&amp;ServiceVersion=20070822&amp;WS=1&amp;tag=nevesf-20&amp;language=pt_BR\"><\/a><img loading=\"lazy\" decoding=\"async\" src=\"https:\/\/ir-br.amazon-adsystem.com\/e\/ir?t=nevesf-20&amp;language=pt_BR&amp;l=li3&amp;o=33&amp;a=6555642408\" width=\"1\" height=\"1\" border=\"0\" alt=\"\" style=\"border:none !important; margin:0px !important;\">\n<\/center>\n\n\n\n<h3 class=\"wp-block-heading\">A gera\u00e7\u00e3o Y<\/h3>\n\n\n\n<p class=\"wp-block-paragraph\">Se de um lado a gera\u00e7\u00e3o X \u00e9 barrada pelo p\u00b4rolongamento das carreiras dos boomers, por outro surgem a gera\u00e7\u00e3o Y buscando uma carreira mete\u00f3rica. Esta gera\u00e7\u00e3o \u00e9 composta pelos nascidos entre 1981 e 1996. Tendo chegado \u00e0 idade adulta na virada do s\u00e9culo XXI, s\u00e3o conhecidos como Millenialls e nasceram em um novo per\u00edodo de prosperidade. A gera\u00e7\u00e3o Y teve contato com a internet e redes sociais quando era ainda bem mais jovem. Nas redes sociais s\u00e3o mais abertos em expor sua privacidade, o que gera uma grande necessidade de aprova\u00e7\u00e3o de seus pares. <\/p>\n\n\n\n<blockquote class=\"wp-block-quote is-layout-flow wp-block-quote-is-layout-flow\"><p>A gera\u00e7\u00e3o Y \u00e9 a de longe a que mais compra on-line e preferencialmente pelo celular.<\/p><\/blockquote>\n\n\n\n<p class=\"wp-block-paragraph\">A gera\u00e7\u00e3o Y \u00e9 de longe a que mais compra on-line e preferencialmente pelo celular. Outra caracter\u00edstica deste grupo \u00e9 o idealismo, buscando algo mais que simples sal\u00e1rios. Porque foram  expostos muito cedo \u00e0s redes sociais; s\u00e3o mais cr\u00edticos e questionadores, al\u00e9m de n\u00e3o se preocuparem muito com a hierarquia, o que os leva a serem considerados arrogantes pelos integrantes da gera\u00e7\u00e3o X.<\/p>\n\n\n\n<blockquote class=\"wp-block-quote is-layout-flow wp-block-quote-is-layout-flow\"><p><\/p><\/blockquote>\n\n\n\n<h3 class=\"wp-block-heading\">A gera\u00e7\u00e3o Z<\/h3>\n\n\n\n<p class=\"wp-block-paragraph\">A \u00faltima  gera\u00e7\u00e3o a chegar no mercado de trabalho \u00e9 a Z, constitu\u00edda pelos nascidos entre 1997 e 2009.  Os integrantes desta gera\u00e7\u00e3o s\u00e3o considerados os primeiros nativos digitais. S\u00e3o em geral filhos da gera\u00e7\u00e3o X e \u00e9 para eles que o marketing atual est\u00e1 olhando. Esta gera\u00e7\u00e3o \u00e9 incapaz de viver sem os benef\u00edcios da internet, est\u00e3o o tempo todo conectados e podem entrar em depress\u00e3o se for\u00e7ados a ficarem offline. <\/p>\n\n\n\n<blockquote class=\"wp-block-quote is-layout-flow wp-block-quote-is-layout-flow\"><p>Esta gera\u00e7\u00e3o \u00e9 incapaz de viver sem os benef\u00edcios da internet<\/p><\/blockquote>\n\n\n\n<p class=\"wp-block-paragraph\">Eles utilizam-se dos celulares, tablets e notebooks para todas suas atividades, sejam elas leituras, ouvir m\u00fasica, estudar ou simplesmente conectar-se aos amigos. N\u00e3o sentem que seja falta de educa\u00e7\u00e3o teclar no celular enquanto conversam pessoalmente. Como consequ\u00eancia desta conectividade, n\u00e3o enxergam nenhuma fronteira entre o mundo on-line e off-line. Esta gera\u00e7\u00e3o possui uma rela\u00e7\u00e3o estreita com as marcas, mas espera receber em troca conte\u00fado, ofertas e experi\u00eancias de consumo personalizados.<\/p>\n\n\n\n<p class=\"wp-block-paragraph\">Assim como a gera\u00e7\u00e3o Y, gostam de postar tudo, mas se a primeira \u00e9 mais seletiva  e idealista, a segunda \u00e9 mais pragm\u00e1tica. Enquanto a gera\u00e7\u00e3o Y prefere selecionar o que postar, buscando fortalecer seu marketing pessoal, a gera\u00e7\u00e3o Z prefere retratar vers\u00f5es mais aut\u00eanticas e sinceras de si mesmas. <\/p>\n\n\n\n<p class=\"wp-block-paragraph\">Tanto a gera\u00e7\u00e3o Y quanto a Z, preocupam-se  com as transforma\u00e7\u00f5es sociais e defendem temas como sustentabilidade e inclus\u00e3o social. De acordo com Kotler, a gera\u00e7\u00e3o Z hoje j\u00e1 \u00e9 mais numerosa que a Y e em 2025 vai compor a maior for\u00e7a de trabalho, tornando-se, desta forma,o mercado mais relevante para produtos e servi\u00e7os.<\/p>\n\n\n\n<h3 class=\"wp-block-heading\">A gera\u00e7\u00e3o Alfa<\/h3>\n\n\n\n<p class=\"wp-block-paragraph\">Finalmente, temos a gera\u00e7\u00e3o Alfa, filhos dos millenials, composta pelos nascidos entre 2010 e 2025, o que faz dela a primeira gera\u00e7\u00e3o de nascidos exclusivamente no s\u00e9culo XXI. O nome desta gera\u00e7\u00e3o, baseado no alfabeto grego, foi cunhado pela primeira vez por  Mark McCrindle e foi marcado pelo lan\u00e7amento do iPad em 2010.<\/p>\n\n\n\n<blockquote class=\"wp-block-quote is-layout-flow wp-block-quote-is-layout-flow\"><p>Apesar de n\u00e3o possu\u00edrem poder aquisitivo, a gera\u00e7\u00e3o Alfa influencia o comportamento de outras gera\u00e7\u00f5es.<\/p><\/blockquote>\n\n\n\n<p class=\"wp-block-paragraph\">As caracter\u00edsticas desta gera\u00e7\u00e3o ainda est\u00e3o em forma\u00e7\u00e3o \u00e0 medida que novos conceitos e novas tecnologias emergem, mas s\u00e3o grandemente influenciadas pelos comportamentos digitais dos pais (gera\u00e7\u00e3o Y) e dos irm\u00e3os mais velhos (gera\u00e7\u00e3o Z). Eles passam mais tempo nas telas, recebem toneladas de informa\u00e7\u00f5es, s\u00e3o mais instru\u00eddos financeiramente e alguns possuem at\u00e9 seus pr\u00f3prios canais de You Tube.<\/p>\n\n\n\n<p class=\"wp-block-paragraph\">Apesar de n\u00e3o possu\u00edrem poder aquisitivo, a gera\u00e7\u00e3o Alfa influencia o comportamento de outras gera\u00e7\u00f5es. Kotler cita uma pesquisa do Google\/Ipsos  que mostrou que 74% dos pais millenials incluem os filhos da gera\u00e7\u00e3o Alfa nas decis\u00f5es de consumo.<\/p>\n\n\n\n<h3 class=\"wp-block-heading\">Diferen\u00e7as entre as gera\u00e7\u00f5es<\/h3>\n\n\n\n<p class=\"wp-block-paragraph\">Cada gera\u00e7\u00e3o encontra-se em um est\u00e1gio de vida diferente, o que causa distor\u00e7\u00f5es na comunica\u00e7\u00e3o que devem ser corrigidos. N\u00e3o se trata apenas de vender de forma diferente para cada p\u00fablico-alvo que est\u00e1 em diferentes n\u00edveis da vida, mas de obter o melhor de cada um deles no ambiente de trabalho. <\/p>\n\n\n\n<p class=\"wp-block-paragraph\">As empresas hoje sofrem de um lado com a falta de profissionais especializados nas novas tecnologias como programa\u00e7\u00e3o, intelig\u00eancia artificial, rob\u00f3tica, etc., que necessariamente ser\u00e3o supridos pelos profissionais mais novos da gera\u00e7\u00e3o Z e da vindoura gera\u00e7\u00e3o Alfa. Por outro lado, a sa\u00edda dos baby boomers e da gera\u00e7\u00e3o X do mercado leva consigo a experi\u00eancia e a flexibilidade que outras gera\u00e7\u00f5es ainda n\u00e3o desenvolveram. <\/p>\n\n\n\n<p class=\"wp-block-paragraph\">A lideran\u00e7a da gera\u00e7\u00e3o Y nas decis\u00f5es de neg\u00f3cios j\u00e1 \u00e9 realidade globalmente, ent\u00e3o \u00e9 preciso buscar o equil\u00edbrio. Empresas t\u00eam investido em contrata\u00e7\u00e3o e treinamentos para pessoas acima de 50 anos, buscado capturar sua experi\u00eancia para o neg\u00f3cio, mas isso n\u00e3o \u00e9 o bastante. \u00c9 preciso entender as diferen\u00e7as e criar ambientes inclusivos que permitam a integra\u00e7\u00e3o e que reduzam o conflito entre as gera\u00e7\u00f5es, convertendo toda essa energia em coopera\u00e7\u00e3o.<\/p>\n\n\n\n<p class=\"wp-block-paragraph\"><\/p>\n\n\n\n<h2 class=\"wp-block-heading\">Refer\u00eancias:<\/h2>\n\n\n\n<p class=\"wp-block-paragraph\"><a href=\"https:\/\/amzn.to\/3pYEbEj\" target=\"_blank\" rel=\"noreferrer noopener\">Phillip; Kartajaya, Hermawan; Setiawan, Iwan. Marketing 5.0: Tecnologia para a humanidade (p. 30). Sextante. Edi\u00e7\u00e3o do Kindle.<\/a><\/p>\n","protected":false},"excerpt":{"rendered":"<p>Fernando Neves, Ph.D. Uma gerente assistente de marketing de 25 anos foi escalada para criar um an\u00fancio impresso para um produto novo dirigido aos millennials. Ap\u00f3s realizar entrevistas com uma amostra de clientes em potencial, ela produziu um an\u00fancio bel\u00edssimo, com visual atraente e uma frase curta acompanhada de um link para um site como &hellip; <a href=\"https:\/\/corporateacademy.org\/index.php\/2022\/01\/06\/conflito-de-geracoes-nas-corporacoes\/\" class=\"more-link\">Continuar lendo <span class=\"screen-reader-text\">Conflito de Gera\u00e7\u00f5es nas Corpora\u00e7\u00f5es<\/span><\/a><\/p>\n","protected":false},"author":1,"featured_media":1195,"comment_status":"open","ping_status":"open","sticky":false,"template":"","format":"standard","meta":{"_jetpack_newsletter_access":"","_jetpack_dont_email_post_to_subs":false,"_jetpack_newsletter_tier_id":0,"_jetpack_memberships_contains_paywalled_content":false,"_jetpack_feature_clip_id":0,"_jetpack_memberships_contains_paid_content":false,"footnotes":"","jetpack_publicize_message":"Post sobre conflito de gera\u00e7\u00f5es nas empresas: Uma realidade atual.","jetpack_publicize_feature_enabled":true,"jetpack_social_post_already_shared":true,"jetpack_social_options":{"image_generator_settings":{"template":"highway","default_image_id":0,"font":"","enabled":false},"version":2},"jetpack_post_was_ever_published":false},"categories":[19,21,295,253,315,65,182],"tags":[421,22,409,417,418,28,29,419,408,404,405,406,407,23,24,302,413,61,62,415,412,414,410,411,57,416,244,284],"class_list":["post-1193","post","type-post","status-publish","format-standard","has-post-thumbnail","hentry","category-ambiente-corporativo","category-diversidade","category-inteligencia-emocional","category-quarta-revolucao-industrial","category-relacionamento","category-tecnologia","category-trabalho-em-equipe","tag-baby-boomer","tag-comportamento","tag-conflito","tag-conflito-de-geracoes","tag-corporacoes","tag-corporativo","tag-empresa","tag-escritorio","tag-geracao-alfa","tag-geracao-baby-boomer","tag-geracao-x","tag-geracao-y","tag-geracao-z","tag-gestao","tag-gestao-de-pessoas","tag-inclusao","tag-kotler","tag-lider","tag-lideranca","tag-marketing","tag-marketing-digital","tag-marketing5-0","tag-mercado","tag-mercado-digital","tag-pessoas","tag-philip-kotler","tag-trabalho","tag-transformacao-digital"],"aioseo_notices":[],"aioseo_head":"\n\t\t<!-- All in One SEO 5.0.1.1 - aioseo.com -->\n\t<meta name=\"description\" content=\"Fernando Neves, Ph.D. Uma gerente assistente de marketing de 25 anos foi escalada para criar um an\u00fancio impresso para um produto novo dirigido aos millennials. Ap\u00f3s realizar entrevistas com uma amostra de clientes em potencial, ela produziu um an\u00fancio bel\u00edssimo, com visual atraente e uma frase curta acompanhada de um link para um site como\" \/>\n\t<meta name=\"robots\" content=\"max-image-preview:large\" \/>\n\t<meta name=\"author\" content=\"Editor\"\/>\n\t<link rel=\"canonical\" href=\"https:\/\/corporateacademy.org\/index.php\/2022\/01\/06\/conflito-de-geracoes-nas-corporacoes\/\" \/>\n\t<meta name=\"generator\" content=\"All in One SEO (AIOSEO) 5.0.1.1\" \/>\n\t\t<meta property=\"og:locale\" content=\"pt_BR\" \/>\n\t\t<meta property=\"og:site_name\" content=\"Corporate Academy - Compartilhando Conhecimento\" \/>\n\t\t<meta property=\"og:type\" content=\"article\" \/>\n\t\t<meta property=\"og:title\" content=\"Conflito de Gera\u00e7\u00f5es nas Corpora\u00e7\u00f5es - Corporate Academy\" \/>\n\t\t<meta property=\"og:description\" content=\"Fernando Neves, Ph.D. Uma gerente assistente de marketing de 25 anos foi escalada para criar um an\u00fancio impresso para um produto novo dirigido aos millennials. Ap\u00f3s realizar entrevistas com uma amostra de clientes em potencial, ela produziu um an\u00fancio bel\u00edssimo, com visual atraente e uma frase curta acompanhada de um link para um site como\" \/>\n\t\t<meta property=\"og:url\" content=\"https:\/\/corporateacademy.org\/index.php\/2022\/01\/06\/conflito-de-geracoes-nas-corporacoes\/\" \/>\n\t\t<meta property=\"og:image\" content=\"https:\/\/i0.wp.com\/corporateacademy.org\/wp-content\/uploads\/2018\/03\/Logo200x200.jpg?fit=200200\" \/>\n\t\t<meta property=\"og:image:secure_url\" content=\"https:\/\/i0.wp.com\/corporateacademy.org\/wp-content\/uploads\/2018\/03\/Logo200x200.jpg?fit=200200\" \/>\n\t\t<meta property=\"article:published_time\" content=\"2022-01-06T18:40:25+00:00\" \/>\n\t\t<meta property=\"article:modified_time\" content=\"2022-01-06T18:47:49+00:00\" \/>\n\t\t<meta name=\"twitter:card\" content=\"summary_large_image\" \/>\n\t\t<meta name=\"twitter:title\" content=\"Conflito de Gera\u00e7\u00f5es nas Corpora\u00e7\u00f5es - Corporate Academy\" \/>\n\t\t<meta name=\"twitter:description\" content=\"Fernando Neves, Ph.D. Uma gerente assistente de marketing de 25 anos foi escalada para criar um an\u00fancio impresso para um produto novo dirigido aos millennials. Ap\u00f3s realizar entrevistas com uma amostra de clientes em potencial, ela produziu um an\u00fancio bel\u00edssimo, com visual atraente e uma frase curta acompanhada de um link para um site como\" \/>\n\t\t<meta name=\"twitter:image\" content=\"https:\/\/i0.wp.com\/corporateacademy.org\/wp-content\/uploads\/2018\/03\/Logo200x200.jpg?fit=200200\" \/>\n\t\t<script type=\"application\/ld+json\" class=\"aioseo-schema\">\n\t\t\t{\"@context\":\"https:\\\/\\\/schema.org\",\"@graph\":[{\"@type\":\"BlogPosting\",\"@id\":\"https:\\\/\\\/corporateacademy.org\\\/index.php\\\/2022\\\/01\\\/06\\\/conflito-de-geracoes-nas-corporacoes\\\/#blogposting\",\"name\":\"Conflito de Gera\\u00e7\\u00f5es nas Corpora\\u00e7\\u00f5es - Corporate Academy\",\"headline\":\"Conflito de Gera\\u00e7\\u00f5es nas Corpora\\u00e7\\u00f5es\",\"author\":{\"@id\":\"https:\\\/\\\/corporateacademy.org\\\/index.php\\\/author\\\/nevesf\\\/#author\"},\"publisher\":{\"@id\":\"https:\\\/\\\/corporateacademy.org\\\/#organization\"},\"image\":{\"@type\":\"ImageObject\",\"url\":\"https:\\\/\\\/i0.wp.com\\\/corporateacademy.org\\\/wp-content\\\/uploads\\\/2022\\\/01\\\/people-5491796_1920.jpg?fit=1920%2C832&ssl=1\",\"width\":1920,\"height\":832,\"caption\":\"pessoas no trabalho\"},\"datePublished\":\"2022-01-06T15:40:25-03:00\",\"dateModified\":\"2022-01-06T15:47:49-03:00\",\"inLanguage\":\"pt-BR\",\"mainEntityOfPage\":{\"@id\":\"https:\\\/\\\/corporateacademy.org\\\/index.php\\\/2022\\\/01\\\/06\\\/conflito-de-geracoes-nas-corporacoes\\\/#webpage\"},\"isPartOf\":{\"@id\":\"https:\\\/\\\/corporateacademy.org\\\/index.php\\\/2022\\\/01\\\/06\\\/conflito-de-geracoes-nas-corporacoes\\\/#webpage\"},\"articleSection\":\"Ambiente corporativo, diversidade, inteligencia emocional, Quarta Revolu\\u00e7\\u00e3o Industrial, Relacionamento, tecnologia, Trabalho em Equipe, baby boomer, comportamento, conflito, conflito de gera\\u00e7\\u00f5es, corpora\\u00e7\\u00f5es, corporativo, empresa, escrit\\u00f3rio, gera\\u00e7\\u00e3o alfa, gera\\u00e7\\u00e3o baby boomer, gera\\u00e7\\u00e3o x, gera\\u00e7\\u00e3o y, gera\\u00e7\\u00e3o z, gest\\u00e3o, gest\\u00e3o de pessoas, inclus\\u00e3o, kotler, l\\u00edder, lideran\\u00e7a, marketing, marketing digital, marketing5.0, mercado, mercado digital, pessoas, philip kotler, trabalho, transforma\\u00e7\\u00e3o digital\"},{\"@type\":\"BreadcrumbList\",\"@id\":\"https:\\\/\\\/corporateacademy.org\\\/index.php\\\/2022\\\/01\\\/06\\\/conflito-de-geracoes-nas-corporacoes\\\/#breadcrumblist\",\"itemListElement\":[{\"@type\":\"ListItem\",\"@id\":\"https:\\\/\\\/corporateacademy.org#listItem\",\"position\":1,\"name\":\"Home\",\"item\":\"https:\\\/\\\/corporateacademy.org\",\"nextItem\":{\"@type\":\"ListItem\",\"@id\":\"https:\\\/\\\/corporateacademy.org\\\/index.php\\\/category\\\/ambiente-corporativo\\\/#listItem\",\"name\":\"Ambiente corporativo\"}},{\"@type\":\"ListItem\",\"@id\":\"https:\\\/\\\/corporateacademy.org\\\/index.php\\\/category\\\/ambiente-corporativo\\\/#listItem\",\"position\":2,\"name\":\"Ambiente corporativo\",\"item\":\"https:\\\/\\\/corporateacademy.org\\\/index.php\\\/category\\\/ambiente-corporativo\\\/\",\"nextItem\":{\"@type\":\"ListItem\",\"@id\":\"https:\\\/\\\/corporateacademy.org\\\/index.php\\\/2022\\\/01\\\/06\\\/conflito-de-geracoes-nas-corporacoes\\\/#listItem\",\"name\":\"Conflito de Gera\\u00e7\\u00f5es nas Corpora\\u00e7\\u00f5es\"},\"previousItem\":{\"@type\":\"ListItem\",\"@id\":\"https:\\\/\\\/corporateacademy.org#listItem\",\"name\":\"Home\"}},{\"@type\":\"ListItem\",\"@id\":\"https:\\\/\\\/corporateacademy.org\\\/index.php\\\/2022\\\/01\\\/06\\\/conflito-de-geracoes-nas-corporacoes\\\/#listItem\",\"position\":3,\"name\":\"Conflito de Gera\\u00e7\\u00f5es nas Corpora\\u00e7\\u00f5es\",\"previousItem\":{\"@type\":\"ListItem\",\"@id\":\"https:\\\/\\\/corporateacademy.org\\\/index.php\\\/category\\\/ambiente-corporativo\\\/#listItem\",\"name\":\"Ambiente corporativo\"}}]},{\"@type\":\"Organization\",\"@id\":\"https:\\\/\\\/corporateacademy.org\\\/#organization\",\"name\":\"Corporate Academy\",\"description\":\"Compartilhando Conhecimento\",\"url\":\"https:\\\/\\\/corporateacademy.org\\\/\",\"logo\":{\"@type\":\"ImageObject\",\"url\":\"https:\\\/\\\/i0.wp.com\\\/corporateacademy.org\\\/wp-content\\\/uploads\\\/2018\\\/03\\\/Logo200x200.jpg?fit=200%2C200&ssl=1\",\"@id\":\"https:\\\/\\\/corporateacademy.org\\\/index.php\\\/2022\\\/01\\\/06\\\/conflito-de-geracoes-nas-corporacoes\\\/#organizationLogo\",\"width\":200,\"height\":200},\"image\":{\"@id\":\"https:\\\/\\\/corporateacademy.org\\\/index.php\\\/2022\\\/01\\\/06\\\/conflito-de-geracoes-nas-corporacoes\\\/#organizationLogo\"}},{\"@type\":\"Person\",\"@id\":\"https:\\\/\\\/corporateacademy.org\\\/index.php\\\/author\\\/nevesf\\\/#author\",\"url\":\"https:\\\/\\\/corporateacademy.org\\\/index.php\\\/author\\\/nevesf\\\/\",\"name\":\"Editor\",\"image\":{\"@type\":\"ImageObject\",\"@id\":\"https:\\\/\\\/corporateacademy.org\\\/index.php\\\/2022\\\/01\\\/06\\\/conflito-de-geracoes-nas-corporacoes\\\/#authorImage\",\"url\":\"https:\\\/\\\/secure.gravatar.com\\\/avatar\\\/40a180061deabb68d04bd9f812bde2b372b5d57984baf7dd947ee866377d90fb?s=96&d=blank&r=g\",\"width\":96,\"height\":96,\"caption\":\"Editor\"}},{\"@type\":\"WebPage\",\"@id\":\"https:\\\/\\\/corporateacademy.org\\\/index.php\\\/2022\\\/01\\\/06\\\/conflito-de-geracoes-nas-corporacoes\\\/#webpage\",\"url\":\"https:\\\/\\\/corporateacademy.org\\\/index.php\\\/2022\\\/01\\\/06\\\/conflito-de-geracoes-nas-corporacoes\\\/\",\"name\":\"Conflito de Gera\\u00e7\\u00f5es nas Corpora\\u00e7\\u00f5es - Corporate Academy\",\"description\":\"Fernando Neves, Ph.D. Uma gerente assistente de marketing de 25 anos foi escalada para criar um an\\u00fancio impresso para um produto novo dirigido aos millennials. Ap\\u00f3s realizar entrevistas com uma amostra de clientes em potencial, ela produziu um an\\u00fancio bel\\u00edssimo, com visual atraente e uma frase curta acompanhada de um link para um site como\",\"inLanguage\":\"pt-BR\",\"isPartOf\":{\"@id\":\"https:\\\/\\\/corporateacademy.org\\\/#website\"},\"breadcrumb\":{\"@id\":\"https:\\\/\\\/corporateacademy.org\\\/index.php\\\/2022\\\/01\\\/06\\\/conflito-de-geracoes-nas-corporacoes\\\/#breadcrumblist\"},\"author\":{\"@id\":\"https:\\\/\\\/corporateacademy.org\\\/index.php\\\/author\\\/nevesf\\\/#author\"},\"creator\":{\"@id\":\"https:\\\/\\\/corporateacademy.org\\\/index.php\\\/author\\\/nevesf\\\/#author\"},\"image\":{\"@type\":\"ImageObject\",\"url\":\"https:\\\/\\\/i0.wp.com\\\/corporateacademy.org\\\/wp-content\\\/uploads\\\/2022\\\/01\\\/people-5491796_1920.jpg?fit=1920%2C832&ssl=1\",\"@id\":\"https:\\\/\\\/corporateacademy.org\\\/index.php\\\/2022\\\/01\\\/06\\\/conflito-de-geracoes-nas-corporacoes\\\/#mainImage\",\"width\":1920,\"height\":832,\"caption\":\"pessoas no trabalho\"},\"primaryImageOfPage\":{\"@id\":\"https:\\\/\\\/corporateacademy.org\\\/index.php\\\/2022\\\/01\\\/06\\\/conflito-de-geracoes-nas-corporacoes\\\/#mainImage\"},\"datePublished\":\"2022-01-06T15:40:25-03:00\",\"dateModified\":\"2022-01-06T15:47:49-03:00\"},{\"@type\":\"WebSite\",\"@id\":\"https:\\\/\\\/corporateacademy.org\\\/#website\",\"url\":\"https:\\\/\\\/corporateacademy.org\\\/\",\"name\":\"Corporate Academy\",\"description\":\"Compartilhando Conhecimento\",\"inLanguage\":\"pt-BR\",\"publisher\":{\"@id\":\"https:\\\/\\\/corporateacademy.org\\\/#organization\"}}]}\n\t\t<\/script>\n\t\t<!-- All in One SEO -->\n\n","aioseo_head_json":{"title":"Conflito de Gera\u00e7\u00f5es nas Corpora\u00e7\u00f5es - Corporate Academy","description":"Fernando Neves, Ph.D. Uma gerente assistente de marketing de 25 anos foi escalada para criar um an\u00fancio impresso para um produto novo dirigido aos millennials. Ap\u00f3s realizar entrevistas com uma amostra de clientes em potencial, ela produziu um an\u00fancio bel\u00edssimo, com visual atraente e uma frase curta acompanhada de um link para um site como","canonical_url":"https:\/\/corporateacademy.org\/index.php\/2022\/01\/06\/conflito-de-geracoes-nas-corporacoes\/","robots":"max-image-preview:large","keywords":"","webmasterTools":{"miscellaneous":""},"schema":{"@context":"https:\/\/schema.org","@graph":[{"@type":"BlogPosting","@id":"https:\/\/corporateacademy.org\/index.php\/2022\/01\/06\/conflito-de-geracoes-nas-corporacoes\/#blogposting","name":"Conflito de Gera\u00e7\u00f5es nas Corpora\u00e7\u00f5es - Corporate Academy","headline":"Conflito de Gera\u00e7\u00f5es nas Corpora\u00e7\u00f5es","author":{"@id":"https:\/\/corporateacademy.org\/index.php\/author\/nevesf\/#author"},"publisher":{"@id":"https:\/\/corporateacademy.org\/#organization"},"image":{"@type":"ImageObject","url":"https:\/\/i0.wp.com\/corporateacademy.org\/wp-content\/uploads\/2022\/01\/people-5491796_1920.jpg?fit=1920%2C832&ssl=1","width":1920,"height":832,"caption":"pessoas no trabalho"},"datePublished":"2022-01-06T15:40:25-03:00","dateModified":"2022-01-06T15:47:49-03:00","inLanguage":"pt-BR","mainEntityOfPage":{"@id":"https:\/\/corporateacademy.org\/index.php\/2022\/01\/06\/conflito-de-geracoes-nas-corporacoes\/#webpage"},"isPartOf":{"@id":"https:\/\/corporateacademy.org\/index.php\/2022\/01\/06\/conflito-de-geracoes-nas-corporacoes\/#webpage"},"articleSection":"Ambiente corporativo, diversidade, inteligencia emocional, Quarta Revolu\u00e7\u00e3o Industrial, Relacionamento, tecnologia, Trabalho em Equipe, baby boomer, comportamento, conflito, conflito de gera\u00e7\u00f5es, corpora\u00e7\u00f5es, corporativo, empresa, escrit\u00f3rio, gera\u00e7\u00e3o alfa, gera\u00e7\u00e3o baby boomer, gera\u00e7\u00e3o x, gera\u00e7\u00e3o y, gera\u00e7\u00e3o z, gest\u00e3o, gest\u00e3o de pessoas, inclus\u00e3o, kotler, l\u00edder, lideran\u00e7a, marketing, marketing digital, marketing5.0, mercado, mercado digital, pessoas, philip kotler, trabalho, transforma\u00e7\u00e3o digital"},{"@type":"BreadcrumbList","@id":"https:\/\/corporateacademy.org\/index.php\/2022\/01\/06\/conflito-de-geracoes-nas-corporacoes\/#breadcrumblist","itemListElement":[{"@type":"ListItem","@id":"https:\/\/corporateacademy.org#listItem","position":1,"name":"Home","item":"https:\/\/corporateacademy.org","nextItem":{"@type":"ListItem","@id":"https:\/\/corporateacademy.org\/index.php\/category\/ambiente-corporativo\/#listItem","name":"Ambiente corporativo"}},{"@type":"ListItem","@id":"https:\/\/corporateacademy.org\/index.php\/category\/ambiente-corporativo\/#listItem","position":2,"name":"Ambiente corporativo","item":"https:\/\/corporateacademy.org\/index.php\/category\/ambiente-corporativo\/","nextItem":{"@type":"ListItem","@id":"https:\/\/corporateacademy.org\/index.php\/2022\/01\/06\/conflito-de-geracoes-nas-corporacoes\/#listItem","name":"Conflito de Gera\u00e7\u00f5es nas Corpora\u00e7\u00f5es"},"previousItem":{"@type":"ListItem","@id":"https:\/\/corporateacademy.org#listItem","name":"Home"}},{"@type":"ListItem","@id":"https:\/\/corporateacademy.org\/index.php\/2022\/01\/06\/conflito-de-geracoes-nas-corporacoes\/#listItem","position":3,"name":"Conflito de Gera\u00e7\u00f5es nas Corpora\u00e7\u00f5es","previousItem":{"@type":"ListItem","@id":"https:\/\/corporateacademy.org\/index.php\/category\/ambiente-corporativo\/#listItem","name":"Ambiente corporativo"}}]},{"@type":"Organization","@id":"https:\/\/corporateacademy.org\/#organization","name":"Corporate Academy","description":"Compartilhando Conhecimento","url":"https:\/\/corporateacademy.org\/","logo":{"@type":"ImageObject","url":"https:\/\/i0.wp.com\/corporateacademy.org\/wp-content\/uploads\/2018\/03\/Logo200x200.jpg?fit=200%2C200&ssl=1","@id":"https:\/\/corporateacademy.org\/index.php\/2022\/01\/06\/conflito-de-geracoes-nas-corporacoes\/#organizationLogo","width":200,"height":200},"image":{"@id":"https:\/\/corporateacademy.org\/index.php\/2022\/01\/06\/conflito-de-geracoes-nas-corporacoes\/#organizationLogo"}},{"@type":"Person","@id":"https:\/\/corporateacademy.org\/index.php\/author\/nevesf\/#author","url":"https:\/\/corporateacademy.org\/index.php\/author\/nevesf\/","name":"Editor","image":{"@type":"ImageObject","@id":"https:\/\/corporateacademy.org\/index.php\/2022\/01\/06\/conflito-de-geracoes-nas-corporacoes\/#authorImage","url":"https:\/\/secure.gravatar.com\/avatar\/40a180061deabb68d04bd9f812bde2b372b5d57984baf7dd947ee866377d90fb?s=96&d=blank&r=g","width":96,"height":96,"caption":"Editor"}},{"@type":"WebPage","@id":"https:\/\/corporateacademy.org\/index.php\/2022\/01\/06\/conflito-de-geracoes-nas-corporacoes\/#webpage","url":"https:\/\/corporateacademy.org\/index.php\/2022\/01\/06\/conflito-de-geracoes-nas-corporacoes\/","name":"Conflito de Gera\u00e7\u00f5es nas Corpora\u00e7\u00f5es - Corporate Academy","description":"Fernando Neves, Ph.D. Uma gerente assistente de marketing de 25 anos foi escalada para criar um an\u00fancio impresso para um produto novo dirigido aos millennials. Ap\u00f3s realizar entrevistas com uma amostra de clientes em potencial, ela produziu um an\u00fancio bel\u00edssimo, com visual atraente e uma frase curta acompanhada de um link para um site como","inLanguage":"pt-BR","isPartOf":{"@id":"https:\/\/corporateacademy.org\/#website"},"breadcrumb":{"@id":"https:\/\/corporateacademy.org\/index.php\/2022\/01\/06\/conflito-de-geracoes-nas-corporacoes\/#breadcrumblist"},"author":{"@id":"https:\/\/corporateacademy.org\/index.php\/author\/nevesf\/#author"},"creator":{"@id":"https:\/\/corporateacademy.org\/index.php\/author\/nevesf\/#author"},"image":{"@type":"ImageObject","url":"https:\/\/i0.wp.com\/corporateacademy.org\/wp-content\/uploads\/2022\/01\/people-5491796_1920.jpg?fit=1920%2C832&ssl=1","@id":"https:\/\/corporateacademy.org\/index.php\/2022\/01\/06\/conflito-de-geracoes-nas-corporacoes\/#mainImage","width":1920,"height":832,"caption":"pessoas no trabalho"},"primaryImageOfPage":{"@id":"https:\/\/corporateacademy.org\/index.php\/2022\/01\/06\/conflito-de-geracoes-nas-corporacoes\/#mainImage"},"datePublished":"2022-01-06T15:40:25-03:00","dateModified":"2022-01-06T15:47:49-03:00"},{"@type":"WebSite","@id":"https:\/\/corporateacademy.org\/#website","url":"https:\/\/corporateacademy.org\/","name":"Corporate Academy","description":"Compartilhando Conhecimento","inLanguage":"pt-BR","publisher":{"@id":"https:\/\/corporateacademy.org\/#organization"}}]},"og:locale":"pt_BR","og:site_name":"Corporate Academy - Compartilhando Conhecimento","og:type":"article","og:title":"Conflito de Gera\u00e7\u00f5es nas Corpora\u00e7\u00f5es - Corporate Academy","og:description":"Fernando Neves, Ph.D. Uma gerente assistente de marketing de 25 anos foi escalada para criar um an\u00fancio impresso para um produto novo dirigido aos millennials. Ap\u00f3s realizar entrevistas com uma amostra de clientes em potencial, ela produziu um an\u00fancio bel\u00edssimo, com visual atraente e uma frase curta acompanhada de um link para um site como","og:url":"https:\/\/corporateacademy.org\/index.php\/2022\/01\/06\/conflito-de-geracoes-nas-corporacoes\/","og:image":"https:\/\/i0.wp.com\/corporateacademy.org\/wp-content\/uploads\/2018\/03\/Logo200x200.jpg?fit=200200","og:image:secure_url":"https:\/\/i0.wp.com\/corporateacademy.org\/wp-content\/uploads\/2018\/03\/Logo200x200.jpg?fit=200200","article:published_time":"2022-01-06T18:40:25+00:00","article:modified_time":"2022-01-06T18:47:49+00:00","twitter:card":"summary_large_image","twitter:title":"Conflito de Gera\u00e7\u00f5es nas Corpora\u00e7\u00f5es - Corporate Academy","twitter:description":"Fernando Neves, Ph.D. Uma gerente assistente de marketing de 25 anos foi escalada para criar um an\u00fancio impresso para um produto novo dirigido aos millennials. Ap\u00f3s realizar entrevistas com uma amostra de clientes em potencial, ela produziu um an\u00fancio bel\u00edssimo, com visual atraente e uma frase curta acompanhada de um link para um site como","twitter:image":"https:\/\/i0.wp.com\/corporateacademy.org\/wp-content\/uploads\/2018\/03\/Logo200x200.jpg?fit=200200"},"aioseo_meta_data":{"post_id":"1193","title":null,"description":null,"keywords":null,"keyphrases":null,"focus_keyword":null,"additional_keywords":null,"truseo_locale":null,"primary_term":null,"canonical_url":null,"og_title":null,"og_description":null,"og_object_type":"default","og_image_type":"default","og_image_custom_url":null,"og_image_custom_fields":null,"og_image_url":null,"og_image_width":null,"og_image_height":null,"og_video":null,"og_custom_url":null,"og_article_section":null,"og_article_tags":null,"twitter_use_og":false,"twitter_card":"default","twitter_image_type":"default","twitter_image_custom_url":null,"twitter_image_custom_fields":null,"twitter_image_url":null,"twitter_title":null,"twitter_description":null,"schema_type":"default","schema_type_options":null,"schema":{"blockGraphs":[],"customGraphs":[],"default":{"data":{"Article":[],"Course":[],"Dataset":[],"FAQPage":[],"Movie":[],"Person":[],"Product":[],"ProductReview":[],"Car":[],"Recipe":[],"Service":[],"SoftwareApplication":[],"WebPage":[]},"graphName":"","isEnabled":true},"graphs":[]},"pillar_content":false,"robots_default":true,"robots_noindex":false,"robots_noarchive":false,"robots_nosnippet":false,"robots_nofollow":false,"robots_noimageindex":false,"robots_noodp":false,"robots_notranslate":false,"robots_max_snippet":null,"robots_max_videopreview":null,"robots_max_imagepreview":"large","priority":null,"frequency":null,"local_seo":null,"limit_modified_date":false,"ai":null,"breadcrumb_settings":null,"seo_analyzer_scan_date":null,"created":"2026-09-02 22:00:30","updated":"2026-09-02 22:00:30"},"aioseo_breadcrumb":"<div class=\"aioseo-breadcrumbs\"><span class=\"aioseo-breadcrumb\">\n\t\t\t<a href=\"https:\/\/corporateacademy.org\" title=\"Home\">Home<\/a>\n\t\t<\/span><span class=\"aioseo-breadcrumb-separator\">&raquo;<\/span><span class=\"aioseo-breadcrumb\">\n\t\t\t<a href=\"https:\/\/corporateacademy.org\/index.php\/category\/ambiente-corporativo\/\" title=\"Ambiente corporativo\">Ambiente corporativo<\/a>\n\t\t<\/span><span class=\"aioseo-breadcrumb-separator\">&raquo;<\/span><span class=\"aioseo-breadcrumb\">\n\t\t\tConflito de Gera\u00e7\u00f5es nas Corpora\u00e7\u00f5es\n\t\t<\/span><\/div>","aioseo_breadcrumb_json":[{"label":"Home","link":"https:\/\/corporateacademy.org"},{"label":"Ambiente corporativo","link":"https:\/\/corporateacademy.org\/index.php\/category\/ambiente-corporativo\/"},{"label":"Conflito de Gera\u00e7\u00f5es nas Corpora\u00e7\u00f5es","link":"https:\/\/corporateacademy.org\/index.php\/2022\/01\/06\/conflito-de-geracoes-nas-corporacoes\/"}],"jetpack_publicize_connections":[],"jetpack_sharing_enabled":true,"jetpack_shortlink":"https:\/\/wp.me\/p9MYp6-jf","jetpack_likes_enabled":true,"jetpack-related-posts":[{"id":1656,"url":"https:\/\/corporateacademy.org\/index.php\/2022\/12\/28\/as-cinco-melhores-praticas-usadas-por-lideres-de-sucesso-para-formar-as-melhores-equipes\/","url_meta":{"origin":1193,"position":0},"title":"As Cinco Melhores Pr\u00e1ticas usadas por L\u00edderes de Sucesso para Formar as Melhores equipes.","author":"Editor","date":"28\/12\/2022","format":false,"excerpt":"Imagine que voc\u00ea \u00e9 o CEO de uma empresa de tecnologia que est\u00e1 prestes a lan\u00e7ar um novo produto. Voc\u00ea sabe que o sucesso desse produto depende da capacidade de sua equipe de trabalhar junta de forma coesa e eficiente. Ent\u00e3o, voc\u00ea come\u00e7a a procurar as melhores pr\u00e1ticas para formar\u2026","rel":"","context":"Em &quot;Ambiente corporativo&quot;","block_context":{"text":"Ambiente corporativo","link":"https:\/\/corporateacademy.org\/index.php\/category\/ambiente-corporativo\/"},"img":{"alt_text":"Lideran\u00e7a e equipe","src":"https:\/\/i0.wp.com\/corporateacademy.org\/wp-content\/uploads\/2022\/12\/people-1979261_1280.jpg?fit=1200%2C800&ssl=1&resize=350%2C200","width":350,"height":200,"srcset":"https:\/\/i0.wp.com\/corporateacademy.org\/wp-content\/uploads\/2022\/12\/people-1979261_1280.jpg?fit=1200%2C800&ssl=1&resize=350%2C200 1x, https:\/\/i0.wp.com\/corporateacademy.org\/wp-content\/uploads\/2022\/12\/people-1979261_1280.jpg?fit=1200%2C800&ssl=1&resize=525%2C300 1.5x, https:\/\/i0.wp.com\/corporateacademy.org\/wp-content\/uploads\/2022\/12\/people-1979261_1280.jpg?fit=1200%2C800&ssl=1&resize=700%2C400 2x, https:\/\/i0.wp.com\/corporateacademy.org\/wp-content\/uploads\/2022\/12\/people-1979261_1280.jpg?fit=1200%2C800&ssl=1&resize=1050%2C600 3x"},"classes":[]},{"id":2248,"url":"https:\/\/corporateacademy.org\/index.php\/2024\/01\/25\/a-ilusao-do-poder-como-os-paradigmas-moldam-as-relacoes-de-conflito-e-poder-nas-organizacoes\/","url_meta":{"origin":1193,"position":1},"title":"A Ilus\u00e3o do Poder: Como os Paradigmas Moldam as Rela\u00e7\u00f5es de Conflito e Poder nas Organiza\u00e7\u00f5es.","author":"Editor","date":"25\/01\/2024","format":false,"excerpt":"Fernando Neves, Ph.D. Em uma noite escura e nebulosa, um grande navio se aproximava da costa. O capit\u00e3o, no conv\u00e9s, vigiava atentamente a aproxima\u00e7\u00e3o da terra. Ele viu uma luz fraca \u00e0 frente e disse ao sinalizador que enviasse uma mensagem: Alterar curso 20 graus. Estamos em rota de colis\u00e3o.\u2026","rel":"","context":"Em &quot;Ambiente corporativo&quot;","block_context":{"text":"Ambiente corporativo","link":"https:\/\/corporateacademy.org\/index.php\/category\/ambiente-corporativo\/"},"img":{"alt_text":"Navio de guerra colidindo com Farol","src":"https:\/\/i0.wp.com\/corporateacademy.org\/wp-content\/uploads\/2024\/01\/NavioFarolEditado.jpg?fit=1200%2C675&ssl=1&resize=350%2C200","width":350,"height":200,"srcset":"https:\/\/i0.wp.com\/corporateacademy.org\/wp-content\/uploads\/2024\/01\/NavioFarolEditado.jpg?fit=1200%2C675&ssl=1&resize=350%2C200 1x, https:\/\/i0.wp.com\/corporateacademy.org\/wp-content\/uploads\/2024\/01\/NavioFarolEditado.jpg?fit=1200%2C675&ssl=1&resize=525%2C300 1.5x, https:\/\/i0.wp.com\/corporateacademy.org\/wp-content\/uploads\/2024\/01\/NavioFarolEditado.jpg?fit=1200%2C675&ssl=1&resize=700%2C400 2x, https:\/\/i0.wp.com\/corporateacademy.org\/wp-content\/uploads\/2024\/01\/NavioFarolEditado.jpg?fit=1200%2C675&ssl=1&resize=1050%2C600 3x"},"classes":[]},{"id":2337,"url":"https:\/\/corporateacademy.org\/index.php\/2024\/11\/14\/inteligencia-emocional-no-ambiente-corporativo-um-guia-para-o-sucesso-profissional\/","url_meta":{"origin":1193,"position":2},"title":"Intelig\u00eancia Emocional no Ambiente Corporativo: Um Guia para o Sucesso Profissional","author":"Editor","date":"14\/11\/2024","format":false,"excerpt":"Era uma manh\u00e3 como qualquer outra, e Ana se preparava para mais um dia de reuni\u00f5es no escrit\u00f3rio. Mas, ao abrir o e-mail, foi surpreendida com uma mensagem de um cliente insatisfeito, deixando cr\u00edticas duras sobre o projeto em que vinha trabalhando. A rea\u00e7\u00e3o imediata foi um misto de frustra\u00e7\u00e3o\u2026","rel":"","context":"Em &quot;Ambiente corporativo&quot;","block_context":{"text":"Ambiente corporativo","link":"https:\/\/corporateacademy.org\/index.php\/category\/ambiente-corporativo\/"},"img":{"alt_text":"controle emocional","src":"https:\/\/i0.wp.com\/corporateacademy.org\/wp-content\/uploads\/2024\/11\/respire-fundo02.png?fit=894%2C509&ssl=1&resize=350%2C200","width":350,"height":200,"srcset":"https:\/\/i0.wp.com\/corporateacademy.org\/wp-content\/uploads\/2024\/11\/respire-fundo02.png?fit=894%2C509&ssl=1&resize=350%2C200 1x, https:\/\/i0.wp.com\/corporateacademy.org\/wp-content\/uploads\/2024\/11\/respire-fundo02.png?fit=894%2C509&ssl=1&resize=525%2C300 1.5x, https:\/\/i0.wp.com\/corporateacademy.org\/wp-content\/uploads\/2024\/11\/respire-fundo02.png?fit=894%2C509&ssl=1&resize=700%2C400 2x"},"classes":[]},{"id":2340,"url":"https:\/\/corporateacademy.org\/index.php\/2024\/11\/15\/como-conquistar-e-inspirar-pessoas-no-ambiente-de-trabalho-licoes-de-carnegie\/","url_meta":{"origin":1193,"position":3},"title":"Como Conquistar e Inspirar Pessoas no Ambiente de Trabalho: Li\u00e7\u00f5es de Carnegie.","author":"Editor","date":"15\/11\/2024","format":false,"excerpt":"Pedro \u00e9 um executivo de sucesso que lidera uma equipe h\u00e1 anos, \u00e9 respeitado e considerado um \u00f3timo estrategista. No entanto, em suas \u00faltimas reuni\u00f5es com sua equipe, Pedro percebeu um abiente tenso e as pessoas distantes. O time n\u00e3o estava comprando suas ideias, ou talvez ele n\u00e3o estivesse sendo\u2026","rel":"","context":"Em &quot;Ambiente corporativo&quot;","block_context":{"text":"Ambiente corporativo","link":"https:\/\/corporateacademy.org\/index.php\/category\/ambiente-corporativo\/"},"img":{"alt_text":"Happy hour","src":"https:\/\/i0.wp.com\/corporateacademy.org\/wp-content\/uploads\/2024\/11\/amigos-01.jpg?fit=1200%2C670&ssl=1&resize=350%2C200","width":350,"height":200,"srcset":"https:\/\/i0.wp.com\/corporateacademy.org\/wp-content\/uploads\/2024\/11\/amigos-01.jpg?fit=1200%2C670&ssl=1&resize=350%2C200 1x, https:\/\/i0.wp.com\/corporateacademy.org\/wp-content\/uploads\/2024\/11\/amigos-01.jpg?fit=1200%2C670&ssl=1&resize=525%2C300 1.5x, https:\/\/i0.wp.com\/corporateacademy.org\/wp-content\/uploads\/2024\/11\/amigos-01.jpg?fit=1200%2C670&ssl=1&resize=700%2C400 2x, https:\/\/i0.wp.com\/corporateacademy.org\/wp-content\/uploads\/2024\/11\/amigos-01.jpg?fit=1200%2C670&ssl=1&resize=1050%2C600 3x"},"classes":[]},{"id":2403,"url":"https:\/\/corporateacademy.org\/index.php\/2024\/12\/26\/sera-que-sua-inteligencia-ja-tem-dono-e-voce-nem-sabe\/","url_meta":{"origin":1193,"position":4},"title":"Ser\u00e1 que sua Intelig\u00eancia J\u00e1 Tem Dono e Voc\u00ea Nem Sabe?","author":"Editor","date":"26\/12\/2024","format":false,"excerpt":"J\u00e1 parou para refletir sobre a possibilidade de sua intelig\u00eancia, aquela que impulsiona seu sucesso profissional, estar sendo replicada e utilizada sem seu conhecimento? O conceito pode soar como fic\u00e7\u00e3o cient\u00edfica, mas a realidade da intelig\u00eancia artificial generativa nos coloca diante desse cen\u00e1rio. A palestra TED de Reid Hoffman nos\u2026","rel":"","context":"Em &quot;Ambiente corporativo&quot;","block_context":{"text":"Ambiente corporativo","link":"https:\/\/corporateacademy.org\/index.php\/category\/ambiente-corporativo\/"},"img":{"alt_text":"digital brain","src":"https:\/\/i0.wp.com\/corporateacademy.org\/wp-content\/uploads\/2024\/12\/digital-brain-01.png?fit=1019%2C578&ssl=1&resize=350%2C200","width":350,"height":200,"srcset":"https:\/\/i0.wp.com\/corporateacademy.org\/wp-content\/uploads\/2024\/12\/digital-brain-01.png?fit=1019%2C578&ssl=1&resize=350%2C200 1x, https:\/\/i0.wp.com\/corporateacademy.org\/wp-content\/uploads\/2024\/12\/digital-brain-01.png?fit=1019%2C578&ssl=1&resize=525%2C300 1.5x, https:\/\/i0.wp.com\/corporateacademy.org\/wp-content\/uploads\/2024\/12\/digital-brain-01.png?fit=1019%2C578&ssl=1&resize=700%2C400 2x"},"classes":[]},{"id":2360,"url":"https:\/\/corporateacademy.org\/index.php\/2024\/12\/08\/e-lideranca-a-arte-de-liderar-na-era-digital\/","url_meta":{"origin":1193,"position":5},"title":"E-Lideran\u00e7a: A Arte de Liderar na Era Digital","author":"Editor","date":"08\/12\/2024","format":false,"excerpt":"Era uma manh\u00e3 nublada de segunda-feira quando Ana, uma gerente de projetos em uma empresa de tecnologia, acordou com uma notifica\u00e7\u00e3o urgente em seu celular: \"Reuni\u00e3o de emerg\u00eancia \u00e0s 9h.\" Desde o in\u00edcio da pandemia, o escrit\u00f3rio f\u00edsico havia se transformado em um mosaico de telas de v\u00eddeo, com sua\u2026","rel":"","context":"Em &quot;Ambiente corporativo&quot;","block_context":{"text":"Ambiente corporativo","link":"https:\/\/corporateacademy.org\/index.php\/category\/ambiente-corporativo\/"},"img":{"alt_text":"e-lideran\u00e7a","src":"https:\/\/i0.wp.com\/corporateacademy.org\/wp-content\/uploads\/2024\/12\/e-lider3.png?fit=978%2C542&ssl=1&resize=350%2C200","width":350,"height":200,"srcset":"https:\/\/i0.wp.com\/corporateacademy.org\/wp-content\/uploads\/2024\/12\/e-lider3.png?fit=978%2C542&ssl=1&resize=350%2C200 1x, https:\/\/i0.wp.com\/corporateacademy.org\/wp-content\/uploads\/2024\/12\/e-lider3.png?fit=978%2C542&ssl=1&resize=525%2C300 1.5x, https:\/\/i0.wp.com\/corporateacademy.org\/wp-content\/uploads\/2024\/12\/e-lider3.png?fit=978%2C542&ssl=1&resize=700%2C400 2x"},"classes":[]}],"jetpack_featured_media_url":"https:\/\/i0.wp.com\/corporateacademy.org\/wp-content\/uploads\/2022\/01\/people-5491796_1920.jpg?fit=1920%2C832&ssl=1","_links":{"self":[{"href":"https:\/\/corporateacademy.org\/index.php\/wp-json\/wp\/v2\/posts\/1193","targetHints":{"allow":["GET"]}}],"collection":[{"href":"https:\/\/corporateacademy.org\/index.php\/wp-json\/wp\/v2\/posts"}],"about":[{"href":"https:\/\/corporateacademy.org\/index.php\/wp-json\/wp\/v2\/types\/post"}],"author":[{"embeddable":true,"href":"https:\/\/corporateacademy.org\/index.php\/wp-json\/wp\/v2\/users\/1"}],"replies":[{"embeddable":true,"href":"https:\/\/corporateacademy.org\/index.php\/wp-json\/wp\/v2\/comments?post=1193"}],"version-history":[{"count":14,"href":"https:\/\/corporateacademy.org\/index.php\/wp-json\/wp\/v2\/posts\/1193\/revisions"}],"predecessor-version":[{"id":1209,"href":"https:\/\/corporateacademy.org\/index.php\/wp-json\/wp\/v2\/posts\/1193\/revisions\/1209"}],"wp:featuredmedia":[{"embeddable":true,"href":"https:\/\/corporateacademy.org\/index.php\/wp-json\/wp\/v2\/media\/1195"}],"wp:attachment":[{"href":"https:\/\/corporateacademy.org\/index.php\/wp-json\/wp\/v2\/media?parent=1193"}],"wp:term":[{"taxonomy":"category","embeddable":true,"href":"https:\/\/corporateacademy.org\/index.php\/wp-json\/wp\/v2\/categories?post=1193"},{"taxonomy":"post_tag","embeddable":true,"href":"https:\/\/corporateacademy.org\/index.php\/wp-json\/wp\/v2\/tags?post=1193"}],"curies":[{"name":"wp","href":"https:\/\/api.w.org\/{rel}","templated":true}]}}