{"id":150,"date":"2018-05-08T09:21:15","date_gmt":"2018-05-08T12:21:15","guid":{"rendered":"http:\/\/corporateacademy.org\/?p=150"},"modified":"2025-03-13T18:07:23","modified_gmt":"2025-03-13T21:07:23","slug":"voce-e-um-bom-gestor","status":"publish","type":"post","link":"https:\/\/corporateacademy.org\/index.php\/2018\/05\/08\/voce-e-um-bom-gestor\/","title":{"rendered":"Voc\u00ea \u00e9 um bom gestor?"},"content":{"rendered":"\n<p class=\"has-text-align-left wp-block-paragraph\">Eloisa Bocaiuva Santos&nbsp; &nbsp; &nbsp; &nbsp;<\/p>\n\n\n\n<p class=\"has-text-align-left wp-block-paragraph\">Estudando sobre gest\u00e3o humana, vemos que um bom gestor deve ter tantas qualidades que o torna praticamente um ser perfeito, sendo que at\u00e9 duvidamos se ele realmente existe. Nas diversas literaturas dispon\u00edveis sobre o tema, nos deparamos com o que parece um mundo irreal, dos contos de fadas, onde o que acontece \u00e9 um planejamento, execu\u00e7\u00e3o e mentoriedade perfeitos, resultando em nada mais, nada menos, que a perfeita sincronia de um ballet russo com direito a exauridos aplausos da plateia.<\/p>\n\n\n\n<p class=\"has-text-align-left wp-block-paragraph\">Mas ser\u00e1 essa a realidade no mundo corporativo?<br>De um lado temos os acionistas querendo resultados, o que entende-se lucros. Do outro temos os colaboradores exaustos, dando o m\u00e1ximo empenho para atender aos prop\u00f3sitos da empresa. E entre esses dois grupos est\u00e1 o gestor. Hoje sabemos da dificuldade e complexidade em desenvolver uma boa gest\u00e3o. A sociedade capitalista exige bons resultados, sem interesse em como eles ser\u00e3o alcan\u00e7ados. Esse pragmatismo faz com que at\u00e9 alguns danos ao colega de trabalho aconte\u00e7am, onde conhecimentos para o bem coletivo s\u00e3o omitidos, associada ainda&nbsp; uma competi\u00e7\u00e3o ardente e nada saud\u00e1vel entre as equipes para mostrar quem produziu ou vendeu mais, aflorando a vitimiza\u00e7\u00e3o em alguns colaboradores.<\/p>\n\n\n\n<p class=\"has-text-align-left wp-block-paragraph\">\u00c9 o gestor quem deve impulsionar a equipe e driblar os desafios para atingir os objetivos estabelecidos. No entanto, ele pode ir al\u00e9m. Ele pode e deve se desenvolver, despertar o que h\u00e1 de melhor nas pessoas, mudar paradigmas, fazer a diferen\u00e7a na sociedade. Este \u00e9 um dos pilares da fun\u00e7\u00e3o do bom gestor. Apresentar maneiras pacificadoras de lidar com a diversidade, receber ideias novas, afinar os ouvidos para ouvir e ent\u00e3o dialogar.<br>Como apresenta o prof. Robson Santar\u00e9m, &#8220;para ser&nbsp; um bom l\u00edder ele precisa se auto liderar&#8221;.<\/p>\n\n\n\n<p class=\"has-text-align-left wp-block-paragraph\"><span id=\"inserted6119\" style=\"color: #2266a1; font-size: 44px;\">&#8220;Para ser um bom l\u00edder \u00e9 preciso se auto liderar&#8221;<\/span><\/p>\n\n\n\n<p class=\"has-text-align-left wp-block-paragraph\">Portanto, antes de desenvolver um excelente gestor, precisamos desenvolver um excelente ser humano. Um ser humano capaz de entender seus sentimentos, suas limita\u00e7\u00f5es, entender a complexidade de seus valores, cren\u00e7as e vontades. Posterior e automaticamente v\u00e3o replicar seguidores autoconfiantes, encorajando a seguirem juntos e assim encontrar\u00e3o a melhor solu\u00e7\u00e3o, onde toda a organiza\u00e7\u00e3o sair\u00e1 ganhando.<\/p>\n\n\n\n<p class=\"has-text-align-left wp-block-paragraph\">O bom ser humano consegue enxergar o outro, notar sua presen\u00e7a e caminhar junto com o outro. Sugest\u00f5es e melhorias sempre ser\u00e3o bem vindas, porque seu \u00fanico objetivo \u00e9 acatar e fazer seu colaborador melhor; caso ele consiga essa proeza, o gestor ser\u00e1 o primeiro a puxar os t\u00e3o exaustivos aplausos e saber\u00e1 que valeu a pena ser um bom gestor.<br>E voc\u00ea? \u00c9 um bom ser humano?<!-- Rakuten Affiliate Network Showcase ends here --><\/p>\n\n\n\n<h2 class=\"wp-block-heading\">Assista o Post em V\u00eddeo<\/h2>\n\n\n\n<figure class=\"wp-block-embed is-type-video is-provider-youtube wp-block-embed-youtube wp-embed-aspect-16-9 wp-has-aspect-ratio\"><div class=\"wp-block-embed__wrapper\">\n<span class=\"embed-youtube\" style=\"text-align:center; display: block;\"><iframe loading=\"lazy\" class=\"youtube-player\" width=\"660\" height=\"372\" src=\"https:\/\/www.youtube.com\/embed\/QFql0aIEkYQ?version=3&#038;rel=1&#038;showsearch=0&#038;showinfo=1&#038;iv_load_policy=1&#038;fs=1&#038;hl=pt-BR&#038;autohide=2&#038;wmode=transparent\" allowfullscreen=\"true\" style=\"border:0;\" sandbox=\"allow-scripts allow-same-origin allow-popups allow-presentation allow-popups-to-escape-sandbox\"><\/iframe><\/span>\n<\/div><\/figure>\n","protected":false},"excerpt":{"rendered":"<p>Eloisa Bocaiuva Santos&nbsp; &nbsp; &nbsp; &nbsp; Estudando sobre gest\u00e3o humana, vemos que um bom gestor deve ter tantas qualidades que o torna praticamente um ser perfeito, sendo que at\u00e9 duvidamos se ele realmente existe. Nas diversas literaturas dispon\u00edveis sobre o tema, nos deparamos com o que parece um mundo irreal, dos contos de fadas, onde &hellip; <a href=\"https:\/\/corporateacademy.org\/index.php\/2018\/05\/08\/voce-e-um-bom-gestor\/\" class=\"more-link\">Continuar lendo <span class=\"screen-reader-text\">Voc\u00ea \u00e9 um bom gestor?<\/span><\/a><\/p>\n","protected":false},"author":1,"featured_media":152,"comment_status":"open","ping_status":"open","sticky":false,"template":"","format":"standard","meta":{"_jetpack_newsletter_access":"","_jetpack_dont_email_post_to_subs":false,"_jetpack_newsletter_tier_id":0,"_jetpack_memberships_contains_paywalled_content":false,"_jetpack_feature_clip_id":0,"_jetpack_memberships_contains_paid_content":false,"footnotes":"","jetpack_publicize_message":"","jetpack_publicize_feature_enabled":true,"jetpack_social_post_already_shared":true,"jetpack_social_options":{"image_generator_settings":{"template":"highway","default_image_id":0,"font":"","enabled":false},"version":2},"jetpack_post_was_ever_published":false},"categories":[18,20,47],"tags":[52,29,60,23,24,49,50,48,51,61,62,56,58,57,55,53,59,54],"class_list":["post-150","post","type-post","status-publish","format-standard","has-post-thumbnail","hentry","category-comportamento","category-gestao-de-pessoas","category-gestao-de-projetos","tag-ambiente-corporativo","tag-empresa","tag-fazer-a-diferenca","tag-gestao","tag-gestao-de-pessoas","tag-gestao-de-projetos","tag-gestao-humana","tag-gestor","tag-gestor-perfeito","tag-lider","tag-lideranca","tag-limitacoes","tag-paradigmas","tag-pessoas","tag-sentimentos","tag-ser-humano","tag-sociedade","tag-valores"],"aioseo_notices":[],"aioseo_head":"\n\t\t<!-- All in One SEO 5.0.1.1 - aioseo.com -->\n\t<meta name=\"description\" content=\"Eloisa Bocaiuva Santos Estudando sobre gest\u00e3o humana, vemos que um bom gestor deve ter tantas qualidades que o torna praticamente um ser perfeito, sendo que at\u00e9 duvidamos se ele realmente existe. Nas diversas literaturas dispon\u00edveis sobre o tema, nos deparamos com o que parece um mundo irreal, dos contos de fadas, onde\" \/>\n\t<meta name=\"robots\" content=\"max-image-preview:large\" \/>\n\t<meta name=\"author\" content=\"Editor\"\/>\n\t<link rel=\"canonical\" href=\"https:\/\/corporateacademy.org\/index.php\/2018\/05\/08\/voce-e-um-bom-gestor\/\" \/>\n\t<meta name=\"generator\" content=\"All in One SEO (AIOSEO) 5.0.1.1\" \/>\n\t\t<meta property=\"og:locale\" content=\"pt_BR\" \/>\n\t\t<meta property=\"og:site_name\" content=\"Corporate Academy - Compartilhando Conhecimento\" \/>\n\t\t<meta property=\"og:type\" content=\"article\" \/>\n\t\t<meta property=\"og:title\" content=\"Voc\u00ea \u00e9 um bom gestor? - Corporate Academy\" \/>\n\t\t<meta property=\"og:description\" content=\"Eloisa Bocaiuva Santos Estudando sobre gest\u00e3o humana, vemos que um bom gestor deve ter tantas qualidades que o torna praticamente um ser perfeito, sendo que at\u00e9 duvidamos se ele realmente existe. Nas diversas literaturas dispon\u00edveis sobre o tema, nos deparamos com o que parece um mundo irreal, dos contos de fadas, onde\" \/>\n\t\t<meta property=\"og:url\" content=\"https:\/\/corporateacademy.org\/index.php\/2018\/05\/08\/voce-e-um-bom-gestor\/\" \/>\n\t\t<meta property=\"og:image\" content=\"https:\/\/i0.wp.com\/corporateacademy.org\/wp-content\/uploads\/2018\/03\/Logo200x200.jpg?fit=200200\" \/>\n\t\t<meta property=\"og:image:secure_url\" content=\"https:\/\/i0.wp.com\/corporateacademy.org\/wp-content\/uploads\/2018\/03\/Logo200x200.jpg?fit=200200\" \/>\n\t\t<meta property=\"article:published_time\" content=\"2018-05-08T12:21:15+00:00\" \/>\n\t\t<meta property=\"article:modified_time\" content=\"2025-03-13T21:07:23+00:00\" \/>\n\t\t<meta name=\"twitter:card\" content=\"summary_large_image\" \/>\n\t\t<meta name=\"twitter:title\" content=\"Voc\u00ea \u00e9 um bom gestor? - Corporate Academy\" \/>\n\t\t<meta name=\"twitter:description\" content=\"Eloisa Bocaiuva Santos Estudando sobre gest\u00e3o humana, vemos que um bom gestor deve ter tantas qualidades que o torna praticamente um ser perfeito, sendo que at\u00e9 duvidamos se ele realmente existe. Nas diversas literaturas dispon\u00edveis sobre o tema, nos deparamos com o que parece um mundo irreal, dos contos de fadas, onde\" \/>\n\t\t<meta name=\"twitter:image\" content=\"https:\/\/i0.wp.com\/corporateacademy.org\/wp-content\/uploads\/2018\/03\/Logo200x200.jpg?fit=200200\" \/>\n\t\t<script type=\"application\/ld+json\" class=\"aioseo-schema\">\n\t\t\t{\"@context\":\"https:\\\/\\\/schema.org\",\"@graph\":[{\"@type\":\"BlogPosting\",\"@id\":\"https:\\\/\\\/corporateacademy.org\\\/index.php\\\/2018\\\/05\\\/08\\\/voce-e-um-bom-gestor\\\/#blogposting\",\"name\":\"Voc\\u00ea \\u00e9 um bom gestor? - Corporate Academy\",\"headline\":\"Voc\\u00ea \\u00e9 um bom gestor?\",\"author\":{\"@id\":\"https:\\\/\\\/corporateacademy.org\\\/index.php\\\/author\\\/nevesf\\\/#author\"},\"publisher\":{\"@id\":\"https:\\\/\\\/corporateacademy.org\\\/#organization\"},\"image\":{\"@type\":\"ImageObject\",\"url\":\"https:\\\/\\\/i0.wp.com\\\/corporateacademy.org\\\/wp-content\\\/uploads\\\/2018\\\/05\\\/businessman-GerdAltmann-1.jpg?fit=1920%2C1014&ssl=1\",\"width\":1920,\"height\":1014},\"datePublished\":\"2018-05-08T09:21:15-03:00\",\"dateModified\":\"2025-03-13T18:07:23-03:00\",\"inLanguage\":\"pt-BR\",\"mainEntityOfPage\":{\"@id\":\"https:\\\/\\\/corporateacademy.org\\\/index.php\\\/2018\\\/05\\\/08\\\/voce-e-um-bom-gestor\\\/#webpage\"},\"isPartOf\":{\"@id\":\"https:\\\/\\\/corporateacademy.org\\\/index.php\\\/2018\\\/05\\\/08\\\/voce-e-um-bom-gestor\\\/#webpage\"},\"articleSection\":\"comportamento, gest\\u00e3o de pessoas, gest\\u00e3o de projetos, ambiente corporativo, empresa, fazer a diferen\\u00e7a, gest\\u00e3o, gest\\u00e3o de pessoas, gest\\u00e3o de projetos, gest\\u00e3o humana, gestor, gestor perfeito, l\\u00edder, lideran\\u00e7a, limita\\u00e7\\u00f5es, paradigmas, pessoas, sentimentos, ser humano, sociedade, valores\"},{\"@type\":\"BreadcrumbList\",\"@id\":\"https:\\\/\\\/corporateacademy.org\\\/index.php\\\/2018\\\/05\\\/08\\\/voce-e-um-bom-gestor\\\/#breadcrumblist\",\"itemListElement\":[{\"@type\":\"ListItem\",\"@id\":\"https:\\\/\\\/corporateacademy.org#listItem\",\"position\":1,\"name\":\"Home\",\"item\":\"https:\\\/\\\/corporateacademy.org\",\"nextItem\":{\"@type\":\"ListItem\",\"@id\":\"https:\\\/\\\/corporateacademy.org\\\/index.php\\\/category\\\/comportamento\\\/#listItem\",\"name\":\"comportamento\"}},{\"@type\":\"ListItem\",\"@id\":\"https:\\\/\\\/corporateacademy.org\\\/index.php\\\/category\\\/comportamento\\\/#listItem\",\"position\":2,\"name\":\"comportamento\",\"item\":\"https:\\\/\\\/corporateacademy.org\\\/index.php\\\/category\\\/comportamento\\\/\",\"nextItem\":{\"@type\":\"ListItem\",\"@id\":\"https:\\\/\\\/corporateacademy.org\\\/index.php\\\/2018\\\/05\\\/08\\\/voce-e-um-bom-gestor\\\/#listItem\",\"name\":\"Voc\\u00ea \\u00e9 um bom gestor?\"},\"previousItem\":{\"@type\":\"ListItem\",\"@id\":\"https:\\\/\\\/corporateacademy.org#listItem\",\"name\":\"Home\"}},{\"@type\":\"ListItem\",\"@id\":\"https:\\\/\\\/corporateacademy.org\\\/index.php\\\/2018\\\/05\\\/08\\\/voce-e-um-bom-gestor\\\/#listItem\",\"position\":3,\"name\":\"Voc\\u00ea \\u00e9 um bom gestor?\",\"previousItem\":{\"@type\":\"ListItem\",\"@id\":\"https:\\\/\\\/corporateacademy.org\\\/index.php\\\/category\\\/comportamento\\\/#listItem\",\"name\":\"comportamento\"}}]},{\"@type\":\"Organization\",\"@id\":\"https:\\\/\\\/corporateacademy.org\\\/#organization\",\"name\":\"Corporate Academy\",\"description\":\"Compartilhando Conhecimento\",\"url\":\"https:\\\/\\\/corporateacademy.org\\\/\",\"logo\":{\"@type\":\"ImageObject\",\"url\":\"https:\\\/\\\/i0.wp.com\\\/corporateacademy.org\\\/wp-content\\\/uploads\\\/2018\\\/03\\\/Logo200x200.jpg?fit=200%2C200&ssl=1\",\"@id\":\"https:\\\/\\\/corporateacademy.org\\\/index.php\\\/2018\\\/05\\\/08\\\/voce-e-um-bom-gestor\\\/#organizationLogo\",\"width\":200,\"height\":200},\"image\":{\"@id\":\"https:\\\/\\\/corporateacademy.org\\\/index.php\\\/2018\\\/05\\\/08\\\/voce-e-um-bom-gestor\\\/#organizationLogo\"}},{\"@type\":\"Person\",\"@id\":\"https:\\\/\\\/corporateacademy.org\\\/index.php\\\/author\\\/nevesf\\\/#author\",\"url\":\"https:\\\/\\\/corporateacademy.org\\\/index.php\\\/author\\\/nevesf\\\/\",\"name\":\"Editor\",\"image\":{\"@type\":\"ImageObject\",\"@id\":\"https:\\\/\\\/corporateacademy.org\\\/index.php\\\/2018\\\/05\\\/08\\\/voce-e-um-bom-gestor\\\/#authorImage\",\"url\":\"https:\\\/\\\/secure.gravatar.com\\\/avatar\\\/40a180061deabb68d04bd9f812bde2b372b5d57984baf7dd947ee866377d90fb?s=96&d=blank&r=g\",\"width\":96,\"height\":96,\"caption\":\"Editor\"}},{\"@type\":\"WebPage\",\"@id\":\"https:\\\/\\\/corporateacademy.org\\\/index.php\\\/2018\\\/05\\\/08\\\/voce-e-um-bom-gestor\\\/#webpage\",\"url\":\"https:\\\/\\\/corporateacademy.org\\\/index.php\\\/2018\\\/05\\\/08\\\/voce-e-um-bom-gestor\\\/\",\"name\":\"Voc\\u00ea \\u00e9 um bom gestor? - Corporate Academy\",\"description\":\"Eloisa Bocaiuva Santos Estudando sobre gest\\u00e3o humana, vemos que um bom gestor deve ter tantas qualidades que o torna praticamente um ser perfeito, sendo que at\\u00e9 duvidamos se ele realmente existe. Nas diversas literaturas dispon\\u00edveis sobre o tema, nos deparamos com o que parece um mundo irreal, dos contos de fadas, onde\",\"inLanguage\":\"pt-BR\",\"isPartOf\":{\"@id\":\"https:\\\/\\\/corporateacademy.org\\\/#website\"},\"breadcrumb\":{\"@id\":\"https:\\\/\\\/corporateacademy.org\\\/index.php\\\/2018\\\/05\\\/08\\\/voce-e-um-bom-gestor\\\/#breadcrumblist\"},\"author\":{\"@id\":\"https:\\\/\\\/corporateacademy.org\\\/index.php\\\/author\\\/nevesf\\\/#author\"},\"creator\":{\"@id\":\"https:\\\/\\\/corporateacademy.org\\\/index.php\\\/author\\\/nevesf\\\/#author\"},\"image\":{\"@type\":\"ImageObject\",\"url\":\"https:\\\/\\\/i0.wp.com\\\/corporateacademy.org\\\/wp-content\\\/uploads\\\/2018\\\/05\\\/businessman-GerdAltmann-1.jpg?fit=1920%2C1014&ssl=1\",\"@id\":\"https:\\\/\\\/corporateacademy.org\\\/index.php\\\/2018\\\/05\\\/08\\\/voce-e-um-bom-gestor\\\/#mainImage\",\"width\":1920,\"height\":1014},\"primaryImageOfPage\":{\"@id\":\"https:\\\/\\\/corporateacademy.org\\\/index.php\\\/2018\\\/05\\\/08\\\/voce-e-um-bom-gestor\\\/#mainImage\"},\"datePublished\":\"2018-05-08T09:21:15-03:00\",\"dateModified\":\"2025-03-13T18:07:23-03:00\"},{\"@type\":\"WebSite\",\"@id\":\"https:\\\/\\\/corporateacademy.org\\\/#website\",\"url\":\"https:\\\/\\\/corporateacademy.org\\\/\",\"name\":\"Corporate Academy\",\"description\":\"Compartilhando Conhecimento\",\"inLanguage\":\"pt-BR\",\"publisher\":{\"@id\":\"https:\\\/\\\/corporateacademy.org\\\/#organization\"}}]}\n\t\t<\/script>\n\t\t<!-- All in One SEO -->\n\n","aioseo_head_json":{"title":"Voc\u00ea \u00e9 um bom gestor? - Corporate Academy","description":"Eloisa Bocaiuva Santos Estudando sobre gest\u00e3o humana, vemos que um bom gestor deve ter tantas qualidades que o torna praticamente um ser perfeito, sendo que at\u00e9 duvidamos se ele realmente existe. Nas diversas literaturas dispon\u00edveis sobre o tema, nos deparamos com o que parece um mundo irreal, dos contos de fadas, onde","canonical_url":"https:\/\/corporateacademy.org\/index.php\/2018\/05\/08\/voce-e-um-bom-gestor\/","robots":"max-image-preview:large","keywords":"","webmasterTools":{"miscellaneous":""},"schema":{"@context":"https:\/\/schema.org","@graph":[{"@type":"BlogPosting","@id":"https:\/\/corporateacademy.org\/index.php\/2018\/05\/08\/voce-e-um-bom-gestor\/#blogposting","name":"Voc\u00ea \u00e9 um bom gestor? - Corporate Academy","headline":"Voc\u00ea \u00e9 um bom gestor?","author":{"@id":"https:\/\/corporateacademy.org\/index.php\/author\/nevesf\/#author"},"publisher":{"@id":"https:\/\/corporateacademy.org\/#organization"},"image":{"@type":"ImageObject","url":"https:\/\/i0.wp.com\/corporateacademy.org\/wp-content\/uploads\/2018\/05\/businessman-GerdAltmann-1.jpg?fit=1920%2C1014&ssl=1","width":1920,"height":1014},"datePublished":"2018-05-08T09:21:15-03:00","dateModified":"2025-03-13T18:07:23-03:00","inLanguage":"pt-BR","mainEntityOfPage":{"@id":"https:\/\/corporateacademy.org\/index.php\/2018\/05\/08\/voce-e-um-bom-gestor\/#webpage"},"isPartOf":{"@id":"https:\/\/corporateacademy.org\/index.php\/2018\/05\/08\/voce-e-um-bom-gestor\/#webpage"},"articleSection":"comportamento, gest\u00e3o de pessoas, gest\u00e3o de projetos, ambiente corporativo, empresa, fazer a diferen\u00e7a, gest\u00e3o, gest\u00e3o de pessoas, gest\u00e3o de projetos, gest\u00e3o humana, gestor, gestor perfeito, l\u00edder, lideran\u00e7a, limita\u00e7\u00f5es, paradigmas, pessoas, sentimentos, ser humano, sociedade, valores"},{"@type":"BreadcrumbList","@id":"https:\/\/corporateacademy.org\/index.php\/2018\/05\/08\/voce-e-um-bom-gestor\/#breadcrumblist","itemListElement":[{"@type":"ListItem","@id":"https:\/\/corporateacademy.org#listItem","position":1,"name":"Home","item":"https:\/\/corporateacademy.org","nextItem":{"@type":"ListItem","@id":"https:\/\/corporateacademy.org\/index.php\/category\/comportamento\/#listItem","name":"comportamento"}},{"@type":"ListItem","@id":"https:\/\/corporateacademy.org\/index.php\/category\/comportamento\/#listItem","position":2,"name":"comportamento","item":"https:\/\/corporateacademy.org\/index.php\/category\/comportamento\/","nextItem":{"@type":"ListItem","@id":"https:\/\/corporateacademy.org\/index.php\/2018\/05\/08\/voce-e-um-bom-gestor\/#listItem","name":"Voc\u00ea \u00e9 um bom gestor?"},"previousItem":{"@type":"ListItem","@id":"https:\/\/corporateacademy.org#listItem","name":"Home"}},{"@type":"ListItem","@id":"https:\/\/corporateacademy.org\/index.php\/2018\/05\/08\/voce-e-um-bom-gestor\/#listItem","position":3,"name":"Voc\u00ea \u00e9 um bom gestor?","previousItem":{"@type":"ListItem","@id":"https:\/\/corporateacademy.org\/index.php\/category\/comportamento\/#listItem","name":"comportamento"}}]},{"@type":"Organization","@id":"https:\/\/corporateacademy.org\/#organization","name":"Corporate Academy","description":"Compartilhando Conhecimento","url":"https:\/\/corporateacademy.org\/","logo":{"@type":"ImageObject","url":"https:\/\/i0.wp.com\/corporateacademy.org\/wp-content\/uploads\/2018\/03\/Logo200x200.jpg?fit=200%2C200&ssl=1","@id":"https:\/\/corporateacademy.org\/index.php\/2018\/05\/08\/voce-e-um-bom-gestor\/#organizationLogo","width":200,"height":200},"image":{"@id":"https:\/\/corporateacademy.org\/index.php\/2018\/05\/08\/voce-e-um-bom-gestor\/#organizationLogo"}},{"@type":"Person","@id":"https:\/\/corporateacademy.org\/index.php\/author\/nevesf\/#author","url":"https:\/\/corporateacademy.org\/index.php\/author\/nevesf\/","name":"Editor","image":{"@type":"ImageObject","@id":"https:\/\/corporateacademy.org\/index.php\/2018\/05\/08\/voce-e-um-bom-gestor\/#authorImage","url":"https:\/\/secure.gravatar.com\/avatar\/40a180061deabb68d04bd9f812bde2b372b5d57984baf7dd947ee866377d90fb?s=96&d=blank&r=g","width":96,"height":96,"caption":"Editor"}},{"@type":"WebPage","@id":"https:\/\/corporateacademy.org\/index.php\/2018\/05\/08\/voce-e-um-bom-gestor\/#webpage","url":"https:\/\/corporateacademy.org\/index.php\/2018\/05\/08\/voce-e-um-bom-gestor\/","name":"Voc\u00ea \u00e9 um bom gestor? - Corporate Academy","description":"Eloisa Bocaiuva Santos Estudando sobre gest\u00e3o humana, vemos que um bom gestor deve ter tantas qualidades que o torna praticamente um ser perfeito, sendo que at\u00e9 duvidamos se ele realmente existe. Nas diversas literaturas dispon\u00edveis sobre o tema, nos deparamos com o que parece um mundo irreal, dos contos de fadas, onde","inLanguage":"pt-BR","isPartOf":{"@id":"https:\/\/corporateacademy.org\/#website"},"breadcrumb":{"@id":"https:\/\/corporateacademy.org\/index.php\/2018\/05\/08\/voce-e-um-bom-gestor\/#breadcrumblist"},"author":{"@id":"https:\/\/corporateacademy.org\/index.php\/author\/nevesf\/#author"},"creator":{"@id":"https:\/\/corporateacademy.org\/index.php\/author\/nevesf\/#author"},"image":{"@type":"ImageObject","url":"https:\/\/i0.wp.com\/corporateacademy.org\/wp-content\/uploads\/2018\/05\/businessman-GerdAltmann-1.jpg?fit=1920%2C1014&ssl=1","@id":"https:\/\/corporateacademy.org\/index.php\/2018\/05\/08\/voce-e-um-bom-gestor\/#mainImage","width":1920,"height":1014},"primaryImageOfPage":{"@id":"https:\/\/corporateacademy.org\/index.php\/2018\/05\/08\/voce-e-um-bom-gestor\/#mainImage"},"datePublished":"2018-05-08T09:21:15-03:00","dateModified":"2025-03-13T18:07:23-03:00"},{"@type":"WebSite","@id":"https:\/\/corporateacademy.org\/#website","url":"https:\/\/corporateacademy.org\/","name":"Corporate Academy","description":"Compartilhando Conhecimento","inLanguage":"pt-BR","publisher":{"@id":"https:\/\/corporateacademy.org\/#organization"}}]},"og:locale":"pt_BR","og:site_name":"Corporate Academy - Compartilhando Conhecimento","og:type":"article","og:title":"Voc\u00ea \u00e9 um bom gestor? - Corporate Academy","og:description":"Eloisa Bocaiuva Santos Estudando sobre gest\u00e3o humana, vemos que um bom gestor deve ter tantas qualidades que o torna praticamente um ser perfeito, sendo que at\u00e9 duvidamos se ele realmente existe. Nas diversas literaturas dispon\u00edveis sobre o tema, nos deparamos com o que parece um mundo irreal, dos contos de fadas, onde","og:url":"https:\/\/corporateacademy.org\/index.php\/2018\/05\/08\/voce-e-um-bom-gestor\/","og:image":"https:\/\/i0.wp.com\/corporateacademy.org\/wp-content\/uploads\/2018\/03\/Logo200x200.jpg?fit=200200","og:image:secure_url":"https:\/\/i0.wp.com\/corporateacademy.org\/wp-content\/uploads\/2018\/03\/Logo200x200.jpg?fit=200200","article:published_time":"2018-05-08T12:21:15+00:00","article:modified_time":"2025-03-13T21:07:23+00:00","twitter:card":"summary_large_image","twitter:title":"Voc\u00ea \u00e9 um bom gestor? - Corporate Academy","twitter:description":"Eloisa Bocaiuva Santos Estudando sobre gest\u00e3o humana, vemos que um bom gestor deve ter tantas qualidades que o torna praticamente um ser perfeito, sendo que at\u00e9 duvidamos se ele realmente existe. Nas diversas literaturas dispon\u00edveis sobre o tema, nos deparamos com o que parece um mundo irreal, dos contos de fadas, onde","twitter:image":"https:\/\/i0.wp.com\/corporateacademy.org\/wp-content\/uploads\/2018\/03\/Logo200x200.jpg?fit=200200"},"aioseo_meta_data":{"post_id":"150","title":null,"description":null,"keywords":null,"keyphrases":null,"focus_keyword":null,"additional_keywords":null,"truseo_locale":null,"primary_term":null,"canonical_url":null,"og_title":null,"og_description":null,"og_object_type":"default","og_image_type":"default","og_image_custom_url":null,"og_image_custom_fields":null,"og_image_url":null,"og_image_width":null,"og_image_height":null,"og_video":null,"og_custom_url":null,"og_article_section":null,"og_article_tags":null,"twitter_use_og":false,"twitter_card":"default","twitter_image_type":"default","twitter_image_custom_url":null,"twitter_image_custom_fields":null,"twitter_image_url":null,"twitter_title":null,"twitter_description":null,"schema_type":"default","schema_type_options":null,"schema":{"blockGraphs":[],"customGraphs":[],"default":{"data":{"Article":[],"Course":[],"Dataset":[],"FAQPage":[],"Movie":[],"Person":[],"Product":[],"ProductReview":[],"Car":[],"Recipe":[],"Service":[],"SoftwareApplication":[],"WebPage":[]},"graphName":"","isEnabled":true},"graphs":[]},"pillar_content":false,"robots_default":true,"robots_noindex":false,"robots_noarchive":false,"robots_nosnippet":false,"robots_nofollow":false,"robots_noimageindex":false,"robots_noodp":false,"robots_notranslate":false,"robots_max_snippet":null,"robots_max_videopreview":null,"robots_max_imagepreview":"large","priority":null,"frequency":null,"local_seo":null,"limit_modified_date":false,"ai":null,"breadcrumb_settings":null,"seo_analyzer_scan_date":null,"created":"2026-09-02 21:53:34","updated":"2026-09-02 21:53:34"},"aioseo_breadcrumb":"<div class=\"aioseo-breadcrumbs\"><span class=\"aioseo-breadcrumb\">\n\t\t\t<a href=\"https:\/\/corporateacademy.org\" title=\"Home\">Home<\/a>\n\t\t<\/span><span class=\"aioseo-breadcrumb-separator\">&raquo;<\/span><span class=\"aioseo-breadcrumb\">\n\t\t\t<a href=\"https:\/\/corporateacademy.org\/index.php\/category\/comportamento\/\" title=\"comportamento\">comportamento<\/a>\n\t\t<\/span><span class=\"aioseo-breadcrumb-separator\">&raquo;<\/span><span class=\"aioseo-breadcrumb\">\n\t\t\tVoc\u00ea \u00e9 um bom gestor?\n\t\t<\/span><\/div>","aioseo_breadcrumb_json":[{"label":"Home","link":"https:\/\/corporateacademy.org"},{"label":"comportamento","link":"https:\/\/corporateacademy.org\/index.php\/category\/comportamento\/"},{"label":"Voc\u00ea \u00e9 um bom gestor?","link":"https:\/\/corporateacademy.org\/index.php\/2018\/05\/08\/voce-e-um-bom-gestor\/"}],"jetpack_publicize_connections":[],"jetpack_sharing_enabled":true,"jetpack_shortlink":"https:\/\/wp.me\/p9MYp6-2q","jetpack_likes_enabled":true,"jetpack-related-posts":[{"id":2648,"url":"https:\/\/corporateacademy.org\/index.php\/2026\/03\/26\/ruido-a-falha-oculta-que-esta-sabotando-as-decisoes-da-sua-empresa-e-como-elimina-la\/","url_meta":{"origin":150,"position":0},"title":"Ru\u00eddo: A Falha Oculta que Est\u00e1 Sabotando as Decis\u00f5es da Sua Empresa e Como Elimin\u00e1-la.","author":"Editor","date":"26\/03\/2026","format":false,"excerpt":"Imagine a seguinte cena: \u00e9 uma manh\u00e3 de ter\u00e7a-feira chuvosa. Voc\u00ea \u00e9 o CEO de uma grande corpora\u00e7\u00e3o e acabou de receber dois relat\u00f3rios de avalia\u00e7\u00e3o de risco para uma poss\u00edvel fus\u00e3o com uma empresa concorrente. O primeiro relat\u00f3rio, elaborado por Jo\u00e3o, um de seus diretores mais experientes, recomenda fortemente\u2026","rel":"","context":"Em &quot;Ambiente corporativo&quot;","block_context":{"text":"Ambiente corporativo","link":"https:\/\/corporateacademy.org\/index.php\/category\/ambiente-corporativo\/"},"img":{"alt_text":"Ruido - Livro de Daniel Kahneman","src":"https:\/\/i0.wp.com\/corporateacademy.org\/wp-content\/uploads\/2026\/03\/Ruido-Kahneman-scaled.png?fit=1200%2C669&ssl=1&resize=350%2C200","width":350,"height":200,"srcset":"https:\/\/i0.wp.com\/corporateacademy.org\/wp-content\/uploads\/2026\/03\/Ruido-Kahneman-scaled.png?fit=1200%2C669&ssl=1&resize=350%2C200 1x, https:\/\/i0.wp.com\/corporateacademy.org\/wp-content\/uploads\/2026\/03\/Ruido-Kahneman-scaled.png?fit=1200%2C669&ssl=1&resize=525%2C300 1.5x, https:\/\/i0.wp.com\/corporateacademy.org\/wp-content\/uploads\/2026\/03\/Ruido-Kahneman-scaled.png?fit=1200%2C669&ssl=1&resize=700%2C400 2x, https:\/\/i0.wp.com\/corporateacademy.org\/wp-content\/uploads\/2026\/03\/Ruido-Kahneman-scaled.png?fit=1200%2C669&ssl=1&resize=1050%2C600 3x"},"classes":[]},{"id":2398,"url":"https:\/\/corporateacademy.org\/index.php\/2024\/12\/20\/a-coragem-de-ser-imperfeito-um-guia-para-autenticidade-e-vulnerabilidade-no-ambiente-corporativo\/","url_meta":{"origin":150,"position":1},"title":"A Coragem de Ser Imperfeito: Um Guia para Autenticidade e Vulnerabilidade no Ambiente Corporativo","author":"Editor","date":"20\/12\/2024","format":false,"excerpt":"Voc\u00ea j\u00e1 se sentiu como se estivesse jogando um jogo que n\u00e3o pode vencer no trabalho? A press\u00e3o para ser perfeito, a necessidade de esconder suas falhas, a constante compara\u00e7\u00e3o com os colegas... Parece familiar? No mundo corporativo, onde a busca pela excel\u00eancia muitas vezes se transforma em uma corrida\u2026","rel":"","context":"Em &quot;Ambiente corporativo&quot;","block_context":{"text":"Ambiente corporativo","link":"https:\/\/corporateacademy.org\/index.php\/category\/ambiente-corporativo\/"},"img":{"alt_text":"A coragem de ser Imperfeito","src":"https:\/\/i0.wp.com\/corporateacademy.org\/wp-content\/uploads\/2024\/12\/vergonha-1-1.png?fit=896%2C502&ssl=1&resize=350%2C200","width":350,"height":200,"srcset":"https:\/\/i0.wp.com\/corporateacademy.org\/wp-content\/uploads\/2024\/12\/vergonha-1-1.png?fit=896%2C502&ssl=1&resize=350%2C200 1x, https:\/\/i0.wp.com\/corporateacademy.org\/wp-content\/uploads\/2024\/12\/vergonha-1-1.png?fit=896%2C502&ssl=1&resize=525%2C300 1.5x, https:\/\/i0.wp.com\/corporateacademy.org\/wp-content\/uploads\/2024\/12\/vergonha-1-1.png?fit=896%2C502&ssl=1&resize=700%2C400 2x"},"classes":[]},{"id":2432,"url":"https:\/\/corporateacademy.org\/index.php\/2025\/02\/14\/o-futuro-do-trabalho-como-lideres-podem-navegar-na-fronteira-entre-humanos-e-maquinas-insights-do-forum-economico-mundial\/","url_meta":{"origin":150,"position":2},"title":"O Futuro do Trabalho: Como L\u00edderes Podem Navegar na Fronteira Entre Humanos e M\u00e1quinas- Insights do F\u00f3rum Econ\u00f4mico Mundial.","author":"Editor","date":"14\/02\/2025","format":false,"excerpt":"Imagine o seguinte cen\u00e1rio: voc\u00ea chega ao trabalho e percebe que metade das tarefas que antes eram executadas por sua equipe agora s\u00e3o gerenciadas por intelig\u00eancia artificial. Os relat\u00f3rios financeiros, a triagem de candidatos para novas contrata\u00e7\u00f5es e at\u00e9 mesmo o atendimento ao cliente passaram a ser conduzidos por algoritmos\u2026","rel":"","context":"Em &quot;Ambiente corporativo&quot;","block_context":{"text":"Ambiente corporativo","link":"https:\/\/corporateacademy.org\/index.php\/category\/ambiente-corporativo\/"},"img":{"alt_text":"Humans and robots at the office","src":"https:\/\/i0.wp.com\/corporateacademy.org\/wp-content\/uploads\/2025\/02\/Human-and-Robots-Office.jpg?fit=1200%2C686&ssl=1&resize=350%2C200","width":350,"height":200,"srcset":"https:\/\/i0.wp.com\/corporateacademy.org\/wp-content\/uploads\/2025\/02\/Human-and-Robots-Office.jpg?fit=1200%2C686&ssl=1&resize=350%2C200 1x, https:\/\/i0.wp.com\/corporateacademy.org\/wp-content\/uploads\/2025\/02\/Human-and-Robots-Office.jpg?fit=1200%2C686&ssl=1&resize=525%2C300 1.5x, https:\/\/i0.wp.com\/corporateacademy.org\/wp-content\/uploads\/2025\/02\/Human-and-Robots-Office.jpg?fit=1200%2C686&ssl=1&resize=700%2C400 2x, https:\/\/i0.wp.com\/corporateacademy.org\/wp-content\/uploads\/2025\/02\/Human-and-Robots-Office.jpg?fit=1200%2C686&ssl=1&resize=1050%2C600 3x"},"classes":[]},{"id":1641,"url":"https:\/\/corporateacademy.org\/index.php\/2022\/11\/14\/gestao-de-projetos-eu-preciso-saber-sobre-isso\/","url_meta":{"origin":150,"position":3},"title":"Gest\u00e3o de Projetos: Eu preciso saber sobre isso?","author":"Editor","date":"14\/11\/2022","format":false,"excerpt":"Falar em gest\u00e3o de projetos, parece algo distante para a realidade da grande maioria das pessoas, mas a verdade \u00e9 que qualquer pessoa que tenha que planejar qualquer tipo de atividade, precisa fazer gest\u00e3o de seu projeto. Se voc\u00ea j\u00e1 planejou uma festa de anivers\u00e1rio infantil, uma reuni\u00e3o em fam\u00edlia\u2026","rel":"","context":"Em &quot;Ambiente corporativo&quot;","block_context":{"text":"Ambiente corporativo","link":"https:\/\/corporateacademy.org\/index.php\/category\/ambiente-corporativo\/"},"img":{"alt_text":"Gest\u00e3o de projetos","src":"https:\/\/i0.wp.com\/corporateacademy.org\/wp-content\/uploads\/2022\/11\/project-management-2061635_1280.jpg?fit=1200%2C900&ssl=1&resize=350%2C200","width":350,"height":200,"srcset":"https:\/\/i0.wp.com\/corporateacademy.org\/wp-content\/uploads\/2022\/11\/project-management-2061635_1280.jpg?fit=1200%2C900&ssl=1&resize=350%2C200 1x, https:\/\/i0.wp.com\/corporateacademy.org\/wp-content\/uploads\/2022\/11\/project-management-2061635_1280.jpg?fit=1200%2C900&ssl=1&resize=525%2C300 1.5x, https:\/\/i0.wp.com\/corporateacademy.org\/wp-content\/uploads\/2022\/11\/project-management-2061635_1280.jpg?fit=1200%2C900&ssl=1&resize=700%2C400 2x, https:\/\/i0.wp.com\/corporateacademy.org\/wp-content\/uploads\/2022\/11\/project-management-2061635_1280.jpg?fit=1200%2C900&ssl=1&resize=1050%2C600 3x"},"classes":[]},{"id":2543,"url":"https:\/\/corporateacademy.org\/index.php\/2025\/08\/04\/diga-nao-para-produzir-mais-e-melhor-o-poder-do-essencialismo\/","url_meta":{"origin":150,"position":4},"title":"Diga N\u00c3O para Produzir Mais e Melhor. O poder do Essencialismo","author":"Editor","date":"04\/08\/2025","format":false,"excerpt":"Fernando Neves, Ph.D. Imagine receber um e-mail convocando voc\u00ea para uma reuni\u00e3o de trabalho no mesmo dia em que sua filha nasce. Foi exatamente isso que aconteceu com Greg McKeown, autor de Essencialismo. Pressionado pela cultura corporativa de dizer \u201csim\u201d a tudo, ele aceitou participar, mesmo sabendo que sua prioridade\u2026","rel":"","context":"Em &quot;Ambiente corporativo&quot;","block_context":{"text":"Ambiente corporativo","link":"https:\/\/corporateacademy.org\/index.php\/category\/ambiente-corporativo\/"},"img":{"alt_text":"Jovem executivo em escrit\u00f3rio \u00e0 noite trabalhando","src":"https:\/\/i0.wp.com\/corporateacademy.org\/wp-content\/uploads\/2025\/08\/Escritorio-Noite.png?fit=1200%2C675&ssl=1&resize=350%2C200","width":350,"height":200,"srcset":"https:\/\/i0.wp.com\/corporateacademy.org\/wp-content\/uploads\/2025\/08\/Escritorio-Noite.png?fit=1200%2C675&ssl=1&resize=350%2C200 1x, https:\/\/i0.wp.com\/corporateacademy.org\/wp-content\/uploads\/2025\/08\/Escritorio-Noite.png?fit=1200%2C675&ssl=1&resize=525%2C300 1.5x, https:\/\/i0.wp.com\/corporateacademy.org\/wp-content\/uploads\/2025\/08\/Escritorio-Noite.png?fit=1200%2C675&ssl=1&resize=700%2C400 2x, https:\/\/i0.wp.com\/corporateacademy.org\/wp-content\/uploads\/2025\/08\/Escritorio-Noite.png?fit=1200%2C675&ssl=1&resize=1050%2C600 3x"},"classes":[]},{"id":1656,"url":"https:\/\/corporateacademy.org\/index.php\/2022\/12\/28\/as-cinco-melhores-praticas-usadas-por-lideres-de-sucesso-para-formar-as-melhores-equipes\/","url_meta":{"origin":150,"position":5},"title":"As Cinco Melhores Pr\u00e1ticas usadas por L\u00edderes de Sucesso para Formar as Melhores equipes.","author":"Editor","date":"28\/12\/2022","format":false,"excerpt":"Imagine que voc\u00ea \u00e9 o CEO de uma empresa de tecnologia que est\u00e1 prestes a lan\u00e7ar um novo produto. Voc\u00ea sabe que o sucesso desse produto depende da capacidade de sua equipe de trabalhar junta de forma coesa e eficiente. Ent\u00e3o, voc\u00ea come\u00e7a a procurar as melhores pr\u00e1ticas para formar\u2026","rel":"","context":"Em &quot;Ambiente corporativo&quot;","block_context":{"text":"Ambiente corporativo","link":"https:\/\/corporateacademy.org\/index.php\/category\/ambiente-corporativo\/"},"img":{"alt_text":"Lideran\u00e7a e equipe","src":"https:\/\/i0.wp.com\/corporateacademy.org\/wp-content\/uploads\/2022\/12\/people-1979261_1280.jpg?fit=1200%2C800&ssl=1&resize=350%2C200","width":350,"height":200,"srcset":"https:\/\/i0.wp.com\/corporateacademy.org\/wp-content\/uploads\/2022\/12\/people-1979261_1280.jpg?fit=1200%2C800&ssl=1&resize=350%2C200 1x, https:\/\/i0.wp.com\/corporateacademy.org\/wp-content\/uploads\/2022\/12\/people-1979261_1280.jpg?fit=1200%2C800&ssl=1&resize=525%2C300 1.5x, https:\/\/i0.wp.com\/corporateacademy.org\/wp-content\/uploads\/2022\/12\/people-1979261_1280.jpg?fit=1200%2C800&ssl=1&resize=700%2C400 2x, https:\/\/i0.wp.com\/corporateacademy.org\/wp-content\/uploads\/2022\/12\/people-1979261_1280.jpg?fit=1200%2C800&ssl=1&resize=1050%2C600 3x"},"classes":[]}],"jetpack_featured_media_url":"https:\/\/i0.wp.com\/corporateacademy.org\/wp-content\/uploads\/2018\/05\/businessman-GerdAltmann-1.jpg?fit=1920%2C1014&ssl=1","_links":{"self":[{"href":"https:\/\/corporateacademy.org\/index.php\/wp-json\/wp\/v2\/posts\/150","targetHints":{"allow":["GET"]}}],"collection":[{"href":"https:\/\/corporateacademy.org\/index.php\/wp-json\/wp\/v2\/posts"}],"about":[{"href":"https:\/\/corporateacademy.org\/index.php\/wp-json\/wp\/v2\/types\/post"}],"author":[{"embeddable":true,"href":"https:\/\/corporateacademy.org\/index.php\/wp-json\/wp\/v2\/users\/1"}],"replies":[{"embeddable":true,"href":"https:\/\/corporateacademy.org\/index.php\/wp-json\/wp\/v2\/comments?post=150"}],"version-history":[{"count":19,"href":"https:\/\/corporateacademy.org\/index.php\/wp-json\/wp\/v2\/posts\/150\/revisions"}],"predecessor-version":[{"id":2470,"href":"https:\/\/corporateacademy.org\/index.php\/wp-json\/wp\/v2\/posts\/150\/revisions\/2470"}],"wp:featuredmedia":[{"embeddable":true,"href":"https:\/\/corporateacademy.org\/index.php\/wp-json\/wp\/v2\/media\/152"}],"wp:attachment":[{"href":"https:\/\/corporateacademy.org\/index.php\/wp-json\/wp\/v2\/media?parent=150"}],"wp:term":[{"taxonomy":"category","embeddable":true,"href":"https:\/\/corporateacademy.org\/index.php\/wp-json\/wp\/v2\/categories?post=150"},{"taxonomy":"post_tag","embeddable":true,"href":"https:\/\/corporateacademy.org\/index.php\/wp-json\/wp\/v2\/tags?post=150"}],"curies":[{"name":"wp","href":"https:\/\/api.w.org\/{rel}","templated":true}]}}