{"id":223,"date":"2018-06-27T10:17:47","date_gmt":"2018-06-27T13:17:47","guid":{"rendered":"http:\/\/corporateacademy.org\/?p=223"},"modified":"2021-09-08T17:29:53","modified_gmt":"2021-09-08T20:29:53","slug":"a-educacao-em-tempos-de-transformacao-digital","status":"publish","type":"post","link":"https:\/\/corporateacademy.org\/index.php\/2018\/06\/27\/a-educacao-em-tempos-de-transformacao-digital\/","title":{"rendered":"A Educa\u00e7\u00e3o em tempos de transforma\u00e7\u00e3o digital"},"content":{"rendered":"<p style=\"text-align: center;\">Texto: M\u00e1rcio Camargo, M.Sc.\u00a0 \u00a0 \u00a0 \u00a0 \u00a0 \u00a0 \u00a0 \u00a0 \u00a0 \u00a0 Foto: Coyot (Pixabay)<\/p>\n<p>Uma revista de neg\u00f3cios apresentou uma entrevista com Lo\u00efc Hamon \u2013 l\u00edder do Comit\u00ea Executivo da GE Digital na Am\u00e9rica Latina que falou sobre uma decis\u00e3o ousada da empresa, eles decidiram isolar o time de inovadores do restante dos funcion\u00e1rios da companhia. Ele declara que essa atitude tinha por objetivo blindar a equipe j\u00e1 que a empresa possui 127 anos de hist\u00f3ria e construiu ao longo dos anos uma cultura muito s\u00f3lida e por isso mesmo as pessoas de mentalidade digital poderiam ser rejeitadas pelo \u201csistema imunol\u00f3gico\u201d.<\/p>\n<p>Ele cita que com essa atitude, o time digital come\u00e7ou a formar sua pr\u00f3pria cultura e, a partir da\u00ed as pessoas desses times come\u00e7aram a conquistar a empresa e se integrar \u00e0s equipes e aos neg\u00f3cios existentes.<\/p>\n<p>N\u00e3o tenho d\u00favidas que estamos passando por uma transforma\u00e7\u00e3o digital gigantesca e que as empresas que n\u00e3o se preocuparem com esse assunto, poder\u00e3o perder o \u201cbonde\u201d da hist\u00f3ria, a exemplo de muitas grandes corpora\u00e7\u00f5es que ru\u00edram e viraram p\u00f3, simplesmente por n\u00e3o entenderem a necessidade de se reinventarem.<\/p>\n<p>Ou\u00e7o muita gente falar de inova\u00e7\u00e3o, tenho estudado um pouco esse assunto e entendido que as previs\u00f5es para o futuro s\u00e3o assustadoramente interessantes e \u00e0s vezes, n\u00e3o vou mentir, me pego verdadeiramente sobressaltado com tudo, sem entender ainda grande parte daquilo que ser\u00e1 o nosso mundo amanh\u00e3.<\/p>\n<p>Mas eu quero fazer uma pequena reflex\u00e3o sobre esses novos tempos nos processos educacionais para adultos.<\/p>\n<p><em>Para onde vai a educa\u00e7\u00e3o? Como fazer uma educa\u00e7\u00e3o de qualidade que possa exponenciar e atingir a todas as classes sociais e todos os n\u00edveis desse nosso t\u00e3o grande pa\u00eds? Como desenvolver aulas que possam verdadeiramente apoiar o desenvolvimento das pessoas e estimul\u00e1-las? A educa\u00e7\u00e3o a dist\u00e2ncia \u00e9 uma alternativa vi\u00e1vel?<\/em><\/p>\n<p>N\u00e3o tenho todas as respostas, mas quero aqui refletir sobre algumas quest\u00f5es que entendo, podem responder em parte essas quest\u00f5es e quero come\u00e7ar refletindo sobre a educa\u00e7\u00e3o presencial.<\/p>\n<p>A educa\u00e7\u00e3o tradicional presencial passa e passar\u00e1 por uma grande transforma\u00e7\u00e3o. As aulas tradicionais e o jogo de 489 slides acabaram e est\u00e3o dando lugar ao storytelling, \u00e0s discuss\u00f5es em pequenos e grandes grupos, ao estudo real de problemas, \u00e0 exposi\u00e7\u00e3o de pr\u00e1ticas reais das empresas e organiza\u00e7\u00f5es. As fichas amareladas e gastas (sim aquelas que alguns professores at\u00e9 hoje se utilizam) dar\u00e3o lugar \u00e0 dial\u00e9tica e \u00e0 mai\u00eautica socr\u00e1tica, a exemplo das aulas do prof. Michel Sandel, que provoca nos alunos que lotam o audit\u00f3rio de Harvard, a reflex\u00e3o de temas profundos instigando atrav\u00e9s de questionamentos, sem chegar necessariamente \u00e0 conclus\u00f5es predefinidas ou terminais.<\/p>\n<p>N\u00e3o tenho d\u00favidas que as longas aulas expositivas dar\u00e3o lugar \u00e0 discuss\u00e3o, \u00e0 participa\u00e7\u00e3o e \u00e0 constru\u00e7\u00e3o coletiva de aprendizados e reflex\u00f5es. E muitos pesquisadores tem apresentado estudos que revelam que o ideal \u00e9 que o professor altere a metodologia de aprendizagem, o assunto, o modelo de aula ou at\u00e9 o formato da sala a cada 20 minutos no m\u00e1ximo, que \u00e9 um tempo razo\u00e1vel para a aten\u00e7\u00e3o concentrada dos alunos. Declaram ainda que o ideal \u00e9 mudar de tempos em tempos o foco da pessoa que est\u00e1 em evid\u00eancia na aula, levando o foco para os pr\u00f3prios alunos ou inv\u00e9s de ser \u00fanica e exclusivamente do professor.<\/p>\n<p>J\u00e1 a Educa\u00e7\u00e3o a Dist\u00e2ncia, o famoso EAD que si iniciou no Brasil como cursos por correspond\u00eancia antes de 1950 e teve como um dos \u00edcones o famoso Instituto Universal Brasileiro, n\u00e3o tenho d\u00favidas deixar\u00e1 definitivamente de ser somente complementa\u00e7\u00e3o dos cursos presenciais e ter\u00e1 sua pr\u00f3pria metodologia e modelo pr\u00f3prios. Ali\u00e1s, isso n\u00e3o pode ser expressado no pret\u00e9rito, mas sim no presente pois a educa\u00e7\u00e3o a dist\u00e2ncia tem passado por constantes e grandes evolu\u00e7\u00f5es. Muito se tem estudado sobre o assunto, muitos artigos s\u00e3o escritos e muitas tentativas e projetos s\u00e3o apresentados em congressos. O mais interessante \u00e9 que ainda hoje, apesar da evolu\u00e7\u00e3o claramente observada, ainda conhe\u00e7o institui\u00e7\u00f5es e educadores que oferecem cursos no modelo \u201cEAD\u201d filmando suas aulas presenciais tradicionais e transmitindo o conte\u00fado. Esse modelo tende a ser cada vez menos utilizado j\u00e1 que EAD n\u00e3o \u00e9 isso, ou pelo menos n\u00e3o \u00e9 s\u00f3 isso. Isso para mim \u00e9 complementa\u00e7\u00e3o de educa\u00e7\u00e3o presencial e n\u00e3o educa\u00e7\u00e3o a dist\u00e2ncia.<\/p>\n<blockquote>\n<p style=\"text-align: center;\"><span id=\"inserted5383\" style=\"color: #000000; font-size: 23px;\"><span id=\"inserted8653\" style=\"color: #000000;\"><span id=\"inserted8906\" style=\"color: #211e21;\"><span id=\"inserted1636\" style=\"color: #1c1d1f;\"><span id=\"inserted3\" style=\"color: #1c1f1f;\">O\u00a0<em style=\"color: #1c1f1f;\">micro learning<\/em>, ou as p\u00edlulas de aprendizagem, s\u00e3o alternativas vi\u00e1veis para o EAD nesses tempos de \u201cvida corrida\u201d<\/span><\/span><\/span><\/span><\/span><\/p>\n<\/blockquote>\n<p>A Educa\u00e7\u00e3o a Dist\u00e2ncia que sobreviver\u00e1 nesses novos tempos \u00e9 aquela elaborada especialmente para o modelo \u201cn\u00e3o presencial\u201d. E para isso atualmente o que se fala muito \u00e9 sobre o\u00a0<em>micro learning<\/em>, ou seja, aulas de 5 ou 6 minutos, com in\u00edcio, meio e fim, que tratam de um assunto espec\u00edfico e que estimulam o estudante a buscar mais informa\u00e7\u00f5es e de forma aut\u00f4noma enriquecer seus conhecimentos no tema. Cada participante poder\u00e1, inclusive, buscar uma trilha diferente de aprendizagem, uma trilha que atenda aos seus objetivos e prop\u00f3sitos, que poder\u00e1 ser diferente de todos os outros participantes. Um conjunto dessas p\u00edlulas pode se tornar uma disciplina de um programa mais longo. E nesse modelo poderemos ter programas de p\u00f3s-gradua\u00e7\u00e3o inteiramente n\u00e3o presenciais com qualidade educacional, compostos por trilhas individuais de aprendizagem.<\/p>\n<p>O\u00a0<em>micro learning<\/em>, ou as p\u00edlulas de aprendizagem, s\u00e3o alternativas vi\u00e1veis para o EAD nesses tempos de \u201cvida corrida\u201d. O fato \u00e9 que poucas pessoas aguentam ficar mais que 15 minutos no\u00a0<em>smartphone<\/em>\u00a0ou no\u00a0<em>notebook<\/em>\u00a0ouvindo um facilitador de aprendizagem ou professor apresentando um assunto, por mais interessante que esse seja.<\/p>\n<p><!-- Rakuten Affiliate Network Showcase ends here --><br \/>\nA grande quest\u00e3o que surge \u00e9: ent\u00e3o devo abandonar os processos educativos tradicionais e mudar toda a minha institui\u00e7\u00e3o para modelos h\u00edbridos e em EAD? Paro com o que est\u00e1 dando certo no presencial, com as aulas tradicionais e sigo um novo caminho? Fecho tudo e monto uma\u00a0<em>startup<\/em>? Mato meu neg\u00f3cio antes que outros o matem?<\/p>\n<p>Algumas dessas perguntas ouvi dias atr\u00e1s de um profissional de Recursos Humanos de uma grande multinacional e a minha resposta foi N\u00c3O, n\u00e3o acredito que tudo tenha que ser radicalmente alterado.<\/p>\n<p>Essa minha resposta foi alinhada com a cren\u00e7a que n\u00e3o precisamos fazer uma virada total em tudo, mas que podemos coexistir em dois modelos, ou seja, aquilo que funciona no atual modelo deve ser continuado e intensificado, e paralelamente devem ser buscadas metodologias inovadoras que atendam aos novos paradigmas da educa\u00e7\u00e3o.<\/p>\n<p>Toda essa reflex\u00e3o girou em torno de uma institui\u00e7\u00e3o educacional que tem auferido sucesso com seus programas presenciais e tamb\u00e9m no modelo EAD tradicional, \u00a0mas que tem preocupa\u00e7\u00e3o sobre como crescer e inovar na educa\u00e7\u00e3o de adultos, oferecendo programas mais acess\u00edveis para profissionais de todo o pa\u00eds. Lembro-me de ter lhe oferecido alguns caminhos para que os programas fossem desenvolvidos no modelo EAD, mesmo nas disciplinas que exigem experimenta\u00e7\u00e3o t\u00e9cnica, como por exemplo, a instala\u00e7\u00e3o de polos regionais para essas aulas, onde o deslocamento se d\u00e1 somente pelo professor que utiliza kits de aprendizagem, evitando assim que muitos alunos se desloquem, para poder se desenvolver e aperfei\u00e7oar suas t\u00e9cnicas. Isso sem contar com o custo mais baixo do deslocamento de uma pessoa, ao inv\u00e9s de 50 ou 80.<\/p>\n<p>Verdadeiramente eu acredito que essa pode ser uma forma vi\u00e1vel de levar educa\u00e7\u00e3o e forma\u00e7\u00e3o a mais pessoas, em todas as \u00e1reas do saber e me arrisco a dizer que, inclusive na \u00e1rea da sa\u00fade. Imagine profissionais de lugares distantes dos grandes centros de ensino e pesquisa, tendo a possibilidade de acesso \u00e0 modernas tecnologias na sa\u00fade, estudos cl\u00ednicos contempor\u00e2neos e a conte\u00fados de ponta. Imagine como poderemos transformar a vida desses profissionais e a grande possibilidade de melhoria qualitativa nos atendimentos de sa\u00fade.<\/p>\n<p>Disse-lhe finalmente, a partir de toda a reflex\u00e3o que fizemos que esse modelo n\u00e3o precisaria, necessariamente, acabar com os programas presenciais t\u00e3o bem desenvolvidos na institui\u00e7\u00e3o, ou trocar toda a equipe envolvida com os processos educativos, mas que entendia ser necess\u00e1rio a montagem uma nova equipe, com mentalidade digital, talvez apartada do time atual que busque a inova\u00e7\u00e3o disruptiva e que desenvolva e teste novos modelos, colocando-os em funcionamento, atrav\u00e9s de metodologias diferenciadas e atuais.<\/p>\n<p>Quando li a entrevista entendi que n\u00e3o estou t\u00e3o errado em minhas cren\u00e7as pois a GE est\u00e1 fazendo exatamente isso, ou seja, mant\u00e9m o que funciona e testa novos modelos, novos neg\u00f3cios, com uma nova equipe e basicamente num modelo de startup, apartada do tradicional.<\/p>\n<p>N\u00e3o tenho todas as respostas e n\u00e3o sei se o modelo que acredito \u00e9 realmente o melhor, mas acredito sim que a educa\u00e7\u00e3o de adultos de qualidade pode e deve ser planejada e desenvolvida com uma vis\u00e3o exponencial e um prop\u00f3sito massivo transformador de levar melhoria de qualidade de vida a todos os brasileiros.\u00a0E n\u00e3o tenho d\u00favida que a institui\u00e7\u00e3o que buscar e encontrar esse caminho se tornar\u00e1 refer\u00eancia em nosso pa\u00eds.<\/p>\n<p>Finalmente, o que acho importante \u00e9 que pensemos e planejemos o que e como ser\u00e1 a educa\u00e7\u00e3o do amanh\u00e3, pois de outra forma n\u00e3o estaremos exercendo plenamente nosso papel de criar um pa\u00eds novo, mais humano, mais justo e mais produtivo.<\/p>\n<p><!-- Rakuten Affiliate Network Showcase ends here --><br \/>\n<iframe style=\"width: 120px; height: 240px;\" src=\"\/\/ws-na.amazon-adsystem.com\/widgets\/q?ServiceVersion=20070822&amp;OneJS=1&amp;Operation=GetAdHtml&amp;MarketPlace=BR&amp;source=ac&amp;ref=tf_til&amp;ad_type=product_link&amp;tracking_id=nevesf-20&amp;marketplace=amazon&amp;region=BR&amp;placement=857283978X&amp;asins=857283978X&amp;linkId=3701d2caa8e866fab739150f3351d0f3&amp;show_border=true&amp;link_opens_in_new_window=true&amp;price_color=333333&amp;title_color=0066c0&amp;bg_color=ffffff\" frameborder=\"0\" marginwidth=\"0\" marginheight=\"0\" scrolling=\"no\"><br \/>\n<\/iframe><iframe style=\"width: 120px; height: 240px;\" src=\"\/\/ws-na.amazon-adsystem.com\/widgets\/q?ServiceVersion=20070822&amp;OneJS=1&amp;Operation=GetAdHtml&amp;MarketPlace=BR&amp;source=ac&amp;ref=tf_til&amp;ad_type=product_link&amp;tracking_id=nevesf-20&amp;marketplace=amazon&amp;region=BR&amp;placement=855210024X&amp;asins=855210024X&amp;linkId=a5b5626ae2ffd71dc48306ff3d322e1c&amp;show_border=true&amp;link_opens_in_new_window=true&amp;price_color=333333&amp;title_color=0066c0&amp;bg_color=ffffff\" frameborder=\"0\" marginwidth=\"0\" marginheight=\"0\" scrolling=\"no\"><br \/>\n<\/iframe><iframe style=\"width: 120px; height: 240px;\" src=\"\/\/ws-na.amazon-adsystem.com\/widgets\/q?ServiceVersion=20070822&amp;OneJS=1&amp;Operation=GetAdHtml&amp;MarketPlace=BR&amp;source=ac&amp;ref=tf_til&amp;ad_type=product_link&amp;tracking_id=nevesf-20&amp;marketplace=amazon&amp;region=BR&amp;placement=B0714K8XK2&amp;asins=B0714K8XK2&amp;linkId=7738f30e5dfa19abfa3a5be4e994d164&amp;show_border=true&amp;link_opens_in_new_window=true&amp;price_color=333333&amp;title_color=0066c0&amp;bg_color=ffffff\" frameborder=\"0\" marginwidth=\"0\" marginheight=\"0\" scrolling=\"no\"><br \/>\n<\/iframe><iframe style=\"width: 120px; height: 240px;\" src=\"\/\/ws-na.amazon-adsystem.com\/widgets\/q?ServiceVersion=20070822&amp;OneJS=1&amp;Operation=GetAdHtml&amp;MarketPlace=BR&amp;source=ac&amp;ref=tf_til&amp;ad_type=product_link&amp;tracking_id=nevesf-20&amp;marketplace=amazon&amp;region=BR&amp;placement=B07C3T2NJL&amp;asins=B07C3T2NJL&amp;linkId=ed31d8bc71c4098237becd47cecf9b71&amp;show_border=true&amp;link_opens_in_new_window=true&amp;price_color=333333&amp;title_color=0066c0&amp;bg_color=ffffff\" frameborder=\"0\" marginwidth=\"0\" marginheight=\"0\" scrolling=\"no\"><br \/>\n<\/iframe><iframe style=\"width: 120px; height: 240px;\" src=\"\/\/ws-na.amazon-adsystem.com\/widgets\/q?ServiceVersion=20070822&amp;OneJS=1&amp;Operation=GetAdHtml&amp;MarketPlace=BR&amp;source=ac&amp;ref=tf_til&amp;ad_type=product_link&amp;tracking_id=nevesf-20&amp;marketplace=amazon&amp;region=BR&amp;placement=8522520054&amp;asins=8522520054&amp;linkId=5f32e042abb2b9e0d89561c8015776e4&amp;show_border=true&amp;link_opens_in_new_window=true&amp;price_color=333333&amp;title_color=0066c0&amp;bg_color=ffffff\" frameborder=\"0\" marginwidth=\"0\" marginheight=\"0\" scrolling=\"no\"><br \/>\n<\/iframe><\/p>\n","protected":false},"excerpt":{"rendered":"<p>Texto: M\u00e1rcio Camargo, M.Sc.\u00a0 \u00a0 \u00a0 \u00a0 \u00a0 \u00a0 \u00a0 \u00a0 \u00a0 \u00a0 Foto: Coyot (Pixabay) Uma revista de neg\u00f3cios apresentou uma entrevista com Lo\u00efc Hamon \u2013 l\u00edder do Comit\u00ea Executivo da GE Digital na Am\u00e9rica Latina que falou sobre uma decis\u00e3o ousada da empresa, eles decidiram isolar o time de inovadores do restante dos &hellip; <a href=\"https:\/\/corporateacademy.org\/index.php\/2018\/06\/27\/a-educacao-em-tempos-de-transformacao-digital\/\" class=\"more-link\">Continuar lendo <span class=\"screen-reader-text\">A Educa\u00e7\u00e3o em tempos de transforma\u00e7\u00e3o digital<\/span><\/a><\/p>\n","protected":false},"author":1,"featured_media":229,"comment_status":"open","ping_status":"open","sticky":false,"template":"","format":"standard","meta":{"_jetpack_newsletter_access":"","_jetpack_dont_email_post_to_subs":false,"_jetpack_newsletter_tier_id":0,"_jetpack_memberships_contains_paywalled_content":false,"_jetpack_feature_clip_id":0,"_jetpack_memberships_contains_paid_content":false,"footnotes":"","jetpack_publicize_message":"","jetpack_publicize_feature_enabled":true,"jetpack_social_post_already_shared":true,"jetpack_social_options":{"image_generator_settings":{"template":"highway","default_image_id":0,"font":"","enabled":false},"version":2},"jetpack_post_was_ever_published":false},"categories":[18,131,132,20,65],"tags":[138,22,28,143,136,133,134,29,137,23,24,141,135,144,142,146,148,140,147,110,145,139],"class_list":["post-223","post","type-post","status-publish","format-standard","has-post-thumbnail","hentry","category-comportamento","category-educacao","category-educacao-digital","category-gestao-de-pessoas","category-tecnologia","tag-america-latina","tag-comportamento","tag-corporativo","tag-dialetica","tag-ead","tag-educacao","tag-educacao-digital","tag-empresa","tag-ge-digital","tag-gestao","tag-gestao-de-pessoas","tag-harvard","tag-inovacao","tag-maieutica","tag-michel-sandel","tag-micro-learning","tag-notebook","tag-powerpoint","tag-smartphone","tag-socrates","tag-socratica","tag-storytelling"],"aioseo_notices":[],"aioseo_head":"\n\t\t<!-- All in One SEO 5.0.1.1 - aioseo.com -->\n\t<meta name=\"description\" content=\"Texto: M\u00e1rcio Camargo, M.Sc. Foto: Coyot (Pixabay) Uma revista de neg\u00f3cios apresentou uma entrevista com Lo\u00efc Hamon \u2013 l\u00edder do Comit\u00ea Executivo da GE Digital na Am\u00e9rica Latina que falou sobre uma decis\u00e3o ousada da empresa, eles decidiram isolar o time de inovadores do restante dos\" \/>\n\t<meta name=\"robots\" content=\"max-image-preview:large\" \/>\n\t<meta name=\"author\" content=\"Editor\"\/>\n\t<link rel=\"canonical\" href=\"https:\/\/corporateacademy.org\/index.php\/2018\/06\/27\/a-educacao-em-tempos-de-transformacao-digital\/\" \/>\n\t<meta name=\"generator\" content=\"All in One SEO (AIOSEO) 5.0.1.1\" \/>\n\t\t<meta property=\"og:locale\" content=\"pt_BR\" \/>\n\t\t<meta property=\"og:site_name\" content=\"Corporate Academy - Compartilhando Conhecimento\" \/>\n\t\t<meta property=\"og:type\" content=\"article\" \/>\n\t\t<meta property=\"og:title\" content=\"A Educa\u00e7\u00e3o em tempos de transforma\u00e7\u00e3o digital - Corporate Academy\" \/>\n\t\t<meta property=\"og:description\" content=\"Texto: M\u00e1rcio Camargo, M.Sc. Foto: Coyot (Pixabay) Uma revista de neg\u00f3cios apresentou uma entrevista com Lo\u00efc Hamon \u2013 l\u00edder do Comit\u00ea Executivo da GE Digital na Am\u00e9rica Latina que falou sobre uma decis\u00e3o ousada da empresa, eles decidiram isolar o time de inovadores do restante dos\" \/>\n\t\t<meta property=\"og:url\" content=\"https:\/\/corporateacademy.org\/index.php\/2018\/06\/27\/a-educacao-em-tempos-de-transformacao-digital\/\" \/>\n\t\t<meta property=\"og:image\" content=\"https:\/\/i0.wp.com\/corporateacademy.org\/wp-content\/uploads\/2018\/03\/Logo200x200.jpg?fit=200200\" \/>\n\t\t<meta property=\"og:image:secure_url\" content=\"https:\/\/i0.wp.com\/corporateacademy.org\/wp-content\/uploads\/2018\/03\/Logo200x200.jpg?fit=200200\" \/>\n\t\t<meta property=\"article:published_time\" content=\"2018-06-27T13:17:47+00:00\" \/>\n\t\t<meta property=\"article:modified_time\" content=\"2021-09-08T20:29:53+00:00\" \/>\n\t\t<meta name=\"twitter:card\" content=\"summary_large_image\" \/>\n\t\t<meta name=\"twitter:title\" content=\"A Educa\u00e7\u00e3o em tempos de transforma\u00e7\u00e3o digital - Corporate Academy\" \/>\n\t\t<meta name=\"twitter:description\" content=\"Texto: M\u00e1rcio Camargo, M.Sc. Foto: Coyot (Pixabay) Uma revista de neg\u00f3cios apresentou uma entrevista com Lo\u00efc Hamon \u2013 l\u00edder do Comit\u00ea Executivo da GE Digital na Am\u00e9rica Latina que falou sobre uma decis\u00e3o ousada da empresa, eles decidiram isolar o time de inovadores do restante dos\" \/>\n\t\t<meta name=\"twitter:image\" content=\"https:\/\/i0.wp.com\/corporateacademy.org\/wp-content\/uploads\/2018\/03\/Logo200x200.jpg?fit=200200\" \/>\n\t\t<script type=\"application\/ld+json\" class=\"aioseo-schema\">\n\t\t\t{\"@context\":\"https:\\\/\\\/schema.org\",\"@graph\":[{\"@type\":\"BlogPosting\",\"@id\":\"https:\\\/\\\/corporateacademy.org\\\/index.php\\\/2018\\\/06\\\/27\\\/a-educacao-em-tempos-de-transformacao-digital\\\/#blogposting\",\"name\":\"A Educa\\u00e7\\u00e3o em tempos de transforma\\u00e7\\u00e3o digital - Corporate Academy\",\"headline\":\"A Educa\\u00e7\\u00e3o em tempos de transforma\\u00e7\\u00e3o digital\",\"author\":{\"@id\":\"https:\\\/\\\/corporateacademy.org\\\/index.php\\\/author\\\/nevesf\\\/#author\"},\"publisher\":{\"@id\":\"https:\\\/\\\/corporateacademy.org\\\/#organization\"},\"image\":{\"@type\":\"ImageObject\",\"url\":\"https:\\\/\\\/i0.wp.com\\\/corporateacademy.org\\\/wp-content\\\/uploads\\\/2018\\\/06\\\/personCoyotEdited.jpg?fit=960%2C640&ssl=1\",\"width\":960,\"height\":640},\"datePublished\":\"2018-06-27T10:17:47-03:00\",\"dateModified\":\"2021-09-08T17:29:53-03:00\",\"inLanguage\":\"pt-BR\",\"mainEntityOfPage\":{\"@id\":\"https:\\\/\\\/corporateacademy.org\\\/index.php\\\/2018\\\/06\\\/27\\\/a-educacao-em-tempos-de-transformacao-digital\\\/#webpage\"},\"isPartOf\":{\"@id\":\"https:\\\/\\\/corporateacademy.org\\\/index.php\\\/2018\\\/06\\\/27\\\/a-educacao-em-tempos-de-transformacao-digital\\\/#webpage\"},\"articleSection\":\"comportamento, Educa\\u00e7\\u00e3o, Educa\\u00e7\\u00e3o Digital, gest\\u00e3o de pessoas, tecnologia, America latina, comportamento, corporativo, dial\\u00e9tica, EAD, educa\\u00e7\\u00e3o, educa\\u00e7\\u00e3o digital, empresa, GE digital, gest\\u00e3o, gest\\u00e3o de pessoas, Harvard, inova\\u00e7\\u00e3o, mai\\u00eautica, Michel Sandel, micro learning, notebook, powerpoint, smartphone, S\\u00f3crates, socr\\u00e1tica, storytelling\"},{\"@type\":\"BreadcrumbList\",\"@id\":\"https:\\\/\\\/corporateacademy.org\\\/index.php\\\/2018\\\/06\\\/27\\\/a-educacao-em-tempos-de-transformacao-digital\\\/#breadcrumblist\",\"itemListElement\":[{\"@type\":\"ListItem\",\"@id\":\"https:\\\/\\\/corporateacademy.org#listItem\",\"position\":1,\"name\":\"Home\",\"item\":\"https:\\\/\\\/corporateacademy.org\",\"nextItem\":{\"@type\":\"ListItem\",\"@id\":\"https:\\\/\\\/corporateacademy.org\\\/index.php\\\/category\\\/comportamento\\\/#listItem\",\"name\":\"comportamento\"}},{\"@type\":\"ListItem\",\"@id\":\"https:\\\/\\\/corporateacademy.org\\\/index.php\\\/category\\\/comportamento\\\/#listItem\",\"position\":2,\"name\":\"comportamento\",\"item\":\"https:\\\/\\\/corporateacademy.org\\\/index.php\\\/category\\\/comportamento\\\/\",\"nextItem\":{\"@type\":\"ListItem\",\"@id\":\"https:\\\/\\\/corporateacademy.org\\\/index.php\\\/2018\\\/06\\\/27\\\/a-educacao-em-tempos-de-transformacao-digital\\\/#listItem\",\"name\":\"A Educa\\u00e7\\u00e3o em tempos de transforma\\u00e7\\u00e3o digital\"},\"previousItem\":{\"@type\":\"ListItem\",\"@id\":\"https:\\\/\\\/corporateacademy.org#listItem\",\"name\":\"Home\"}},{\"@type\":\"ListItem\",\"@id\":\"https:\\\/\\\/corporateacademy.org\\\/index.php\\\/2018\\\/06\\\/27\\\/a-educacao-em-tempos-de-transformacao-digital\\\/#listItem\",\"position\":3,\"name\":\"A Educa\\u00e7\\u00e3o em tempos de transforma\\u00e7\\u00e3o digital\",\"previousItem\":{\"@type\":\"ListItem\",\"@id\":\"https:\\\/\\\/corporateacademy.org\\\/index.php\\\/category\\\/comportamento\\\/#listItem\",\"name\":\"comportamento\"}}]},{\"@type\":\"Organization\",\"@id\":\"https:\\\/\\\/corporateacademy.org\\\/#organization\",\"name\":\"Corporate Academy\",\"description\":\"Compartilhando Conhecimento\",\"url\":\"https:\\\/\\\/corporateacademy.org\\\/\",\"logo\":{\"@type\":\"ImageObject\",\"url\":\"https:\\\/\\\/i0.wp.com\\\/corporateacademy.org\\\/wp-content\\\/uploads\\\/2018\\\/03\\\/Logo200x200.jpg?fit=200%2C200&ssl=1\",\"@id\":\"https:\\\/\\\/corporateacademy.org\\\/index.php\\\/2018\\\/06\\\/27\\\/a-educacao-em-tempos-de-transformacao-digital\\\/#organizationLogo\",\"width\":200,\"height\":200},\"image\":{\"@id\":\"https:\\\/\\\/corporateacademy.org\\\/index.php\\\/2018\\\/06\\\/27\\\/a-educacao-em-tempos-de-transformacao-digital\\\/#organizationLogo\"}},{\"@type\":\"Person\",\"@id\":\"https:\\\/\\\/corporateacademy.org\\\/index.php\\\/author\\\/nevesf\\\/#author\",\"url\":\"https:\\\/\\\/corporateacademy.org\\\/index.php\\\/author\\\/nevesf\\\/\",\"name\":\"Editor\",\"image\":{\"@type\":\"ImageObject\",\"@id\":\"https:\\\/\\\/corporateacademy.org\\\/index.php\\\/2018\\\/06\\\/27\\\/a-educacao-em-tempos-de-transformacao-digital\\\/#authorImage\",\"url\":\"https:\\\/\\\/secure.gravatar.com\\\/avatar\\\/40a180061deabb68d04bd9f812bde2b372b5d57984baf7dd947ee866377d90fb?s=96&d=blank&r=g\",\"width\":96,\"height\":96,\"caption\":\"Editor\"}},{\"@type\":\"WebPage\",\"@id\":\"https:\\\/\\\/corporateacademy.org\\\/index.php\\\/2018\\\/06\\\/27\\\/a-educacao-em-tempos-de-transformacao-digital\\\/#webpage\",\"url\":\"https:\\\/\\\/corporateacademy.org\\\/index.php\\\/2018\\\/06\\\/27\\\/a-educacao-em-tempos-de-transformacao-digital\\\/\",\"name\":\"A Educa\\u00e7\\u00e3o em tempos de transforma\\u00e7\\u00e3o digital - Corporate Academy\",\"description\":\"Texto: M\\u00e1rcio Camargo, M.Sc. Foto: Coyot (Pixabay) Uma revista de neg\\u00f3cios apresentou uma entrevista com Lo\\u00efc Hamon \\u2013 l\\u00edder do Comit\\u00ea Executivo da GE Digital na Am\\u00e9rica Latina que falou sobre uma decis\\u00e3o ousada da empresa, eles decidiram isolar o time de inovadores do restante dos\",\"inLanguage\":\"pt-BR\",\"isPartOf\":{\"@id\":\"https:\\\/\\\/corporateacademy.org\\\/#website\"},\"breadcrumb\":{\"@id\":\"https:\\\/\\\/corporateacademy.org\\\/index.php\\\/2018\\\/06\\\/27\\\/a-educacao-em-tempos-de-transformacao-digital\\\/#breadcrumblist\"},\"author\":{\"@id\":\"https:\\\/\\\/corporateacademy.org\\\/index.php\\\/author\\\/nevesf\\\/#author\"},\"creator\":{\"@id\":\"https:\\\/\\\/corporateacademy.org\\\/index.php\\\/author\\\/nevesf\\\/#author\"},\"image\":{\"@type\":\"ImageObject\",\"url\":\"https:\\\/\\\/i0.wp.com\\\/corporateacademy.org\\\/wp-content\\\/uploads\\\/2018\\\/06\\\/personCoyotEdited.jpg?fit=960%2C640&ssl=1\",\"@id\":\"https:\\\/\\\/corporateacademy.org\\\/index.php\\\/2018\\\/06\\\/27\\\/a-educacao-em-tempos-de-transformacao-digital\\\/#mainImage\",\"width\":960,\"height\":640},\"primaryImageOfPage\":{\"@id\":\"https:\\\/\\\/corporateacademy.org\\\/index.php\\\/2018\\\/06\\\/27\\\/a-educacao-em-tempos-de-transformacao-digital\\\/#mainImage\"},\"datePublished\":\"2018-06-27T10:17:47-03:00\",\"dateModified\":\"2021-09-08T17:29:53-03:00\"},{\"@type\":\"WebSite\",\"@id\":\"https:\\\/\\\/corporateacademy.org\\\/#website\",\"url\":\"https:\\\/\\\/corporateacademy.org\\\/\",\"name\":\"Corporate Academy\",\"description\":\"Compartilhando Conhecimento\",\"inLanguage\":\"pt-BR\",\"publisher\":{\"@id\":\"https:\\\/\\\/corporateacademy.org\\\/#organization\"}}]}\n\t\t<\/script>\n\t\t<!-- All in One SEO -->\n\n","aioseo_head_json":{"title":"A Educa\u00e7\u00e3o em tempos de transforma\u00e7\u00e3o digital - Corporate Academy","description":"Texto: M\u00e1rcio Camargo, M.Sc. Foto: Coyot (Pixabay) Uma revista de neg\u00f3cios apresentou uma entrevista com Lo\u00efc Hamon \u2013 l\u00edder do Comit\u00ea Executivo da GE Digital na Am\u00e9rica Latina que falou sobre uma decis\u00e3o ousada da empresa, eles decidiram isolar o time de inovadores do restante dos","canonical_url":"https:\/\/corporateacademy.org\/index.php\/2018\/06\/27\/a-educacao-em-tempos-de-transformacao-digital\/","robots":"max-image-preview:large","keywords":"","webmasterTools":{"miscellaneous":""},"schema":{"@context":"https:\/\/schema.org","@graph":[{"@type":"BlogPosting","@id":"https:\/\/corporateacademy.org\/index.php\/2018\/06\/27\/a-educacao-em-tempos-de-transformacao-digital\/#blogposting","name":"A Educa\u00e7\u00e3o em tempos de transforma\u00e7\u00e3o digital - Corporate Academy","headline":"A Educa\u00e7\u00e3o em tempos de transforma\u00e7\u00e3o digital","author":{"@id":"https:\/\/corporateacademy.org\/index.php\/author\/nevesf\/#author"},"publisher":{"@id":"https:\/\/corporateacademy.org\/#organization"},"image":{"@type":"ImageObject","url":"https:\/\/i0.wp.com\/corporateacademy.org\/wp-content\/uploads\/2018\/06\/personCoyotEdited.jpg?fit=960%2C640&ssl=1","width":960,"height":640},"datePublished":"2018-06-27T10:17:47-03:00","dateModified":"2021-09-08T17:29:53-03:00","inLanguage":"pt-BR","mainEntityOfPage":{"@id":"https:\/\/corporateacademy.org\/index.php\/2018\/06\/27\/a-educacao-em-tempos-de-transformacao-digital\/#webpage"},"isPartOf":{"@id":"https:\/\/corporateacademy.org\/index.php\/2018\/06\/27\/a-educacao-em-tempos-de-transformacao-digital\/#webpage"},"articleSection":"comportamento, Educa\u00e7\u00e3o, Educa\u00e7\u00e3o Digital, gest\u00e3o de pessoas, tecnologia, America latina, comportamento, corporativo, dial\u00e9tica, EAD, educa\u00e7\u00e3o, educa\u00e7\u00e3o digital, empresa, GE digital, gest\u00e3o, gest\u00e3o de pessoas, Harvard, inova\u00e7\u00e3o, mai\u00eautica, Michel Sandel, micro learning, notebook, powerpoint, smartphone, S\u00f3crates, socr\u00e1tica, storytelling"},{"@type":"BreadcrumbList","@id":"https:\/\/corporateacademy.org\/index.php\/2018\/06\/27\/a-educacao-em-tempos-de-transformacao-digital\/#breadcrumblist","itemListElement":[{"@type":"ListItem","@id":"https:\/\/corporateacademy.org#listItem","position":1,"name":"Home","item":"https:\/\/corporateacademy.org","nextItem":{"@type":"ListItem","@id":"https:\/\/corporateacademy.org\/index.php\/category\/comportamento\/#listItem","name":"comportamento"}},{"@type":"ListItem","@id":"https:\/\/corporateacademy.org\/index.php\/category\/comportamento\/#listItem","position":2,"name":"comportamento","item":"https:\/\/corporateacademy.org\/index.php\/category\/comportamento\/","nextItem":{"@type":"ListItem","@id":"https:\/\/corporateacademy.org\/index.php\/2018\/06\/27\/a-educacao-em-tempos-de-transformacao-digital\/#listItem","name":"A Educa\u00e7\u00e3o em tempos de transforma\u00e7\u00e3o digital"},"previousItem":{"@type":"ListItem","@id":"https:\/\/corporateacademy.org#listItem","name":"Home"}},{"@type":"ListItem","@id":"https:\/\/corporateacademy.org\/index.php\/2018\/06\/27\/a-educacao-em-tempos-de-transformacao-digital\/#listItem","position":3,"name":"A Educa\u00e7\u00e3o em tempos de transforma\u00e7\u00e3o digital","previousItem":{"@type":"ListItem","@id":"https:\/\/corporateacademy.org\/index.php\/category\/comportamento\/#listItem","name":"comportamento"}}]},{"@type":"Organization","@id":"https:\/\/corporateacademy.org\/#organization","name":"Corporate Academy","description":"Compartilhando Conhecimento","url":"https:\/\/corporateacademy.org\/","logo":{"@type":"ImageObject","url":"https:\/\/i0.wp.com\/corporateacademy.org\/wp-content\/uploads\/2018\/03\/Logo200x200.jpg?fit=200%2C200&ssl=1","@id":"https:\/\/corporateacademy.org\/index.php\/2018\/06\/27\/a-educacao-em-tempos-de-transformacao-digital\/#organizationLogo","width":200,"height":200},"image":{"@id":"https:\/\/corporateacademy.org\/index.php\/2018\/06\/27\/a-educacao-em-tempos-de-transformacao-digital\/#organizationLogo"}},{"@type":"Person","@id":"https:\/\/corporateacademy.org\/index.php\/author\/nevesf\/#author","url":"https:\/\/corporateacademy.org\/index.php\/author\/nevesf\/","name":"Editor","image":{"@type":"ImageObject","@id":"https:\/\/corporateacademy.org\/index.php\/2018\/06\/27\/a-educacao-em-tempos-de-transformacao-digital\/#authorImage","url":"https:\/\/secure.gravatar.com\/avatar\/40a180061deabb68d04bd9f812bde2b372b5d57984baf7dd947ee866377d90fb?s=96&d=blank&r=g","width":96,"height":96,"caption":"Editor"}},{"@type":"WebPage","@id":"https:\/\/corporateacademy.org\/index.php\/2018\/06\/27\/a-educacao-em-tempos-de-transformacao-digital\/#webpage","url":"https:\/\/corporateacademy.org\/index.php\/2018\/06\/27\/a-educacao-em-tempos-de-transformacao-digital\/","name":"A Educa\u00e7\u00e3o em tempos de transforma\u00e7\u00e3o digital - Corporate Academy","description":"Texto: M\u00e1rcio Camargo, M.Sc. Foto: Coyot (Pixabay) Uma revista de neg\u00f3cios apresentou uma entrevista com Lo\u00efc Hamon \u2013 l\u00edder do Comit\u00ea Executivo da GE Digital na Am\u00e9rica Latina que falou sobre uma decis\u00e3o ousada da empresa, eles decidiram isolar o time de inovadores do restante dos","inLanguage":"pt-BR","isPartOf":{"@id":"https:\/\/corporateacademy.org\/#website"},"breadcrumb":{"@id":"https:\/\/corporateacademy.org\/index.php\/2018\/06\/27\/a-educacao-em-tempos-de-transformacao-digital\/#breadcrumblist"},"author":{"@id":"https:\/\/corporateacademy.org\/index.php\/author\/nevesf\/#author"},"creator":{"@id":"https:\/\/corporateacademy.org\/index.php\/author\/nevesf\/#author"},"image":{"@type":"ImageObject","url":"https:\/\/i0.wp.com\/corporateacademy.org\/wp-content\/uploads\/2018\/06\/personCoyotEdited.jpg?fit=960%2C640&ssl=1","@id":"https:\/\/corporateacademy.org\/index.php\/2018\/06\/27\/a-educacao-em-tempos-de-transformacao-digital\/#mainImage","width":960,"height":640},"primaryImageOfPage":{"@id":"https:\/\/corporateacademy.org\/index.php\/2018\/06\/27\/a-educacao-em-tempos-de-transformacao-digital\/#mainImage"},"datePublished":"2018-06-27T10:17:47-03:00","dateModified":"2021-09-08T17:29:53-03:00"},{"@type":"WebSite","@id":"https:\/\/corporateacademy.org\/#website","url":"https:\/\/corporateacademy.org\/","name":"Corporate Academy","description":"Compartilhando Conhecimento","inLanguage":"pt-BR","publisher":{"@id":"https:\/\/corporateacademy.org\/#organization"}}]},"og:locale":"pt_BR","og:site_name":"Corporate Academy - Compartilhando Conhecimento","og:type":"article","og:title":"A Educa\u00e7\u00e3o em tempos de transforma\u00e7\u00e3o digital - Corporate Academy","og:description":"Texto: M\u00e1rcio Camargo, M.Sc. Foto: Coyot (Pixabay) Uma revista de neg\u00f3cios apresentou uma entrevista com Lo\u00efc Hamon \u2013 l\u00edder do Comit\u00ea Executivo da GE Digital na Am\u00e9rica Latina que falou sobre uma decis\u00e3o ousada da empresa, eles decidiram isolar o time de inovadores do restante dos","og:url":"https:\/\/corporateacademy.org\/index.php\/2018\/06\/27\/a-educacao-em-tempos-de-transformacao-digital\/","og:image":"https:\/\/i0.wp.com\/corporateacademy.org\/wp-content\/uploads\/2018\/03\/Logo200x200.jpg?fit=200200","og:image:secure_url":"https:\/\/i0.wp.com\/corporateacademy.org\/wp-content\/uploads\/2018\/03\/Logo200x200.jpg?fit=200200","article:published_time":"2018-06-27T13:17:47+00:00","article:modified_time":"2021-09-08T20:29:53+00:00","twitter:card":"summary_large_image","twitter:title":"A Educa\u00e7\u00e3o em tempos de transforma\u00e7\u00e3o digital - Corporate Academy","twitter:description":"Texto: M\u00e1rcio Camargo, M.Sc. Foto: Coyot (Pixabay) Uma revista de neg\u00f3cios apresentou uma entrevista com Lo\u00efc Hamon \u2013 l\u00edder do Comit\u00ea Executivo da GE Digital na Am\u00e9rica Latina que falou sobre uma decis\u00e3o ousada da empresa, eles decidiram isolar o time de inovadores do restante dos","twitter:image":"https:\/\/i0.wp.com\/corporateacademy.org\/wp-content\/uploads\/2018\/03\/Logo200x200.jpg?fit=200200"},"aioseo_meta_data":{"post_id":"223","title":null,"description":null,"keywords":null,"keyphrases":null,"focus_keyword":null,"additional_keywords":null,"truseo_locale":null,"primary_term":null,"canonical_url":null,"og_title":null,"og_description":null,"og_object_type":"default","og_image_type":"default","og_image_custom_url":null,"og_image_custom_fields":null,"og_image_url":null,"og_image_width":null,"og_image_height":null,"og_video":null,"og_custom_url":null,"og_article_section":null,"og_article_tags":null,"twitter_use_og":false,"twitter_card":"default","twitter_image_type":"default","twitter_image_custom_url":null,"twitter_image_custom_fields":null,"twitter_image_url":null,"twitter_title":null,"twitter_description":null,"schema_type":"default","schema_type_options":null,"schema":{"blockGraphs":[],"customGraphs":[],"default":{"data":{"Article":[],"Course":[],"Dataset":[],"FAQPage":[],"Movie":[],"Person":[],"Product":[],"ProductReview":[],"Car":[],"Recipe":[],"Service":[],"SoftwareApplication":[],"WebPage":[]},"graphName":"","isEnabled":true},"graphs":[]},"pillar_content":false,"robots_default":true,"robots_noindex":false,"robots_noarchive":false,"robots_nosnippet":false,"robots_nofollow":false,"robots_noimageindex":false,"robots_noodp":false,"robots_notranslate":false,"robots_max_snippet":null,"robots_max_videopreview":null,"robots_max_imagepreview":"large","priority":null,"frequency":null,"local_seo":null,"limit_modified_date":false,"ai":null,"breadcrumb_settings":null,"seo_analyzer_scan_date":null,"created":"2026-09-02 21:53:34","updated":"2026-09-02 21:53:34"},"aioseo_breadcrumb":"<div class=\"aioseo-breadcrumbs\"><span class=\"aioseo-breadcrumb\">\n\t\t\t<a href=\"https:\/\/corporateacademy.org\" title=\"Home\">Home<\/a>\n\t\t<\/span><span class=\"aioseo-breadcrumb-separator\">&raquo;<\/span><span class=\"aioseo-breadcrumb\">\n\t\t\t<a href=\"https:\/\/corporateacademy.org\/index.php\/category\/comportamento\/\" title=\"comportamento\">comportamento<\/a>\n\t\t<\/span><span class=\"aioseo-breadcrumb-separator\">&raquo;<\/span><span class=\"aioseo-breadcrumb\">\n\t\t\tA Educa\u00e7\u00e3o em tempos de transforma\u00e7\u00e3o digital\n\t\t<\/span><\/div>","aioseo_breadcrumb_json":[{"label":"Home","link":"https:\/\/corporateacademy.org"},{"label":"comportamento","link":"https:\/\/corporateacademy.org\/index.php\/category\/comportamento\/"},{"label":"A Educa\u00e7\u00e3o em tempos de transforma\u00e7\u00e3o digital","link":"https:\/\/corporateacademy.org\/index.php\/2018\/06\/27\/a-educacao-em-tempos-de-transformacao-digital\/"}],"jetpack_publicize_connections":[],"jetpack_sharing_enabled":true,"jetpack_shortlink":"https:\/\/wp.me\/p9MYp6-3B","jetpack_likes_enabled":true,"jetpack-related-posts":[{"id":2360,"url":"https:\/\/corporateacademy.org\/index.php\/2024\/12\/08\/e-lideranca-a-arte-de-liderar-na-era-digital\/","url_meta":{"origin":223,"position":0},"title":"E-Lideran\u00e7a: A Arte de Liderar na Era Digital","author":"Editor","date":"08\/12\/2024","format":false,"excerpt":"Era uma manh\u00e3 nublada de segunda-feira quando Ana, uma gerente de projetos em uma empresa de tecnologia, acordou com uma notifica\u00e7\u00e3o urgente em seu celular: \"Reuni\u00e3o de emerg\u00eancia \u00e0s 9h.\" Desde o in\u00edcio da pandemia, o escrit\u00f3rio f\u00edsico havia se transformado em um mosaico de telas de v\u00eddeo, com sua\u2026","rel":"","context":"Em &quot;Ambiente corporativo&quot;","block_context":{"text":"Ambiente corporativo","link":"https:\/\/corporateacademy.org\/index.php\/category\/ambiente-corporativo\/"},"img":{"alt_text":"e-lideran\u00e7a","src":"https:\/\/i0.wp.com\/corporateacademy.org\/wp-content\/uploads\/2024\/12\/e-lider3.png?fit=978%2C542&ssl=1&resize=350%2C200","width":350,"height":200,"srcset":"https:\/\/i0.wp.com\/corporateacademy.org\/wp-content\/uploads\/2024\/12\/e-lider3.png?fit=978%2C542&ssl=1&resize=350%2C200 1x, https:\/\/i0.wp.com\/corporateacademy.org\/wp-content\/uploads\/2024\/12\/e-lider3.png?fit=978%2C542&ssl=1&resize=525%2C300 1.5x, https:\/\/i0.wp.com\/corporateacademy.org\/wp-content\/uploads\/2024\/12\/e-lider3.png?fit=978%2C542&ssl=1&resize=700%2C400 2x"},"classes":[]},{"id":193,"url":"https:\/\/corporateacademy.org\/index.php\/2018\/06\/14\/socrates-e-o-feedback-nas-organizacoes\/","url_meta":{"origin":223,"position":1},"title":"S\u00f3crates e o feedback nas organiza\u00e7\u00f5es","author":"Editor","date":"14\/06\/2018","format":false,"excerpt":"Texto: M\u00e1rcio Camargo, M.Sc.\u00a0 \u00a0 \u00a0 \u00a0 \u00a0 \u00a0 \u00a0Imagem: Tumisu (Pixabay) Um dos grandes problemas nas empresas, \u00e9 sem d\u00favida, a quest\u00e3o da\u00a0comunica\u00e7\u00e3o. E quando falo de comunica\u00e7\u00e3o estou me referindo \u00e0 sua din\u00e2mica em todos os n\u00edveis nas organiza\u00e7\u00f5es, seja entre entre diretoria e lideran\u00e7a, lideran\u00e7a e colaboradores\u2026","rel":"","context":"Em &quot;Ambiente corporativo&quot;","block_context":{"text":"Ambiente corporativo","link":"https:\/\/corporateacademy.org\/index.php\/category\/ambiente-corporativo\/"},"img":{"alt_text":"","src":"https:\/\/i0.wp.com\/corporateacademy.org\/wp-content\/uploads\/2018\/06\/Tumisu.feedback-1977987.jpg?fit=1200%2C1125&ssl=1&resize=350%2C200","width":350,"height":200,"srcset":"https:\/\/i0.wp.com\/corporateacademy.org\/wp-content\/uploads\/2018\/06\/Tumisu.feedback-1977987.jpg?fit=1200%2C1125&ssl=1&resize=350%2C200 1x, https:\/\/i0.wp.com\/corporateacademy.org\/wp-content\/uploads\/2018\/06\/Tumisu.feedback-1977987.jpg?fit=1200%2C1125&ssl=1&resize=525%2C300 1.5x, https:\/\/i0.wp.com\/corporateacademy.org\/wp-content\/uploads\/2018\/06\/Tumisu.feedback-1977987.jpg?fit=1200%2C1125&ssl=1&resize=700%2C400 2x, https:\/\/i0.wp.com\/corporateacademy.org\/wp-content\/uploads\/2018\/06\/Tumisu.feedback-1977987.jpg?fit=1200%2C1125&ssl=1&resize=1050%2C600 3x"},"classes":[]},{"id":2432,"url":"https:\/\/corporateacademy.org\/index.php\/2025\/02\/14\/o-futuro-do-trabalho-como-lideres-podem-navegar-na-fronteira-entre-humanos-e-maquinas-insights-do-forum-economico-mundial\/","url_meta":{"origin":223,"position":2},"title":"O Futuro do Trabalho: Como L\u00edderes Podem Navegar na Fronteira Entre Humanos e M\u00e1quinas- Insights do F\u00f3rum Econ\u00f4mico Mundial.","author":"Editor","date":"14\/02\/2025","format":false,"excerpt":"Imagine o seguinte cen\u00e1rio: voc\u00ea chega ao trabalho e percebe que metade das tarefas que antes eram executadas por sua equipe agora s\u00e3o gerenciadas por intelig\u00eancia artificial. Os relat\u00f3rios financeiros, a triagem de candidatos para novas contrata\u00e7\u00f5es e at\u00e9 mesmo o atendimento ao cliente passaram a ser conduzidos por algoritmos\u2026","rel":"","context":"Em &quot;Ambiente corporativo&quot;","block_context":{"text":"Ambiente corporativo","link":"https:\/\/corporateacademy.org\/index.php\/category\/ambiente-corporativo\/"},"img":{"alt_text":"Humans and robots at the office","src":"https:\/\/i0.wp.com\/corporateacademy.org\/wp-content\/uploads\/2025\/02\/Human-and-Robots-Office.jpg?fit=1200%2C686&ssl=1&resize=350%2C200","width":350,"height":200,"srcset":"https:\/\/i0.wp.com\/corporateacademy.org\/wp-content\/uploads\/2025\/02\/Human-and-Robots-Office.jpg?fit=1200%2C686&ssl=1&resize=350%2C200 1x, https:\/\/i0.wp.com\/corporateacademy.org\/wp-content\/uploads\/2025\/02\/Human-and-Robots-Office.jpg?fit=1200%2C686&ssl=1&resize=525%2C300 1.5x, https:\/\/i0.wp.com\/corporateacademy.org\/wp-content\/uploads\/2025\/02\/Human-and-Robots-Office.jpg?fit=1200%2C686&ssl=1&resize=700%2C400 2x, https:\/\/i0.wp.com\/corporateacademy.org\/wp-content\/uploads\/2025\/02\/Human-and-Robots-Office.jpg?fit=1200%2C686&ssl=1&resize=1050%2C600 3x"},"classes":[]},{"id":2403,"url":"https:\/\/corporateacademy.org\/index.php\/2024\/12\/26\/sera-que-sua-inteligencia-ja-tem-dono-e-voce-nem-sabe\/","url_meta":{"origin":223,"position":3},"title":"Ser\u00e1 que sua Intelig\u00eancia J\u00e1 Tem Dono e Voc\u00ea Nem Sabe?","author":"Editor","date":"26\/12\/2024","format":false,"excerpt":"J\u00e1 parou para refletir sobre a possibilidade de sua intelig\u00eancia, aquela que impulsiona seu sucesso profissional, estar sendo replicada e utilizada sem seu conhecimento? O conceito pode soar como fic\u00e7\u00e3o cient\u00edfica, mas a realidade da intelig\u00eancia artificial generativa nos coloca diante desse cen\u00e1rio. A palestra TED de Reid Hoffman nos\u2026","rel":"","context":"Em &quot;Ambiente corporativo&quot;","block_context":{"text":"Ambiente corporativo","link":"https:\/\/corporateacademy.org\/index.php\/category\/ambiente-corporativo\/"},"img":{"alt_text":"digital brain","src":"https:\/\/i0.wp.com\/corporateacademy.org\/wp-content\/uploads\/2024\/12\/digital-brain-01.png?fit=1019%2C578&ssl=1&resize=350%2C200","width":350,"height":200,"srcset":"https:\/\/i0.wp.com\/corporateacademy.org\/wp-content\/uploads\/2024\/12\/digital-brain-01.png?fit=1019%2C578&ssl=1&resize=350%2C200 1x, https:\/\/i0.wp.com\/corporateacademy.org\/wp-content\/uploads\/2024\/12\/digital-brain-01.png?fit=1019%2C578&ssl=1&resize=525%2C300 1.5x, https:\/\/i0.wp.com\/corporateacademy.org\/wp-content\/uploads\/2024\/12\/digital-brain-01.png?fit=1019%2C578&ssl=1&resize=700%2C400 2x"},"classes":[]},{"id":1656,"url":"https:\/\/corporateacademy.org\/index.php\/2022\/12\/28\/as-cinco-melhores-praticas-usadas-por-lideres-de-sucesso-para-formar-as-melhores-equipes\/","url_meta":{"origin":223,"position":4},"title":"As Cinco Melhores Pr\u00e1ticas usadas por L\u00edderes de Sucesso para Formar as Melhores equipes.","author":"Editor","date":"28\/12\/2022","format":false,"excerpt":"Imagine que voc\u00ea \u00e9 o CEO de uma empresa de tecnologia que est\u00e1 prestes a lan\u00e7ar um novo produto. Voc\u00ea sabe que o sucesso desse produto depende da capacidade de sua equipe de trabalhar junta de forma coesa e eficiente. Ent\u00e3o, voc\u00ea come\u00e7a a procurar as melhores pr\u00e1ticas para formar\u2026","rel":"","context":"Em &quot;Ambiente corporativo&quot;","block_context":{"text":"Ambiente corporativo","link":"https:\/\/corporateacademy.org\/index.php\/category\/ambiente-corporativo\/"},"img":{"alt_text":"Lideran\u00e7a e equipe","src":"https:\/\/i0.wp.com\/corporateacademy.org\/wp-content\/uploads\/2022\/12\/people-1979261_1280.jpg?fit=1200%2C800&ssl=1&resize=350%2C200","width":350,"height":200,"srcset":"https:\/\/i0.wp.com\/corporateacademy.org\/wp-content\/uploads\/2022\/12\/people-1979261_1280.jpg?fit=1200%2C800&ssl=1&resize=350%2C200 1x, https:\/\/i0.wp.com\/corporateacademy.org\/wp-content\/uploads\/2022\/12\/people-1979261_1280.jpg?fit=1200%2C800&ssl=1&resize=525%2C300 1.5x, https:\/\/i0.wp.com\/corporateacademy.org\/wp-content\/uploads\/2022\/12\/people-1979261_1280.jpg?fit=1200%2C800&ssl=1&resize=700%2C400 2x, https:\/\/i0.wp.com\/corporateacademy.org\/wp-content\/uploads\/2022\/12\/people-1979261_1280.jpg?fit=1200%2C800&ssl=1&resize=1050%2C600 3x"},"classes":[]},{"id":2379,"url":"https:\/\/corporateacademy.org\/index.php\/2024\/12\/12\/como-hackear-seu-cerebro-para-o-sucesso-tecnicas-de-aprendizado-que-voce-precisa-conhecer\/","url_meta":{"origin":223,"position":5},"title":"Como Hackear Seu C\u00e9rebro para o Sucesso: T\u00e9cnicas de Aprendizado que Voc\u00ea Precisa Conhecer","author":"Editor","date":"12\/12\/2024","format":false,"excerpt":"Voc\u00ea j\u00e1 percebeu que vivemos em uma espiral de acelera\u00e7\u00e3o do conhecimento? Talvez j\u00e1 tenha sentido incapaz de absorver tanto conhecimento novo em t\u00e3o pouco tempo. Se esse \u00e9 o seu caso, n\u00e3o se desespere, voc\u00ea n\u00e3o est\u00e1 sozinho e quero te mostrar uma forma eficaz de aprender. Voc\u00ea n\u00e3o\u2026","rel":"","context":"Em &quot;Ambiente corporativo&quot;","block_context":{"text":"Ambiente corporativo","link":"https:\/\/corporateacademy.org\/index.php\/category\/ambiente-corporativo\/"},"img":{"alt_text":"Aprender","src":"https:\/\/i0.wp.com\/corporateacademy.org\/wp-content\/uploads\/2024\/12\/aprender-1.png?fit=899%2C503&ssl=1&resize=350%2C200","width":350,"height":200,"srcset":"https:\/\/i0.wp.com\/corporateacademy.org\/wp-content\/uploads\/2024\/12\/aprender-1.png?fit=899%2C503&ssl=1&resize=350%2C200 1x, https:\/\/i0.wp.com\/corporateacademy.org\/wp-content\/uploads\/2024\/12\/aprender-1.png?fit=899%2C503&ssl=1&resize=525%2C300 1.5x, https:\/\/i0.wp.com\/corporateacademy.org\/wp-content\/uploads\/2024\/12\/aprender-1.png?fit=899%2C503&ssl=1&resize=700%2C400 2x"},"classes":[]}],"jetpack_featured_media_url":"https:\/\/i0.wp.com\/corporateacademy.org\/wp-content\/uploads\/2018\/06\/personCoyotEdited.jpg?fit=960%2C640&ssl=1","_links":{"self":[{"href":"https:\/\/corporateacademy.org\/index.php\/wp-json\/wp\/v2\/posts\/223","targetHints":{"allow":["GET"]}}],"collection":[{"href":"https:\/\/corporateacademy.org\/index.php\/wp-json\/wp\/v2\/posts"}],"about":[{"href":"https:\/\/corporateacademy.org\/index.php\/wp-json\/wp\/v2\/types\/post"}],"author":[{"embeddable":true,"href":"https:\/\/corporateacademy.org\/index.php\/wp-json\/wp\/v2\/users\/1"}],"replies":[{"embeddable":true,"href":"https:\/\/corporateacademy.org\/index.php\/wp-json\/wp\/v2\/comments?post=223"}],"version-history":[{"count":10,"href":"https:\/\/corporateacademy.org\/index.php\/wp-json\/wp\/v2\/posts\/223\/revisions"}],"predecessor-version":[{"id":1126,"href":"https:\/\/corporateacademy.org\/index.php\/wp-json\/wp\/v2\/posts\/223\/revisions\/1126"}],"wp:featuredmedia":[{"embeddable":true,"href":"https:\/\/corporateacademy.org\/index.php\/wp-json\/wp\/v2\/media\/229"}],"wp:attachment":[{"href":"https:\/\/corporateacademy.org\/index.php\/wp-json\/wp\/v2\/media?parent=223"}],"wp:term":[{"taxonomy":"category","embeddable":true,"href":"https:\/\/corporateacademy.org\/index.php\/wp-json\/wp\/v2\/categories?post=223"},{"taxonomy":"post_tag","embeddable":true,"href":"https:\/\/corporateacademy.org\/index.php\/wp-json\/wp\/v2\/tags?post=223"}],"curies":[{"name":"wp","href":"https:\/\/api.w.org\/{rel}","templated":true}]}}