{"id":2307,"date":"2024-12-11T11:09:06","date_gmt":"2024-12-11T14:09:06","guid":{"rendered":"https:\/\/corporateacademy.org\/?p=2307"},"modified":"2024-12-11T11:10:03","modified_gmt":"2024-12-11T14:10:03","slug":"lideranca-inspiradora-desvendando-o-segredo-do-circulo-dourado-para-o-sucesso-pessoal-e-profissional","status":"publish","type":"post","link":"https:\/\/corporateacademy.org\/index.php\/2024\/12\/11\/lideranca-inspiradora-desvendando-o-segredo-do-circulo-dourado-para-o-sucesso-pessoal-e-profissional\/","title":{"rendered":"Lideran\u00e7a Inspiradora: Desvendando o Segredo do C\u00edrculo Dourado para o Sucesso Pessoal e Profissional"},"content":{"rendered":"\n<p class=\"wp-block-paragraph\"><\/p>\n\n\n\n<p class=\"has-drop-cap wp-block-paragraph\">Voc\u00ea j\u00e1 se perguntou por que algumas pessoas e organiza\u00e7\u00f5es s\u00e3o mais inovadoras, influentes e lucrativas que outras? Por que algumas comandam maior lealdade de clientes e funcion\u00e1rios? Mesmo com acesso aos mesmos recursos, por que algumas conseguem realizar coisas que parecem desafiar todas as suposi\u00e7\u00f5es?<\/p>\n\n\n\n<p class=\"wp-block-paragraph\">Simon Sinek, em sua revolucion\u00e1ria palestra TED &#8220;How Great Leaders Inspire Action&#8221;, oferece uma perspectiva fascinante sobre essas quest\u00f5es. Sua teoria, conhecida como o &#8220;C\u00edrculo Dourado&#8221;, n\u00e3o apenas explica por que certas organiza\u00e7\u00f5es e l\u00edderes se destacam, mas tamb\u00e9m fornece um modelo que qualquer pessoa pode aplicar para inspirar a\u00e7\u00e3o e alcan\u00e7ar sucesso extraordin\u00e1rio.<\/p>\n\n\n\n<p class=\"wp-block-paragraph\">Entendendo o C\u00edrculo Dourado<\/p>\n\n\n\n<p class=\"wp-block-paragraph\">No cora\u00e7\u00e3o da teoria de Sinek est\u00e1 o C\u00edrculo Dourado, composto por tr\u00eas c\u00edrculos conc\u00eantricos. De fora para dentro, eles s\u00e3o:<\/p>\n\n\n\n<ol class=\"wp-block-list\">\n<li>O QU\u00ca: Toda pessoa e organiza\u00e7\u00e3o sabe O QUE elas fazem. S\u00e3o os produtos que vendem ou os servi\u00e7os que oferecem.<\/li>\n\n\n\n<li>COMO: Algumas pessoas e organiza\u00e7\u00f5es sabem COMO fazem o que fazem. Estes s\u00e3o os processos ou a\u00e7\u00f5es espec\u00edficas que as tornam especiais ou as diferenciam dos concorrentes.<\/li>\n\n\n\n<li>PORQU\u00ca: Muito poucas pessoas ou organiza\u00e7\u00f5es sabem PORQU\u00ca fazem o que fazem. O PORQU\u00ca n\u00e3o \u00e9 sobre ganhar dinheiro &#8211; isso \u00e9 um resultado. O PORQU\u00ca \u00e9 o prop\u00f3sito, causa ou cren\u00e7a que inspira voc\u00ea a fazer o que faz.<\/li>\n<\/ol>\n\n\n\n<p class=\"wp-block-paragraph\">Sinek argumenta que a maioria das organiza\u00e7\u00f5es e pessoas comunica de fora para dentro do c\u00edrculo. Elas come\u00e7am falando sobre O QUE fazem, \u00e0s vezes sobre COMO fazem, mas raramente articulam claramente o PORQU\u00ca.<\/p>\n\n\n\n<p class=\"wp-block-paragraph\">As organiza\u00e7\u00f5es e l\u00edderes verdadeiramente inspiradores, no entanto, pensam, agem e se comunicam de dentro para fora. Eles come\u00e7am com o PORQU\u00ca.<\/p>\n\n\n\n<h3 class=\"wp-block-heading\">O Poder do PORQU\u00ca<\/h3>\n\n\n\n<p class=\"wp-block-paragraph\">Segundo Sinek, come\u00e7ar com o PORQU\u00ca tem um impacto profundo porque fala diretamente \u00e0 parte do c\u00e9rebro que controla o comportamento e a tomada de decis\u00f5es. Quando nos comunicamos de dentro para fora do C\u00edrculo Dourado, estamos falando diretamente com o sistema l\u00edmbico do c\u00e9rebro, respons\u00e1vel por emo\u00e7\u00f5es, comportamento e tomada de decis\u00f5es.<\/p>\n\n\n\n<p class=\"wp-block-paragraph\">\u00c9 por isso que, quando uma empresa claramente comunica seu PORQU\u00ca, as pessoas tendem a se sentir uma conex\u00e3o visceral com ela. N\u00e3o \u00e9 sobre racionalidade ou l\u00f3gica &#8211; \u00e9 sobre sentimento e pertencimento.<\/p>\n\n\n\n<h4 class=\"wp-block-heading\">Exemplos Inspiradores<\/h4>\n\n\n\n<p class=\"wp-block-paragraph\">Sinek usa v\u00e1rios exemplos poderosos para ilustrar sua teoria:<\/p>\n\n\n\n<p class=\"wp-block-paragraph\"><strong>Apple<\/strong>: A Apple n\u00e3o se comunica como &#8220;Fazemos \u00f3timos computadores. Eles s\u00e3o bem projetados, f\u00e1ceis de usar e amig\u00e1veis. Quer comprar um?&#8221; Em vez disso, a mensagem da Apple \u00e9 mais como: &#8220;Em tudo que fazemos, acreditamos em desafiar o status quo. Acreditamos em pensar diferente. Desafiamos o status quo fazendo produtos lindamente projetados, f\u00e1ceis de usar e amig\u00e1veis. E por acaso, fazemos \u00f3timos computadores. Quer comprar um?&#8221;<\/p>\n\n\n\n<p class=\"wp-block-paragraph\"><strong>Martin Luther King Jr<\/strong>.: King n\u00e3o ficou famoso por suas habilidades organizacionais espec\u00edficas. Ele ficou famoso por seu &#8220;Eu tenho um sonho&#8221;, n\u00e3o por seu &#8220;Eu tenho um plano&#8221;. Ele inspirou milh\u00f5es compartilhando sua vis\u00e3o e seu PORQU\u00ca, n\u00e3o detalhando estrat\u00e9gias e t\u00e1ticas.<\/p>\n\n\n\n<p class=\"wp-block-paragraph\"><strong>Os Irm\u00e3os Wright<\/strong>: Eles n\u00e3o eram os \u00fanicos tentando construir uma m\u00e1quina voadora, nem os mais qualificados ou bem financiados. Mas eles eram impulsionados por uma cren\u00e7a &#8211; o PORQU\u00ca &#8211; de que voar mudaria o curso do mundo. Essa cren\u00e7a os inspirou a perseverar quando outros desistiram.<\/p>\n\n\n\n<h4 class=\"wp-block-heading\">Aplicando o C\u00edrculo Dourado na Vida Pessoal<\/h4>\n\n\n\n<p class=\"wp-block-paragraph\">A teoria do C\u00edrculo Dourado n\u00e3o se aplica apenas a organiza\u00e7\u00f5es &#8211; ela pode ser uma ferramenta poderosa para o desenvolvimento pessoal e a busca de uma vida mais significativa e satisfat\u00f3ria. Aqui est\u00e3o algumas maneiras de aplicar esses princ\u00edpios em sua vida pessoal:<\/p>\n\n\n\n<ol class=\"wp-block-list\">\n<li><strong>Descubra Seu PORQU\u00ca<\/strong><\/li>\n<\/ol>\n\n\n\n<p class=\"wp-block-paragraph\">O primeiro passo \u00e9 identificar seu pr\u00f3prio PORQU\u00ca. Isso pode parecer uma tarefa assustadora, mas \u00e9 essencialmente sobre entender o que realmente o motiva e d\u00e1 sentido \u00e0 sua vida. Algumas perguntas para reflex\u00e3o:<\/p>\n\n\n\n<ul class=\"wp-block-list\">\n<li>O que me faz sentir verdadeiramente vivo?<\/li>\n\n\n\n<li>Quais s\u00e3o os momentos em que me sinto mais realizado?<\/li>\n\n\n\n<li>Se eu pudesse deixar um legado, qual seria?<\/li>\n\n\n\n<li>Quais s\u00e3o os valores que considero mais importantes?<\/li>\n<\/ul>\n\n\n\n<p class=\"wp-block-paragraph\">Lembre-se, seu POR QU\u00ca n\u00e3o \u00e9 sobre o que voc\u00ea faz, mas por que voc\u00ea faz o que faz.<\/p>\n\n\n\n<ol start=\"2\" class=\"wp-block-list\">\n<li><strong>Alinhe Suas A\u00e7\u00f5es com Seu PORQU\u00ca<\/strong><\/li>\n<\/ol>\n\n\n\n<p class=\"wp-block-paragraph\">Uma vez que voc\u00ea tenha clareza sobre seu POR QU\u00ca, o pr\u00f3ximo passo \u00e9 alinhar suas a\u00e7\u00f5es di\u00e1rias com esse prop\u00f3sito. Isso pode significar fazer escolhas dif\u00edceis ou mudar aspectos significativos de sua vida. Por exemplo:<\/p>\n\n\n\n<ul class=\"wp-block-list\">\n<li>Se seu POR QU\u00ca envolve ajudar os outros, voc\u00ea pode buscar oportunidades de voluntariado ou considerar uma mudan\u00e7a de carreira para um campo mais alinhado com esse prop\u00f3sito.<\/li>\n\n\n\n<li>Se seu POR QU\u00ca \u00e9 sobre criatividade e inova\u00e7\u00e3o, voc\u00ea pode dedicar mais tempo a projetos pessoais criativos ou buscar maneiras de trazer mais inova\u00e7\u00e3o para seu trabalho atual.<\/li>\n<\/ul>\n\n\n\n<ol class=\"wp-block-list\">\n<li><strong>Comunique Seu PORQU\u00ca<\/strong><\/li>\n<\/ol>\n\n\n\n<p class=\"wp-block-paragraph\">Compartilhar seu POR QU\u00ca com os outros pode ser uma maneira poderosa de construir conex\u00f5es mais profundas e inspirar aqueles ao seu redor. Isso n\u00e3o significa que voc\u00ea precisa fazer grandes discursos &#8211; pode ser t\u00e3o simples quanto explicar por que voc\u00ea faz certas escolhas ou por que certos projetos s\u00e3o importantes para voc\u00ea.<\/p>\n\n\n\n<ol start=\"4\" class=\"wp-block-list\">\n<li><strong>Use Seu PORQU\u00ca como B\u00fassola<\/strong><\/li>\n<\/ol>\n\n\n\n<p class=\"wp-block-paragraph\">Quando enfrentar decis\u00f5es dif\u00edceis ou momentos de d\u00favida, volte ao seu PORQU\u00ca. Use-o como uma b\u00fassola para guiar suas decis\u00f5es e a\u00e7\u00f5es. Pergunte a si mesmo: &#8220;Esta escolha est\u00e1 alinhada com meu PORQU\u00ca?&#8221;<\/p>\n\n\n\n<ol start=\"5\" class=\"wp-block-list\">\n<li><strong>Reavalie e Ajuste<\/strong><\/li>\n<\/ol>\n\n\n\n<p class=\"wp-block-paragraph\">Seu POR QU\u00ca pode evoluir com o tempo, e isso \u00e9 normal. Periodicamente, reserve um tempo para refletir sobre seu prop\u00f3sito e se ele ainda ressoa com voc\u00ea. Esteja aberto para ajustar conforme voc\u00ea cresce e muda.<\/p>\n\n\n\n<h3 class=\"wp-block-heading\">Aplicando o C\u00edrculo Dourado no Ambiente Corporativo<\/h3>\n\n\n\n<p class=\"wp-block-paragraph\">No mundo corporativo, a aplica\u00e7\u00e3o dos princ\u00edpios do C\u00edrculo Dourado pode transformar a cultura da empresa, melhorar o engajamento dos funcion\u00e1rios e criar uma conex\u00e3o mais forte com os clientes. Aqui est\u00e3o algumas maneiras de implementar essa abordagem:<\/p>\n\n\n\n<ol class=\"wp-block-list\">\n<li><strong>Defina o POR QU\u00ca da Sua Organiza\u00e7\u00e3o<\/strong><\/li>\n<\/ol>\n\n\n\n<p class=\"wp-block-paragraph\">O primeiro passo \u00e9 articular claramente o PORQU\u00ca da sua empresa. Isso vai al\u00e9m da miss\u00e3o ou vis\u00e3o &#8211; \u00e9 o prop\u00f3sito fundamental que impulsiona tudo o que a organiza\u00e7\u00e3o faz. Algumas perguntas para considerar:<\/p>\n\n\n\n<ul class=\"wp-block-list\">\n<li>Por que a empresa foi fundada originalmente?<\/li>\n\n\n\n<li>Que problema a empresa est\u00e1 tentando resolver no mundo?<\/li>\n\n\n\n<li>O que a empresa representa, al\u00e9m de ganhar dinheiro?<\/li>\n<\/ul>\n\n\n\n<ol class=\"wp-block-list\">\n<li><strong>Comunique o PORQU\u00ca em Todos os N\u00edveis<\/strong><\/li>\n<\/ol>\n\n\n\n<p class=\"wp-block-paragraph\">Uma vez definido o PORQU\u00ca, \u00e9 crucial comunic\u00e1-lo de forma consistente em todos os n\u00edveis da organiza\u00e7\u00e3o. Isso inclui:<\/p>\n\n\n\n<ul class=\"wp-block-list\">\n<li>Incorporar o POR QU\u00ca em materiais de marketing e comunica\u00e7\u00f5es externas<\/li>\n\n\n\n<li>Discutir regularmente o POR QU\u00ca em reuni\u00f5es de equipe e comunica\u00e7\u00f5es internas<\/li>\n\n\n\n<li>Usar o POR QU\u00ca como crit\u00e9rio na tomada de decis\u00f5es estrat\u00e9gicas<\/li>\n<\/ul>\n\n\n\n<ol class=\"wp-block-list\">\n<li><strong>Alinhe Processos e Pr\u00e1ticas com o PORQU\u00ca<\/strong><\/li>\n<\/ol>\n\n\n\n<p class=\"wp-block-paragraph\">Examine os processos e pr\u00e1ticas da empresa \u00e0 luz do PORQU\u00ca. Eles est\u00e3o alinhados com o prop\u00f3sito fundamental da organiza\u00e7\u00e3o? Se n\u00e3o, considere como podem ser ajustados para melhor refletir e apoiar o POR QU\u00ca da empresa.<\/p>\n\n\n\n<ol start=\"4\" class=\"wp-block-list\">\n<li><strong>Contrate e Promova Baseado no PORQU\u00ca<\/strong><\/li>\n<\/ol>\n\n\n\n<p class=\"wp-block-paragraph\">Ao contratar novos funcion\u00e1rios ou considerar promo\u00e7\u00f5es, leve em conta n\u00e3o apenas as habilidades e experi\u00eancia, mas tamb\u00e9m o alinhamento com o PORQU\u00ca da organiza\u00e7\u00e3o. Pessoas que compartilham a cren\u00e7a central da empresa s\u00e3o mais propensas a se sentirem engajadas e motivadas.<\/p>\n\n\n\n<ol start=\"5\" class=\"wp-block-list\">\n<li><strong>Use o PORQU\u00ca para Inspirar Inova\u00e7\u00e3o<\/strong><\/li>\n<\/ol>\n\n\n\n<p class=\"wp-block-paragraph\">Encoraje equipes a pensar em novas ideias e solu\u00e7\u00f5es que estejam alinhadas com o POR QU\u00ca da empresa. Isso pode levar a inova\u00e7\u00f5es que n\u00e3o apenas melhoram o desempenho da empresa, mas tamb\u00e9m refor\u00e7am sua miss\u00e3o fundamental.<\/p>\n\n\n\n<ol start=\"6\" class=\"wp-block-list\">\n<li><strong>Me\u00e7a o Sucesso Al\u00e9m dos N\u00fameros<\/strong><\/li>\n<\/ol>\n\n\n\n<p class=\"wp-block-paragraph\">Embora m\u00e9tricas financeiras sejam importantes, considere desenvolver m\u00e9tricas que tamb\u00e9m reflitam o qu\u00e3o bem a empresa est\u00e1 vivendo seu PORQU\u00ca. Isso pode incluir medidas de impacto social, satisfa\u00e7\u00e3o do cliente ou engajamento dos funcion\u00e1rios.<\/p>\n\n\n\n<h3 class=\"wp-block-heading\">Superando Desafios na Implementa\u00e7\u00e3o do C\u00edrculo Dourado<\/h3>\n\n\n\n<p class=\"wp-block-paragraph\">Embora o conceito do C\u00edrculo Dourado seja poderoso, sua implementa\u00e7\u00e3o pode enfrentar desafios tanto na vida pessoal quanto corporativa. Aqui est\u00e3o algumas dificuldades comuns e como super\u00e1-las:<\/p>\n\n\n\n<ol class=\"wp-block-list\">\n<li><strong>Resist\u00eancia \u00e0 Mudan\u00e7a<\/strong><\/li>\n<\/ol>\n\n\n\n<p class=\"wp-block-paragraph\">Desafio: Tanto indiv\u00edduos quanto organiza\u00e7\u00f5es podem resistir \u00e0 ideia de repensar fundamentalmente sua abordagem.<\/p>\n\n\n\n<p class=\"wp-block-paragraph\">Solu\u00e7\u00e3o: Comece com pequenos passos. Introduza o conceito gradualmente e mostre como ele pode levar a resultados positivos. Use exemplos concretos de sucesso para ilustrar o potencial da abordagem.<\/p>\n\n\n\n<ol start=\"2\" class=\"wp-block-list\">\n<li><strong>Dificuldade em Articular o PORQU\u00ca<\/strong><\/li>\n<\/ol>\n\n\n\n<p class=\"wp-block-paragraph\">Desafio: Muitas pessoas e organiza\u00e7\u00f5es acham dif\u00edcil identificar e articular claramente seu POR QU\u00ca.<\/p>\n\n\n\n<p class=\"wp-block-paragraph\">Solu\u00e7\u00e3o: Use exerc\u00edcios de reflex\u00e3o e brainstorming. Considere trazer um facilitador externo para ajudar no processo. Lembre-se de que encontrar o POR QU\u00ca \u00e9 um processo, n\u00e3o um evento \u00fanico.<\/p>\n\n\n\n<ol start=\"3\" class=\"wp-block-list\">\n<li><strong>Manuten\u00e7\u00e3o do Foco a Longo Prazo<\/strong><\/li>\n<\/ol>\n\n\n\n<p class=\"wp-block-paragraph\">Desafio: \u00c9 f\u00e1cil voltar aos velhos h\u00e1bitos de focar apenas no QUE e no COMO.<\/p>\n\n\n\n<p class=\"wp-block-paragraph\">Solu\u00e7\u00e3o: Incorpore o PORQU\u00ca em processos regulares de revis\u00e3o e planejamento. Crie lembretes visuais do PORQU\u00ca no ambiente de trabalho ou em sua vida pessoal.<\/p>\n\n\n\n<ol start=\"4\" class=\"wp-block-list\">\n<li><strong>Alinhamento em Grandes Organiza\u00e7\u00f5es<\/strong><\/li>\n<\/ol>\n\n\n\n<p class=\"wp-block-paragraph\">Desafio: Em grandes empresas, pode ser dif\u00edcil alinhar todas as divis\u00f5es e departamentos com um \u00fanico PORQU\u00ca.<\/p>\n\n\n\n<p class=\"wp-block-paragraph\">Solu\u00e7\u00e3o: Permita que diferentes partes da organiza\u00e7\u00e3o interpretem como o PORQU\u00ca central se aplica a seu trabalho espec\u00edfico. Promova o compartilhamento de hist\u00f3rias que ilustrem o PORQU\u00ca em a\u00e7\u00e3o em diferentes \u00e1reas da empresa.<\/p>\n\n\n\n<ol start=\"5\" class=\"wp-block-list\">\n<li><strong>Mentalidade de Curto Prazo<\/strong><\/li>\n<\/ol>\n\n\n\n<p class=\"wp-block-paragraph\">Desafio: A press\u00e3o por resultados imediatos pode levar a um foco excessivo em m\u00e9tricas de curto prazo, em detrimento do PORQU\u00ca.<\/p>\n\n\n\n<p class=\"wp-block-paragraph\">Solu\u00e7\u00e3o: Desenvolva m\u00e9tricas de longo prazo que reflitam o PORQU\u00ca. Eduque stakeholders sobre a import\u00e2ncia de uma vis\u00e3o de longo prazo para o sucesso sustent\u00e1vel.<\/p>\n\n\n\n<h3 class=\"wp-block-heading\">O Impacto Transformador do C\u00edrculo Dourado<\/h3>\n\n\n\n<p class=\"wp-block-paragraph\">Quando implementado de forma eficaz, o C\u00edrculo Dourado pode ter um impacto transformador tanto na vida pessoal quanto nas organiza\u00e7\u00f5es:<\/p>\n\n\n\n<ol class=\"wp-block-list\">\n<li><strong>Maior Clareza e Foco<\/strong><\/li>\n<\/ol>\n\n\n\n<p class=\"wp-block-paragraph\">Ao ter um PORQU\u00ca claro, indiv\u00edduos e organiza\u00e7\u00f5es podem tomar decis\u00f5es mais facilmente e com maior confian\u00e7a. O PORQU\u00ca serve como um filtro para oportunidades e desafios.<\/p>\n\n\n\n<ol start=\"2\" class=\"wp-block-list\">\n<li><strong>Aumento da Motiva\u00e7\u00e3o e Engajamento<\/strong><\/li>\n<\/ol>\n\n\n\n<p class=\"wp-block-paragraph\">Pessoas que entendem e acreditam no PORQU\u00ca de seu trabalho ou organiza\u00e7\u00e3o tendem a ser mais motivadas e engajadas. Isso pode levar a maior produtividade e satisfa\u00e7\u00e3o.<\/p>\n\n\n\n<ol start=\"3\" class=\"wp-block-list\">\n<li><strong>Melhor Conex\u00e3o com Clientes e Stakeholders<\/strong><\/li>\n<\/ol>\n\n\n\n<p class=\"wp-block-paragraph\">Organiza\u00e7\u00f5es que comunicam claramente seu PORQU\u00ca tendem a atrair clientes que compartilham valores semelhantes, criando rela\u00e7\u00f5es mais fortes e duradouras.<\/p>\n\n\n\n<ol start=\"4\" class=\"wp-block-list\">\n<li><strong>Maior Resili\u00eancia<\/strong><\/li>\n<\/ol>\n\n\n\n<p class=\"wp-block-paragraph\">Um PORQU\u00ca forte pode ajudar indiv\u00edduos e organiza\u00e7\u00f5es a persistir em face de desafios, fornecendo um senso de prop\u00f3sito que transcende dificuldades tempor\u00e1rias.<\/p>\n\n\n\n<ol start=\"5\" class=\"wp-block-list\">\n<li><strong>Inova\u00e7\u00e3o Mais Significativa<\/strong><\/li>\n<\/ol>\n\n\n\n<p class=\"wp-block-paragraph\">Quando a inova\u00e7\u00e3o \u00e9 guiada por um PORQU\u00ca claro, ela tende a ser mais significativa e alinhada com os valores fundamentais do indiv\u00edduo ou organiza\u00e7\u00e3o.<\/p>\n\n\n\n<ol start=\"6\" class=\"wp-block-list\">\n<li><strong>Cultura Organizacional Mais Forte<\/strong><\/li>\n<\/ol>\n\n\n\n<p class=\"wp-block-paragraph\">Empresas com um PORQU\u00ca claro tendem a desenvolver culturas mais fortes e coesas, o que pode levar a menor rotatividade de funcion\u00e1rios e maior colabora\u00e7\u00e3o.<\/p>\n\n\n\n<h3 class=\"wp-block-heading\">O Poder Duradouro do PORQU\u00ca<\/h3>\n\n\n\n<p class=\"wp-block-paragraph\"><a href=\"https:\/\/amzn.to\/3Bx1H3F\" target=\"_blank\" rel=\"noreferrer noopener\"> Simon Sinek<\/a>  oferece mais do que apenas uma teoria de lideran\u00e7a &#8211; ele fornece um modelo para uma vida mais significativa e um neg\u00f3cio mais impactante. Ao come\u00e7ar com o PORQU\u00ca, indiv\u00edduos e organiza\u00e7\u00f5es podem criar um senso de prop\u00f3sito que inspira a\u00e7\u00e3o, fomenta lealdade e impulsiona o sucesso sustent\u00e1vel.<\/p>\n\n\n\n<p class=\"wp-block-paragraph\">No entanto, \u00e9 importante lembrar que descobrir e viver seu POR QU\u00ca n\u00e3o \u00e9 um processo \u00fanico ou f\u00e1cil. \u00c9 uma jornada cont\u00ednua de descoberta, alinhamento e crescimento. Requer coragem para questionar suposi\u00e7\u00f5es, honestidade para enfrentar verdades desconfort\u00e1veis e persist\u00eancia para manter o foco em face de desafios.<\/p>\n\n\n\n<p class=\"wp-block-paragraph\">Mas os benef\u00edcios de viver e liderar com um PORQU\u00ca claro s\u00e3o imensur\u00e1veis. N\u00e3o se trata apenas de sucesso nos neg\u00f3cios ou realiza\u00e7\u00e3o pessoal &#8211; trata-se de criar um impacto duradouro e significativo no mundo.<\/p>\n\n\n\n<p class=\"wp-block-paragraph\">Ent\u00e3o, qual \u00e9 o seu PORQU\u00ca? Como voc\u00ea pode come\u00e7ar a aplicar os princ\u00edpios do C\u00edrculo Dourado em sua vida ou organiza\u00e7\u00e3o hoje? Lembre-se, como Sinek diz: &#8220;As pessoas n\u00e3o compram O QUE voc\u00ea faz, elas compram PORQUE voc\u00ea faz.&#8221;<\/p>\n\n\n\n<p class=\"wp-block-paragraph\">Ao abra\u00e7ar o poder do PORQU\u00ca, voc\u00ea n\u00e3o apenas se tornar\u00e1 um l\u00edder mais eficaz &#8211; voc\u00ea se tornar\u00e1 uma fonte de inspira\u00e7\u00e3o para aqueles ao seu redor, criando um efeito cascata de prop\u00f3sito e significado que pode verdadeiramente mudar o mundo.<\/p>\n\n\n\n<h3 class=\"wp-block-heading\">Assista o PodCast sobre o livro Comece pelo Por qu\u00ea.<\/h3>\n\n\n\n<figure class=\"wp-block-embed is-type-video is-provider-youtube wp-block-embed-youtube wp-embed-aspect-16-9 wp-has-aspect-ratio\"><div class=\"wp-block-embed__wrapper\">\n<span class=\"embed-youtube\" style=\"text-align:center; display: block;\"><iframe loading=\"lazy\" class=\"youtube-player\" width=\"660\" height=\"372\" src=\"https:\/\/www.youtube.com\/embed\/oreGtIgRNds?version=3&#038;rel=1&#038;showsearch=0&#038;showinfo=1&#038;iv_load_policy=1&#038;fs=1&#038;hl=pt-BR&#038;autohide=2&#038;wmode=transparent\" allowfullscreen=\"true\" style=\"border:0;\" sandbox=\"allow-scripts allow-same-origin allow-popups allow-presentation allow-popups-to-escape-sandbox\"><\/iframe><\/span>\n<\/div><\/figure>\n\n\n\n<h3 class=\"wp-block-heading\">Refer\u00eancias<\/h3>\n\n\n\n<p class=\"wp-block-paragraph\"><a href=\"https:\/\/amzn.to\/4g5s93J\">Comece pelo porqu\u00ea: Como grandes l\u00edderes inspiram pessoas e equipes a agir. Simon Sinek.  Livro. Editora Sextante. 256 p\u00e1ginas.<\/a><\/p>\n\n\n\n<p class=\"wp-block-paragraph\"><a href=\"https:\/\/www.youtube.com\/watch?v=qp0HIF3SfI4&amp;list=PLOGi5-fAu8bHnnG6iuIUMOuZRaBKEal7O\">How great leaders inspire action | Simon Sinek | TED (youtube.com)<\/a><\/p>\n","protected":false},"excerpt":{"rendered":"<p>Voc\u00ea j\u00e1 se perguntou por que algumas pessoas e organiza\u00e7\u00f5es s\u00e3o mais inovadoras, influentes e lucrativas que outras? Por que algumas comandam maior lealdade de clientes e funcion\u00e1rios? Mesmo com acesso aos mesmos recursos, por que algumas conseguem realizar coisas que parecem desafiar todas as suposi\u00e7\u00f5es? Simon Sinek, em sua revolucion\u00e1ria palestra TED &#8220;How Great &hellip; <a href=\"https:\/\/corporateacademy.org\/index.php\/2024\/12\/11\/lideranca-inspiradora-desvendando-o-segredo-do-circulo-dourado-para-o-sucesso-pessoal-e-profissional\/\" class=\"more-link\">Continuar lendo <span class=\"screen-reader-text\">Lideran\u00e7a Inspiradora: Desvendando o Segredo do C\u00edrculo Dourado para o Sucesso Pessoal e Profissional<\/span><\/a><\/p>\n","protected":false},"author":1,"featured_media":2376,"comment_status":"open","ping_status":"open","sticky":false,"template":"","format":"standard","meta":{"_jetpack_newsletter_access":"","_jetpack_dont_email_post_to_subs":false,"_jetpack_newsletter_tier_id":0,"_jetpack_memberships_contains_paywalled_content":false,"_jetpack_feature_clip_id":0,"_jetpack_memberships_contains_paid_content":false,"footnotes":"","jetpack_publicize_message":"","jetpack_publicize_feature_enabled":true,"jetpack_social_post_already_shared":true,"jetpack_social_options":{"image_generator_settings":{"template":"highway","default_image_id":0,"font":"","enabled":false},"version":2},"jetpack_post_was_ever_published":false},"categories":[19,18,226,20,65],"tags":[52,644,95,645,22,28,227,29,24,643,61,62,57,646,244],"class_list":["post-2307","post","type-post","status-publish","format-standard","has-post-thumbnail","hentry","category-ambiente-corporativo","category-comportamento","category-criatividade","category-gestao-de-pessoas","category-tecnologia","tag-ambiente-corporativo","tag-aple","tag-apple","tag-comece-pelo-porque","tag-comportamento","tag-corporativo","tag-criatividade","tag-empresa","tag-gestao-de-pessoas","tag-harley-davidson","tag-lider","tag-lideranca","tag-pessoas","tag-simon-sinek","tag-trabalho"],"aioseo_notices":[],"aioseo_head":"\n\t\t<!-- All in One SEO 5.0.1.1 - aioseo.com -->\n\t<meta name=\"description\" content=\"Voc\u00ea j\u00e1 se perguntou por que algumas pessoas e organiza\u00e7\u00f5es s\u00e3o mais inovadoras, influentes e lucrativas que outras? Por que algumas comandam maior lealdade de clientes e funcion\u00e1rios? Mesmo com acesso aos mesmos recursos, por que algumas conseguem realizar coisas que parecem desafiar todas as suposi\u00e7\u00f5es? Simon Sinek, em sua revolucion\u00e1ria palestra TED &quot;How Great\" \/>\n\t<meta name=\"robots\" content=\"max-image-preview:large\" \/>\n\t<meta name=\"author\" content=\"Editor\"\/>\n\t<link rel=\"canonical\" href=\"https:\/\/corporateacademy.org\/index.php\/2024\/12\/11\/lideranca-inspiradora-desvendando-o-segredo-do-circulo-dourado-para-o-sucesso-pessoal-e-profissional\/\" \/>\n\t<meta name=\"generator\" content=\"All in One SEO (AIOSEO) 5.0.1.1\" \/>\n\t\t<meta property=\"og:locale\" content=\"pt_BR\" \/>\n\t\t<meta property=\"og:site_name\" content=\"Corporate Academy - Compartilhando Conhecimento\" \/>\n\t\t<meta property=\"og:type\" content=\"article\" \/>\n\t\t<meta property=\"og:title\" content=\"Lideran\u00e7a Inspiradora: Desvendando o Segredo do C\u00edrculo Dourado para o Sucesso Pessoal e Profissional - Corporate Academy\" \/>\n\t\t<meta property=\"og:description\" content=\"Voc\u00ea j\u00e1 se perguntou por que algumas pessoas e organiza\u00e7\u00f5es s\u00e3o mais inovadoras, influentes e lucrativas que outras? Por que algumas comandam maior lealdade de clientes e funcion\u00e1rios? Mesmo com acesso aos mesmos recursos, por que algumas conseguem realizar coisas que parecem desafiar todas as suposi\u00e7\u00f5es? Simon Sinek, em sua revolucion\u00e1ria palestra TED &quot;How Great\" \/>\n\t\t<meta property=\"og:url\" content=\"https:\/\/corporateacademy.org\/index.php\/2024\/12\/11\/lideranca-inspiradora-desvendando-o-segredo-do-circulo-dourado-para-o-sucesso-pessoal-e-profissional\/\" \/>\n\t\t<meta property=\"og:image\" content=\"https:\/\/i0.wp.com\/corporateacademy.org\/wp-content\/uploads\/2018\/03\/Logo200x200.jpg?fit=200200\" \/>\n\t\t<meta property=\"og:image:secure_url\" content=\"https:\/\/i0.wp.com\/corporateacademy.org\/wp-content\/uploads\/2018\/03\/Logo200x200.jpg?fit=200200\" \/>\n\t\t<meta property=\"article:published_time\" content=\"2024-12-11T14:09:06+00:00\" \/>\n\t\t<meta property=\"article:modified_time\" content=\"2024-12-11T14:10:03+00:00\" \/>\n\t\t<meta name=\"twitter:card\" content=\"summary_large_image\" \/>\n\t\t<meta name=\"twitter:title\" content=\"Lideran\u00e7a Inspiradora: Desvendando o Segredo do C\u00edrculo Dourado para o Sucesso Pessoal e Profissional - Corporate Academy\" \/>\n\t\t<meta name=\"twitter:description\" content=\"Voc\u00ea j\u00e1 se perguntou por que algumas pessoas e organiza\u00e7\u00f5es s\u00e3o mais inovadoras, influentes e lucrativas que outras? Por que algumas comandam maior lealdade de clientes e funcion\u00e1rios? Mesmo com acesso aos mesmos recursos, por que algumas conseguem realizar coisas que parecem desafiar todas as suposi\u00e7\u00f5es? Simon Sinek, em sua revolucion\u00e1ria palestra TED &quot;How Great\" \/>\n\t\t<meta name=\"twitter:image\" content=\"https:\/\/i0.wp.com\/corporateacademy.org\/wp-content\/uploads\/2018\/03\/Logo200x200.jpg?fit=200200\" \/>\n\t\t<script type=\"application\/ld+json\" class=\"aioseo-schema\">\n\t\t\t{\"@context\":\"https:\\\/\\\/schema.org\",\"@graph\":[{\"@type\":\"BlogPosting\",\"@id\":\"https:\\\/\\\/corporateacademy.org\\\/index.php\\\/2024\\\/12\\\/11\\\/lideranca-inspiradora-desvendando-o-segredo-do-circulo-dourado-para-o-sucesso-pessoal-e-profissional\\\/#blogposting\",\"name\":\"Lideran\\u00e7a Inspiradora: Desvendando o Segredo do C\\u00edrculo Dourado para o Sucesso Pessoal e Profissional - Corporate Academy\",\"headline\":\"Lideran\\u00e7a Inspiradora: Desvendando o Segredo do C\\u00edrculo Dourado para o Sucesso Pessoal e Profissional\",\"author\":{\"@id\":\"https:\\\/\\\/corporateacademy.org\\\/index.php\\\/author\\\/nevesf\\\/#author\"},\"publisher\":{\"@id\":\"https:\\\/\\\/corporateacademy.org\\\/#organization\"},\"image\":{\"@type\":\"ImageObject\",\"url\":\"https:\\\/\\\/i0.wp.com\\\/corporateacademy.org\\\/wp-content\\\/uploads\\\/2024\\\/12\\\/jovem-sobre-uma-moto-harley-davidson-em-um-dia-ens.png?fit=1820%2C1024&ssl=1\",\"width\":1820,\"height\":1024,\"caption\":\"comece pelo por qu\\u00ea\"},\"datePublished\":\"2024-12-11T11:09:06-03:00\",\"dateModified\":\"2024-12-11T11:10:03-03:00\",\"inLanguage\":\"pt-BR\",\"mainEntityOfPage\":{\"@id\":\"https:\\\/\\\/corporateacademy.org\\\/index.php\\\/2024\\\/12\\\/11\\\/lideranca-inspiradora-desvendando-o-segredo-do-circulo-dourado-para-o-sucesso-pessoal-e-profissional\\\/#webpage\"},\"isPartOf\":{\"@id\":\"https:\\\/\\\/corporateacademy.org\\\/index.php\\\/2024\\\/12\\\/11\\\/lideranca-inspiradora-desvendando-o-segredo-do-circulo-dourado-para-o-sucesso-pessoal-e-profissional\\\/#webpage\"},\"articleSection\":\"Ambiente corporativo, comportamento, criatividade, gest\\u00e3o de pessoas, tecnologia, ambiente corporativo, aple, Apple, comece pelo porqu\\u00ea, comportamento, corporativo, criatividade, empresa, gest\\u00e3o de pessoas, harley davidson, l\\u00edder, lideran\\u00e7a, pessoas, simon sinek, trabalho\"},{\"@type\":\"BreadcrumbList\",\"@id\":\"https:\\\/\\\/corporateacademy.org\\\/index.php\\\/2024\\\/12\\\/11\\\/lideranca-inspiradora-desvendando-o-segredo-do-circulo-dourado-para-o-sucesso-pessoal-e-profissional\\\/#breadcrumblist\",\"itemListElement\":[{\"@type\":\"ListItem\",\"@id\":\"https:\\\/\\\/corporateacademy.org#listItem\",\"position\":1,\"name\":\"Home\",\"item\":\"https:\\\/\\\/corporateacademy.org\",\"nextItem\":{\"@type\":\"ListItem\",\"@id\":\"https:\\\/\\\/corporateacademy.org\\\/index.php\\\/category\\\/comportamento\\\/#listItem\",\"name\":\"comportamento\"}},{\"@type\":\"ListItem\",\"@id\":\"https:\\\/\\\/corporateacademy.org\\\/index.php\\\/category\\\/comportamento\\\/#listItem\",\"position\":2,\"name\":\"comportamento\",\"item\":\"https:\\\/\\\/corporateacademy.org\\\/index.php\\\/category\\\/comportamento\\\/\",\"nextItem\":{\"@type\":\"ListItem\",\"@id\":\"https:\\\/\\\/corporateacademy.org\\\/index.php\\\/2024\\\/12\\\/11\\\/lideranca-inspiradora-desvendando-o-segredo-do-circulo-dourado-para-o-sucesso-pessoal-e-profissional\\\/#listItem\",\"name\":\"Lideran\\u00e7a Inspiradora: Desvendando o Segredo do C\\u00edrculo Dourado para o Sucesso Pessoal e Profissional\"},\"previousItem\":{\"@type\":\"ListItem\",\"@id\":\"https:\\\/\\\/corporateacademy.org#listItem\",\"name\":\"Home\"}},{\"@type\":\"ListItem\",\"@id\":\"https:\\\/\\\/corporateacademy.org\\\/index.php\\\/2024\\\/12\\\/11\\\/lideranca-inspiradora-desvendando-o-segredo-do-circulo-dourado-para-o-sucesso-pessoal-e-profissional\\\/#listItem\",\"position\":3,\"name\":\"Lideran\\u00e7a Inspiradora: Desvendando o Segredo do C\\u00edrculo Dourado para o Sucesso Pessoal e Profissional\",\"previousItem\":{\"@type\":\"ListItem\",\"@id\":\"https:\\\/\\\/corporateacademy.org\\\/index.php\\\/category\\\/comportamento\\\/#listItem\",\"name\":\"comportamento\"}}]},{\"@type\":\"Organization\",\"@id\":\"https:\\\/\\\/corporateacademy.org\\\/#organization\",\"name\":\"Corporate Academy\",\"description\":\"Compartilhando Conhecimento\",\"url\":\"https:\\\/\\\/corporateacademy.org\\\/\",\"logo\":{\"@type\":\"ImageObject\",\"url\":\"https:\\\/\\\/i0.wp.com\\\/corporateacademy.org\\\/wp-content\\\/uploads\\\/2018\\\/03\\\/Logo200x200.jpg?fit=200%2C200&ssl=1\",\"@id\":\"https:\\\/\\\/corporateacademy.org\\\/index.php\\\/2024\\\/12\\\/11\\\/lideranca-inspiradora-desvendando-o-segredo-do-circulo-dourado-para-o-sucesso-pessoal-e-profissional\\\/#organizationLogo\",\"width\":200,\"height\":200},\"image\":{\"@id\":\"https:\\\/\\\/corporateacademy.org\\\/index.php\\\/2024\\\/12\\\/11\\\/lideranca-inspiradora-desvendando-o-segredo-do-circulo-dourado-para-o-sucesso-pessoal-e-profissional\\\/#organizationLogo\"}},{\"@type\":\"Person\",\"@id\":\"https:\\\/\\\/corporateacademy.org\\\/index.php\\\/author\\\/nevesf\\\/#author\",\"url\":\"https:\\\/\\\/corporateacademy.org\\\/index.php\\\/author\\\/nevesf\\\/\",\"name\":\"Editor\",\"image\":{\"@type\":\"ImageObject\",\"@id\":\"https:\\\/\\\/corporateacademy.org\\\/index.php\\\/2024\\\/12\\\/11\\\/lideranca-inspiradora-desvendando-o-segredo-do-circulo-dourado-para-o-sucesso-pessoal-e-profissional\\\/#authorImage\",\"url\":\"https:\\\/\\\/secure.gravatar.com\\\/avatar\\\/40a180061deabb68d04bd9f812bde2b372b5d57984baf7dd947ee866377d90fb?s=96&d=blank&r=g\",\"width\":96,\"height\":96,\"caption\":\"Editor\"}},{\"@type\":\"WebPage\",\"@id\":\"https:\\\/\\\/corporateacademy.org\\\/index.php\\\/2024\\\/12\\\/11\\\/lideranca-inspiradora-desvendando-o-segredo-do-circulo-dourado-para-o-sucesso-pessoal-e-profissional\\\/#webpage\",\"url\":\"https:\\\/\\\/corporateacademy.org\\\/index.php\\\/2024\\\/12\\\/11\\\/lideranca-inspiradora-desvendando-o-segredo-do-circulo-dourado-para-o-sucesso-pessoal-e-profissional\\\/\",\"name\":\"Lideran\\u00e7a Inspiradora: Desvendando o Segredo do C\\u00edrculo Dourado para o Sucesso Pessoal e Profissional - Corporate Academy\",\"description\":\"Voc\\u00ea j\\u00e1 se perguntou por que algumas pessoas e organiza\\u00e7\\u00f5es s\\u00e3o mais inovadoras, influentes e lucrativas que outras? Por que algumas comandam maior lealdade de clientes e funcion\\u00e1rios? Mesmo com acesso aos mesmos recursos, por que algumas conseguem realizar coisas que parecem desafiar todas as suposi\\u00e7\\u00f5es? Simon Sinek, em sua revolucion\\u00e1ria palestra TED \\\"How Great\",\"inLanguage\":\"pt-BR\",\"isPartOf\":{\"@id\":\"https:\\\/\\\/corporateacademy.org\\\/#website\"},\"breadcrumb\":{\"@id\":\"https:\\\/\\\/corporateacademy.org\\\/index.php\\\/2024\\\/12\\\/11\\\/lideranca-inspiradora-desvendando-o-segredo-do-circulo-dourado-para-o-sucesso-pessoal-e-profissional\\\/#breadcrumblist\"},\"author\":{\"@id\":\"https:\\\/\\\/corporateacademy.org\\\/index.php\\\/author\\\/nevesf\\\/#author\"},\"creator\":{\"@id\":\"https:\\\/\\\/corporateacademy.org\\\/index.php\\\/author\\\/nevesf\\\/#author\"},\"image\":{\"@type\":\"ImageObject\",\"url\":\"https:\\\/\\\/i0.wp.com\\\/corporateacademy.org\\\/wp-content\\\/uploads\\\/2024\\\/12\\\/jovem-sobre-uma-moto-harley-davidson-em-um-dia-ens.png?fit=1820%2C1024&ssl=1\",\"@id\":\"https:\\\/\\\/corporateacademy.org\\\/index.php\\\/2024\\\/12\\\/11\\\/lideranca-inspiradora-desvendando-o-segredo-do-circulo-dourado-para-o-sucesso-pessoal-e-profissional\\\/#mainImage\",\"width\":1820,\"height\":1024,\"caption\":\"comece pelo por qu\\u00ea\"},\"primaryImageOfPage\":{\"@id\":\"https:\\\/\\\/corporateacademy.org\\\/index.php\\\/2024\\\/12\\\/11\\\/lideranca-inspiradora-desvendando-o-segredo-do-circulo-dourado-para-o-sucesso-pessoal-e-profissional\\\/#mainImage\"},\"datePublished\":\"2024-12-11T11:09:06-03:00\",\"dateModified\":\"2024-12-11T11:10:03-03:00\"},{\"@type\":\"WebSite\",\"@id\":\"https:\\\/\\\/corporateacademy.org\\\/#website\",\"url\":\"https:\\\/\\\/corporateacademy.org\\\/\",\"name\":\"Corporate Academy\",\"description\":\"Compartilhando Conhecimento\",\"inLanguage\":\"pt-BR\",\"publisher\":{\"@id\":\"https:\\\/\\\/corporateacademy.org\\\/#organization\"}}]}\n\t\t<\/script>\n\t\t<!-- All in One SEO -->\n\n","aioseo_head_json":{"title":"Lideran\u00e7a Inspiradora: Desvendando o Segredo do C\u00edrculo Dourado para o Sucesso Pessoal e Profissional - Corporate Academy","description":"Voc\u00ea j\u00e1 se perguntou por que algumas pessoas e organiza\u00e7\u00f5es s\u00e3o mais inovadoras, influentes e lucrativas que outras? Por que algumas comandam maior lealdade de clientes e funcion\u00e1rios? Mesmo com acesso aos mesmos recursos, por que algumas conseguem realizar coisas que parecem desafiar todas as suposi\u00e7\u00f5es? Simon Sinek, em sua revolucion\u00e1ria palestra TED \"How Great","canonical_url":"https:\/\/corporateacademy.org\/index.php\/2024\/12\/11\/lideranca-inspiradora-desvendando-o-segredo-do-circulo-dourado-para-o-sucesso-pessoal-e-profissional\/","robots":"max-image-preview:large","keywords":"","webmasterTools":{"miscellaneous":""},"schema":{"@context":"https:\/\/schema.org","@graph":[{"@type":"BlogPosting","@id":"https:\/\/corporateacademy.org\/index.php\/2024\/12\/11\/lideranca-inspiradora-desvendando-o-segredo-do-circulo-dourado-para-o-sucesso-pessoal-e-profissional\/#blogposting","name":"Lideran\u00e7a Inspiradora: Desvendando o Segredo do C\u00edrculo Dourado para o Sucesso Pessoal e Profissional - Corporate Academy","headline":"Lideran\u00e7a Inspiradora: Desvendando o Segredo do C\u00edrculo Dourado para o Sucesso Pessoal e Profissional","author":{"@id":"https:\/\/corporateacademy.org\/index.php\/author\/nevesf\/#author"},"publisher":{"@id":"https:\/\/corporateacademy.org\/#organization"},"image":{"@type":"ImageObject","url":"https:\/\/i0.wp.com\/corporateacademy.org\/wp-content\/uploads\/2024\/12\/jovem-sobre-uma-moto-harley-davidson-em-um-dia-ens.png?fit=1820%2C1024&ssl=1","width":1820,"height":1024,"caption":"comece pelo por qu\u00ea"},"datePublished":"2024-12-11T11:09:06-03:00","dateModified":"2024-12-11T11:10:03-03:00","inLanguage":"pt-BR","mainEntityOfPage":{"@id":"https:\/\/corporateacademy.org\/index.php\/2024\/12\/11\/lideranca-inspiradora-desvendando-o-segredo-do-circulo-dourado-para-o-sucesso-pessoal-e-profissional\/#webpage"},"isPartOf":{"@id":"https:\/\/corporateacademy.org\/index.php\/2024\/12\/11\/lideranca-inspiradora-desvendando-o-segredo-do-circulo-dourado-para-o-sucesso-pessoal-e-profissional\/#webpage"},"articleSection":"Ambiente corporativo, comportamento, criatividade, gest\u00e3o de pessoas, tecnologia, ambiente corporativo, aple, Apple, comece pelo porqu\u00ea, comportamento, corporativo, criatividade, empresa, gest\u00e3o de pessoas, harley davidson, l\u00edder, lideran\u00e7a, pessoas, simon sinek, trabalho"},{"@type":"BreadcrumbList","@id":"https:\/\/corporateacademy.org\/index.php\/2024\/12\/11\/lideranca-inspiradora-desvendando-o-segredo-do-circulo-dourado-para-o-sucesso-pessoal-e-profissional\/#breadcrumblist","itemListElement":[{"@type":"ListItem","@id":"https:\/\/corporateacademy.org#listItem","position":1,"name":"Home","item":"https:\/\/corporateacademy.org","nextItem":{"@type":"ListItem","@id":"https:\/\/corporateacademy.org\/index.php\/category\/comportamento\/#listItem","name":"comportamento"}},{"@type":"ListItem","@id":"https:\/\/corporateacademy.org\/index.php\/category\/comportamento\/#listItem","position":2,"name":"comportamento","item":"https:\/\/corporateacademy.org\/index.php\/category\/comportamento\/","nextItem":{"@type":"ListItem","@id":"https:\/\/corporateacademy.org\/index.php\/2024\/12\/11\/lideranca-inspiradora-desvendando-o-segredo-do-circulo-dourado-para-o-sucesso-pessoal-e-profissional\/#listItem","name":"Lideran\u00e7a Inspiradora: Desvendando o Segredo do C\u00edrculo Dourado para o Sucesso Pessoal e Profissional"},"previousItem":{"@type":"ListItem","@id":"https:\/\/corporateacademy.org#listItem","name":"Home"}},{"@type":"ListItem","@id":"https:\/\/corporateacademy.org\/index.php\/2024\/12\/11\/lideranca-inspiradora-desvendando-o-segredo-do-circulo-dourado-para-o-sucesso-pessoal-e-profissional\/#listItem","position":3,"name":"Lideran\u00e7a Inspiradora: Desvendando o Segredo do C\u00edrculo Dourado para o Sucesso Pessoal e Profissional","previousItem":{"@type":"ListItem","@id":"https:\/\/corporateacademy.org\/index.php\/category\/comportamento\/#listItem","name":"comportamento"}}]},{"@type":"Organization","@id":"https:\/\/corporateacademy.org\/#organization","name":"Corporate Academy","description":"Compartilhando Conhecimento","url":"https:\/\/corporateacademy.org\/","logo":{"@type":"ImageObject","url":"https:\/\/i0.wp.com\/corporateacademy.org\/wp-content\/uploads\/2018\/03\/Logo200x200.jpg?fit=200%2C200&ssl=1","@id":"https:\/\/corporateacademy.org\/index.php\/2024\/12\/11\/lideranca-inspiradora-desvendando-o-segredo-do-circulo-dourado-para-o-sucesso-pessoal-e-profissional\/#organizationLogo","width":200,"height":200},"image":{"@id":"https:\/\/corporateacademy.org\/index.php\/2024\/12\/11\/lideranca-inspiradora-desvendando-o-segredo-do-circulo-dourado-para-o-sucesso-pessoal-e-profissional\/#organizationLogo"}},{"@type":"Person","@id":"https:\/\/corporateacademy.org\/index.php\/author\/nevesf\/#author","url":"https:\/\/corporateacademy.org\/index.php\/author\/nevesf\/","name":"Editor","image":{"@type":"ImageObject","@id":"https:\/\/corporateacademy.org\/index.php\/2024\/12\/11\/lideranca-inspiradora-desvendando-o-segredo-do-circulo-dourado-para-o-sucesso-pessoal-e-profissional\/#authorImage","url":"https:\/\/secure.gravatar.com\/avatar\/40a180061deabb68d04bd9f812bde2b372b5d57984baf7dd947ee866377d90fb?s=96&d=blank&r=g","width":96,"height":96,"caption":"Editor"}},{"@type":"WebPage","@id":"https:\/\/corporateacademy.org\/index.php\/2024\/12\/11\/lideranca-inspiradora-desvendando-o-segredo-do-circulo-dourado-para-o-sucesso-pessoal-e-profissional\/#webpage","url":"https:\/\/corporateacademy.org\/index.php\/2024\/12\/11\/lideranca-inspiradora-desvendando-o-segredo-do-circulo-dourado-para-o-sucesso-pessoal-e-profissional\/","name":"Lideran\u00e7a Inspiradora: Desvendando o Segredo do C\u00edrculo Dourado para o Sucesso Pessoal e Profissional - Corporate Academy","description":"Voc\u00ea j\u00e1 se perguntou por que algumas pessoas e organiza\u00e7\u00f5es s\u00e3o mais inovadoras, influentes e lucrativas que outras? Por que algumas comandam maior lealdade de clientes e funcion\u00e1rios? Mesmo com acesso aos mesmos recursos, por que algumas conseguem realizar coisas que parecem desafiar todas as suposi\u00e7\u00f5es? Simon Sinek, em sua revolucion\u00e1ria palestra TED \"How Great","inLanguage":"pt-BR","isPartOf":{"@id":"https:\/\/corporateacademy.org\/#website"},"breadcrumb":{"@id":"https:\/\/corporateacademy.org\/index.php\/2024\/12\/11\/lideranca-inspiradora-desvendando-o-segredo-do-circulo-dourado-para-o-sucesso-pessoal-e-profissional\/#breadcrumblist"},"author":{"@id":"https:\/\/corporateacademy.org\/index.php\/author\/nevesf\/#author"},"creator":{"@id":"https:\/\/corporateacademy.org\/index.php\/author\/nevesf\/#author"},"image":{"@type":"ImageObject","url":"https:\/\/i0.wp.com\/corporateacademy.org\/wp-content\/uploads\/2024\/12\/jovem-sobre-uma-moto-harley-davidson-em-um-dia-ens.png?fit=1820%2C1024&ssl=1","@id":"https:\/\/corporateacademy.org\/index.php\/2024\/12\/11\/lideranca-inspiradora-desvendando-o-segredo-do-circulo-dourado-para-o-sucesso-pessoal-e-profissional\/#mainImage","width":1820,"height":1024,"caption":"comece pelo por qu\u00ea"},"primaryImageOfPage":{"@id":"https:\/\/corporateacademy.org\/index.php\/2024\/12\/11\/lideranca-inspiradora-desvendando-o-segredo-do-circulo-dourado-para-o-sucesso-pessoal-e-profissional\/#mainImage"},"datePublished":"2024-12-11T11:09:06-03:00","dateModified":"2024-12-11T11:10:03-03:00"},{"@type":"WebSite","@id":"https:\/\/corporateacademy.org\/#website","url":"https:\/\/corporateacademy.org\/","name":"Corporate Academy","description":"Compartilhando Conhecimento","inLanguage":"pt-BR","publisher":{"@id":"https:\/\/corporateacademy.org\/#organization"}}]},"og:locale":"pt_BR","og:site_name":"Corporate Academy - Compartilhando Conhecimento","og:type":"article","og:title":"Lideran\u00e7a Inspiradora: Desvendando o Segredo do C\u00edrculo Dourado para o Sucesso Pessoal e Profissional - Corporate Academy","og:description":"Voc\u00ea j\u00e1 se perguntou por que algumas pessoas e organiza\u00e7\u00f5es s\u00e3o mais inovadoras, influentes e lucrativas que outras? Por que algumas comandam maior lealdade de clientes e funcion\u00e1rios? Mesmo com acesso aos mesmos recursos, por que algumas conseguem realizar coisas que parecem desafiar todas as suposi\u00e7\u00f5es? Simon Sinek, em sua revolucion\u00e1ria palestra TED &quot;How Great","og:url":"https:\/\/corporateacademy.org\/index.php\/2024\/12\/11\/lideranca-inspiradora-desvendando-o-segredo-do-circulo-dourado-para-o-sucesso-pessoal-e-profissional\/","og:image":"https:\/\/i0.wp.com\/corporateacademy.org\/wp-content\/uploads\/2018\/03\/Logo200x200.jpg?fit=200200","og:image:secure_url":"https:\/\/i0.wp.com\/corporateacademy.org\/wp-content\/uploads\/2018\/03\/Logo200x200.jpg?fit=200200","article:published_time":"2024-12-11T14:09:06+00:00","article:modified_time":"2024-12-11T14:10:03+00:00","twitter:card":"summary_large_image","twitter:title":"Lideran\u00e7a Inspiradora: Desvendando o Segredo do C\u00edrculo Dourado para o Sucesso Pessoal e Profissional - Corporate Academy","twitter:description":"Voc\u00ea j\u00e1 se perguntou por que algumas pessoas e organiza\u00e7\u00f5es s\u00e3o mais inovadoras, influentes e lucrativas que outras? Por que algumas comandam maior lealdade de clientes e funcion\u00e1rios? Mesmo com acesso aos mesmos recursos, por que algumas conseguem realizar coisas que parecem desafiar todas as suposi\u00e7\u00f5es? Simon Sinek, em sua revolucion\u00e1ria palestra TED &quot;How Great","twitter:image":"https:\/\/i0.wp.com\/corporateacademy.org\/wp-content\/uploads\/2018\/03\/Logo200x200.jpg?fit=200200"},"aioseo_meta_data":{"post_id":"2307","title":null,"description":null,"keywords":null,"keyphrases":null,"focus_keyword":null,"additional_keywords":null,"truseo_locale":null,"primary_term":null,"canonical_url":null,"og_title":null,"og_description":null,"og_object_type":"default","og_image_type":"default","og_image_custom_url":null,"og_image_custom_fields":null,"og_image_url":null,"og_image_width":null,"og_image_height":null,"og_video":null,"og_custom_url":null,"og_article_section":null,"og_article_tags":null,"twitter_use_og":false,"twitter_card":"default","twitter_image_type":"default","twitter_image_custom_url":null,"twitter_image_custom_fields":null,"twitter_image_url":null,"twitter_title":null,"twitter_description":null,"schema_type":"default","schema_type_options":null,"schema":{"blockGraphs":[],"customGraphs":[],"default":{"data":{"Article":[],"Course":[],"Dataset":[],"FAQPage":[],"Movie":[],"Person":[],"Product":[],"ProductReview":[],"Car":[],"Recipe":[],"Service":[],"SoftwareApplication":[],"WebPage":[]},"graphName":"","isEnabled":true},"graphs":[]},"pillar_content":false,"robots_default":true,"robots_noindex":false,"robots_noarchive":false,"robots_nosnippet":false,"robots_nofollow":false,"robots_noimageindex":false,"robots_noodp":false,"robots_notranslate":false,"robots_max_snippet":null,"robots_max_videopreview":null,"robots_max_imagepreview":"large","priority":null,"frequency":null,"local_seo":null,"limit_modified_date":false,"ai":null,"breadcrumb_settings":null,"seo_analyzer_scan_date":null,"created":"2026-09-02 22:01:42","updated":"2026-09-02 22:01:42"},"aioseo_breadcrumb":"<div class=\"aioseo-breadcrumbs\"><span class=\"aioseo-breadcrumb\">\n\t\t\t<a href=\"https:\/\/corporateacademy.org\" title=\"Home\">Home<\/a>\n\t\t<\/span><span class=\"aioseo-breadcrumb-separator\">&raquo;<\/span><span class=\"aioseo-breadcrumb\">\n\t\t\t<a href=\"https:\/\/corporateacademy.org\/index.php\/category\/comportamento\/\" title=\"comportamento\">comportamento<\/a>\n\t\t<\/span><span class=\"aioseo-breadcrumb-separator\">&raquo;<\/span><span class=\"aioseo-breadcrumb\">\n\t\t\tLideran\u00e7a Inspiradora: Desvendando o Segredo do C\u00edrculo Dourado para o Sucesso Pessoal e Profissional\n\t\t<\/span><\/div>","aioseo_breadcrumb_json":[{"label":"Home","link":"https:\/\/corporateacademy.org"},{"label":"comportamento","link":"https:\/\/corporateacademy.org\/index.php\/category\/comportamento\/"},{"label":"Lideran\u00e7a Inspiradora: Desvendando o Segredo do C\u00edrculo Dourado para o Sucesso Pessoal e Profissional","link":"https:\/\/corporateacademy.org\/index.php\/2024\/12\/11\/lideranca-inspiradora-desvendando-o-segredo-do-circulo-dourado-para-o-sucesso-pessoal-e-profissional\/"}],"jetpack_publicize_connections":[],"jetpack_sharing_enabled":true,"jetpack_shortlink":"https:\/\/wp.me\/p9MYp6-Bd","jetpack_likes_enabled":true,"jetpack-related-posts":[{"id":1,"url":"https:\/\/corporateacademy.org\/index.php\/2018\/01\/12\/gosto-de-voce-somos-parecidos\/","url_meta":{"origin":2307,"position":0},"title":"Gosto de voc\u00ea! Somos muito parecidos!","author":"Editor","date":"12\/01\/2018","format":false,"excerpt":"Fernando Neves, Ph.D.\u00a0 \u00a0 \u00a0 \u00a0 Em tempos de rede social e algoritmos, aquela ideia de que os opostos se atraem n\u00e3o \u00e9 verdadeira. O natural \u00e9 exatamente o oposto, ou seja, \u00a0que nos conectemos com as pessoas com quem temos afinidades. Quer queiramos admitir ou n\u00e3o, n\u00f3s gostamos disso!\u2026","rel":"","context":"Em &quot;Ambiente corporativo&quot;","block_context":{"text":"Ambiente corporativo","link":"https:\/\/corporateacademy.org\/index.php\/category\/ambiente-corporativo\/"},"img":{"alt_text":"","src":"https:\/\/i0.wp.com\/corporateacademy.org\/wp-content\/uploads\/2018\/01\/car-communication-3100981GertAltmann.jpg?fit=1200%2C400&ssl=1&resize=350%2C200","width":350,"height":200,"srcset":"https:\/\/i0.wp.com\/corporateacademy.org\/wp-content\/uploads\/2018\/01\/car-communication-3100981GertAltmann.jpg?fit=1200%2C400&ssl=1&resize=350%2C200 1x, https:\/\/i0.wp.com\/corporateacademy.org\/wp-content\/uploads\/2018\/01\/car-communication-3100981GertAltmann.jpg?fit=1200%2C400&ssl=1&resize=525%2C300 1.5x, https:\/\/i0.wp.com\/corporateacademy.org\/wp-content\/uploads\/2018\/01\/car-communication-3100981GertAltmann.jpg?fit=1200%2C400&ssl=1&resize=700%2C400 2x, https:\/\/i0.wp.com\/corporateacademy.org\/wp-content\/uploads\/2018\/01\/car-communication-3100981GertAltmann.jpg?fit=1200%2C400&ssl=1&resize=1050%2C600 3x"},"classes":[]},{"id":2337,"url":"https:\/\/corporateacademy.org\/index.php\/2024\/11\/14\/inteligencia-emocional-no-ambiente-corporativo-um-guia-para-o-sucesso-profissional\/","url_meta":{"origin":2307,"position":1},"title":"Intelig\u00eancia Emocional no Ambiente Corporativo: Um Guia para o Sucesso Profissional","author":"Editor","date":"14\/11\/2024","format":false,"excerpt":"Era uma manh\u00e3 como qualquer outra, e Ana se preparava para mais um dia de reuni\u00f5es no escrit\u00f3rio. Mas, ao abrir o e-mail, foi surpreendida com uma mensagem de um cliente insatisfeito, deixando cr\u00edticas duras sobre o projeto em que vinha trabalhando. A rea\u00e7\u00e3o imediata foi um misto de frustra\u00e7\u00e3o\u2026","rel":"","context":"Em &quot;Ambiente corporativo&quot;","block_context":{"text":"Ambiente corporativo","link":"https:\/\/corporateacademy.org\/index.php\/category\/ambiente-corporativo\/"},"img":{"alt_text":"controle emocional","src":"https:\/\/i0.wp.com\/corporateacademy.org\/wp-content\/uploads\/2024\/11\/respire-fundo02.png?fit=894%2C509&ssl=1&resize=350%2C200","width":350,"height":200,"srcset":"https:\/\/i0.wp.com\/corporateacademy.org\/wp-content\/uploads\/2024\/11\/respire-fundo02.png?fit=894%2C509&ssl=1&resize=350%2C200 1x, https:\/\/i0.wp.com\/corporateacademy.org\/wp-content\/uploads\/2024\/11\/respire-fundo02.png?fit=894%2C509&ssl=1&resize=525%2C300 1.5x, https:\/\/i0.wp.com\/corporateacademy.org\/wp-content\/uploads\/2024\/11\/respire-fundo02.png?fit=894%2C509&ssl=1&resize=700%2C400 2x"},"classes":[]},{"id":1878,"url":"https:\/\/corporateacademy.org\/index.php\/2023\/03\/03\/lego-serious-play-entenda-como-engajar-e-desenvolver-sua-equipe-com-criatividade\/","url_meta":{"origin":2307,"position":2},"title":"Lego\u00ae Serious Play\u00ae: entenda como engajar e desenvolver sua equipe com criatividade !","author":"Editor","date":"03\/03\/2023","format":false,"excerpt":"M\u00e1rcio Camargo, M.Sc. Voc\u00ea j\u00e1 imaginou trabalhar de forma leve e fazer reuni\u00f5es produtivas com LEGO? \u00c9 isso mesmo! Desde de 1996, existe a t\u00e9cnica\u00a0Lego\u00ae Serious Play\u00ae, que foi criada pelos professores Bart Victor e Johan Ross, da IMD Business School, juntamente com o CEO da Lego, Kjeld Kirk Kristiansen.\u2026","rel":"","context":"Em &quot;Ambiente corporativo&quot;","block_context":{"text":"Ambiente corporativo","link":"https:\/\/corporateacademy.org\/index.php\/category\/ambiente-corporativo\/"},"img":{"alt_text":"Lego Serious Play","src":"https:\/\/i0.wp.com\/corporateacademy.org\/wp-content\/uploads\/2023\/03\/LegoResized.jpeg?fit=1200%2C675&ssl=1&resize=350%2C200","width":350,"height":200,"srcset":"https:\/\/i0.wp.com\/corporateacademy.org\/wp-content\/uploads\/2023\/03\/LegoResized.jpeg?fit=1200%2C675&ssl=1&resize=350%2C200 1x, https:\/\/i0.wp.com\/corporateacademy.org\/wp-content\/uploads\/2023\/03\/LegoResized.jpeg?fit=1200%2C675&ssl=1&resize=525%2C300 1.5x, https:\/\/i0.wp.com\/corporateacademy.org\/wp-content\/uploads\/2023\/03\/LegoResized.jpeg?fit=1200%2C675&ssl=1&resize=700%2C400 2x, https:\/\/i0.wp.com\/corporateacademy.org\/wp-content\/uploads\/2023\/03\/LegoResized.jpeg?fit=1200%2C675&ssl=1&resize=1050%2C600 3x"},"classes":[]},{"id":2398,"url":"https:\/\/corporateacademy.org\/index.php\/2024\/12\/20\/a-coragem-de-ser-imperfeito-um-guia-para-autenticidade-e-vulnerabilidade-no-ambiente-corporativo\/","url_meta":{"origin":2307,"position":3},"title":"A Coragem de Ser Imperfeito: Um Guia para Autenticidade e Vulnerabilidade no Ambiente Corporativo","author":"Editor","date":"20\/12\/2024","format":false,"excerpt":"Voc\u00ea j\u00e1 se sentiu como se estivesse jogando um jogo que n\u00e3o pode vencer no trabalho? A press\u00e3o para ser perfeito, a necessidade de esconder suas falhas, a constante compara\u00e7\u00e3o com os colegas... Parece familiar? No mundo corporativo, onde a busca pela excel\u00eancia muitas vezes se transforma em uma corrida\u2026","rel":"","context":"Em &quot;Ambiente corporativo&quot;","block_context":{"text":"Ambiente corporativo","link":"https:\/\/corporateacademy.org\/index.php\/category\/ambiente-corporativo\/"},"img":{"alt_text":"A coragem de ser Imperfeito","src":"https:\/\/i0.wp.com\/corporateacademy.org\/wp-content\/uploads\/2024\/12\/vergonha-1-1.png?fit=896%2C502&ssl=1&resize=350%2C200","width":350,"height":200,"srcset":"https:\/\/i0.wp.com\/corporateacademy.org\/wp-content\/uploads\/2024\/12\/vergonha-1-1.png?fit=896%2C502&ssl=1&resize=350%2C200 1x, https:\/\/i0.wp.com\/corporateacademy.org\/wp-content\/uploads\/2024\/12\/vergonha-1-1.png?fit=896%2C502&ssl=1&resize=525%2C300 1.5x, https:\/\/i0.wp.com\/corporateacademy.org\/wp-content\/uploads\/2024\/12\/vergonha-1-1.png?fit=896%2C502&ssl=1&resize=700%2C400 2x"},"classes":[]},{"id":615,"url":"https:\/\/corporateacademy.org\/index.php\/2019\/09\/22\/o-que-resiliencia-tem-a-ver-com-lideranca\/","url_meta":{"origin":2307,"position":4},"title":"O que Resili\u00eancia tem a ver com Lideran\u00e7a?","author":"Editor","date":"22\/09\/2019","format":false,"excerpt":"O termo resili\u00eancia tomou conta dos ambientes corporativos de uma forma bastante r\u00e1pida, talvez por que esta propriedade dos materiais seja a melhor met\u00e1fora para analisar comportamento de l\u00edderes e liderados no mundo p\u00f3s- moderno.\u00a0 O que \u00e9? Mas o que \u00e9 resili\u00eancia? este termo hoje utilizado para descrever um\u2026","rel":"","context":"Em &quot;Ambiente corporativo&quot;","block_context":{"text":"Ambiente corporativo","link":"https:\/\/corporateacademy.org\/index.php\/category\/ambiente-corporativo\/"},"img":{"alt_text":"Resili\u00eancia, Resiliente","src":"https:\/\/i0.wp.com\/corporateacademy.org\/wp-content\/uploads\/2019\/09\/the-sapling-4160312_640.jpg?fit=640%2C423&ssl=1&resize=350%2C200","width":350,"height":200,"srcset":"https:\/\/i0.wp.com\/corporateacademy.org\/wp-content\/uploads\/2019\/09\/the-sapling-4160312_640.jpg?fit=640%2C423&ssl=1&resize=350%2C200 1x, https:\/\/i0.wp.com\/corporateacademy.org\/wp-content\/uploads\/2019\/09\/the-sapling-4160312_640.jpg?fit=640%2C423&ssl=1&resize=525%2C300 1.5x"},"classes":[]},{"id":2432,"url":"https:\/\/corporateacademy.org\/index.php\/2025\/02\/14\/o-futuro-do-trabalho-como-lideres-podem-navegar-na-fronteira-entre-humanos-e-maquinas-insights-do-forum-economico-mundial\/","url_meta":{"origin":2307,"position":5},"title":"O Futuro do Trabalho: Como L\u00edderes Podem Navegar na Fronteira Entre Humanos e M\u00e1quinas- Insights do F\u00f3rum Econ\u00f4mico Mundial.","author":"Editor","date":"14\/02\/2025","format":false,"excerpt":"Imagine o seguinte cen\u00e1rio: voc\u00ea chega ao trabalho e percebe que metade das tarefas que antes eram executadas por sua equipe agora s\u00e3o gerenciadas por intelig\u00eancia artificial. Os relat\u00f3rios financeiros, a triagem de candidatos para novas contrata\u00e7\u00f5es e at\u00e9 mesmo o atendimento ao cliente passaram a ser conduzidos por algoritmos\u2026","rel":"","context":"Em &quot;Ambiente corporativo&quot;","block_context":{"text":"Ambiente corporativo","link":"https:\/\/corporateacademy.org\/index.php\/category\/ambiente-corporativo\/"},"img":{"alt_text":"Humans and robots at the office","src":"https:\/\/i0.wp.com\/corporateacademy.org\/wp-content\/uploads\/2025\/02\/Human-and-Robots-Office.jpg?fit=1200%2C686&ssl=1&resize=350%2C200","width":350,"height":200,"srcset":"https:\/\/i0.wp.com\/corporateacademy.org\/wp-content\/uploads\/2025\/02\/Human-and-Robots-Office.jpg?fit=1200%2C686&ssl=1&resize=350%2C200 1x, https:\/\/i0.wp.com\/corporateacademy.org\/wp-content\/uploads\/2025\/02\/Human-and-Robots-Office.jpg?fit=1200%2C686&ssl=1&resize=525%2C300 1.5x, https:\/\/i0.wp.com\/corporateacademy.org\/wp-content\/uploads\/2025\/02\/Human-and-Robots-Office.jpg?fit=1200%2C686&ssl=1&resize=700%2C400 2x, https:\/\/i0.wp.com\/corporateacademy.org\/wp-content\/uploads\/2025\/02\/Human-and-Robots-Office.jpg?fit=1200%2C686&ssl=1&resize=1050%2C600 3x"},"classes":[]}],"jetpack_featured_media_url":"https:\/\/i0.wp.com\/corporateacademy.org\/wp-content\/uploads\/2024\/12\/jovem-sobre-uma-moto-harley-davidson-em-um-dia-ens.png?fit=1820%2C1024&ssl=1","_links":{"self":[{"href":"https:\/\/corporateacademy.org\/index.php\/wp-json\/wp\/v2\/posts\/2307","targetHints":{"allow":["GET"]}}],"collection":[{"href":"https:\/\/corporateacademy.org\/index.php\/wp-json\/wp\/v2\/posts"}],"about":[{"href":"https:\/\/corporateacademy.org\/index.php\/wp-json\/wp\/v2\/types\/post"}],"author":[{"embeddable":true,"href":"https:\/\/corporateacademy.org\/index.php\/wp-json\/wp\/v2\/users\/1"}],"replies":[{"embeddable":true,"href":"https:\/\/corporateacademy.org\/index.php\/wp-json\/wp\/v2\/comments?post=2307"}],"version-history":[{"count":4,"href":"https:\/\/corporateacademy.org\/index.php\/wp-json\/wp\/v2\/posts\/2307\/revisions"}],"predecessor-version":[{"id":2378,"href":"https:\/\/corporateacademy.org\/index.php\/wp-json\/wp\/v2\/posts\/2307\/revisions\/2378"}],"wp:featuredmedia":[{"embeddable":true,"href":"https:\/\/corporateacademy.org\/index.php\/wp-json\/wp\/v2\/media\/2376"}],"wp:attachment":[{"href":"https:\/\/corporateacademy.org\/index.php\/wp-json\/wp\/v2\/media?parent=2307"}],"wp:term":[{"taxonomy":"category","embeddable":true,"href":"https:\/\/corporateacademy.org\/index.php\/wp-json\/wp\/v2\/categories?post=2307"},{"taxonomy":"post_tag","embeddable":true,"href":"https:\/\/corporateacademy.org\/index.php\/wp-json\/wp\/v2\/tags?post=2307"}],"curies":[{"name":"wp","href":"https:\/\/api.w.org\/{rel}","templated":true}]}}