{"id":2347,"date":"2024-11-23T18:40:02","date_gmt":"2024-11-23T21:40:02","guid":{"rendered":"https:\/\/corporateacademy.org\/?p=2347"},"modified":"2024-12-05T22:28:52","modified_gmt":"2024-12-06T01:28:52","slug":"como-fazer-anotacoes-inteligentes-o-metodo-definitivo-para-pensar-melhor-e-produzir-mais","status":"publish","type":"post","link":"https:\/\/corporateacademy.org\/index.php\/2024\/11\/23\/como-fazer-anotacoes-inteligentes-o-metodo-definitivo-para-pensar-melhor-e-produzir-mais\/","title":{"rendered":"Como Fazer Anota\u00e7\u00f5es Inteligentes: O M\u00e9todo Definitivo para Pensar Melhor e Produzir Mais."},"content":{"rendered":"\n<hr class=\"wp-block-separator has-alpha-channel-opacity\"\/>\n\n\n\n<p class=\"has-drop-cap wp-block-paragraph\">Voc\u00ea j\u00e1 se viu perdido entre p\u00e1ginas de livros, materiais de estudo e ideias desconexas? Muitas pessoas passam por isso, seja no meio acad\u00eamico, na produ\u00e7\u00e3o de conte\u00fado ou na busca por organiza\u00e7\u00e3o intelectual. No livro <a href=\"https:\/\/amzn.to\/3Zl1AkY\" target=\"_blank\" rel=\"noreferrer noopener\"><em>How to Take Smart Notes<\/em>, S\u00f6nke Ahrens<\/a> apresenta uma solu\u00e7\u00e3o poderosa: a t\u00e9cnica das anota\u00e7\u00f5es inteligentes. Mais do que organizar informa\u00e7\u00f5es, essa abordagem transforma o modo de pensar, aprender e criar.<\/p>\n\n\n\n<p class=\"wp-block-paragraph\">Neste post, voc\u00ea vai descobrir como adotar esse m\u00e9todo, seus benef\u00edcios e dicas pr\u00e1ticas para come\u00e7ar. N\u00e3o importa se voc\u00ea \u00e9 um estudante, profissional ou criador de conte\u00fado: o sistema pode revolucionar sua produtividade e criatividade. Vamos l\u00e1?<\/p>\n\n\n\n<hr class=\"wp-block-separator has-alpha-channel-opacity\"\/>\n\n\n\n<h3 class=\"wp-block-heading\">1. O Que S\u00e3o Anota\u00e7\u00f5es Inteligentes?<\/h3>\n\n\n\n<p class=\"wp-block-paragraph\">Anota\u00e7\u00f5es inteligentes n\u00e3o s\u00e3o apenas registros de informa\u00e7\u00f5es. Elas representam um sistema ativo e estruturado que conecta ideias e ajuda a construir novos conhecimentos. Com elas, voc\u00ea n\u00e3o acumula notas desconexas, mas cria uma rede coesa de pensamentos.<\/p>\n\n\n\n<p class=\"wp-block-paragraph\"><strong>Exemplo Pr\u00e1tico:<\/strong> Imagine que voc\u00ea est\u00e1 lendo um artigo sobre inova\u00e7\u00e3o empresarial. Em vez de sublinhar passivamente, voc\u00ea escreve, em suas palavras, como aquele conceito pode ser aplicado ao seu neg\u00f3cio. Assim, a informa\u00e7\u00e3o se torna \u00fatil e f\u00e1cil de acessar no futuro.<\/p>\n\n\n\n<hr class=\"wp-block-separator has-alpha-channel-opacity\"\/>\n\n\n\n<h3 class=\"wp-block-heading\">2. Os Quatro Princ\u00edpios Fundamentais<\/h3>\n\n\n\n<p class=\"wp-block-paragraph\">S\u00f6nke Ahrens explica que o m\u00e9todo das anota\u00e7\u00f5es inteligentes \u00e9 baseado em quatro princ\u00edpios-chave:<\/p>\n\n\n\n<h4 class=\"wp-block-heading\"><strong> Escrever \u00e9 Tudo<\/strong><\/h4>\n\n\n\n<p class=\"wp-block-paragraph\">A escrita n\u00e3o \u00e9 apenas um produto final, mas o meio pelo qual aprendemos e organizamos nossos pensamentos. Anotar ideias ajuda a clarificar conceitos, identificar lacunas no racioc\u00ednio e criar argumentos.<\/p>\n\n\n\n<h4 class=\"wp-block-heading\"><strong>Simplicidade \u00e9 Essencial<\/strong><\/h4>\n\n\n\n<p class=\"wp-block-paragraph\">O m\u00e9todo valoriza a simplicidade. Ferramentas complicadas podem distrair do objetivo principal: pensar e criar. Por isso, o sistema utiliza fichas ou softwares simples para organizar suas ideias.<\/p>\n\n\n\n<h4 class=\"wp-block-heading\"><strong>Ningu\u00e9m Come\u00e7a do Zero<\/strong><\/h4>\n\n\n\n<p class=\"wp-block-paragraph\">Cada nova ideia \u00e9 constru\u00edda com base em algo que voc\u00ea j\u00e1 sabe. Anota\u00e7\u00f5es inteligentes permitem que voc\u00ea recupere pensamentos antigos e os conecte a novos insights, criando um processo cont\u00ednuo de aprendizado.<\/p>\n\n\n\n<h4 class=\"wp-block-heading\"><strong> O Trabalho Deve Te Levar Adiante<\/strong><\/h4>\n\n\n\n<p class=\"wp-block-paragraph\">Com um bom sistema de anota\u00e7\u00f5es, nada \u00e9 desperdi\u00e7ado. Mesmo ideias inacabadas podem ser revisitadas e integradas a outros projetos no futuro.<\/p>\n\n\n\n<hr class=\"wp-block-separator has-alpha-channel-opacity\"\/>\n\n\n\n<h3 class=\"wp-block-heading\">3. O Sistema em 6 Etapas<\/h3>\n\n\n\n<p class=\"wp-block-paragraph\">A t\u00e9cnica das anota\u00e7\u00f5es inteligentes segue um fluxo claro, dividido em etapas:<\/p>\n\n\n\n<h4 class=\"wp-block-heading\"><strong>Fa\u00e7a Anota\u00e7\u00f5es Transit\u00f3rias<\/strong><\/h4>\n\n\n\n<p class=\"wp-block-paragraph\">Capture ideias no momento em que surgem, sem se preocupar com organiza\u00e7\u00e3o. Use um caderno, aplicativo ou o que tiver \u00e0 m\u00e3o. Essas notas s\u00e3o tempor\u00e1rias e ser\u00e3o processadas depois.<\/p>\n\n\n\n<h4 class=\"wp-block-heading\"><strong> Leia para Compreender<\/strong><\/h4>\n\n\n\n<p class=\"wp-block-paragraph\">Ao ler, registre apenas o essencial. Use suas pr\u00f3prias palavras para garantir que voc\u00ea realmente compreendeu o conte\u00fado. Evite copiar passagens extensas.<\/p>\n\n\n\n<h4 class=\"wp-block-heading\"><strong>Crie Anota\u00e7\u00f5es Permanentes<\/strong><\/h4>\n\n\n\n<p class=\"wp-block-paragraph\">Transforme suas notas transit\u00f3rias em registros permanentes, cada um com uma \u00fanica ideia. Escreva em frases completas, inclua refer\u00eancias e conecte as ideias ao que j\u00e1 est\u00e1 no sistema.<\/p>\n\n\n\n<h4 class=\"wp-block-heading\"><strong> Organize e Conecte<\/strong><\/h4>\n\n\n\n<p class=\"wp-block-paragraph\">Integre as notas permanentes ao sistema, criando conex\u00f5es entre elas. Essas conex\u00f5es formam uma rede de ideias que facilita o acesso e estimula novos insights.<\/p>\n\n\n\n<h4 class=\"wp-block-heading\"><strong>Desenvolva Projetos<\/strong><\/h4>\n\n\n\n<p class=\"wp-block-paragraph\">Use o sistema para explorar ideias e desenvolver projetos. Identifique lacunas, crie argumentos e deixe que suas anota\u00e7\u00f5es guiem o processo criativo.<\/p>\n\n\n\n<h4 class=\"wp-block-heading\"><strong>Escreva e Publique<\/strong><\/h4>\n\n\n\n<p class=\"wp-block-paragraph\">Com suas notas organizadas, a escrita se torna mais f\u00e1cil. Transforme ideias conectadas em um texto coeso e criativo, sem a ang\u00fastia da p\u00e1gina em branco.<\/p>\n\n\n\n<hr class=\"wp-block-separator has-alpha-channel-opacity\"\/>\n\n\n\n<h3 class=\"wp-block-heading\">4. Ferramentas Essenciais para Anota\u00e7\u00f5es Inteligentes<\/h3>\n\n\n\n<p class=\"wp-block-paragraph\">O m\u00e9todo exige poucas ferramentas, mas todas s\u00e3o altamente eficazes:<\/p>\n\n\n\n<ul class=\"wp-block-list\">\n<li><strong>Caderno ou Aplicativo:<\/strong> Para capturar ideias rapidamente.<\/li>\n\n\n\n<li><strong>Sistema de Refer\u00eancias:<\/strong> Softwares como<a href=\"https:\/\/www.zotero.org\/\" target=\"_blank\" rel=\"noreferrer noopener\"> Zotero<\/a>, que \u00e9 de c\u00f3digo aberto,  ajudam a gerenciar bibliografias e notas de leitura.<\/li>\n\n\n\n<li><strong>Fich\u00e1rio ou Software de Notas:<\/strong> Ferramentas como <a href=\"https:\/\/obsidian.md\/\" target=\"_blank\" rel=\"noreferrer noopener\">Obsidian<\/a> ou <a href=\"https:\/\/roamresearch.com\/\" target=\"_blank\" rel=\"noreferrer noopener\">Roam Research<\/a> permitem organizar e conectar suas ideias ou o habitual arquivo de fichas f\u00edsico.<\/li>\n\n\n\n<li><strong>Editor de Texto:<\/strong> Use o que preferir para transformar suas notas em textos.<\/li>\n<\/ul>\n\n\n\n<p class=\"wp-block-paragraph\">Dica: N\u00e3o importa se voc\u00ea prefere o digital ou o anal\u00f3gico. Escolha o que funciona melhor para voc\u00ea!<\/p>\n\n\n\n<hr class=\"wp-block-separator has-alpha-channel-opacity\"\/>\n\n\n\n<h3 class=\"wp-block-heading\">5. Benef\u00edcios do M\u00e9todo<\/h3>\n\n\n\n<p class=\"wp-block-paragraph\">Adotar anota\u00e7\u00f5es inteligentes traz in\u00fameras vantagens, como:<\/p>\n\n\n\n<h4 class=\"wp-block-heading\"><strong>Maior Produtividade<\/strong><\/h4>\n\n\n\n<p class=\"wp-block-paragraph\">Elimina o medo da p\u00e1gina em branco. Voc\u00ea come\u00e7a com uma base s\u00f3lida de ideias.<\/p>\n\n\n\n<h4 class=\"wp-block-heading\"><strong>Aprendizado Duradouro<\/strong><\/h4>\n\n\n\n<p class=\"wp-block-paragraph\">Escrever com suas palavras solidifica o aprendizado e facilita a recupera\u00e7\u00e3o futura.<\/p>\n\n\n\n<h4 class=\"wp-block-heading\"><strong>Criatividade Amplificada<\/strong><\/h4>\n\n\n\n<p class=\"wp-block-paragraph\">As conex\u00f5es entre notas estimulam insights inesperados e novas ideias.<\/p>\n\n\n\n<hr class=\"wp-block-separator has-alpha-channel-opacity\"\/>\n\n\n\n<h3 class=\"wp-block-heading\">6. Exemplos Inspiradores do M\u00e9todo<\/h3>\n\n\n\n<h4 class=\"wp-block-heading\"><strong>Niklas Luhmann: O Mestre do M\u00e9todo<\/strong><\/h4>\n\n\n\n<p class=\"wp-block-paragraph\">Niklas Luhmann, soci\u00f3logo alem\u00e3o, \u00e9 o maior exemplo de como o m\u00e9todo das anota\u00e7\u00f5es inteligentes pode transformar sua produtividade. Ele usava um sistema de fichas, chamado <em>Zettelkasten<\/em> (explicaremos melhor no item 8), para organizar ideias. Durante sua carreira, Luhmann produziu 58 livros e centenas de artigos, atribuindo sua produtividade ao sistema.<\/p>\n\n\n\n<p class=\"wp-block-paragraph\">Por exemplo, quando Luhmann foi convidado a se tornar professor de sociologia, ele utilizou seu sistema para criar uma tese de doutorado e outra de habilita\u00e7\u00e3o em menos de um ano. Ele n\u00e3o come\u00e7ou do zero \u2013 j\u00e1 tinha uma rede de ideias pronta para ser usada.<\/p>\n\n\n\n<h4 class=\"wp-block-heading\"><strong>Outras Inspira\u00e7\u00f5es<\/strong><\/h4>\n\n\n\n<ul class=\"wp-block-list\">\n<li><strong>Richard Feynman:<\/strong> O f\u00edsico vencedor do Nobel usava a escrita para simplificar conceitos e refor\u00e7ar o aprendizado.<\/li>\n\n\n\n<li><strong>Benjamin Franklin:<\/strong> Ele fazia anota\u00e7\u00f5es di\u00e1rias para organizar reflex\u00f5es e ideias, alinhando seus objetivos de vida com suas a\u00e7\u00f5es.<\/li>\n<\/ul>\n\n\n\n<h4 class=\"wp-block-heading\"><strong>Aplica\u00e7\u00f5es Pr\u00e1ticas<\/strong><\/h4>\n\n\n\n<ul class=\"wp-block-list\">\n<li><strong>Marketing:<\/strong> Conecte tend\u00eancias de consumo a estrat\u00e9gias inovadoras.<\/li>\n\n\n\n<li><strong>Educa\u00e7\u00e3o:<\/strong> Crie curr\u00edculos mais ricos ao combinar ideias de diferentes disciplinas.<\/li>\n\n\n\n<li><strong>Vendas: <\/strong>Organize seu plano de vendas e entenda as demandas do cliente<\/li>\n<\/ul>\n\n\n\n<hr class=\"wp-block-separator has-alpha-channel-opacity\"\/>\n\n\n\n<h3 class=\"wp-block-heading\">7. Como Come\u00e7ar a Usar o M\u00e9todo Hoje?<\/h3>\n\n\n\n<p class=\"wp-block-paragraph\">A beleza do m\u00e9todo est\u00e1 em sua simplicidade. Voc\u00ea pode come\u00e7ar com o que tem em m\u00e3os e aprimorar com o tempo.<\/p>\n\n\n\n<h4 class=\"wp-block-heading\"><strong>Capture Suas Ideias<\/strong><\/h4>\n\n\n\n<p class=\"wp-block-paragraph\">Tenha sempre um caderno ou aplicativo \u00e0 disposi\u00e7\u00e3o. N\u00e3o deixe nenhuma ideia escapar!<\/p>\n\n\n\n<h4 class=\"wp-block-heading\"><strong>Transforme Anota\u00e7\u00f5es Brutas em Ideias Lapidadas<\/strong><\/h4>\n\n\n\n<p class=\"wp-block-paragraph\">Reserve um momento do dia para processar suas anota\u00e7\u00f5es e transform\u00e1-las em notas permanentes.<\/p>\n\n\n\n<h4 class=\"wp-block-heading\"><strong>Conecte Suas Ideias<\/strong><\/h4>\n\n\n\n<p class=\"wp-block-paragraph\">Crie conex\u00f5es entre suas notas para gerar novos insights. Experimente ferramentas digitais, como Obsidian, ou use fichas de papel.<\/p>\n\n\n\n<h4 class=\"wp-block-heading\"><strong>Escolha um Projeto<\/strong><\/h4>\n\n\n\n<p class=\"wp-block-paragraph\">Use o sistema para desenvolver um projeto espec\u00edfico, como um artigo ou apresenta\u00e7\u00e3o.<\/p>\n\n\n\n<h4 class=\"wp-block-heading\"><strong>Estabele\u00e7a o H\u00e1bito Di\u00e1rio<\/strong><\/h4>\n\n\n\n<p class=\"wp-block-paragraph\">Dedique ao menos 15 minutos por dia para revisar e ampliar suas notas.<\/p>\n\n\n\n<p class=\"wp-block-paragraph\"><strong>Exemplo Pr\u00e1tico:<\/strong> Durante uma leitura sobre economia circular, anote: \u201cEconomia circular = reaproveitamento de recursos.\u201d Mais tarde, refine: \u201cA economia circular prop\u00f5e modelos que eliminam o desperd\u00edcio, com potencial de aplica\u00e7\u00e3o na ind\u00fastria de cosm\u00e9ticos.\u201d<\/p>\n\n\n\n<h4 class=\"wp-block-heading\"><strong>Inspire-se com Pequenos Resultados<\/strong><\/h4>\n\n\n\n<p class=\"wp-block-paragraph\">Mesmo nos primeiros dias, voc\u00ea perceber\u00e1 como o m\u00e9todo facilita a organiza\u00e7\u00e3o e estimula a criatividade.<\/p>\n\n\n\n<hr class=\"wp-block-separator has-alpha-channel-opacity\"\/>\n\n\n\n<h4 class=\"wp-block-heading\">8. O M\u00e9todo Zettelkasten<\/h4>\n\n\n\n<p class=\"wp-block-paragraph\">O <strong>Zettelkasten<\/strong> (em alem\u00e3o, &#8220;caixa de notas&#8221;) \u00e9 um sistema de organiza\u00e7\u00e3o de conhecimento pessoal desenvolvido para registrar, conectar e acessar informa\u00e7\u00f5es de maneira eficiente. Ele foi popularizado por Niklas Luhmann, um renomado soci\u00f3logo alem\u00e3o, que atribuiu grande parte de sua produtividade intelectual ao uso deste m\u00e9todo. Luhmann publicou mais de 70 livros e centenas de artigos ao longo de sua carreira, e sua &#8220;caixa de notas&#8221; era central nesse processo.<\/p>\n\n\n\n<h4 class=\"wp-block-heading\">Como funciona o m\u00e9todo Zettelkasten?<\/h4>\n\n\n\n<p class=\"wp-block-paragraph\">O Zettelkasten \u00e9 essencialmente um sistema baseado em notas individuais (ou &#8220;fichas&#8221;), cada uma contendo uma ideia ou conceito \u00fanico. Essas notas s\u00e3o interligadas por meio de refer\u00eancias cruzadas, criando uma rede de conhecimento. O objetivo \u00e9 promover conex\u00f5es n\u00e3o \u00f3bvias entre ideias, ajudando no aprendizado, criatividade e na produ\u00e7\u00e3o de conte\u00fado.<\/p>\n\n\n\n<h4 class=\"wp-block-heading\"><strong>Notas at\u00f4micas<\/strong><\/h4>\n\n\n\n<ul class=\"wp-block-list\">\n<li>Cada nota deve conter apenas uma ideia ou conceito, de forma clara e concisa.<\/li>\n\n\n\n<li>Isso facilita a reutiliza\u00e7\u00e3o da informa\u00e7\u00e3o em diferentes contextos.<\/li>\n<\/ul>\n\n\n\n<h4 class=\"wp-block-heading\"><strong>Indexa\u00e7\u00e3o e liga\u00e7\u00e3o<\/strong><\/h4>\n\n\n\n<ul class=\"wp-block-list\">\n<li>As notas n\u00e3o s\u00e3o organizadas de forma hier\u00e1rquica tradicional (como pastas em um computador), mas sim por meio de links, criando uma rede semelhante a um hipertexto.<\/li>\n\n\n\n<li>Cada nota pode conter refer\u00eancias diretas para outras notas relacionadas.<\/li>\n<\/ul>\n\n\n\n<h4 class=\"wp-block-heading\"><strong>Identifica\u00e7\u00e3o \u00fanica<\/strong><\/h4>\n\n\n\n<ul class=\"wp-block-list\">\n<li>Luhmann usava um sistema de identifica\u00e7\u00e3o num\u00e9rica para organizar suas notas, permitindo f\u00e1cil localiza\u00e7\u00e3o e rela\u00e7\u00e3o entre elas.<\/li>\n\n\n\n<li>Em sistemas digitais, os links podem ser feitos de forma direta (por exemplo, URLs ou IDs espec\u00edficos).<\/li>\n<\/ul>\n\n\n\n<h4 class=\"wp-block-heading\"><strong>Conex\u00f5es e contexto<\/strong><\/h4>\n\n\n\n<ul class=\"wp-block-list\">\n<li>As conex\u00f5es entre as notas s\u00e3o o cora\u00e7\u00e3o do Zettelkasten. Ao criar uma nota, \u00e9 importante considerar como ela se relaciona com outras j\u00e1 existentes.<\/li>\n\n\n\n<li>O sistema incentiva a cria\u00e7\u00e3o de &#8220;notas de conex\u00e3o&#8221; ou <strong>&#8220;Hub Notes&#8221;<\/strong>, que agrupam ideias relacionadas.<\/li>\n<\/ul>\n\n\n\n<h4 class=\"wp-block-heading\">Benef\u00edcios do Zettelkasten<\/h4>\n\n\n\n<ol class=\"wp-block-list\">\n<li><strong>Produtividade intelectual<\/strong>: Ajuda a transformar fragmentos de conhecimento em ideias coerentes e criativas.<\/li>\n\n\n\n<li><strong>Facilidade de recupera\u00e7\u00e3o<\/strong>: O sistema de interconex\u00e3o torna a busca por informa\u00e7\u00f5es mais intuitiva e eficaz.<\/li>\n\n\n\n<li><strong>Aprendizado ativo<\/strong>: Criar notas exige que voc\u00ea compreenda e reformule o conhecimento, promovendo a aprendizagem profunda.<\/li>\n\n\n\n<li><strong>Aplic\u00e1vel a longo prazo<\/strong>: O sistema cresce com o tempo e se adapta a novos conhecimentos.<\/li>\n<\/ol>\n\n\n\n<h4 class=\"wp-block-heading\">Uso do Zettelkasten no formato digital<\/h4>\n\n\n\n<p class=\"wp-block-paragraph\">Com o avan\u00e7o da tecnologia, o Zettelkasten foi adaptado para ferramentas digitais, como:<\/p>\n\n\n\n<ul class=\"wp-block-list\">\n<li><strong>Obsidian<\/strong><\/li>\n\n\n\n<li><strong>Roam Research<\/strong><\/li>\n\n\n\n<li><strong>Logseq<\/strong><\/li>\n\n\n\n<li><strong>Notion<\/strong><\/li>\n<\/ul>\n\n\n\n<p class=\"wp-block-paragraph\">Essas ferramentas facilitam a cria\u00e7\u00e3o de links entre notas e incluem funcionalidades como pesquisa r\u00e1pida, gr\u00e1ficos de conex\u00f5es e sincroniza\u00e7\u00e3o entre dispositivos.<\/p>\n\n\n\n<h4 class=\"wp-block-heading\">Exemplo simples de uma rede Zettelkasten<\/h4>\n\n\n\n<ol class=\"wp-block-list\">\n<li><strong>Nota 1<\/strong>: &#8220;A energia \u00e9 a capacidade de realizar trabalho (defini\u00e7\u00e3o b\u00e1sica de f\u00edsica)&#8221;.\n<ul class=\"wp-block-list\">\n<li>Link para <strong>Nota 2<\/strong>: &#8220;Tipos de energia: cin\u00e9tica, potencial, t\u00e9rmica&#8221;.<\/li>\n\n\n\n<li>Link para <strong>Nota 3<\/strong>: &#8220;A energia como um conceito na economia: utilidade e trabalho&#8221;.<\/li>\n<\/ul>\n<\/li>\n\n\n\n<li><strong>Nota 2<\/strong>: &#8220;Tipos de energia: cin\u00e9tica, potencial, t\u00e9rmica&#8221;.\n<ul class=\"wp-block-list\">\n<li>Explica\u00e7\u00e3o de cada tipo.<\/li>\n\n\n\n<li>Links para notas com exemplos pr\u00e1ticos de cada tipo.<\/li>\n<\/ul>\n<\/li>\n\n\n\n<li><strong>Nota 3<\/strong>: &#8220;A energia como um conceito na economia: utilidade e trabalho&#8221;.\n<ul class=\"wp-block-list\">\n<li>Conex\u00e3o entre f\u00edsica e economia.<\/li>\n\n\n\n<li>Links para notas sobre teoria econ\u00f4mica.<\/li>\n<\/ul>\n<\/li>\n<\/ol>\n\n\n\n<h3 class=\"wp-block-heading\">Transforme Sua Rotina Intelectual<\/h3>\n\n\n\n<p class=\"wp-block-paragraph\">O m\u00e9todo das anota\u00e7\u00f5es inteligentes n\u00e3o \u00e9 apenas uma t\u00e9cnica; \u00e9 uma maneira de pensar e criar com mais efici\u00eancia. Comece hoje, seja com um caderno, um aplicativo ou fichas de papel. D\u00ea o primeiro passo e veja como suas ideias se transformam em uma rede de conhecimento poderosa.<\/p>\n\n\n\n<p class=\"wp-block-paragraph\">Pronto para come\u00e7ar? Pegue sua caneta ou abra seu aplicativo favorito. Sua jornada rumo a um aprendizado e cria\u00e7\u00e3o mais inteligentes est\u00e1 apenas come\u00e7ando!<\/p>\n\n\n\n<h3 class=\"wp-block-heading\">Veja o Podcast no nosso Canal do You Tube<\/h3>\n\n\n\n<hr class=\"wp-block-separator has-alpha-channel-opacity\"\/>\n\n\n\n<figure class=\"wp-block-embed is-type-video is-provider-youtube wp-block-embed-youtube wp-embed-aspect-16-9 wp-has-aspect-ratio\"><div class=\"wp-block-embed__wrapper\">\n<span class=\"embed-youtube\" style=\"text-align:center; display: block;\"><iframe loading=\"lazy\" class=\"youtube-player\" width=\"660\" height=\"372\" src=\"https:\/\/www.youtube.com\/embed\/LvX-2LkRyy8?version=3&#038;rel=1&#038;showsearch=0&#038;showinfo=1&#038;iv_load_policy=1&#038;fs=1&#038;hl=pt-BR&#038;autohide=2&#038;wmode=transparent\" allowfullscreen=\"true\" style=\"border:0;\" sandbox=\"allow-scripts allow-same-origin allow-popups allow-presentation allow-popups-to-escape-sandbox\"><\/iframe><\/span>\n<\/div><\/figure>\n\n\n\n<h3 class=\"wp-block-heading\">Refer\u00eancia<\/h3>\n\n\n\n<p class=\"wp-block-paragraph\"><a href=\"https:\/\/amzn.to\/3ZiOxk6\" target=\"_blank\" rel=\"noreferrer noopener\">How to Take Smart Notes: One Simple Technique to Boost Writing, Learning and Thinking (English Edition)<\/a>&nbsp;<\/p>\n","protected":false},"excerpt":{"rendered":"<p>Voc\u00ea j\u00e1 se viu perdido entre p\u00e1ginas de livros, materiais de estudo e ideias desconexas? Muitas pessoas passam por isso, seja no meio acad\u00eamico, na produ\u00e7\u00e3o de conte\u00fado ou na busca por organiza\u00e7\u00e3o intelectual. No livro How to Take Smart Notes, S\u00f6nke Ahrens apresenta uma solu\u00e7\u00e3o poderosa: a t\u00e9cnica das anota\u00e7\u00f5es inteligentes. Mais do que &hellip; <a href=\"https:\/\/corporateacademy.org\/index.php\/2024\/11\/23\/como-fazer-anotacoes-inteligentes-o-metodo-definitivo-para-pensar-melhor-e-produzir-mais\/\" class=\"more-link\">Continuar lendo <span class=\"screen-reader-text\">Como Fazer Anota\u00e7\u00f5es Inteligentes: O M\u00e9todo Definitivo para Pensar Melhor e Produzir Mais.<\/span><\/a><\/p>\n","protected":false},"author":1,"featured_media":2349,"comment_status":"open","ping_status":"open","sticky":false,"template":"","format":"standard","meta":{"_jetpack_newsletter_access":"","_jetpack_dont_email_post_to_subs":false,"_jetpack_newsletter_tier_id":0,"_jetpack_memberships_contains_paywalled_content":false,"_jetpack_feature_clip_id":0,"_jetpack_memberships_contains_paid_content":false,"footnotes":"","jetpack_publicize_message":"","jetpack_publicize_feature_enabled":true,"jetpack_social_post_already_shared":true,"jetpack_social_options":{"image_generator_settings":{"template":"highway","default_image_id":0,"font":"","enabled":false},"version":2},"jetpack_post_was_ever_published":false},"categories":[19],"tags":[596,604,22,600,607,613,599,610,23,602,603,598,597,612,601,608,606,452,609,611,605],"class_list":["post-2347","post","type-post","status-publish","format-standard","has-post-thumbnail","hentry","category-ambiente-corporativo","tag-anotacoes-inteligentes","tag-aprendizado-continuo","tag-comportamento","tag-conexao-de-ideias","tag-desenvolvimento-de-projetos","tag-escrita-academica","tag-escrita-eficiente","tag-ferramentas-de-anotacao","tag-gestao","tag-gestao-do-conhecimento","tag-leitura-ativa","tag-metodo-zettelkasten","tag-notas-permanentes","tag-notas-transitorias","tag-organizacao-de-ideias","tag-pensamento-critico","tag-processo-criativo","tag-produtividade","tag-rede-de-conhecimento","tag-sistema-de-notas","tag-sonke-ahrens"],"aioseo_notices":[],"aioseo_head":"\n\t\t<!-- All in One SEO 5.0.1.1 - aioseo.com -->\n\t<meta name=\"description\" content=\"Voc\u00ea j\u00e1 se viu perdido entre p\u00e1ginas de livros, materiais de estudo e ideias desconexas? Muitas pessoas passam por isso, seja no meio acad\u00eamico, na produ\u00e7\u00e3o de conte\u00fado ou na busca por organiza\u00e7\u00e3o intelectual. No livro How to Take Smart Notes, S\u00f6nke Ahrens apresenta uma solu\u00e7\u00e3o poderosa: a t\u00e9cnica das anota\u00e7\u00f5es inteligentes. Mais do que\" \/>\n\t<meta name=\"robots\" content=\"max-image-preview:large\" \/>\n\t<meta name=\"author\" content=\"Editor\"\/>\n\t<link rel=\"canonical\" href=\"https:\/\/corporateacademy.org\/index.php\/2024\/11\/23\/como-fazer-anotacoes-inteligentes-o-metodo-definitivo-para-pensar-melhor-e-produzir-mais\/\" \/>\n\t<meta name=\"generator\" content=\"All in One SEO (AIOSEO) 5.0.1.1\" \/>\n\t\t<meta property=\"og:locale\" content=\"pt_BR\" \/>\n\t\t<meta property=\"og:site_name\" content=\"Corporate Academy - Compartilhando Conhecimento\" \/>\n\t\t<meta property=\"og:type\" content=\"article\" \/>\n\t\t<meta property=\"og:title\" content=\"Como Fazer Anota\u00e7\u00f5es Inteligentes: O M\u00e9todo Definitivo para Pensar Melhor e Produzir Mais. - Corporate Academy\" \/>\n\t\t<meta property=\"og:description\" content=\"Voc\u00ea j\u00e1 se viu perdido entre p\u00e1ginas de livros, materiais de estudo e ideias desconexas? Muitas pessoas passam por isso, seja no meio acad\u00eamico, na produ\u00e7\u00e3o de conte\u00fado ou na busca por organiza\u00e7\u00e3o intelectual. No livro How to Take Smart Notes, S\u00f6nke Ahrens apresenta uma solu\u00e7\u00e3o poderosa: a t\u00e9cnica das anota\u00e7\u00f5es inteligentes. Mais do que\" \/>\n\t\t<meta property=\"og:url\" content=\"https:\/\/corporateacademy.org\/index.php\/2024\/11\/23\/como-fazer-anotacoes-inteligentes-o-metodo-definitivo-para-pensar-melhor-e-produzir-mais\/\" \/>\n\t\t<meta property=\"og:image\" content=\"https:\/\/i0.wp.com\/corporateacademy.org\/wp-content\/uploads\/2018\/03\/Logo200x200.jpg?fit=200200\" \/>\n\t\t<meta property=\"og:image:secure_url\" content=\"https:\/\/i0.wp.com\/corporateacademy.org\/wp-content\/uploads\/2018\/03\/Logo200x200.jpg?fit=200200\" \/>\n\t\t<meta property=\"article:published_time\" content=\"2024-11-23T21:40:02+00:00\" \/>\n\t\t<meta property=\"article:modified_time\" content=\"2024-12-06T01:28:52+00:00\" \/>\n\t\t<meta name=\"twitter:card\" content=\"summary_large_image\" \/>\n\t\t<meta name=\"twitter:title\" content=\"Como Fazer Anota\u00e7\u00f5es Inteligentes: O M\u00e9todo Definitivo para Pensar Melhor e Produzir Mais. - Corporate Academy\" \/>\n\t\t<meta name=\"twitter:description\" content=\"Voc\u00ea j\u00e1 se viu perdido entre p\u00e1ginas de livros, materiais de estudo e ideias desconexas? Muitas pessoas passam por isso, seja no meio acad\u00eamico, na produ\u00e7\u00e3o de conte\u00fado ou na busca por organiza\u00e7\u00e3o intelectual. No livro How to Take Smart Notes, S\u00f6nke Ahrens apresenta uma solu\u00e7\u00e3o poderosa: a t\u00e9cnica das anota\u00e7\u00f5es inteligentes. Mais do que\" \/>\n\t\t<meta name=\"twitter:image\" content=\"https:\/\/i0.wp.com\/corporateacademy.org\/wp-content\/uploads\/2018\/03\/Logo200x200.jpg?fit=200200\" \/>\n\t\t<script type=\"application\/ld+json\" class=\"aioseo-schema\">\n\t\t\t{\"@context\":\"https:\\\/\\\/schema.org\",\"@graph\":[{\"@type\":\"BlogPosting\",\"@id\":\"https:\\\/\\\/corporateacademy.org\\\/index.php\\\/2024\\\/11\\\/23\\\/como-fazer-anotacoes-inteligentes-o-metodo-definitivo-para-pensar-melhor-e-produzir-mais\\\/#blogposting\",\"name\":\"Como Fazer Anota\\u00e7\\u00f5es Inteligentes: O M\\u00e9todo Definitivo para Pensar Melhor e Produzir Mais. - Corporate Academy\",\"headline\":\"Como Fazer Anota\\u00e7\\u00f5es Inteligentes: O M\\u00e9todo Definitivo para Pensar Melhor e Produzir Mais.\",\"author\":{\"@id\":\"https:\\\/\\\/corporateacademy.org\\\/index.php\\\/author\\\/nevesf\\\/#author\"},\"publisher\":{\"@id\":\"https:\\\/\\\/corporateacademy.org\\\/#organization\"},\"image\":{\"@type\":\"ImageObject\",\"url\":\"https:\\\/\\\/i0.wp.com\\\/corporateacademy.org\\\/wp-content\\\/uploads\\\/2024\\\/11\\\/notes-mulher-01.png?fit=897%2C497&ssl=1\",\"width\":897,\"height\":497,\"caption\":\"como fazer anota\\u00e7\\u00f5es inteligentes\"},\"datePublished\":\"2024-11-23T18:40:02-03:00\",\"dateModified\":\"2024-12-05T22:28:52-03:00\",\"inLanguage\":\"pt-BR\",\"mainEntityOfPage\":{\"@id\":\"https:\\\/\\\/corporateacademy.org\\\/index.php\\\/2024\\\/11\\\/23\\\/como-fazer-anotacoes-inteligentes-o-metodo-definitivo-para-pensar-melhor-e-produzir-mais\\\/#webpage\"},\"isPartOf\":{\"@id\":\"https:\\\/\\\/corporateacademy.org\\\/index.php\\\/2024\\\/11\\\/23\\\/como-fazer-anotacoes-inteligentes-o-metodo-definitivo-para-pensar-melhor-e-produzir-mais\\\/#webpage\"},\"articleSection\":\"Ambiente corporativo, Anota\\u00e7\\u00f5es inteligentes, Aprendizado cont\\u00ednuo, comportamento, Conex\\u00e3o de ideias, Desenvolvimento de projetos, Escrita acad\\u00eamica, Escrita eficiente, Ferramentas de anota\\u00e7\\u00e3o, gest\\u00e3o, Gest\\u00e3o do conhecimento, Leitura ativa, M\\u00e9todo Zettelkasten, Notas permanentes, Notas transit\\u00f3rias, Organiza\\u00e7\\u00e3o de ideias, Pensamento cr\\u00edtico, Processo criativo, produtividade, Rede de conhecimento, Sistema de notas, S\\u00f6nke Ahrens\"},{\"@type\":\"BreadcrumbList\",\"@id\":\"https:\\\/\\\/corporateacademy.org\\\/index.php\\\/2024\\\/11\\\/23\\\/como-fazer-anotacoes-inteligentes-o-metodo-definitivo-para-pensar-melhor-e-produzir-mais\\\/#breadcrumblist\",\"itemListElement\":[{\"@type\":\"ListItem\",\"@id\":\"https:\\\/\\\/corporateacademy.org#listItem\",\"position\":1,\"name\":\"Home\",\"item\":\"https:\\\/\\\/corporateacademy.org\",\"nextItem\":{\"@type\":\"ListItem\",\"@id\":\"https:\\\/\\\/corporateacademy.org\\\/index.php\\\/category\\\/ambiente-corporativo\\\/#listItem\",\"name\":\"Ambiente corporativo\"}},{\"@type\":\"ListItem\",\"@id\":\"https:\\\/\\\/corporateacademy.org\\\/index.php\\\/category\\\/ambiente-corporativo\\\/#listItem\",\"position\":2,\"name\":\"Ambiente corporativo\",\"item\":\"https:\\\/\\\/corporateacademy.org\\\/index.php\\\/category\\\/ambiente-corporativo\\\/\",\"nextItem\":{\"@type\":\"ListItem\",\"@id\":\"https:\\\/\\\/corporateacademy.org\\\/index.php\\\/2024\\\/11\\\/23\\\/como-fazer-anotacoes-inteligentes-o-metodo-definitivo-para-pensar-melhor-e-produzir-mais\\\/#listItem\",\"name\":\"Como Fazer Anota\\u00e7\\u00f5es Inteligentes: O M\\u00e9todo Definitivo para Pensar Melhor e Produzir Mais.\"},\"previousItem\":{\"@type\":\"ListItem\",\"@id\":\"https:\\\/\\\/corporateacademy.org#listItem\",\"name\":\"Home\"}},{\"@type\":\"ListItem\",\"@id\":\"https:\\\/\\\/corporateacademy.org\\\/index.php\\\/2024\\\/11\\\/23\\\/como-fazer-anotacoes-inteligentes-o-metodo-definitivo-para-pensar-melhor-e-produzir-mais\\\/#listItem\",\"position\":3,\"name\":\"Como Fazer Anota\\u00e7\\u00f5es Inteligentes: O M\\u00e9todo Definitivo para Pensar Melhor e Produzir Mais.\",\"previousItem\":{\"@type\":\"ListItem\",\"@id\":\"https:\\\/\\\/corporateacademy.org\\\/index.php\\\/category\\\/ambiente-corporativo\\\/#listItem\",\"name\":\"Ambiente corporativo\"}}]},{\"@type\":\"Organization\",\"@id\":\"https:\\\/\\\/corporateacademy.org\\\/#organization\",\"name\":\"Corporate Academy\",\"description\":\"Compartilhando Conhecimento\",\"url\":\"https:\\\/\\\/corporateacademy.org\\\/\",\"logo\":{\"@type\":\"ImageObject\",\"url\":\"https:\\\/\\\/i0.wp.com\\\/corporateacademy.org\\\/wp-content\\\/uploads\\\/2018\\\/03\\\/Logo200x200.jpg?fit=200%2C200&ssl=1\",\"@id\":\"https:\\\/\\\/corporateacademy.org\\\/index.php\\\/2024\\\/11\\\/23\\\/como-fazer-anotacoes-inteligentes-o-metodo-definitivo-para-pensar-melhor-e-produzir-mais\\\/#organizationLogo\",\"width\":200,\"height\":200},\"image\":{\"@id\":\"https:\\\/\\\/corporateacademy.org\\\/index.php\\\/2024\\\/11\\\/23\\\/como-fazer-anotacoes-inteligentes-o-metodo-definitivo-para-pensar-melhor-e-produzir-mais\\\/#organizationLogo\"}},{\"@type\":\"Person\",\"@id\":\"https:\\\/\\\/corporateacademy.org\\\/index.php\\\/author\\\/nevesf\\\/#author\",\"url\":\"https:\\\/\\\/corporateacademy.org\\\/index.php\\\/author\\\/nevesf\\\/\",\"name\":\"Editor\",\"image\":{\"@type\":\"ImageObject\",\"@id\":\"https:\\\/\\\/corporateacademy.org\\\/index.php\\\/2024\\\/11\\\/23\\\/como-fazer-anotacoes-inteligentes-o-metodo-definitivo-para-pensar-melhor-e-produzir-mais\\\/#authorImage\",\"url\":\"https:\\\/\\\/secure.gravatar.com\\\/avatar\\\/40a180061deabb68d04bd9f812bde2b372b5d57984baf7dd947ee866377d90fb?s=96&d=blank&r=g\",\"width\":96,\"height\":96,\"caption\":\"Editor\"}},{\"@type\":\"WebPage\",\"@id\":\"https:\\\/\\\/corporateacademy.org\\\/index.php\\\/2024\\\/11\\\/23\\\/como-fazer-anotacoes-inteligentes-o-metodo-definitivo-para-pensar-melhor-e-produzir-mais\\\/#webpage\",\"url\":\"https:\\\/\\\/corporateacademy.org\\\/index.php\\\/2024\\\/11\\\/23\\\/como-fazer-anotacoes-inteligentes-o-metodo-definitivo-para-pensar-melhor-e-produzir-mais\\\/\",\"name\":\"Como Fazer Anota\\u00e7\\u00f5es Inteligentes: O M\\u00e9todo Definitivo para Pensar Melhor e Produzir Mais. - Corporate Academy\",\"description\":\"Voc\\u00ea j\\u00e1 se viu perdido entre p\\u00e1ginas de livros, materiais de estudo e ideias desconexas? Muitas pessoas passam por isso, seja no meio acad\\u00eamico, na produ\\u00e7\\u00e3o de conte\\u00fado ou na busca por organiza\\u00e7\\u00e3o intelectual. No livro How to Take Smart Notes, S\\u00f6nke Ahrens apresenta uma solu\\u00e7\\u00e3o poderosa: a t\\u00e9cnica das anota\\u00e7\\u00f5es inteligentes. Mais do que\",\"inLanguage\":\"pt-BR\",\"isPartOf\":{\"@id\":\"https:\\\/\\\/corporateacademy.org\\\/#website\"},\"breadcrumb\":{\"@id\":\"https:\\\/\\\/corporateacademy.org\\\/index.php\\\/2024\\\/11\\\/23\\\/como-fazer-anotacoes-inteligentes-o-metodo-definitivo-para-pensar-melhor-e-produzir-mais\\\/#breadcrumblist\"},\"author\":{\"@id\":\"https:\\\/\\\/corporateacademy.org\\\/index.php\\\/author\\\/nevesf\\\/#author\"},\"creator\":{\"@id\":\"https:\\\/\\\/corporateacademy.org\\\/index.php\\\/author\\\/nevesf\\\/#author\"},\"image\":{\"@type\":\"ImageObject\",\"url\":\"https:\\\/\\\/i0.wp.com\\\/corporateacademy.org\\\/wp-content\\\/uploads\\\/2024\\\/11\\\/notes-mulher-01.png?fit=897%2C497&ssl=1\",\"@id\":\"https:\\\/\\\/corporateacademy.org\\\/index.php\\\/2024\\\/11\\\/23\\\/como-fazer-anotacoes-inteligentes-o-metodo-definitivo-para-pensar-melhor-e-produzir-mais\\\/#mainImage\",\"width\":897,\"height\":497,\"caption\":\"como fazer anota\\u00e7\\u00f5es inteligentes\"},\"primaryImageOfPage\":{\"@id\":\"https:\\\/\\\/corporateacademy.org\\\/index.php\\\/2024\\\/11\\\/23\\\/como-fazer-anotacoes-inteligentes-o-metodo-definitivo-para-pensar-melhor-e-produzir-mais\\\/#mainImage\"},\"datePublished\":\"2024-11-23T18:40:02-03:00\",\"dateModified\":\"2024-12-05T22:28:52-03:00\"},{\"@type\":\"WebSite\",\"@id\":\"https:\\\/\\\/corporateacademy.org\\\/#website\",\"url\":\"https:\\\/\\\/corporateacademy.org\\\/\",\"name\":\"Corporate Academy\",\"description\":\"Compartilhando Conhecimento\",\"inLanguage\":\"pt-BR\",\"publisher\":{\"@id\":\"https:\\\/\\\/corporateacademy.org\\\/#organization\"}}]}\n\t\t<\/script>\n\t\t<!-- All in One SEO -->\n\n","aioseo_head_json":{"title":"Como Fazer Anota\u00e7\u00f5es Inteligentes: O M\u00e9todo Definitivo para Pensar Melhor e Produzir Mais. - Corporate Academy","description":"Voc\u00ea j\u00e1 se viu perdido entre p\u00e1ginas de livros, materiais de estudo e ideias desconexas? Muitas pessoas passam por isso, seja no meio acad\u00eamico, na produ\u00e7\u00e3o de conte\u00fado ou na busca por organiza\u00e7\u00e3o intelectual. No livro How to Take Smart Notes, S\u00f6nke Ahrens apresenta uma solu\u00e7\u00e3o poderosa: a t\u00e9cnica das anota\u00e7\u00f5es inteligentes. Mais do que","canonical_url":"https:\/\/corporateacademy.org\/index.php\/2024\/11\/23\/como-fazer-anotacoes-inteligentes-o-metodo-definitivo-para-pensar-melhor-e-produzir-mais\/","robots":"max-image-preview:large","keywords":"","webmasterTools":{"miscellaneous":""},"schema":{"@context":"https:\/\/schema.org","@graph":[{"@type":"BlogPosting","@id":"https:\/\/corporateacademy.org\/index.php\/2024\/11\/23\/como-fazer-anotacoes-inteligentes-o-metodo-definitivo-para-pensar-melhor-e-produzir-mais\/#blogposting","name":"Como Fazer Anota\u00e7\u00f5es Inteligentes: O M\u00e9todo Definitivo para Pensar Melhor e Produzir Mais. - Corporate Academy","headline":"Como Fazer Anota\u00e7\u00f5es Inteligentes: O M\u00e9todo Definitivo para Pensar Melhor e Produzir Mais.","author":{"@id":"https:\/\/corporateacademy.org\/index.php\/author\/nevesf\/#author"},"publisher":{"@id":"https:\/\/corporateacademy.org\/#organization"},"image":{"@type":"ImageObject","url":"https:\/\/i0.wp.com\/corporateacademy.org\/wp-content\/uploads\/2024\/11\/notes-mulher-01.png?fit=897%2C497&ssl=1","width":897,"height":497,"caption":"como fazer anota\u00e7\u00f5es inteligentes"},"datePublished":"2024-11-23T18:40:02-03:00","dateModified":"2024-12-05T22:28:52-03:00","inLanguage":"pt-BR","mainEntityOfPage":{"@id":"https:\/\/corporateacademy.org\/index.php\/2024\/11\/23\/como-fazer-anotacoes-inteligentes-o-metodo-definitivo-para-pensar-melhor-e-produzir-mais\/#webpage"},"isPartOf":{"@id":"https:\/\/corporateacademy.org\/index.php\/2024\/11\/23\/como-fazer-anotacoes-inteligentes-o-metodo-definitivo-para-pensar-melhor-e-produzir-mais\/#webpage"},"articleSection":"Ambiente corporativo, Anota\u00e7\u00f5es inteligentes, Aprendizado cont\u00ednuo, comportamento, Conex\u00e3o de ideias, Desenvolvimento de projetos, Escrita acad\u00eamica, Escrita eficiente, Ferramentas de anota\u00e7\u00e3o, gest\u00e3o, Gest\u00e3o do conhecimento, Leitura ativa, M\u00e9todo Zettelkasten, Notas permanentes, Notas transit\u00f3rias, Organiza\u00e7\u00e3o de ideias, Pensamento cr\u00edtico, Processo criativo, produtividade, Rede de conhecimento, Sistema de notas, S\u00f6nke Ahrens"},{"@type":"BreadcrumbList","@id":"https:\/\/corporateacademy.org\/index.php\/2024\/11\/23\/como-fazer-anotacoes-inteligentes-o-metodo-definitivo-para-pensar-melhor-e-produzir-mais\/#breadcrumblist","itemListElement":[{"@type":"ListItem","@id":"https:\/\/corporateacademy.org#listItem","position":1,"name":"Home","item":"https:\/\/corporateacademy.org","nextItem":{"@type":"ListItem","@id":"https:\/\/corporateacademy.org\/index.php\/category\/ambiente-corporativo\/#listItem","name":"Ambiente corporativo"}},{"@type":"ListItem","@id":"https:\/\/corporateacademy.org\/index.php\/category\/ambiente-corporativo\/#listItem","position":2,"name":"Ambiente corporativo","item":"https:\/\/corporateacademy.org\/index.php\/category\/ambiente-corporativo\/","nextItem":{"@type":"ListItem","@id":"https:\/\/corporateacademy.org\/index.php\/2024\/11\/23\/como-fazer-anotacoes-inteligentes-o-metodo-definitivo-para-pensar-melhor-e-produzir-mais\/#listItem","name":"Como Fazer Anota\u00e7\u00f5es Inteligentes: O M\u00e9todo Definitivo para Pensar Melhor e Produzir Mais."},"previousItem":{"@type":"ListItem","@id":"https:\/\/corporateacademy.org#listItem","name":"Home"}},{"@type":"ListItem","@id":"https:\/\/corporateacademy.org\/index.php\/2024\/11\/23\/como-fazer-anotacoes-inteligentes-o-metodo-definitivo-para-pensar-melhor-e-produzir-mais\/#listItem","position":3,"name":"Como Fazer Anota\u00e7\u00f5es Inteligentes: O M\u00e9todo Definitivo para Pensar Melhor e Produzir Mais.","previousItem":{"@type":"ListItem","@id":"https:\/\/corporateacademy.org\/index.php\/category\/ambiente-corporativo\/#listItem","name":"Ambiente corporativo"}}]},{"@type":"Organization","@id":"https:\/\/corporateacademy.org\/#organization","name":"Corporate Academy","description":"Compartilhando Conhecimento","url":"https:\/\/corporateacademy.org\/","logo":{"@type":"ImageObject","url":"https:\/\/i0.wp.com\/corporateacademy.org\/wp-content\/uploads\/2018\/03\/Logo200x200.jpg?fit=200%2C200&ssl=1","@id":"https:\/\/corporateacademy.org\/index.php\/2024\/11\/23\/como-fazer-anotacoes-inteligentes-o-metodo-definitivo-para-pensar-melhor-e-produzir-mais\/#organizationLogo","width":200,"height":200},"image":{"@id":"https:\/\/corporateacademy.org\/index.php\/2024\/11\/23\/como-fazer-anotacoes-inteligentes-o-metodo-definitivo-para-pensar-melhor-e-produzir-mais\/#organizationLogo"}},{"@type":"Person","@id":"https:\/\/corporateacademy.org\/index.php\/author\/nevesf\/#author","url":"https:\/\/corporateacademy.org\/index.php\/author\/nevesf\/","name":"Editor","image":{"@type":"ImageObject","@id":"https:\/\/corporateacademy.org\/index.php\/2024\/11\/23\/como-fazer-anotacoes-inteligentes-o-metodo-definitivo-para-pensar-melhor-e-produzir-mais\/#authorImage","url":"https:\/\/secure.gravatar.com\/avatar\/40a180061deabb68d04bd9f812bde2b372b5d57984baf7dd947ee866377d90fb?s=96&d=blank&r=g","width":96,"height":96,"caption":"Editor"}},{"@type":"WebPage","@id":"https:\/\/corporateacademy.org\/index.php\/2024\/11\/23\/como-fazer-anotacoes-inteligentes-o-metodo-definitivo-para-pensar-melhor-e-produzir-mais\/#webpage","url":"https:\/\/corporateacademy.org\/index.php\/2024\/11\/23\/como-fazer-anotacoes-inteligentes-o-metodo-definitivo-para-pensar-melhor-e-produzir-mais\/","name":"Como Fazer Anota\u00e7\u00f5es Inteligentes: O M\u00e9todo Definitivo para Pensar Melhor e Produzir Mais. - Corporate Academy","description":"Voc\u00ea j\u00e1 se viu perdido entre p\u00e1ginas de livros, materiais de estudo e ideias desconexas? Muitas pessoas passam por isso, seja no meio acad\u00eamico, na produ\u00e7\u00e3o de conte\u00fado ou na busca por organiza\u00e7\u00e3o intelectual. No livro How to Take Smart Notes, S\u00f6nke Ahrens apresenta uma solu\u00e7\u00e3o poderosa: a t\u00e9cnica das anota\u00e7\u00f5es inteligentes. Mais do que","inLanguage":"pt-BR","isPartOf":{"@id":"https:\/\/corporateacademy.org\/#website"},"breadcrumb":{"@id":"https:\/\/corporateacademy.org\/index.php\/2024\/11\/23\/como-fazer-anotacoes-inteligentes-o-metodo-definitivo-para-pensar-melhor-e-produzir-mais\/#breadcrumblist"},"author":{"@id":"https:\/\/corporateacademy.org\/index.php\/author\/nevesf\/#author"},"creator":{"@id":"https:\/\/corporateacademy.org\/index.php\/author\/nevesf\/#author"},"image":{"@type":"ImageObject","url":"https:\/\/i0.wp.com\/corporateacademy.org\/wp-content\/uploads\/2024\/11\/notes-mulher-01.png?fit=897%2C497&ssl=1","@id":"https:\/\/corporateacademy.org\/index.php\/2024\/11\/23\/como-fazer-anotacoes-inteligentes-o-metodo-definitivo-para-pensar-melhor-e-produzir-mais\/#mainImage","width":897,"height":497,"caption":"como fazer anota\u00e7\u00f5es inteligentes"},"primaryImageOfPage":{"@id":"https:\/\/corporateacademy.org\/index.php\/2024\/11\/23\/como-fazer-anotacoes-inteligentes-o-metodo-definitivo-para-pensar-melhor-e-produzir-mais\/#mainImage"},"datePublished":"2024-11-23T18:40:02-03:00","dateModified":"2024-12-05T22:28:52-03:00"},{"@type":"WebSite","@id":"https:\/\/corporateacademy.org\/#website","url":"https:\/\/corporateacademy.org\/","name":"Corporate Academy","description":"Compartilhando Conhecimento","inLanguage":"pt-BR","publisher":{"@id":"https:\/\/corporateacademy.org\/#organization"}}]},"og:locale":"pt_BR","og:site_name":"Corporate Academy - Compartilhando Conhecimento","og:type":"article","og:title":"Como Fazer Anota\u00e7\u00f5es Inteligentes: O M\u00e9todo Definitivo para Pensar Melhor e Produzir Mais. - Corporate Academy","og:description":"Voc\u00ea j\u00e1 se viu perdido entre p\u00e1ginas de livros, materiais de estudo e ideias desconexas? Muitas pessoas passam por isso, seja no meio acad\u00eamico, na produ\u00e7\u00e3o de conte\u00fado ou na busca por organiza\u00e7\u00e3o intelectual. No livro How to Take Smart Notes, S\u00f6nke Ahrens apresenta uma solu\u00e7\u00e3o poderosa: a t\u00e9cnica das anota\u00e7\u00f5es inteligentes. Mais do que","og:url":"https:\/\/corporateacademy.org\/index.php\/2024\/11\/23\/como-fazer-anotacoes-inteligentes-o-metodo-definitivo-para-pensar-melhor-e-produzir-mais\/","og:image":"https:\/\/i0.wp.com\/corporateacademy.org\/wp-content\/uploads\/2018\/03\/Logo200x200.jpg?fit=200200","og:image:secure_url":"https:\/\/i0.wp.com\/corporateacademy.org\/wp-content\/uploads\/2018\/03\/Logo200x200.jpg?fit=200200","article:published_time":"2024-11-23T21:40:02+00:00","article:modified_time":"2024-12-06T01:28:52+00:00","twitter:card":"summary_large_image","twitter:title":"Como Fazer Anota\u00e7\u00f5es Inteligentes: O M\u00e9todo Definitivo para Pensar Melhor e Produzir Mais. - Corporate Academy","twitter:description":"Voc\u00ea j\u00e1 se viu perdido entre p\u00e1ginas de livros, materiais de estudo e ideias desconexas? Muitas pessoas passam por isso, seja no meio acad\u00eamico, na produ\u00e7\u00e3o de conte\u00fado ou na busca por organiza\u00e7\u00e3o intelectual. No livro How to Take Smart Notes, S\u00f6nke Ahrens apresenta uma solu\u00e7\u00e3o poderosa: a t\u00e9cnica das anota\u00e7\u00f5es inteligentes. Mais do que","twitter:image":"https:\/\/i0.wp.com\/corporateacademy.org\/wp-content\/uploads\/2018\/03\/Logo200x200.jpg?fit=200200"},"aioseo_meta_data":{"post_id":"2347","title":null,"description":null,"keywords":null,"keyphrases":null,"focus_keyword":null,"additional_keywords":null,"truseo_locale":null,"primary_term":null,"canonical_url":null,"og_title":null,"og_description":null,"og_object_type":"default","og_image_type":"default","og_image_custom_url":null,"og_image_custom_fields":null,"og_image_url":null,"og_image_width":null,"og_image_height":null,"og_video":null,"og_custom_url":null,"og_article_section":null,"og_article_tags":null,"twitter_use_og":false,"twitter_card":"default","twitter_image_type":"default","twitter_image_custom_url":null,"twitter_image_custom_fields":null,"twitter_image_url":null,"twitter_title":null,"twitter_description":null,"schema_type":"default","schema_type_options":null,"schema":{"blockGraphs":[],"customGraphs":[],"default":{"data":{"Article":[],"Course":[],"Dataset":[],"FAQPage":[],"Movie":[],"Person":[],"Product":[],"ProductReview":[],"Car":[],"Recipe":[],"Service":[],"SoftwareApplication":[],"WebPage":[]},"graphName":"","isEnabled":true},"graphs":[]},"pillar_content":false,"robots_default":true,"robots_noindex":false,"robots_noarchive":false,"robots_nosnippet":false,"robots_nofollow":false,"robots_noimageindex":false,"robots_noodp":false,"robots_notranslate":false,"robots_max_snippet":null,"robots_max_videopreview":null,"robots_max_imagepreview":"large","priority":null,"frequency":null,"local_seo":null,"limit_modified_date":false,"ai":null,"breadcrumb_settings":null,"seo_analyzer_scan_date":null,"created":"2026-09-02 22:01:42","updated":"2026-09-02 22:01:42"},"aioseo_breadcrumb":"<div class=\"aioseo-breadcrumbs\"><span class=\"aioseo-breadcrumb\">\n\t\t\t<a href=\"https:\/\/corporateacademy.org\" title=\"Home\">Home<\/a>\n\t\t<\/span><span class=\"aioseo-breadcrumb-separator\">&raquo;<\/span><span class=\"aioseo-breadcrumb\">\n\t\t\t<a href=\"https:\/\/corporateacademy.org\/index.php\/category\/ambiente-corporativo\/\" title=\"Ambiente corporativo\">Ambiente corporativo<\/a>\n\t\t<\/span><span class=\"aioseo-breadcrumb-separator\">&raquo;<\/span><span class=\"aioseo-breadcrumb\">\n\t\t\tComo Fazer Anota\u00e7\u00f5es Inteligentes: O M\u00e9todo Definitivo para Pensar Melhor e Produzir Mais.\n\t\t<\/span><\/div>","aioseo_breadcrumb_json":[{"label":"Home","link":"https:\/\/corporateacademy.org"},{"label":"Ambiente corporativo","link":"https:\/\/corporateacademy.org\/index.php\/category\/ambiente-corporativo\/"},{"label":"Como Fazer Anota\u00e7\u00f5es Inteligentes: O M\u00e9todo Definitivo para Pensar Melhor e Produzir Mais.","link":"https:\/\/corporateacademy.org\/index.php\/2024\/11\/23\/como-fazer-anotacoes-inteligentes-o-metodo-definitivo-para-pensar-melhor-e-produzir-mais\/"}],"jetpack_publicize_connections":[],"jetpack_sharing_enabled":true,"jetpack_shortlink":"https:\/\/wp.me\/p9MYp6-BR","jetpack_likes_enabled":true,"jetpack-related-posts":[{"id":2509,"url":"https:\/\/corporateacademy.org\/index.php\/2025\/05\/04\/por-que-lideres-inteligentes-cometem-erros-estupidos-e-como-evita-los\/","url_meta":{"origin":2347,"position":0},"title":"Por que L\u00edderes Inteligentes Cometem Erros Est\u00fapidos e Como Evit\u00e1-los","author":"Editor","date":"04\/05\/2025","format":false,"excerpt":"No mundo corporativo, espera-se que l\u00edderes com alta intelig\u00eancia, forma\u00e7\u00e3o acad\u00eamica s\u00f3lida e vasta experi\u00eancia tomem decis\u00f5es assertivas e guiem suas equipes ao sucesso. No entanto, a realidade frequentemente nos surpreende: pessoas extremamente inteligentes cometem erros que, \u00e0 primeira vista, parecem inexplic\u00e1veis. Por que isso acontece? E, mais importante, como\u2026","rel":"","context":"Em &quot;Ambiente corporativo&quot;","block_context":{"text":"Ambiente corporativo","link":"https:\/\/corporateacademy.org\/index.php\/category\/ambiente-corporativo\/"},"img":{"alt_text":"challenger explosion","src":"https:\/\/i0.wp.com\/corporateacademy.org\/wp-content\/uploads\/2025\/05\/challenger-explosion.png?fit=1200%2C675&ssl=1&resize=350%2C200","width":350,"height":200,"srcset":"https:\/\/i0.wp.com\/corporateacademy.org\/wp-content\/uploads\/2025\/05\/challenger-explosion.png?fit=1200%2C675&ssl=1&resize=350%2C200 1x, https:\/\/i0.wp.com\/corporateacademy.org\/wp-content\/uploads\/2025\/05\/challenger-explosion.png?fit=1200%2C675&ssl=1&resize=525%2C300 1.5x, https:\/\/i0.wp.com\/corporateacademy.org\/wp-content\/uploads\/2025\/05\/challenger-explosion.png?fit=1200%2C675&ssl=1&resize=700%2C400 2x, https:\/\/i0.wp.com\/corporateacademy.org\/wp-content\/uploads\/2025\/05\/challenger-explosion.png?fit=1200%2C675&ssl=1&resize=1050%2C600 3x"},"classes":[]},{"id":2379,"url":"https:\/\/corporateacademy.org\/index.php\/2024\/12\/12\/como-hackear-seu-cerebro-para-o-sucesso-tecnicas-de-aprendizado-que-voce-precisa-conhecer\/","url_meta":{"origin":2347,"position":1},"title":"Como Hackear Seu C\u00e9rebro para o Sucesso: T\u00e9cnicas de Aprendizado que Voc\u00ea Precisa Conhecer","author":"Editor","date":"12\/12\/2024","format":false,"excerpt":"Voc\u00ea j\u00e1 percebeu que vivemos em uma espiral de acelera\u00e7\u00e3o do conhecimento? Talvez j\u00e1 tenha sentido incapaz de absorver tanto conhecimento novo em t\u00e3o pouco tempo. Se esse \u00e9 o seu caso, n\u00e3o se desespere, voc\u00ea n\u00e3o est\u00e1 sozinho e quero te mostrar uma forma eficaz de aprender. Voc\u00ea n\u00e3o\u2026","rel":"","context":"Em &quot;Ambiente corporativo&quot;","block_context":{"text":"Ambiente corporativo","link":"https:\/\/corporateacademy.org\/index.php\/category\/ambiente-corporativo\/"},"img":{"alt_text":"Aprender","src":"https:\/\/i0.wp.com\/corporateacademy.org\/wp-content\/uploads\/2024\/12\/aprender-1.png?fit=899%2C503&ssl=1&resize=350%2C200","width":350,"height":200,"srcset":"https:\/\/i0.wp.com\/corporateacademy.org\/wp-content\/uploads\/2024\/12\/aprender-1.png?fit=899%2C503&ssl=1&resize=350%2C200 1x, https:\/\/i0.wp.com\/corporateacademy.org\/wp-content\/uploads\/2024\/12\/aprender-1.png?fit=899%2C503&ssl=1&resize=525%2C300 1.5x, https:\/\/i0.wp.com\/corporateacademy.org\/wp-content\/uploads\/2024\/12\/aprender-1.png?fit=899%2C503&ssl=1&resize=700%2C400 2x"},"classes":[]},{"id":2337,"url":"https:\/\/corporateacademy.org\/index.php\/2024\/11\/14\/inteligencia-emocional-no-ambiente-corporativo-um-guia-para-o-sucesso-profissional\/","url_meta":{"origin":2347,"position":2},"title":"Intelig\u00eancia Emocional no Ambiente Corporativo: Um Guia para o Sucesso Profissional","author":"Editor","date":"14\/11\/2024","format":false,"excerpt":"Era uma manh\u00e3 como qualquer outra, e Ana se preparava para mais um dia de reuni\u00f5es no escrit\u00f3rio. Mas, ao abrir o e-mail, foi surpreendida com uma mensagem de um cliente insatisfeito, deixando cr\u00edticas duras sobre o projeto em que vinha trabalhando. A rea\u00e7\u00e3o imediata foi um misto de frustra\u00e7\u00e3o\u2026","rel":"","context":"Em &quot;Ambiente corporativo&quot;","block_context":{"text":"Ambiente corporativo","link":"https:\/\/corporateacademy.org\/index.php\/category\/ambiente-corporativo\/"},"img":{"alt_text":"controle emocional","src":"https:\/\/i0.wp.com\/corporateacademy.org\/wp-content\/uploads\/2024\/11\/respire-fundo02.png?fit=894%2C509&ssl=1&resize=350%2C200","width":350,"height":200,"srcset":"https:\/\/i0.wp.com\/corporateacademy.org\/wp-content\/uploads\/2024\/11\/respire-fundo02.png?fit=894%2C509&ssl=1&resize=350%2C200 1x, https:\/\/i0.wp.com\/corporateacademy.org\/wp-content\/uploads\/2024\/11\/respire-fundo02.png?fit=894%2C509&ssl=1&resize=525%2C300 1.5x, https:\/\/i0.wp.com\/corporateacademy.org\/wp-content\/uploads\/2024\/11\/respire-fundo02.png?fit=894%2C509&ssl=1&resize=700%2C400 2x"},"classes":[]},{"id":2479,"url":"https:\/\/corporateacademy.org\/index.php\/2025\/03\/19\/um-encontro-inusitado-que-mudou-tudo-a-historia-por-tras-de-o-palhaco-e-o-psicanalista\/","url_meta":{"origin":2347,"position":3},"title":"Um Encontro Inusitado que Mudou Tudo: A Hist\u00f3ria por Tr\u00e1s de O Palha\u00e7o e o Psicanalista","author":"Editor","date":"19\/03\/2025","format":false,"excerpt":"Era uma tarde comum em um evento sobre educa\u00e7\u00e3o e desenvolvimento pessoal, daqueles cheios de palestras inspiradoras e coffee breaks apressados. Claudio Thebas, um palha\u00e7o de profiss\u00e3o, estava l\u00e1 para trazer leveza \u00e0 plateia. Com sua habilidade \u00fanica de transformar o caos em brincadeira, ele circulava entre os participantes, jogando\u2026","rel":"","context":"Em &quot;Ambiente corporativo&quot;","block_context":{"text":"Ambiente corporativo","link":"https:\/\/corporateacademy.org\/index.php\/category\/ambiente-corporativo\/"},"img":{"alt_text":"o palha\u00e7o e o psicanalista","src":"https:\/\/i0.wp.com\/corporateacademy.org\/wp-content\/uploads\/2025\/03\/palhaco-e-psicanalista.png?fit=1200%2C675&ssl=1&resize=350%2C200","width":350,"height":200,"srcset":"https:\/\/i0.wp.com\/corporateacademy.org\/wp-content\/uploads\/2025\/03\/palhaco-e-psicanalista.png?fit=1200%2C675&ssl=1&resize=350%2C200 1x, https:\/\/i0.wp.com\/corporateacademy.org\/wp-content\/uploads\/2025\/03\/palhaco-e-psicanalista.png?fit=1200%2C675&ssl=1&resize=525%2C300 1.5x, https:\/\/i0.wp.com\/corporateacademy.org\/wp-content\/uploads\/2025\/03\/palhaco-e-psicanalista.png?fit=1200%2C675&ssl=1&resize=700%2C400 2x, https:\/\/i0.wp.com\/corporateacademy.org\/wp-content\/uploads\/2025\/03\/palhaco-e-psicanalista.png?fit=1200%2C675&ssl=1&resize=1050%2C600 3x"},"classes":[]},{"id":1878,"url":"https:\/\/corporateacademy.org\/index.php\/2023\/03\/03\/lego-serious-play-entenda-como-engajar-e-desenvolver-sua-equipe-com-criatividade\/","url_meta":{"origin":2347,"position":4},"title":"Lego\u00ae Serious Play\u00ae: entenda como engajar e desenvolver sua equipe com criatividade !","author":"Editor","date":"03\/03\/2023","format":false,"excerpt":"M\u00e1rcio Camargo, M.Sc. Voc\u00ea j\u00e1 imaginou trabalhar de forma leve e fazer reuni\u00f5es produtivas com LEGO? \u00c9 isso mesmo! Desde de 1996, existe a t\u00e9cnica\u00a0Lego\u00ae Serious Play\u00ae, que foi criada pelos professores Bart Victor e Johan Ross, da IMD Business School, juntamente com o CEO da Lego, Kjeld Kirk Kristiansen.\u2026","rel":"","context":"Em &quot;Ambiente corporativo&quot;","block_context":{"text":"Ambiente corporativo","link":"https:\/\/corporateacademy.org\/index.php\/category\/ambiente-corporativo\/"},"img":{"alt_text":"Lego Serious Play","src":"https:\/\/i0.wp.com\/corporateacademy.org\/wp-content\/uploads\/2023\/03\/LegoResized.jpeg?fit=1200%2C675&ssl=1&resize=350%2C200","width":350,"height":200,"srcset":"https:\/\/i0.wp.com\/corporateacademy.org\/wp-content\/uploads\/2023\/03\/LegoResized.jpeg?fit=1200%2C675&ssl=1&resize=350%2C200 1x, https:\/\/i0.wp.com\/corporateacademy.org\/wp-content\/uploads\/2023\/03\/LegoResized.jpeg?fit=1200%2C675&ssl=1&resize=525%2C300 1.5x, https:\/\/i0.wp.com\/corporateacademy.org\/wp-content\/uploads\/2023\/03\/LegoResized.jpeg?fit=1200%2C675&ssl=1&resize=700%2C400 2x, https:\/\/i0.wp.com\/corporateacademy.org\/wp-content\/uploads\/2023\/03\/LegoResized.jpeg?fit=1200%2C675&ssl=1&resize=1050%2C600 3x"},"classes":[]},{"id":2368,"url":"https:\/\/corporateacademy.org\/index.php\/2024\/12\/10\/a-coragem-de-ser-imperfeito-um-guia-completo-para-autenticidade-e-crescimento\/","url_meta":{"origin":2347,"position":5},"title":"A Coragem de Ser Imperfeito: Um Guia Completo para Autenticidade e Crescimento","author":"Editor","date":"10\/12\/2024","format":false,"excerpt":"Era uma manh\u00e3 ensolarada quando Ana se preparava para uma apresenta\u00e7\u00e3o crucial no trabalho. Enquanto revisava suas anota\u00e7\u00f5es, sentiu um frio na barriga. O medo de n\u00e3o corresponder \u00e0s expectativas a deixava inquieta. Ana se lembrou de um livro que havia lido recentemente, \"A Coragem de Ser Imperfeito\", de Bren\u00e9\u2026","rel":"","context":"Em &quot;Ambiente corporativo&quot;","block_context":{"text":"Ambiente corporativo","link":"https:\/\/corporateacademy.org\/index.php\/category\/ambiente-corporativo\/"},"img":{"alt_text":"A coragem de ser imperfeito","src":"https:\/\/i0.wp.com\/corporateacademy.org\/wp-content\/uploads\/2024\/12\/vergonha-1.png?fit=896%2C502&ssl=1&resize=350%2C200","width":350,"height":200,"srcset":"https:\/\/i0.wp.com\/corporateacademy.org\/wp-content\/uploads\/2024\/12\/vergonha-1.png?fit=896%2C502&ssl=1&resize=350%2C200 1x, https:\/\/i0.wp.com\/corporateacademy.org\/wp-content\/uploads\/2024\/12\/vergonha-1.png?fit=896%2C502&ssl=1&resize=525%2C300 1.5x, https:\/\/i0.wp.com\/corporateacademy.org\/wp-content\/uploads\/2024\/12\/vergonha-1.png?fit=896%2C502&ssl=1&resize=700%2C400 2x"},"classes":[]}],"jetpack_featured_media_url":"https:\/\/i0.wp.com\/corporateacademy.org\/wp-content\/uploads\/2024\/11\/notes-mulher-01.png?fit=897%2C497&ssl=1","_links":{"self":[{"href":"https:\/\/corporateacademy.org\/index.php\/wp-json\/wp\/v2\/posts\/2347","targetHints":{"allow":["GET"]}}],"collection":[{"href":"https:\/\/corporateacademy.org\/index.php\/wp-json\/wp\/v2\/posts"}],"about":[{"href":"https:\/\/corporateacademy.org\/index.php\/wp-json\/wp\/v2\/types\/post"}],"author":[{"embeddable":true,"href":"https:\/\/corporateacademy.org\/index.php\/wp-json\/wp\/v2\/users\/1"}],"replies":[{"embeddable":true,"href":"https:\/\/corporateacademy.org\/index.php\/wp-json\/wp\/v2\/comments?post=2347"}],"version-history":[{"count":5,"href":"https:\/\/corporateacademy.org\/index.php\/wp-json\/wp\/v2\/posts\/2347\/revisions"}],"predecessor-version":[{"id":2359,"href":"https:\/\/corporateacademy.org\/index.php\/wp-json\/wp\/v2\/posts\/2347\/revisions\/2359"}],"wp:featuredmedia":[{"embeddable":true,"href":"https:\/\/corporateacademy.org\/index.php\/wp-json\/wp\/v2\/media\/2349"}],"wp:attachment":[{"href":"https:\/\/corporateacademy.org\/index.php\/wp-json\/wp\/v2\/media?parent=2347"}],"wp:term":[{"taxonomy":"category","embeddable":true,"href":"https:\/\/corporateacademy.org\/index.php\/wp-json\/wp\/v2\/categories?post=2347"},{"taxonomy":"post_tag","embeddable":true,"href":"https:\/\/corporateacademy.org\/index.php\/wp-json\/wp\/v2\/tags?post=2347"}],"curies":[{"name":"wp","href":"https:\/\/api.w.org\/{rel}","templated":true}]}}