{"id":2360,"date":"2024-12-08T17:56:27","date_gmt":"2024-12-08T20:56:27","guid":{"rendered":"https:\/\/corporateacademy.org\/?p=2360"},"modified":"2024-12-08T17:56:53","modified_gmt":"2024-12-08T20:56:53","slug":"e-lideranca-a-arte-de-liderar-na-era-digital","status":"publish","type":"post","link":"https:\/\/corporateacademy.org\/index.php\/2024\/12\/08\/e-lideranca-a-arte-de-liderar-na-era-digital\/","title":{"rendered":"E-Lideran\u00e7a: A Arte de Liderar na Era Digital"},"content":{"rendered":"\n<hr class=\"wp-block-separator has-alpha-channel-opacity\"\/>\n\n\n\n<p class=\"has-drop-cap wp-block-paragraph\">Era uma manh\u00e3 nublada de segunda-feira quando Ana, uma gerente de projetos em uma empresa de tecnologia, acordou com uma notifica\u00e7\u00e3o urgente em seu celular: &#8220;Reuni\u00e3o de emerg\u00eancia \u00e0s 9h.&#8221; Desde o in\u00edcio da pandemia, o escrit\u00f3rio f\u00edsico havia se transformado em um mosaico de telas de v\u00eddeo, com sua equipe trabalhando de casas espalhadas por todo o pa\u00eds. Ana, acostumada com intera\u00e7\u00f5es face a face, sentia-se um pouco perdida nesse novo mundo virtual.<\/p>\n\n\n\n<p class=\"wp-block-paragraph\">Naquela reuni\u00e3o, o CEO anunciou uma mudan\u00e7a dr\u00e1stica: a empresa passaria a operar 100% remotamente, mesmo ap\u00f3s a pandemia. Era hora de abra\u00e7ar o futuro digital. Ana percebeu que precisaria se tornar uma e-l\u00edder eficaz para guiar sua equipe atrav\u00e9s dessa transi\u00e7\u00e3o. Mas por onde come\u00e7ar?<\/p>\n\n\n\n<h3 class=\"wp-block-heading\">O que \u00e9 E-Lideran\u00e7a?<\/h3>\n\n\n\n<p class=\"wp-block-paragraph\">E-lideran\u00e7a refere-se \u00e0 capacidade de liderar e influenciar equipes atrav\u00e9s de tecnologias digitais. Diferente da lideran\u00e7a tradicional, onde a presen\u00e7a f\u00edsica e a intera\u00e7\u00e3o face a face s\u00e3o predominantes, a e-lideran\u00e7a se adapta a um cen\u00e1rio onde as intera\u00e7\u00f5es s\u00e3o mediadas por tecnologias. Isso significa estar presente n\u00e3o apenas nas reuni\u00f5es de v\u00eddeo, mas tamb\u00e9m entender e utilizar ferramentas digitais para motivar e engajar a equipe.<\/p>\n\n\n\n<h3 class=\"wp-block-heading\">A Import\u00e2ncia da E-Lideran\u00e7a Hoje<\/h3>\n\n\n\n<p class=\"wp-block-paragraph\">Nos \u00faltimos anos, o mundo tem testemunhado uma transforma\u00e7\u00e3o digital sem precedentes. A pandemia de COVID-19 acelerou essa transi\u00e7\u00e3o, for\u00e7ando empresas a adotarem o trabalho remoto em larga escala. Mas a mudan\u00e7a n\u00e3o \u00e9 apenas sobre onde trabalhamos, mas como trabalhamos. L\u00edderes precisam estar preparados para guiar suas equipes atrav\u00e9s desses territ\u00f3rios desconhecidos, garantindo que todos estejam alinhados com os objetivos da organiza\u00e7\u00e3o.<\/p>\n\n\n\n<h4 class=\"wp-block-heading\">Transforma\u00e7\u00e3o Digital e o Novo Normal<\/h4>\n\n\n\n<p class=\"wp-block-paragraph\">A transforma\u00e7\u00e3o digital n\u00e3o \u00e9 mais uma op\u00e7\u00e3o; \u00e9 uma necessidade. Organiza\u00e7\u00f5es que j\u00e1 estavam em processo de digitaliza\u00e7\u00e3o conseguiram se adaptar mais rapidamente quando a pandemia come\u00e7ou. Por outro lado, aquelas que n\u00e3o tinham uma infraestrutura digital robusta enfrentaram desafios significativos. A e-lideran\u00e7a surge como um elemento cr\u00edtico para garantir que as equipes permane\u00e7am produtivas e engajadas, independentemente de onde estejam trabalhando.<\/p>\n\n\n\n<h3 class=\"wp-block-heading\">Caracter\u00edsticas Essenciais da E-Lideran\u00e7a<\/h3>\n\n\n\n<p class=\"wp-block-paragraph\">Para se tornar um e-l\u00edder eficaz, \u00e9 importante desenvolver um conjunto diversificado de habilidades e compet\u00eancias. Aqui est\u00e3o algumas das principais caracter\u00edsticas que definem um e-l\u00edder:<\/p>\n\n\n\n<ol class=\"wp-block-list\">\n<li><strong>Transformacional e Tradicional:<\/strong> E-l\u00edderes combinam o melhor dos dois mundos. Eles utilizam t\u00e9cnicas transformacionais para inspirar mudan\u00e7as e abordagens tradicionais para fornecer estabilidade. Transformational leadership \u00e9 especialmente eficaz em ambientes virtuais, onde a vis\u00e3o e a dire\u00e7\u00e3o claras s\u00e3o essenciais para manter a equipe unida.<\/li>\n\n\n\n<li><strong>Habilidades de Comunica\u00e7\u00e3o:<\/strong> A comunica\u00e7\u00e3o clara e motivacional \u00e9 crucial. Em um ambiente digital, onde a maioria das intera\u00e7\u00f5es ocorre por meio de e-mails, mensagens instant\u00e2neas e videochamadas, a capacidade de transmitir mensagens de forma eficaz \u00e9 vital. E-l\u00edderes precisam ser proficientes em ler nuances em comunica\u00e7\u00f5es eletr\u00f4nicas e usar linguagem motivacional para engajar suas equipes.<\/li>\n\n\n\n<li><strong>Lideran\u00e7a Relacional:<\/strong> Construir confian\u00e7a e relacionamentos de qualidade \u00e9 mais importante do que nunca. Mesmo quando as intera\u00e7\u00f5es s\u00e3o virtuais, e-l\u00edderes devem nutrir rela\u00e7\u00f5es fortes, criando um ambiente de apoio e colabora\u00e7\u00e3o.A Lideran\u00e7a Relacional tem como destaque a import\u00e2ncia de ouvir ativamente e fornecer feedback constante.<\/li>\n\n\n\n<li><strong>Lideran\u00e7a Informal:<\/strong> Nas equipes virtuais, muitas vezes emergem l\u00edderes informais que n\u00e3o ocupam posi\u00e7\u00f5es formais de autoridade, mas que influenciam o grupo atrav\u00e9s de suas a\u00e7\u00f5es e comportamento. E-l\u00edderes eficazes reconhecem e apoiam esses l\u00edderes informais, fortalecendo o moral e aumentando a efic\u00e1cia do grupo.<\/li>\n\n\n\n<li><strong>Inova\u00e7\u00e3o e Mudan\u00e7a:<\/strong> Promover uma cultura de inova\u00e7\u00e3o \u00e9 vital. E-l\u00edderes devem incentivar suas equipes a abra\u00e7ar novas ideias e m\u00e9todos, utilizando tecnologias digitais para facilitar mudan\u00e7as e melhorar processos. A mudan\u00e7a constante exige que os l\u00edderes sejam adapt\u00e1veis e proativos.<\/li>\n<\/ol>\n\n\n\n<h3 class=\"wp-block-heading\">Enfrentando os Desafios da E-Lideran\u00e7a<\/h3>\n\n\n\n<p class=\"wp-block-paragraph\">Apesar de suas vantagens, a e-lideran\u00e7a tamb\u00e9m apresenta desafios. A falta de intera\u00e7\u00e3o face a face pode levar a sentimentos de isolamento entre os membros da equipe. A sobrecarga de informa\u00e7\u00f5es e a necessidade de multitarefa cont\u00ednua podem afetar o bem-estar dos colaboradores.<\/p>\n\n\n\n<h4 class=\"wp-block-heading\">Isolamento e Conex\u00e3o Virtual<\/h4>\n\n\n\n<p class=\"wp-block-paragraph\">Um dos principais desafios do trabalho remoto \u00e9 o isolamento. Sem a intera\u00e7\u00e3o di\u00e1ria no escrit\u00f3rio, muitos colaboradores podem se sentir desconectados da equipe e da cultura da empresa. E-l\u00edderes devem encontrar maneiras de promover a conex\u00e3o e o engajamento, criando oportunidades para intera\u00e7\u00f5es sociais e constru\u00e7\u00e3o de equipe, mesmo que virtualmente.<\/p>\n\n\n\n<h4 class=\"wp-block-heading\">Gerenciando a Sobrecarga de Informa\u00e7\u00f5es<\/h4>\n\n\n\n<p class=\"wp-block-paragraph\">Com a comunica\u00e7\u00e3o digital, h\u00e1 uma tend\u00eancia de sobrecarga de informa\u00e7\u00f5es. E-mails, mensagens instant\u00e2neas e notifica\u00e7\u00f5es constantes podem distrair e sobrecarregar os colaboradores. E-l\u00edderes precisam estabelecer pr\u00e1ticas de comunica\u00e7\u00e3o claras e eficientes, priorizando a qualidade sobre a quantidade.<\/p>\n\n\n\n<h3 class=\"wp-block-heading\">Navegando pela E-Lideran\u00e7a de Forma Eficaz<\/h3>\n\n\n\n<p class=\"wp-block-paragraph\">Para ser um e-l\u00edder eficaz, considere as seguintes pr\u00e1ticas:<\/p>\n\n\n\n<ul class=\"wp-block-list\">\n<li><strong>Desenvolver Compet\u00eancias Digitais:<\/strong> Invista em treinamentos que aumentem suas habilidades tecnol\u00f3gicas e de comunica\u00e7\u00e3o. Compreender as ferramentas digitais dispon\u00edveis e saber como utiliz\u00e1-las eficazmente \u00e9 crucial.<\/li>\n\n\n\n<li><strong>Fomentar a Inclus\u00e3o e Diversidade:<\/strong> Utilize tecnolo para criar um ambiente de trabalho inclusivo, onde todas as vozes sejam ouvidas e valorizadas. A diversidade de pensamentos e experi\u00eancias pode levar a solu\u00e7\u00f5es mais inovadoras e eficazes.<\/li>\n\n\n\n<li><strong>Promover o Equil\u00edbrio Trabalho-Vida:<\/strong> Estabele\u00e7a limites claros entre trabalho e vida pessoal para sua equipe, garantindo que a tecnologia seja uma aliada e n\u00e3o um fardo. Incentive pausas regulares e respeite o tempo pessoal dos colaboradores.<\/li>\n\n\n\n<li><strong>Adotar uma Abordagem Paradoxal:<\/strong> Equilibre diferentes estilos de lideran\u00e7a conforme a situa\u00e7\u00e3o exige. Seja flex\u00edvel e esteja disposto a adaptar seu estilo de lideran\u00e7a para atender \u00e0s necessidades da equipe e do projeto.<\/li>\n<\/ul>\n\n\n\n<h3 class=\"wp-block-heading\">O Futuro da E-Lideran\u00e7a<\/h3>\n\n\n\n<p class=\"wp-block-paragraph\">Com a evolu\u00e7\u00e3o cont\u00ednua das tecnologias, o papel do e-l\u00edder tamb\u00e9m evoluir\u00e1. Aqueles que se adaptarem rapidamente estar\u00e3o em melhor posi\u00e7\u00e3o para liderar suas equipes em dire\u00e7\u00e3o ao sucesso.<\/p>\n\n\n\n<h4 class=\"wp-block-heading\">Integra\u00e7\u00e3o de Tecnologias Emergentes<\/h4>\n\n\n\n<p class=\"wp-block-paragraph\">A medida que novas tecnologias, como intelig\u00eancia artificial e realidade aumentada, se tornam mais prevalentes, os e-l\u00edderes precisar\u00e3o integrar essas ferramentas em suas estrat\u00e9gias de lideran\u00e7a. Isso n\u00e3o apenas melhorar\u00e1 a efici\u00eancia, mas tamb\u00e9m criar\u00e1 novas oportunidades para inova\u00e7\u00e3o.<\/p>\n\n\n\n<h4 class=\"wp-block-heading\">Lideran\u00e7a em um Ambiente Global<\/h4>\n\n\n\n<p class=\"wp-block-paragraph\">A globaliza\u00e7\u00e3o do trabalho remoto significa que as equipes agora podem ser compostas por membros de diferentes partes do mundo. E-l\u00edderes precisam estar cientes das diferen\u00e7as culturais e adaptar suas abordagens para garantir que todos os membros da equipe se sintam valorizados e inclu\u00eddos.<\/p>\n\n\n\n<h3 class=\"wp-block-heading\">Conclus\u00e3o<\/h3>\n\n\n\n<p class=\"wp-block-paragraph\">A jornada de Ana para se tornar uma e-l\u00edder eficaz \u00e9 um exemplo de como a adapta\u00e7\u00e3o e o aprendizado cont\u00ednuo s\u00e3o fundamentais na era digital. A e-lideran\u00e7a n\u00e3o \u00e9 apenas sobre tecnologia, mas sobre pessoas \u2014 conectar, motivar e inspirar mesmo \u00e0 dist\u00e2ncia. L\u00edderes que aceitam esse desafio est\u00e3o criando o caminho para o futuro.<\/p>\n\n\n\n<p class=\"wp-block-paragraph\">Com a e-lideran\u00e7a, as organiza\u00e7\u00f5es podem superar os desafios do trabalho remoto e prosperar na era digital. Seja voc\u00ea um l\u00edder tentando navegar nessa nova era ou um membro de equipe tentando entender como a lideran\u00e7a est\u00e1 evoluindo, lembre-se de que a chave \u00e9 a adaptabilidade e o aprendizado cont\u00ednuo.<\/p>\n\n\n\n<hr class=\"wp-block-separator has-alpha-channel-opacity\"\/>\n\n\n\n<h3 class=\"wp-block-heading\">Assista o PodCast sobre este Tema<\/h3>\n\n\n\n<figure class=\"wp-block-embed is-type-video is-provider-youtube wp-block-embed-youtube wp-embed-aspect-16-9 wp-has-aspect-ratio\"><div class=\"wp-block-embed__wrapper\">\n<span class=\"embed-youtube\" style=\"text-align:center; display: block;\"><iframe loading=\"lazy\" class=\"youtube-player\" width=\"660\" height=\"372\" src=\"https:\/\/www.youtube.com\/embed\/HLEj3A3VXME?version=3&#038;rel=1&#038;showsearch=0&#038;showinfo=1&#038;iv_load_policy=1&#038;fs=1&#038;hl=pt-BR&#038;autohide=2&#038;wmode=transparent\" allowfullscreen=\"true\" style=\"border:0;\" sandbox=\"allow-scripts allow-same-origin allow-popups allow-presentation allow-popups-to-escape-sandbox\"><\/iframe><\/span>\n<\/div><\/figure>\n\n\n\n<h3 class=\"wp-block-heading\">Refer\u00eancia<\/h3>\n\n\n\n<p class=\"wp-block-paragraph\">BAUWENS, Robin; CORTELLAZZO, Laura. <strong>The different faces of e-leadership: Six perspectives on leading in the era of digital technologies<\/strong>. Tilburg: Tilburg University; Venice: Ca\u2019 Foscari University of Venice, 2023. Dispon\u00edvel em: [<a href=\"https:\/\/www.sciencedirect.com\/science\/article\/pii\/S1053482224000482\" target=\"_blank\" rel=\"noreferrer noopener\">https:\/\/www.sciencedirect.com\/science\/article\/pii\/S1053482224000482<\/a>].<\/p>\n\n\n\n<p class=\"wp-block-paragraph\"><\/p>\n","protected":false},"excerpt":{"rendered":"<p>Era uma manh\u00e3 nublada de segunda-feira quando Ana, uma gerente de projetos em uma empresa de tecnologia, acordou com uma notifica\u00e7\u00e3o urgente em seu celular: &#8220;Reuni\u00e3o de emerg\u00eancia \u00e0s 9h.&#8221; Desde o in\u00edcio da pandemia, o escrit\u00f3rio f\u00edsico havia se transformado em um mosaico de telas de v\u00eddeo, com sua equipe trabalhando de casas espalhadas &hellip; <a href=\"https:\/\/corporateacademy.org\/index.php\/2024\/12\/08\/e-lideranca-a-arte-de-liderar-na-era-digital\/\" class=\"more-link\">Continuar lendo <span class=\"screen-reader-text\">E-Lideran\u00e7a: A Arte de Liderar na Era Digital<\/span><\/a><\/p>\n","protected":false},"author":1,"featured_media":2361,"comment_status":"open","ping_status":"open","sticky":false,"template":"","format":"standard","meta":{"_jetpack_newsletter_access":"","_jetpack_dont_email_post_to_subs":false,"_jetpack_newsletter_tier_id":0,"_jetpack_memberships_contains_paywalled_content":false,"_jetpack_feature_clip_id":0,"_jetpack_memberships_contains_paid_content":false,"footnotes":"","jetpack_publicize_message":"","jetpack_publicize_feature_enabled":true,"jetpack_social_post_already_shared":true,"jetpack_social_options":{"image_generator_settings":{"template":"highway","default_image_id":0,"font":"","enabled":false},"version":2},"jetpack_post_was_ever_published":false},"categories":[19,18,102,132,20,47,272,212,182],"tags":[52,624,22,622,627,623,626,620,617,24,616,629,619,628,135,614,618,452,245,625,621,615],"class_list":["post-2360","post","type-post","status-publish","format-standard","has-post-thumbnail","hentry","category-ambiente-corporativo","category-comportamento","category-comunicacao","category-educacao-digital","category-gestao-de-pessoas","category-gestao-de-projetos","category-home-office","category-performance","category-trabalho-em-equipe","tag-ambiente-corporativo","tag-bemestarnotrabalho","tag-comportamento","tag-comunicacaovirtual","tag-conexaohumana","tag-culturadigital","tag-desenvolvimentodelideres","tag-elideranca","tag-futurodotrabalho","tag-gestao-de-pessoas","tag-gestaodeequipes","tag-gestaodemudancas","tag-habilidadesdigitais","tag-inclusaoediversidade","tag-inovacao","tag-liderancaremota","tag-liderancatransformacional","tag-produtividade","tag-tecnologia","tag-trabalhohibrido","tag-trabalhoremoto","tag-transformacaodigital"],"aioseo_notices":[],"aioseo_head":"\n\t\t<!-- All in One SEO 5.0.1.1 - aioseo.com -->\n\t<meta name=\"description\" content=\"Era uma manh\u00e3 nublada de segunda-feira quando Ana, uma gerente de projetos em uma empresa de tecnologia, acordou com uma notifica\u00e7\u00e3o urgente em seu celular: &quot;Reuni\u00e3o de emerg\u00eancia \u00e0s 9h.&quot; Desde o in\u00edcio da pandemia, o escrit\u00f3rio f\u00edsico havia se transformado em um mosaico de telas de v\u00eddeo, com sua equipe trabalhando de casas espalhadas\" \/>\n\t<meta name=\"robots\" content=\"max-image-preview:large\" \/>\n\t<meta name=\"author\" content=\"Editor\"\/>\n\t<link rel=\"canonical\" href=\"https:\/\/corporateacademy.org\/index.php\/2024\/12\/08\/e-lideranca-a-arte-de-liderar-na-era-digital\/\" \/>\n\t<meta name=\"generator\" content=\"All in One SEO (AIOSEO) 5.0.1.1\" \/>\n\t\t<meta property=\"og:locale\" content=\"pt_BR\" \/>\n\t\t<meta property=\"og:site_name\" content=\"Corporate Academy - Compartilhando Conhecimento\" \/>\n\t\t<meta property=\"og:type\" content=\"article\" \/>\n\t\t<meta property=\"og:title\" content=\"E-Lideran\u00e7a: A Arte de Liderar na Era Digital - Corporate Academy\" \/>\n\t\t<meta property=\"og:description\" content=\"Era uma manh\u00e3 nublada de segunda-feira quando Ana, uma gerente de projetos em uma empresa de tecnologia, acordou com uma notifica\u00e7\u00e3o urgente em seu celular: &quot;Reuni\u00e3o de emerg\u00eancia \u00e0s 9h.&quot; Desde o in\u00edcio da pandemia, o escrit\u00f3rio f\u00edsico havia se transformado em um mosaico de telas de v\u00eddeo, com sua equipe trabalhando de casas espalhadas\" \/>\n\t\t<meta property=\"og:url\" content=\"https:\/\/corporateacademy.org\/index.php\/2024\/12\/08\/e-lideranca-a-arte-de-liderar-na-era-digital\/\" \/>\n\t\t<meta property=\"og:image\" content=\"https:\/\/i0.wp.com\/corporateacademy.org\/wp-content\/uploads\/2018\/03\/Logo200x200.jpg?fit=200200\" \/>\n\t\t<meta property=\"og:image:secure_url\" content=\"https:\/\/i0.wp.com\/corporateacademy.org\/wp-content\/uploads\/2018\/03\/Logo200x200.jpg?fit=200200\" \/>\n\t\t<meta property=\"article:published_time\" content=\"2024-12-08T20:56:27+00:00\" \/>\n\t\t<meta property=\"article:modified_time\" content=\"2024-12-08T20:56:53+00:00\" \/>\n\t\t<meta name=\"twitter:card\" content=\"summary_large_image\" \/>\n\t\t<meta name=\"twitter:title\" content=\"E-Lideran\u00e7a: A Arte de Liderar na Era Digital - Corporate Academy\" \/>\n\t\t<meta name=\"twitter:description\" content=\"Era uma manh\u00e3 nublada de segunda-feira quando Ana, uma gerente de projetos em uma empresa de tecnologia, acordou com uma notifica\u00e7\u00e3o urgente em seu celular: &quot;Reuni\u00e3o de emerg\u00eancia \u00e0s 9h.&quot; Desde o in\u00edcio da pandemia, o escrit\u00f3rio f\u00edsico havia se transformado em um mosaico de telas de v\u00eddeo, com sua equipe trabalhando de casas espalhadas\" \/>\n\t\t<meta name=\"twitter:image\" content=\"https:\/\/i0.wp.com\/corporateacademy.org\/wp-content\/uploads\/2018\/03\/Logo200x200.jpg?fit=200200\" \/>\n\t\t<script type=\"application\/ld+json\" class=\"aioseo-schema\">\n\t\t\t{\"@context\":\"https:\\\/\\\/schema.org\",\"@graph\":[{\"@type\":\"BlogPosting\",\"@id\":\"https:\\\/\\\/corporateacademy.org\\\/index.php\\\/2024\\\/12\\\/08\\\/e-lideranca-a-arte-de-liderar-na-era-digital\\\/#blogposting\",\"name\":\"E-Lideran\\u00e7a: A Arte de Liderar na Era Digital - Corporate Academy\",\"headline\":\"E-Lideran\\u00e7a: A Arte de Liderar na Era Digital\",\"author\":{\"@id\":\"https:\\\/\\\/corporateacademy.org\\\/index.php\\\/author\\\/nevesf\\\/#author\"},\"publisher\":{\"@id\":\"https:\\\/\\\/corporateacademy.org\\\/#organization\"},\"image\":{\"@type\":\"ImageObject\",\"url\":\"https:\\\/\\\/i0.wp.com\\\/corporateacademy.org\\\/wp-content\\\/uploads\\\/2024\\\/12\\\/e-lider3.png?fit=978%2C542&ssl=1\",\"width\":978,\"height\":542,\"caption\":\"e-lideran\\u00e7a\"},\"datePublished\":\"2024-12-08T17:56:27-03:00\",\"dateModified\":\"2024-12-08T17:56:53-03:00\",\"inLanguage\":\"pt-BR\",\"mainEntityOfPage\":{\"@id\":\"https:\\\/\\\/corporateacademy.org\\\/index.php\\\/2024\\\/12\\\/08\\\/e-lideranca-a-arte-de-liderar-na-era-digital\\\/#webpage\"},\"isPartOf\":{\"@id\":\"https:\\\/\\\/corporateacademy.org\\\/index.php\\\/2024\\\/12\\\/08\\\/e-lideranca-a-arte-de-liderar-na-era-digital\\\/#webpage\"},\"articleSection\":\"Ambiente corporativo, comportamento, comunica\\u00e7\\u00e3o, Educa\\u00e7\\u00e3o Digital, gest\\u00e3o de pessoas, gest\\u00e3o de projetos, home office, Performance, Trabalho em Equipe, ambiente corporativo, BemEstarNoTrabalho, comportamento, Comunica\\u00e7\\u00e3oVirtual, Conex\\u00e3oHumana, CulturaDigital, DesenvolvimentoDeL\\u00edderes, ELideran\\u00e7a, FuturoDoTrabalho, gest\\u00e3o de pessoas, Gest\\u00e3oDeEquipes, Gest\\u00e3oDeMudan\\u00e7as, HabilidadesDigitais, Inclus\\u00e3oEDiversidade, inova\\u00e7\\u00e3o, Lideran\\u00e7aRemota, Lideran\\u00e7aTransformacional, produtividade, tecnologia, TrabalhoH\\u00edbrido, TrabalhoRemoto, Transforma\\u00e7\\u00e3oDigital\"},{\"@type\":\"BreadcrumbList\",\"@id\":\"https:\\\/\\\/corporateacademy.org\\\/index.php\\\/2024\\\/12\\\/08\\\/e-lideranca-a-arte-de-liderar-na-era-digital\\\/#breadcrumblist\",\"itemListElement\":[{\"@type\":\"ListItem\",\"@id\":\"https:\\\/\\\/corporateacademy.org#listItem\",\"position\":1,\"name\":\"Home\",\"item\":\"https:\\\/\\\/corporateacademy.org\",\"nextItem\":{\"@type\":\"ListItem\",\"@id\":\"https:\\\/\\\/corporateacademy.org\\\/index.php\\\/category\\\/comportamento\\\/#listItem\",\"name\":\"comportamento\"}},{\"@type\":\"ListItem\",\"@id\":\"https:\\\/\\\/corporateacademy.org\\\/index.php\\\/category\\\/comportamento\\\/#listItem\",\"position\":2,\"name\":\"comportamento\",\"item\":\"https:\\\/\\\/corporateacademy.org\\\/index.php\\\/category\\\/comportamento\\\/\",\"nextItem\":{\"@type\":\"ListItem\",\"@id\":\"https:\\\/\\\/corporateacademy.org\\\/index.php\\\/2024\\\/12\\\/08\\\/e-lideranca-a-arte-de-liderar-na-era-digital\\\/#listItem\",\"name\":\"E-Lideran\\u00e7a: A Arte de Liderar na Era Digital\"},\"previousItem\":{\"@type\":\"ListItem\",\"@id\":\"https:\\\/\\\/corporateacademy.org#listItem\",\"name\":\"Home\"}},{\"@type\":\"ListItem\",\"@id\":\"https:\\\/\\\/corporateacademy.org\\\/index.php\\\/2024\\\/12\\\/08\\\/e-lideranca-a-arte-de-liderar-na-era-digital\\\/#listItem\",\"position\":3,\"name\":\"E-Lideran\\u00e7a: A Arte de Liderar na Era Digital\",\"previousItem\":{\"@type\":\"ListItem\",\"@id\":\"https:\\\/\\\/corporateacademy.org\\\/index.php\\\/category\\\/comportamento\\\/#listItem\",\"name\":\"comportamento\"}}]},{\"@type\":\"Organization\",\"@id\":\"https:\\\/\\\/corporateacademy.org\\\/#organization\",\"name\":\"Corporate Academy\",\"description\":\"Compartilhando Conhecimento\",\"url\":\"https:\\\/\\\/corporateacademy.org\\\/\",\"logo\":{\"@type\":\"ImageObject\",\"url\":\"https:\\\/\\\/i0.wp.com\\\/corporateacademy.org\\\/wp-content\\\/uploads\\\/2018\\\/03\\\/Logo200x200.jpg?fit=200%2C200&ssl=1\",\"@id\":\"https:\\\/\\\/corporateacademy.org\\\/index.php\\\/2024\\\/12\\\/08\\\/e-lideranca-a-arte-de-liderar-na-era-digital\\\/#organizationLogo\",\"width\":200,\"height\":200},\"image\":{\"@id\":\"https:\\\/\\\/corporateacademy.org\\\/index.php\\\/2024\\\/12\\\/08\\\/e-lideranca-a-arte-de-liderar-na-era-digital\\\/#organizationLogo\"}},{\"@type\":\"Person\",\"@id\":\"https:\\\/\\\/corporateacademy.org\\\/index.php\\\/author\\\/nevesf\\\/#author\",\"url\":\"https:\\\/\\\/corporateacademy.org\\\/index.php\\\/author\\\/nevesf\\\/\",\"name\":\"Editor\",\"image\":{\"@type\":\"ImageObject\",\"@id\":\"https:\\\/\\\/corporateacademy.org\\\/index.php\\\/2024\\\/12\\\/08\\\/e-lideranca-a-arte-de-liderar-na-era-digital\\\/#authorImage\",\"url\":\"https:\\\/\\\/secure.gravatar.com\\\/avatar\\\/40a180061deabb68d04bd9f812bde2b372b5d57984baf7dd947ee866377d90fb?s=96&d=blank&r=g\",\"width\":96,\"height\":96,\"caption\":\"Editor\"}},{\"@type\":\"WebPage\",\"@id\":\"https:\\\/\\\/corporateacademy.org\\\/index.php\\\/2024\\\/12\\\/08\\\/e-lideranca-a-arte-de-liderar-na-era-digital\\\/#webpage\",\"url\":\"https:\\\/\\\/corporateacademy.org\\\/index.php\\\/2024\\\/12\\\/08\\\/e-lideranca-a-arte-de-liderar-na-era-digital\\\/\",\"name\":\"E-Lideran\\u00e7a: A Arte de Liderar na Era Digital - Corporate Academy\",\"description\":\"Era uma manh\\u00e3 nublada de segunda-feira quando Ana, uma gerente de projetos em uma empresa de tecnologia, acordou com uma notifica\\u00e7\\u00e3o urgente em seu celular: \\\"Reuni\\u00e3o de emerg\\u00eancia \\u00e0s 9h.\\\" Desde o in\\u00edcio da pandemia, o escrit\\u00f3rio f\\u00edsico havia se transformado em um mosaico de telas de v\\u00eddeo, com sua equipe trabalhando de casas espalhadas\",\"inLanguage\":\"pt-BR\",\"isPartOf\":{\"@id\":\"https:\\\/\\\/corporateacademy.org\\\/#website\"},\"breadcrumb\":{\"@id\":\"https:\\\/\\\/corporateacademy.org\\\/index.php\\\/2024\\\/12\\\/08\\\/e-lideranca-a-arte-de-liderar-na-era-digital\\\/#breadcrumblist\"},\"author\":{\"@id\":\"https:\\\/\\\/corporateacademy.org\\\/index.php\\\/author\\\/nevesf\\\/#author\"},\"creator\":{\"@id\":\"https:\\\/\\\/corporateacademy.org\\\/index.php\\\/author\\\/nevesf\\\/#author\"},\"image\":{\"@type\":\"ImageObject\",\"url\":\"https:\\\/\\\/i0.wp.com\\\/corporateacademy.org\\\/wp-content\\\/uploads\\\/2024\\\/12\\\/e-lider3.png?fit=978%2C542&ssl=1\",\"@id\":\"https:\\\/\\\/corporateacademy.org\\\/index.php\\\/2024\\\/12\\\/08\\\/e-lideranca-a-arte-de-liderar-na-era-digital\\\/#mainImage\",\"width\":978,\"height\":542,\"caption\":\"e-lideran\\u00e7a\"},\"primaryImageOfPage\":{\"@id\":\"https:\\\/\\\/corporateacademy.org\\\/index.php\\\/2024\\\/12\\\/08\\\/e-lideranca-a-arte-de-liderar-na-era-digital\\\/#mainImage\"},\"datePublished\":\"2024-12-08T17:56:27-03:00\",\"dateModified\":\"2024-12-08T17:56:53-03:00\"},{\"@type\":\"WebSite\",\"@id\":\"https:\\\/\\\/corporateacademy.org\\\/#website\",\"url\":\"https:\\\/\\\/corporateacademy.org\\\/\",\"name\":\"Corporate Academy\",\"description\":\"Compartilhando Conhecimento\",\"inLanguage\":\"pt-BR\",\"publisher\":{\"@id\":\"https:\\\/\\\/corporateacademy.org\\\/#organization\"}}]}\n\t\t<\/script>\n\t\t<!-- All in One SEO -->\n\n","aioseo_head_json":{"title":"E-Lideran\u00e7a: A Arte de Liderar na Era Digital - Corporate Academy","description":"Era uma manh\u00e3 nublada de segunda-feira quando Ana, uma gerente de projetos em uma empresa de tecnologia, acordou com uma notifica\u00e7\u00e3o urgente em seu celular: \"Reuni\u00e3o de emerg\u00eancia \u00e0s 9h.\" Desde o in\u00edcio da pandemia, o escrit\u00f3rio f\u00edsico havia se transformado em um mosaico de telas de v\u00eddeo, com sua equipe trabalhando de casas espalhadas","canonical_url":"https:\/\/corporateacademy.org\/index.php\/2024\/12\/08\/e-lideranca-a-arte-de-liderar-na-era-digital\/","robots":"max-image-preview:large","keywords":"","webmasterTools":{"miscellaneous":""},"schema":{"@context":"https:\/\/schema.org","@graph":[{"@type":"BlogPosting","@id":"https:\/\/corporateacademy.org\/index.php\/2024\/12\/08\/e-lideranca-a-arte-de-liderar-na-era-digital\/#blogposting","name":"E-Lideran\u00e7a: A Arte de Liderar na Era Digital - Corporate Academy","headline":"E-Lideran\u00e7a: A Arte de Liderar na Era Digital","author":{"@id":"https:\/\/corporateacademy.org\/index.php\/author\/nevesf\/#author"},"publisher":{"@id":"https:\/\/corporateacademy.org\/#organization"},"image":{"@type":"ImageObject","url":"https:\/\/i0.wp.com\/corporateacademy.org\/wp-content\/uploads\/2024\/12\/e-lider3.png?fit=978%2C542&ssl=1","width":978,"height":542,"caption":"e-lideran\u00e7a"},"datePublished":"2024-12-08T17:56:27-03:00","dateModified":"2024-12-08T17:56:53-03:00","inLanguage":"pt-BR","mainEntityOfPage":{"@id":"https:\/\/corporateacademy.org\/index.php\/2024\/12\/08\/e-lideranca-a-arte-de-liderar-na-era-digital\/#webpage"},"isPartOf":{"@id":"https:\/\/corporateacademy.org\/index.php\/2024\/12\/08\/e-lideranca-a-arte-de-liderar-na-era-digital\/#webpage"},"articleSection":"Ambiente corporativo, comportamento, comunica\u00e7\u00e3o, Educa\u00e7\u00e3o Digital, gest\u00e3o de pessoas, gest\u00e3o de projetos, home office, Performance, Trabalho em Equipe, ambiente corporativo, BemEstarNoTrabalho, comportamento, Comunica\u00e7\u00e3oVirtual, Conex\u00e3oHumana, CulturaDigital, DesenvolvimentoDeL\u00edderes, ELideran\u00e7a, FuturoDoTrabalho, gest\u00e3o de pessoas, Gest\u00e3oDeEquipes, Gest\u00e3oDeMudan\u00e7as, HabilidadesDigitais, Inclus\u00e3oEDiversidade, inova\u00e7\u00e3o, Lideran\u00e7aRemota, Lideran\u00e7aTransformacional, produtividade, tecnologia, TrabalhoH\u00edbrido, TrabalhoRemoto, Transforma\u00e7\u00e3oDigital"},{"@type":"BreadcrumbList","@id":"https:\/\/corporateacademy.org\/index.php\/2024\/12\/08\/e-lideranca-a-arte-de-liderar-na-era-digital\/#breadcrumblist","itemListElement":[{"@type":"ListItem","@id":"https:\/\/corporateacademy.org#listItem","position":1,"name":"Home","item":"https:\/\/corporateacademy.org","nextItem":{"@type":"ListItem","@id":"https:\/\/corporateacademy.org\/index.php\/category\/comportamento\/#listItem","name":"comportamento"}},{"@type":"ListItem","@id":"https:\/\/corporateacademy.org\/index.php\/category\/comportamento\/#listItem","position":2,"name":"comportamento","item":"https:\/\/corporateacademy.org\/index.php\/category\/comportamento\/","nextItem":{"@type":"ListItem","@id":"https:\/\/corporateacademy.org\/index.php\/2024\/12\/08\/e-lideranca-a-arte-de-liderar-na-era-digital\/#listItem","name":"E-Lideran\u00e7a: A Arte de Liderar na Era Digital"},"previousItem":{"@type":"ListItem","@id":"https:\/\/corporateacademy.org#listItem","name":"Home"}},{"@type":"ListItem","@id":"https:\/\/corporateacademy.org\/index.php\/2024\/12\/08\/e-lideranca-a-arte-de-liderar-na-era-digital\/#listItem","position":3,"name":"E-Lideran\u00e7a: A Arte de Liderar na Era Digital","previousItem":{"@type":"ListItem","@id":"https:\/\/corporateacademy.org\/index.php\/category\/comportamento\/#listItem","name":"comportamento"}}]},{"@type":"Organization","@id":"https:\/\/corporateacademy.org\/#organization","name":"Corporate Academy","description":"Compartilhando Conhecimento","url":"https:\/\/corporateacademy.org\/","logo":{"@type":"ImageObject","url":"https:\/\/i0.wp.com\/corporateacademy.org\/wp-content\/uploads\/2018\/03\/Logo200x200.jpg?fit=200%2C200&ssl=1","@id":"https:\/\/corporateacademy.org\/index.php\/2024\/12\/08\/e-lideranca-a-arte-de-liderar-na-era-digital\/#organizationLogo","width":200,"height":200},"image":{"@id":"https:\/\/corporateacademy.org\/index.php\/2024\/12\/08\/e-lideranca-a-arte-de-liderar-na-era-digital\/#organizationLogo"}},{"@type":"Person","@id":"https:\/\/corporateacademy.org\/index.php\/author\/nevesf\/#author","url":"https:\/\/corporateacademy.org\/index.php\/author\/nevesf\/","name":"Editor","image":{"@type":"ImageObject","@id":"https:\/\/corporateacademy.org\/index.php\/2024\/12\/08\/e-lideranca-a-arte-de-liderar-na-era-digital\/#authorImage","url":"https:\/\/secure.gravatar.com\/avatar\/40a180061deabb68d04bd9f812bde2b372b5d57984baf7dd947ee866377d90fb?s=96&d=blank&r=g","width":96,"height":96,"caption":"Editor"}},{"@type":"WebPage","@id":"https:\/\/corporateacademy.org\/index.php\/2024\/12\/08\/e-lideranca-a-arte-de-liderar-na-era-digital\/#webpage","url":"https:\/\/corporateacademy.org\/index.php\/2024\/12\/08\/e-lideranca-a-arte-de-liderar-na-era-digital\/","name":"E-Lideran\u00e7a: A Arte de Liderar na Era Digital - Corporate Academy","description":"Era uma manh\u00e3 nublada de segunda-feira quando Ana, uma gerente de projetos em uma empresa de tecnologia, acordou com uma notifica\u00e7\u00e3o urgente em seu celular: \"Reuni\u00e3o de emerg\u00eancia \u00e0s 9h.\" Desde o in\u00edcio da pandemia, o escrit\u00f3rio f\u00edsico havia se transformado em um mosaico de telas de v\u00eddeo, com sua equipe trabalhando de casas espalhadas","inLanguage":"pt-BR","isPartOf":{"@id":"https:\/\/corporateacademy.org\/#website"},"breadcrumb":{"@id":"https:\/\/corporateacademy.org\/index.php\/2024\/12\/08\/e-lideranca-a-arte-de-liderar-na-era-digital\/#breadcrumblist"},"author":{"@id":"https:\/\/corporateacademy.org\/index.php\/author\/nevesf\/#author"},"creator":{"@id":"https:\/\/corporateacademy.org\/index.php\/author\/nevesf\/#author"},"image":{"@type":"ImageObject","url":"https:\/\/i0.wp.com\/corporateacademy.org\/wp-content\/uploads\/2024\/12\/e-lider3.png?fit=978%2C542&ssl=1","@id":"https:\/\/corporateacademy.org\/index.php\/2024\/12\/08\/e-lideranca-a-arte-de-liderar-na-era-digital\/#mainImage","width":978,"height":542,"caption":"e-lideran\u00e7a"},"primaryImageOfPage":{"@id":"https:\/\/corporateacademy.org\/index.php\/2024\/12\/08\/e-lideranca-a-arte-de-liderar-na-era-digital\/#mainImage"},"datePublished":"2024-12-08T17:56:27-03:00","dateModified":"2024-12-08T17:56:53-03:00"},{"@type":"WebSite","@id":"https:\/\/corporateacademy.org\/#website","url":"https:\/\/corporateacademy.org\/","name":"Corporate Academy","description":"Compartilhando Conhecimento","inLanguage":"pt-BR","publisher":{"@id":"https:\/\/corporateacademy.org\/#organization"}}]},"og:locale":"pt_BR","og:site_name":"Corporate Academy - Compartilhando Conhecimento","og:type":"article","og:title":"E-Lideran\u00e7a: A Arte de Liderar na Era Digital - Corporate Academy","og:description":"Era uma manh\u00e3 nublada de segunda-feira quando Ana, uma gerente de projetos em uma empresa de tecnologia, acordou com uma notifica\u00e7\u00e3o urgente em seu celular: &quot;Reuni\u00e3o de emerg\u00eancia \u00e0s 9h.&quot; Desde o in\u00edcio da pandemia, o escrit\u00f3rio f\u00edsico havia se transformado em um mosaico de telas de v\u00eddeo, com sua equipe trabalhando de casas espalhadas","og:url":"https:\/\/corporateacademy.org\/index.php\/2024\/12\/08\/e-lideranca-a-arte-de-liderar-na-era-digital\/","og:image":"https:\/\/i0.wp.com\/corporateacademy.org\/wp-content\/uploads\/2018\/03\/Logo200x200.jpg?fit=200200","og:image:secure_url":"https:\/\/i0.wp.com\/corporateacademy.org\/wp-content\/uploads\/2018\/03\/Logo200x200.jpg?fit=200200","article:published_time":"2024-12-08T20:56:27+00:00","article:modified_time":"2024-12-08T20:56:53+00:00","twitter:card":"summary_large_image","twitter:title":"E-Lideran\u00e7a: A Arte de Liderar na Era Digital - Corporate Academy","twitter:description":"Era uma manh\u00e3 nublada de segunda-feira quando Ana, uma gerente de projetos em uma empresa de tecnologia, acordou com uma notifica\u00e7\u00e3o urgente em seu celular: &quot;Reuni\u00e3o de emerg\u00eancia \u00e0s 9h.&quot; Desde o in\u00edcio da pandemia, o escrit\u00f3rio f\u00edsico havia se transformado em um mosaico de telas de v\u00eddeo, com sua equipe trabalhando de casas espalhadas","twitter:image":"https:\/\/i0.wp.com\/corporateacademy.org\/wp-content\/uploads\/2018\/03\/Logo200x200.jpg?fit=200200"},"aioseo_meta_data":{"post_id":"2360","title":null,"description":null,"keywords":null,"keyphrases":null,"focus_keyword":null,"additional_keywords":null,"truseo_locale":null,"primary_term":null,"canonical_url":null,"og_title":null,"og_description":null,"og_object_type":"default","og_image_type":"default","og_image_custom_url":null,"og_image_custom_fields":null,"og_image_url":null,"og_image_width":null,"og_image_height":null,"og_video":null,"og_custom_url":null,"og_article_section":null,"og_article_tags":null,"twitter_use_og":false,"twitter_card":"default","twitter_image_type":"default","twitter_image_custom_url":null,"twitter_image_custom_fields":null,"twitter_image_url":null,"twitter_title":null,"twitter_description":null,"schema_type":"default","schema_type_options":null,"schema":{"blockGraphs":[],"customGraphs":[],"default":{"data":{"Article":[],"Course":[],"Dataset":[],"FAQPage":[],"Movie":[],"Person":[],"Product":[],"ProductReview":[],"Car":[],"Recipe":[],"Service":[],"SoftwareApplication":[],"WebPage":[]},"graphName":"","isEnabled":true},"graphs":[]},"pillar_content":false,"robots_default":true,"robots_noindex":false,"robots_noarchive":false,"robots_nosnippet":false,"robots_nofollow":false,"robots_noimageindex":false,"robots_noodp":false,"robots_notranslate":false,"robots_max_snippet":null,"robots_max_videopreview":null,"robots_max_imagepreview":"large","priority":null,"frequency":null,"local_seo":null,"limit_modified_date":false,"ai":null,"breadcrumb_settings":null,"seo_analyzer_scan_date":null,"created":"2026-09-02 22:01:42","updated":"2026-09-02 22:01:42"},"aioseo_breadcrumb":"<div class=\"aioseo-breadcrumbs\"><span class=\"aioseo-breadcrumb\">\n\t\t\t<a href=\"https:\/\/corporateacademy.org\" title=\"Home\">Home<\/a>\n\t\t<\/span><span class=\"aioseo-breadcrumb-separator\">&raquo;<\/span><span class=\"aioseo-breadcrumb\">\n\t\t\t<a href=\"https:\/\/corporateacademy.org\/index.php\/category\/comportamento\/\" title=\"comportamento\">comportamento<\/a>\n\t\t<\/span><span class=\"aioseo-breadcrumb-separator\">&raquo;<\/span><span class=\"aioseo-breadcrumb\">\n\t\t\tE-Lideran\u00e7a: A Arte de Liderar na Era Digital\n\t\t<\/span><\/div>","aioseo_breadcrumb_json":[{"label":"Home","link":"https:\/\/corporateacademy.org"},{"label":"comportamento","link":"https:\/\/corporateacademy.org\/index.php\/category\/comportamento\/"},{"label":"E-Lideran\u00e7a: A Arte de Liderar na Era Digital","link":"https:\/\/corporateacademy.org\/index.php\/2024\/12\/08\/e-lideranca-a-arte-de-liderar-na-era-digital\/"}],"jetpack_publicize_connections":[],"jetpack_sharing_enabled":true,"jetpack_shortlink":"https:\/\/wp.me\/p9MYp6-C4","jetpack_likes_enabled":true,"jetpack-related-posts":[{"id":2432,"url":"https:\/\/corporateacademy.org\/index.php\/2025\/02\/14\/o-futuro-do-trabalho-como-lideres-podem-navegar-na-fronteira-entre-humanos-e-maquinas-insights-do-forum-economico-mundial\/","url_meta":{"origin":2360,"position":0},"title":"O Futuro do Trabalho: Como L\u00edderes Podem Navegar na Fronteira Entre Humanos e M\u00e1quinas- Insights do F\u00f3rum Econ\u00f4mico Mundial.","author":"Editor","date":"14\/02\/2025","format":false,"excerpt":"Imagine o seguinte cen\u00e1rio: voc\u00ea chega ao trabalho e percebe que metade das tarefas que antes eram executadas por sua equipe agora s\u00e3o gerenciadas por intelig\u00eancia artificial. Os relat\u00f3rios financeiros, a triagem de candidatos para novas contrata\u00e7\u00f5es e at\u00e9 mesmo o atendimento ao cliente passaram a ser conduzidos por algoritmos\u2026","rel":"","context":"Em &quot;Ambiente corporativo&quot;","block_context":{"text":"Ambiente corporativo","link":"https:\/\/corporateacademy.org\/index.php\/category\/ambiente-corporativo\/"},"img":{"alt_text":"Humans and robots at the office","src":"https:\/\/i0.wp.com\/corporateacademy.org\/wp-content\/uploads\/2025\/02\/Human-and-Robots-Office.jpg?fit=1200%2C686&ssl=1&resize=350%2C200","width":350,"height":200,"srcset":"https:\/\/i0.wp.com\/corporateacademy.org\/wp-content\/uploads\/2025\/02\/Human-and-Robots-Office.jpg?fit=1200%2C686&ssl=1&resize=350%2C200 1x, https:\/\/i0.wp.com\/corporateacademy.org\/wp-content\/uploads\/2025\/02\/Human-and-Robots-Office.jpg?fit=1200%2C686&ssl=1&resize=525%2C300 1.5x, https:\/\/i0.wp.com\/corporateacademy.org\/wp-content\/uploads\/2025\/02\/Human-and-Robots-Office.jpg?fit=1200%2C686&ssl=1&resize=700%2C400 2x, https:\/\/i0.wp.com\/corporateacademy.org\/wp-content\/uploads\/2025\/02\/Human-and-Robots-Office.jpg?fit=1200%2C686&ssl=1&resize=1050%2C600 3x"},"classes":[]},{"id":1656,"url":"https:\/\/corporateacademy.org\/index.php\/2022\/12\/28\/as-cinco-melhores-praticas-usadas-por-lideres-de-sucesso-para-formar-as-melhores-equipes\/","url_meta":{"origin":2360,"position":1},"title":"As Cinco Melhores Pr\u00e1ticas usadas por L\u00edderes de Sucesso para Formar as Melhores equipes.","author":"Editor","date":"28\/12\/2022","format":false,"excerpt":"Imagine que voc\u00ea \u00e9 o CEO de uma empresa de tecnologia que est\u00e1 prestes a lan\u00e7ar um novo produto. Voc\u00ea sabe que o sucesso desse produto depende da capacidade de sua equipe de trabalhar junta de forma coesa e eficiente. Ent\u00e3o, voc\u00ea come\u00e7a a procurar as melhores pr\u00e1ticas para formar\u2026","rel":"","context":"Em &quot;Ambiente corporativo&quot;","block_context":{"text":"Ambiente corporativo","link":"https:\/\/corporateacademy.org\/index.php\/category\/ambiente-corporativo\/"},"img":{"alt_text":"Lideran\u00e7a e equipe","src":"https:\/\/i0.wp.com\/corporateacademy.org\/wp-content\/uploads\/2022\/12\/people-1979261_1280.jpg?fit=1200%2C800&ssl=1&resize=350%2C200","width":350,"height":200,"srcset":"https:\/\/i0.wp.com\/corporateacademy.org\/wp-content\/uploads\/2022\/12\/people-1979261_1280.jpg?fit=1200%2C800&ssl=1&resize=350%2C200 1x, https:\/\/i0.wp.com\/corporateacademy.org\/wp-content\/uploads\/2022\/12\/people-1979261_1280.jpg?fit=1200%2C800&ssl=1&resize=525%2C300 1.5x, https:\/\/i0.wp.com\/corporateacademy.org\/wp-content\/uploads\/2022\/12\/people-1979261_1280.jpg?fit=1200%2C800&ssl=1&resize=700%2C400 2x, https:\/\/i0.wp.com\/corporateacademy.org\/wp-content\/uploads\/2022\/12\/people-1979261_1280.jpg?fit=1200%2C800&ssl=1&resize=1050%2C600 3x"},"classes":[]},{"id":327,"url":"https:\/\/corporateacademy.org\/index.php\/2018\/08\/09\/trabalhando-com-equipes-multiculturais-e-multifuncionais-em-ambiente-vuca\/","url_meta":{"origin":2360,"position":2},"title":"Trabalhando com equipes multiculturais e multifuncionais em ambiente VUCA","author":"Editor","date":"09\/08\/2018","format":false,"excerpt":"Texto: Fernando Neves, Ph.D. Imagem: Alexandra (Alexas_Fotos, Pixabay) As organiza\u00e7\u00f5es s\u00e3o formadas por pessoas e pessoas s\u00e3o diferentes, possuem interesses e aspira\u00e7\u00f5es distintas e acima de tudo cada um tem a sua pr\u00f3pria personalidade e individualidade. Mas o que acontece quando estas pessoas possuem um objetivo comum? O que ocorre\u2026","rel":"","context":"Em &quot;Ambiente corporativo&quot;","block_context":{"text":"Ambiente corporativo","link":"https:\/\/corporateacademy.org\/index.php\/category\/ambiente-corporativo\/"},"img":{"alt_text":"","src":"\/\/ws-na.amazon-adsystem.com\/widgets\/q?_encoding=UTF8&MarketPlace=BR&ASIN=8598254584&ServiceVersion=20070822&ID=AsinImage&WS=1&Format=_SL250_&tag=nevesf-20","width":350,"height":200},"classes":[]},{"id":1,"url":"https:\/\/corporateacademy.org\/index.php\/2018\/01\/12\/gosto-de-voce-somos-parecidos\/","url_meta":{"origin":2360,"position":3},"title":"Gosto de voc\u00ea! Somos muito parecidos!","author":"Editor","date":"12\/01\/2018","format":false,"excerpt":"Fernando Neves, Ph.D.\u00a0 \u00a0 \u00a0 \u00a0 Em tempos de rede social e algoritmos, aquela ideia de que os opostos se atraem n\u00e3o \u00e9 verdadeira. O natural \u00e9 exatamente o oposto, ou seja, \u00a0que nos conectemos com as pessoas com quem temos afinidades. Quer queiramos admitir ou n\u00e3o, n\u00f3s gostamos disso!\u2026","rel":"","context":"Em &quot;Ambiente corporativo&quot;","block_context":{"text":"Ambiente corporativo","link":"https:\/\/corporateacademy.org\/index.php\/category\/ambiente-corporativo\/"},"img":{"alt_text":"","src":"https:\/\/i0.wp.com\/corporateacademy.org\/wp-content\/uploads\/2018\/01\/car-communication-3100981GertAltmann.jpg?fit=1200%2C400&ssl=1&resize=350%2C200","width":350,"height":200,"srcset":"https:\/\/i0.wp.com\/corporateacademy.org\/wp-content\/uploads\/2018\/01\/car-communication-3100981GertAltmann.jpg?fit=1200%2C400&ssl=1&resize=350%2C200 1x, https:\/\/i0.wp.com\/corporateacademy.org\/wp-content\/uploads\/2018\/01\/car-communication-3100981GertAltmann.jpg?fit=1200%2C400&ssl=1&resize=525%2C300 1.5x, https:\/\/i0.wp.com\/corporateacademy.org\/wp-content\/uploads\/2018\/01\/car-communication-3100981GertAltmann.jpg?fit=1200%2C400&ssl=1&resize=700%2C400 2x, https:\/\/i0.wp.com\/corporateacademy.org\/wp-content\/uploads\/2018\/01\/car-communication-3100981GertAltmann.jpg?fit=1200%2C400&ssl=1&resize=1050%2C600 3x"},"classes":[]},{"id":441,"url":"https:\/\/corporateacademy.org\/index.php\/2019\/02\/20\/inteligencia-artificial-afeta-menos-as-pessoas-criativas\/","url_meta":{"origin":2360,"position":4},"title":"Intelig\u00eancia artificial afeta menos as pessoas criativas","author":"Editor","date":"20\/02\/2019","format":false,"excerpt":"Texto: Fernando Neves, Ph.D. Imagem : Pixabay (RawPixel) A m\u00fasica da sinfonia come\u00e7ava a entrar pelos meus ouvidos de forma suave, mas \u00e0 medida que eu n\u00e3o me movia tentando ainda aproveitar mais alguns minutos do meu sono, acordes dissonantes me impediam de voltar a dormir. A assistente virtual percebia\u2026","rel":"","context":"Em &quot;Ambiente corporativo&quot;","block_context":{"text":"Ambiente corporativo","link":"https:\/\/corporateacademy.org\/index.php\/category\/ambiente-corporativo\/"},"img":{"alt_text":"","src":"https:\/\/i0.wp.com\/corporateacademy.org\/wp-content\/uploads\/2019\/02\/RawPixelPixabay-people-3370833_640.jpg?fit=640%2C400&ssl=1&resize=350%2C200","width":350,"height":200,"srcset":"https:\/\/i0.wp.com\/corporateacademy.org\/wp-content\/uploads\/2019\/02\/RawPixelPixabay-people-3370833_640.jpg?fit=640%2C400&ssl=1&resize=350%2C200 1x, https:\/\/i0.wp.com\/corporateacademy.org\/wp-content\/uploads\/2019\/02\/RawPixelPixabay-people-3370833_640.jpg?fit=640%2C400&ssl=1&resize=525%2C300 1.5x"},"classes":[]},{"id":1878,"url":"https:\/\/corporateacademy.org\/index.php\/2023\/03\/03\/lego-serious-play-entenda-como-engajar-e-desenvolver-sua-equipe-com-criatividade\/","url_meta":{"origin":2360,"position":5},"title":"Lego\u00ae Serious Play\u00ae: entenda como engajar e desenvolver sua equipe com criatividade !","author":"Editor","date":"03\/03\/2023","format":false,"excerpt":"M\u00e1rcio Camargo, M.Sc. Voc\u00ea j\u00e1 imaginou trabalhar de forma leve e fazer reuni\u00f5es produtivas com LEGO? \u00c9 isso mesmo! Desde de 1996, existe a t\u00e9cnica\u00a0Lego\u00ae Serious Play\u00ae, que foi criada pelos professores Bart Victor e Johan Ross, da IMD Business School, juntamente com o CEO da Lego, Kjeld Kirk Kristiansen.\u2026","rel":"","context":"Em &quot;Ambiente corporativo&quot;","block_context":{"text":"Ambiente corporativo","link":"https:\/\/corporateacademy.org\/index.php\/category\/ambiente-corporativo\/"},"img":{"alt_text":"Lego Serious Play","src":"https:\/\/i0.wp.com\/corporateacademy.org\/wp-content\/uploads\/2023\/03\/LegoResized.jpeg?fit=1200%2C675&ssl=1&resize=350%2C200","width":350,"height":200,"srcset":"https:\/\/i0.wp.com\/corporateacademy.org\/wp-content\/uploads\/2023\/03\/LegoResized.jpeg?fit=1200%2C675&ssl=1&resize=350%2C200 1x, https:\/\/i0.wp.com\/corporateacademy.org\/wp-content\/uploads\/2023\/03\/LegoResized.jpeg?fit=1200%2C675&ssl=1&resize=525%2C300 1.5x, https:\/\/i0.wp.com\/corporateacademy.org\/wp-content\/uploads\/2023\/03\/LegoResized.jpeg?fit=1200%2C675&ssl=1&resize=700%2C400 2x, https:\/\/i0.wp.com\/corporateacademy.org\/wp-content\/uploads\/2023\/03\/LegoResized.jpeg?fit=1200%2C675&ssl=1&resize=1050%2C600 3x"},"classes":[]}],"jetpack_featured_media_url":"https:\/\/i0.wp.com\/corporateacademy.org\/wp-content\/uploads\/2024\/12\/e-lider3.png?fit=978%2C542&ssl=1","_links":{"self":[{"href":"https:\/\/corporateacademy.org\/index.php\/wp-json\/wp\/v2\/posts\/2360","targetHints":{"allow":["GET"]}}],"collection":[{"href":"https:\/\/corporateacademy.org\/index.php\/wp-json\/wp\/v2\/posts"}],"about":[{"href":"https:\/\/corporateacademy.org\/index.php\/wp-json\/wp\/v2\/types\/post"}],"author":[{"embeddable":true,"href":"https:\/\/corporateacademy.org\/index.php\/wp-json\/wp\/v2\/users\/1"}],"replies":[{"embeddable":true,"href":"https:\/\/corporateacademy.org\/index.php\/wp-json\/wp\/v2\/comments?post=2360"}],"version-history":[{"count":6,"href":"https:\/\/corporateacademy.org\/index.php\/wp-json\/wp\/v2\/posts\/2360\/revisions"}],"predecessor-version":[{"id":2367,"href":"https:\/\/corporateacademy.org\/index.php\/wp-json\/wp\/v2\/posts\/2360\/revisions\/2367"}],"wp:featuredmedia":[{"embeddable":true,"href":"https:\/\/corporateacademy.org\/index.php\/wp-json\/wp\/v2\/media\/2361"}],"wp:attachment":[{"href":"https:\/\/corporateacademy.org\/index.php\/wp-json\/wp\/v2\/media?parent=2360"}],"wp:term":[{"taxonomy":"category","embeddable":true,"href":"https:\/\/corporateacademy.org\/index.php\/wp-json\/wp\/v2\/categories?post=2360"},{"taxonomy":"post_tag","embeddable":true,"href":"https:\/\/corporateacademy.org\/index.php\/wp-json\/wp\/v2\/tags?post=2360"}],"curies":[{"name":"wp","href":"https:\/\/api.w.org\/{rel}","templated":true}]}}