{"id":2398,"date":"2024-12-20T15:03:18","date_gmt":"2024-12-20T18:03:18","guid":{"rendered":"https:\/\/corporateacademy.org\/?p=2398"},"modified":"2024-12-20T15:03:37","modified_gmt":"2024-12-20T18:03:37","slug":"a-coragem-de-ser-imperfeito-um-guia-para-autenticidade-e-vulnerabilidade-no-ambiente-corporativo","status":"publish","type":"post","link":"https:\/\/corporateacademy.org\/index.php\/2024\/12\/20\/a-coragem-de-ser-imperfeito-um-guia-para-autenticidade-e-vulnerabilidade-no-ambiente-corporativo\/","title":{"rendered":"A Coragem de Ser Imperfeito: Um Guia para Autenticidade e Vulnerabilidade no Ambiente Corporativo"},"content":{"rendered":"\n<p class=\"has-drop-cap wp-block-paragraph\">Voc\u00ea j\u00e1 se sentiu como se estivesse jogando um jogo que n\u00e3o pode vencer no trabalho? A press\u00e3o para ser perfeito, a necessidade de esconder suas falhas, a constante compara\u00e7\u00e3o com os colegas&#8230; Parece familiar? No mundo corporativo, onde a busca pela excel\u00eancia muitas vezes se transforma em uma corrida exaustiva, a vulnerabilidade \u00e9 vista como fraqueza. Mas e se eu te dissesse que a chave para o sucesso, a lideran\u00e7a aut\u00eantica e a inova\u00e7\u00e3o est\u00e1 justamente em abra\u00e7ar a sua imperfei\u00e7\u00e3o? Neste artigo, vamos mergulhar nas descobertas revolucion\u00e1rias de <a href=\"https:\/\/amzn.to\/3P6AUOZ\" target=\"_blank\" rel=\"noreferrer noopener\">Bren\u00e9 Brown<\/a>, explorando como a coragem de ser vulner\u00e1vel pode transformar sua carreira e sua organiza\u00e7\u00e3o. Prepare-se para desafiar suas cren\u00e7as e descobrir o poder da autenticidade no ambiente profissional.<\/p>\n\n\n\n<h4 class=\"wp-block-heading\">A Pesquisa<\/h4>\n\n\n\n<p class=\"wp-block-paragraph\">Antes de mergulharmos nos conceitos principais, \u00e9 importante entender a robustez da pesquisa que embasa as descobertas de Bren\u00e9 Brown. A autora realizou um extensivo trabalho de campo que incluiu:<\/p>\n\n\n\n<ul class=\"wp-block-list\">\n<li>Aproximadamente 400 alunos de mestrado e doutorado em servi\u00e7o social<\/li>\n\n\n\n<li>Treinamento de cerca de 15 mil profissionais das \u00e1reas de sa\u00fade mental<\/li>\n\n\n\n<li>An\u00e1lise de mais de 3.500 trechos de informa\u00e7\u00f5es secund\u00e1rias<\/li>\n\n\n\n<li>Codifica\u00e7\u00e3o de aproximadamente 11 mil ocorr\u00eancias<\/li>\n\n\n\n<li>215 entrevistas conduzidas por alunos de p\u00f3s-gradua\u00e7\u00e3o sob sua supervis\u00e3o<\/li>\n<\/ul>\n\n\n\n<p class=\"wp-block-paragraph\">Esta base s\u00f3lida de pesquisa fornece credibilidade \u00e0s descobertas e recomenda\u00e7\u00f5es apresentadas no livro, especialmente para o ambiente corporativo onde decis\u00f5es baseadas em dados s\u00e3o valorizadas.<\/p>\n\n\n\n<h4 class=\"wp-block-heading\">O Poder da Luz na Escurid\u00e3o<\/h4>\n\n\n\n<p class=\"wp-block-paragraph\">Brown apresenta uma met\u00e1fora poderosa sobre vulnerabilidade que se aplica perfeitamente ao ambiente corporativo: &#8220;Grande parte da beleza da luz se deve \u00e0 exist\u00eancia das trevas. Os momentos mais fortes de nossas vidas acontecem quando amarramos as pequenas luzinhas criadas pela coragem, pela compaix\u00e3o e pelo v\u00ednculo, e as vemos brilhar na escurid\u00e3o de nossas batalhas.&#8221;<\/p>\n\n\n\n<blockquote class=\"wp-block-quote is-layout-flow wp-block-quote-is-layout-flow\">\n<p class=\"wp-block-paragraph\">Grande parte da beleza da luz se deve \u00e0 exist\u00eancia das trevas. <\/p>\n<\/blockquote>\n\n\n\n<p class=\"wp-block-paragraph\">Esta perspectiva \u00e9 particularmente relevante quando enfrentamos:<\/p>\n\n\n\n<ul class=\"wp-block-list\">\n<li>Projetos desafiadores<\/li>\n\n\n\n<li>Mudan\u00e7as organizacionais<\/li>\n\n\n\n<li>Conflitos de equipe<\/li>\n\n\n\n<li>Momentos de incerteza profissional<\/li>\n<\/ul>\n\n\n\n<h4 class=\"wp-block-heading\">A Diferen\u00e7a Entre Usar e Ser Vulner\u00e1vel<\/h4>\n\n\n\n<p class=\"wp-block-paragraph\">Um aspecto crucial para profissionais \u00e9 entender que &#8220;usar a vulnerabilidade n\u00e3o \u00e9 a mesma coisa que ser vulner\u00e1vel; \u00e9 o oposto \u2013 \u00e9 uma armadura.&#8221; Brown estabelece diretrizes claras para compartilhamento apropriado no ambiente profissional:<\/p>\n\n\n\n<ol class=\"wp-block-list\">\n<li>Compartilhe apenas hist\u00f3rias ou experi\u00eancias j\u00e1 trabalhadas e resolvidas<\/li>\n\n\n\n<li>A revela\u00e7\u00e3o deve ter prop\u00f3sito educativo ou de progresso<\/li>\n\n\n\n<li>O compartilhamento n\u00e3o deve ser usado para preencher car\u00eancias pessoais<\/li>\n<\/ol>\n\n\n\n<h4 class=\"wp-block-heading\">Guia Pr\u00e1tico para Compartilhamento Profissional<\/h4>\n\n\n\n<p class=\"wp-block-paragraph\">Para ajudar profissionais a navegarem na vulnerabilidade de forma adequada, Brown sugere fazer as seguintes perguntas antes de compartilhar:<\/p>\n\n\n\n<ul class=\"wp-block-list\">\n<li>A hist\u00f3ria j\u00e1 est\u00e1 resolvida?<\/li>\n\n\n\n<li>Qual \u00e9 o prop\u00f3sito do compartilhamento?<\/li>\n\n\n\n<li>As expectativas sobre a rea\u00e7\u00e3o dos outros est\u00e3o adequadas?<\/li>\n\n\n\n<li>O momento \u00e9 apropriado?<\/li>\n<\/ul>\n\n\n\n<h4 class=\"wp-block-heading\">A Arte do Feedback e Comprometimento<\/h4>\n\n\n\n<p class=\"wp-block-paragraph\">No ambiente corporativo, o feedback \u00e9 uma ferramenta essencial. Brown enfatiza que &#8220;dar feedback \u00e9 uma atitude de respeito; quando n\u00e3o h\u00e1 conversa sincera sobre nossas for\u00e7as e nossas oportunidades de crescimento, n\u00f3s questionamos a nossa contribui\u00e7\u00e3o e o seu comprometimento.&#8221;<\/p>\n\n\n\n<p class=\"wp-block-paragraph\">O comprometimento genu\u00edno exige:<\/p>\n\n\n\n<ul class=\"wp-block-list\">\n<li>Investimento de tempo e energia<\/li>\n\n\n\n<li>Compreens\u00e3o profunda do contexto<\/li>\n\n\n\n<li>Presen\u00e7a aut\u00eantica<\/li>\n\n\n\n<li>Disposi\u00e7\u00e3o para sacrif\u00edcios necess\u00e1rios<\/li>\n<\/ul>\n\n\n\n<p class=\"wp-block-paragraph\">Como Brown exemplifica atrav\u00e9s de uma hist\u00f3ria sobre parentalidade (que se aplica perfeitamente \u00e0 lideran\u00e7a corporativa), o verdadeiro comprometimento significa estar &#8220;aberto, prestando aten\u00e7\u00e3o, amando e estando completamente presente.&#8221;<\/p>\n\n\n\n<h4 class=\"wp-block-heading\">Aprendendo com os Erros<\/h4>\n\n\n\n<p class=\"wp-block-paragraph\">A autora compartilha uma hist\u00f3ria reveladora sobre uma m\u00e3e chamada Susan, que oferece li\u00e7\u00f5es valiosas para o ambiente corporativo. Quando confrontada com seu pr\u00f3prio comportamento inadequado, Susan demonstra como lidar com erros de forma construtiva:<\/p>\n\n\n\n<ol class=\"wp-block-list\">\n<li>Reconhecimento do erro<\/li>\n\n\n\n<li>Pedido de tempo para reflex\u00e3o<\/li>\n\n\n\n<li>Conversa honesta sobre o ocorrido<\/li>\n\n\n\n<li>Compromisso com a mudan\u00e7a<\/li>\n<\/ol>\n\n\n\n<p class=\"wp-block-paragraph\">Este exemplo pode ser facilmente transposto para situa\u00e7\u00f5es de lideran\u00e7a corporativa, onde admitir erros e demonstrar vulnerabilidade pode fortalecer relacionamentos e criar um ambiente mais aut\u00eantico.<\/p>\n\n\n\n<h4 class=\"wp-block-heading\">A Import\u00e2ncia da Presen\u00e7a Aut\u00eantica<\/h4>\n\n\n\n<p class=\"wp-block-paragraph\">No ambiente corporativo, assim como em qualquer relacionamento significativo, a presen\u00e7a aut\u00eantica \u00e9 fundamental. Como Brown enfatiza, n\u00e3o se trata de perfei\u00e7\u00e3o, mas de estar &#8220;aberto, prestando aten\u00e7\u00e3o, amando e estando completamente presente.&#8221;<\/p>\n\n\n\n<p class=\"wp-block-paragraph\">Com base nos princ\u00edpios apresentados no livro, podemos estabelecer um manifesto para o ambiente corporativo:<\/p>\n\n\n\n<ol class=\"wp-block-list\">\n<li>Desejamos correr riscos e ser corajosos<\/li>\n\n\n\n<li>Precisamos ser vistos como pessoas, n\u00e3o apenas como produtores<\/li>\n\n\n\n<li>Queremos compartilhar nossos talentos, ideias e paix\u00e3o<\/li>\n\n\n\n<li>Buscamos envolvimento m\u00fatuo e aprendizado conjunto<\/li>\n\n\n\n<li>Valorizamos feedback honesto e respeitoso<\/li>\n\n\n\n<li>Pedimos coragem e autenticidade de nossos l\u00edderes<\/li>\n<\/ol>\n\n\n\n<blockquote class=\"wp-block-quote is-layout-flow wp-block-quote-is-layout-flow\">\n<p class=\"wp-block-paragraph\">&#8220;A escurid\u00e3o se perde quando empregamos a vulnerabilidade para lan\u00e7ar um holofote sobre nosso ouvinte e temos como resposta a perda de v\u00ednculo.&#8221;<\/p>\n<\/blockquote>\n\n\n\n<p class=\"wp-block-paragraph\">Brown oferece uma perspectiva \u00fanica sobre como a vulnerabilidade funciona nas organiza\u00e7\u00f5es: &#8220;A escurid\u00e3o se perde quando empregamos a vulnerabilidade para lan\u00e7ar um holofote sobre nosso ouvinte e temos como resposta a perda de v\u00ednculo.&#8221;<\/p>\n\n\n\n<p class=\"wp-block-paragraph\">Estrat\u00e9gias para Vulnerabilidade Saud\u00e1vel no Trabalho:<\/p>\n\n\n\n<ol class=\"wp-block-list\">\n<li>Estabelecimento de Limites<\/li>\n<\/ol>\n\n\n\n<ul class=\"wp-block-list\">\n<li>Compartilhe apenas hist\u00f3rias resolvidas<\/li>\n\n\n\n<li>Mantenha o foco no desenvolvimento profissional<\/li>\n\n\n\n<li>Respeite os limites pessoais<\/li>\n<\/ul>\n\n\n\n<ol class=\"wp-block-list\">\n<li>Inten\u00e7\u00e3o Clara<\/li>\n<\/ol>\n\n\n\n<ul class=\"wp-block-list\">\n<li>Defina o prop\u00f3sito do compartilhamento<\/li>\n\n\n\n<li>Avalie o contexto e o momento<\/li>\n\n\n\n<li>Considere o impacto nos outros<\/li>\n<\/ul>\n\n\n\n<ol class=\"wp-block-list\">\n<li>Autenticidade Equilibrada<\/li>\n<\/ol>\n\n\n\n<ul class=\"wp-block-list\">\n<li>Mantenha o profissionalismo<\/li>\n\n\n\n<li>Seja genu\u00edno sem ser excessivo<\/li>\n\n\n\n<li>Respeite a cultura organizacional<\/li>\n<\/ul>\n\n\n\n<h4 class=\"wp-block-heading\">A Metodologia por Tr\u00e1s das Descobertas<\/h4>\n\n\n\n<p class=\"wp-block-paragraph\">A credibilidade das descobertas de Brown \u00e9 refor\u00e7ada por sua rigorosa metodologia de pesquisa:<\/p>\n\n\n\n<ul class=\"wp-block-list\">\n<li>Entrevistas de 45 minutos a tr\u00eas horas<\/li>\n\n\n\n<li>Uso do m\u00e9todo de compara\u00e7\u00e3o constante<\/li>\n\n\n\n<li>An\u00e1lise linha por linha dos dados<\/li>\n\n\n\n<li>Codifica\u00e7\u00e3o manual de todas as informa\u00e7\u00f5es<\/li>\n\n\n\n<li>Conceitua\u00e7\u00e3o baseada em dados emp\u00edricos<\/li>\n<\/ul>\n\n\n\n<p class=\"wp-block-paragraph\">Aplica\u00e7\u00f5es Pr\u00e1ticas no Ambiente Corporativo<\/p>\n\n\n\n<ol class=\"wp-block-list\">\n<li>Para L\u00edderes:<\/li>\n<\/ol>\n\n\n\n<ul class=\"wp-block-list\">\n<li>Pratique a escuta ativa<\/li>\n\n\n\n<li>Demonstre empatia genu\u00edna<\/li>\n\n\n\n<li>Compartilhe aprendizados de forma apropriada<\/li>\n\n\n\n<li>Crie espa\u00e7os seguros para feedback<\/li>\n<\/ul>\n\n\n\n<ol class=\"wp-block-list\">\n<li>Para Colaboradores:<\/li>\n<\/ol>\n\n\n\n<ul class=\"wp-block-list\">\n<li>Desenvolva autoconhecimento<\/li>\n\n\n\n<li>Pratique vulnerabilidade com prop\u00f3sito<\/li>\n\n\n\n<li>Busque feedback construtivo<\/li>\n\n\n\n<li>Contribua para um ambiente de confian\u00e7a<\/li>\n<\/ul>\n\n\n\n<ol class=\"wp-block-list\">\n<li>Para Equipes:<\/li>\n<\/ol>\n\n\n\n<ul class=\"wp-block-list\">\n<li>Estabele\u00e7a acordos de comunica\u00e7\u00e3o<\/li>\n\n\n\n<li>Cultive respeito m\u00fatuo<\/li>\n\n\n\n<li>Celebre a autenticidade<\/li>\n\n\n\n<li>Aprenda com os erros coletivos<\/li>\n<\/ul>\n\n\n\n<blockquote class=\"wp-block-quote is-layout-flow wp-block-quote-is-layout-flow\">\n<p class=\"wp-block-paragraph\">&#8220;n\u00e3o h\u00e1 um caminho pronto&#8221;<\/p>\n<\/blockquote>\n\n\n\n<h4 class=\"wp-block-heading\">O Caminho para a Autenticidade<\/h4>\n\n\n\n<p class=\"wp-block-paragraph\">Como Brown conclui em sua pesquisa, &#8220;n\u00e3o h\u00e1 um caminho pronto&#8221;. Cada organiza\u00e7\u00e3o e profissional precisar\u00e1 encontrar sua pr\u00f3pria maneira de incorporar a vulnerabilidade e a autenticidade em sua cultura e pr\u00e1ticas.<\/p>\n\n\n\n<p class=\"wp-block-paragraph\">O sucesso na implementa\u00e7\u00e3o desses conceitos depende de:<\/p>\n\n\n\n<ul class=\"wp-block-list\">\n<li>Comprometimento cont\u00ednuo<\/li>\n\n\n\n<li>Disposi\u00e7\u00e3o para aprender com erros<\/li>\n\n\n\n<li>Coragem para ser aut\u00eantico<\/li>\n\n\n\n<li>Respeito pelos limites pessoais e profissionais<\/li>\n<\/ul>\n\n\n\n<p class=\"wp-block-paragraph\">A jornada para uma cultura organizacional mais aut\u00eantica e vulner\u00e1vel \u00e9 desafiadora, mas como demonstrado pela extensa pesquisa de Brown, os benef\u00edcios s\u00e3o significativos tanto para indiv\u00edduos quanto para organiza\u00e7\u00f5es.<\/p>\n\n\n\n<p class=\"wp-block-paragraph\">Ou\u00e7a o PodCast sobre o Livro A Coragem de Ser Imperfeito<\/p>\n\n\n\n<figure class=\"wp-block-embed is-type-video is-provider-youtube wp-block-embed-youtube wp-embed-aspect-16-9 wp-has-aspect-ratio\"><div class=\"wp-block-embed__wrapper\">\n<span class=\"embed-youtube\" style=\"text-align:center; display: block;\"><iframe loading=\"lazy\" class=\"youtube-player\" width=\"660\" height=\"372\" src=\"https:\/\/www.youtube.com\/embed\/BoUxFohwnIM?version=3&#038;rel=1&#038;showsearch=0&#038;showinfo=1&#038;iv_load_policy=1&#038;fs=1&#038;hl=pt-BR&#038;autohide=2&#038;wmode=transparent\" allowfullscreen=\"true\" style=\"border:0;\" sandbox=\"allow-scripts allow-same-origin allow-popups allow-presentation allow-popups-to-escape-sandbox\"><\/iframe><\/span>\n<\/div><\/figure>\n\n\n\n<h3 class=\"wp-block-heading\">Refer\u00eancias<\/h3>\n\n\n\n<p class=\"wp-block-paragraph\"><a href=\"https:\/\/amzn.to\/3DB0Yix\" target=\"_blank\" rel=\"noreferrer noopener\">A coragem de ser imperfeito: Como aceitar a pr\u00f3pria vulnerabilidade, vencer a vergonha e ousar ser quem voc\u00ea \u00e9. Livro. 208 p\u00e1ginas. Bren\u00e9 Brown. Editora Sextante.<\/a><\/p>\n","protected":false},"excerpt":{"rendered":"<p>Voc\u00ea j\u00e1 se sentiu como se estivesse jogando um jogo que n\u00e3o pode vencer no trabalho? A press\u00e3o para ser perfeito, a necessidade de esconder suas falhas, a constante compara\u00e7\u00e3o com os colegas&#8230; Parece familiar? No mundo corporativo, onde a busca pela excel\u00eancia muitas vezes se transforma em uma corrida exaustiva, a vulnerabilidade \u00e9 vista &hellip; <a href=\"https:\/\/corporateacademy.org\/index.php\/2024\/12\/20\/a-coragem-de-ser-imperfeito-um-guia-para-autenticidade-e-vulnerabilidade-no-ambiente-corporativo\/\" class=\"more-link\">Continuar lendo <span class=\"screen-reader-text\">A Coragem de Ser Imperfeito: Um Guia para Autenticidade e Vulnerabilidade no Ambiente Corporativo<\/span><\/a><\/p>\n","protected":false},"author":1,"featured_media":2401,"comment_status":"open","ping_status":"open","sticky":false,"template":"","format":"standard","meta":{"_jetpack_newsletter_access":"","_jetpack_dont_email_post_to_subs":false,"_jetpack_newsletter_tier_id":0,"_jetpack_memberships_contains_paywalled_content":false,"_jetpack_feature_clip_id":0,"_jetpack_memberships_contains_paid_content":false,"footnotes":"","jetpack_publicize_message":"","jetpack_publicize_feature_enabled":true,"jetpack_social_post_already_shared":true,"jetpack_social_options":{"image_generator_settings":{"template":"highway","default_image_id":0,"font":"","enabled":false},"version":2},"jetpack_post_was_ever_published":false},"categories":[19,18,20],"tags":[52,685,687,22,28,181,630,581,29,23,24,61,62,674,686,57],"class_list":["post-2398","post","type-post","status-publish","format-standard","has-post-thumbnail","hentry","category-ambiente-corporativo","category-comportamento","category-gestao-de-pessoas","tag-ambiente-corporativo","tag-autenticidade-no-trabalho","tag-brene-brown","tag-comportamento","tag-corporativo","tag-cultura-organizacional","tag-desenvolvimento-pessoal","tag-desenvolvimento-profissional","tag-empresa","tag-gestao","tag-gestao-de-pessoas","tag-lider","tag-lideranca","tag-lideranca-autentica","tag-lideranca-vulneravel","tag-pessoas"],"aioseo_notices":[],"aioseo_head":"\n\t\t<!-- All in One SEO 5.0.1.1 - aioseo.com -->\n\t<meta name=\"description\" content=\"Voc\u00ea j\u00e1 se sentiu como se estivesse jogando um jogo que n\u00e3o pode vencer no trabalho? A press\u00e3o para ser perfeito, a necessidade de esconder suas falhas, a constante compara\u00e7\u00e3o com os colegas... Parece familiar? No mundo corporativo, onde a busca pela excel\u00eancia muitas vezes se transforma em uma corrida exaustiva, a vulnerabilidade \u00e9 vista\" \/>\n\t<meta name=\"robots\" content=\"max-image-preview:large\" \/>\n\t<meta name=\"author\" content=\"Editor\"\/>\n\t<link rel=\"canonical\" href=\"https:\/\/corporateacademy.org\/index.php\/2024\/12\/20\/a-coragem-de-ser-imperfeito-um-guia-para-autenticidade-e-vulnerabilidade-no-ambiente-corporativo\/\" \/>\n\t<meta name=\"generator\" content=\"All in One SEO (AIOSEO) 5.0.1.1\" \/>\n\t\t<meta property=\"og:locale\" content=\"pt_BR\" \/>\n\t\t<meta property=\"og:site_name\" content=\"Corporate Academy - Compartilhando Conhecimento\" \/>\n\t\t<meta property=\"og:type\" content=\"article\" \/>\n\t\t<meta property=\"og:title\" content=\"A Coragem de Ser Imperfeito: Um Guia para Autenticidade e Vulnerabilidade no Ambiente Corporativo - Corporate Academy\" \/>\n\t\t<meta property=\"og:description\" content=\"Voc\u00ea j\u00e1 se sentiu como se estivesse jogando um jogo que n\u00e3o pode vencer no trabalho? A press\u00e3o para ser perfeito, a necessidade de esconder suas falhas, a constante compara\u00e7\u00e3o com os colegas... Parece familiar? No mundo corporativo, onde a busca pela excel\u00eancia muitas vezes se transforma em uma corrida exaustiva, a vulnerabilidade \u00e9 vista\" \/>\n\t\t<meta property=\"og:url\" content=\"https:\/\/corporateacademy.org\/index.php\/2024\/12\/20\/a-coragem-de-ser-imperfeito-um-guia-para-autenticidade-e-vulnerabilidade-no-ambiente-corporativo\/\" \/>\n\t\t<meta property=\"og:image\" content=\"https:\/\/i0.wp.com\/corporateacademy.org\/wp-content\/uploads\/2018\/03\/Logo200x200.jpg?fit=200200\" \/>\n\t\t<meta property=\"og:image:secure_url\" content=\"https:\/\/i0.wp.com\/corporateacademy.org\/wp-content\/uploads\/2018\/03\/Logo200x200.jpg?fit=200200\" \/>\n\t\t<meta property=\"article:published_time\" content=\"2024-12-20T18:03:18+00:00\" \/>\n\t\t<meta property=\"article:modified_time\" content=\"2024-12-20T18:03:37+00:00\" \/>\n\t\t<meta name=\"twitter:card\" content=\"summary_large_image\" \/>\n\t\t<meta name=\"twitter:title\" content=\"A Coragem de Ser Imperfeito: Um Guia para Autenticidade e Vulnerabilidade no Ambiente Corporativo - Corporate Academy\" \/>\n\t\t<meta name=\"twitter:description\" content=\"Voc\u00ea j\u00e1 se sentiu como se estivesse jogando um jogo que n\u00e3o pode vencer no trabalho? A press\u00e3o para ser perfeito, a necessidade de esconder suas falhas, a constante compara\u00e7\u00e3o com os colegas... Parece familiar? No mundo corporativo, onde a busca pela excel\u00eancia muitas vezes se transforma em uma corrida exaustiva, a vulnerabilidade \u00e9 vista\" \/>\n\t\t<meta name=\"twitter:image\" content=\"https:\/\/i0.wp.com\/corporateacademy.org\/wp-content\/uploads\/2018\/03\/Logo200x200.jpg?fit=200200\" \/>\n\t\t<script type=\"application\/ld+json\" class=\"aioseo-schema\">\n\t\t\t{\"@context\":\"https:\\\/\\\/schema.org\",\"@graph\":[{\"@type\":\"BlogPosting\",\"@id\":\"https:\\\/\\\/corporateacademy.org\\\/index.php\\\/2024\\\/12\\\/20\\\/a-coragem-de-ser-imperfeito-um-guia-para-autenticidade-e-vulnerabilidade-no-ambiente-corporativo\\\/#blogposting\",\"name\":\"A Coragem de Ser Imperfeito: Um Guia para Autenticidade e Vulnerabilidade no Ambiente Corporativo - Corporate Academy\",\"headline\":\"A Coragem de Ser Imperfeito: Um Guia para Autenticidade e Vulnerabilidade no Ambiente Corporativo\",\"author\":{\"@id\":\"https:\\\/\\\/corporateacademy.org\\\/index.php\\\/author\\\/nevesf\\\/#author\"},\"publisher\":{\"@id\":\"https:\\\/\\\/corporateacademy.org\\\/#organization\"},\"image\":{\"@type\":\"ImageObject\",\"url\":\"https:\\\/\\\/i0.wp.com\\\/corporateacademy.org\\\/wp-content\\\/uploads\\\/2024\\\/12\\\/vergonha-1-1.png?fit=896%2C502&ssl=1\",\"width\":896,\"height\":502,\"caption\":\"A coragem de ser Imperfeito\"},\"datePublished\":\"2024-12-20T15:03:18-03:00\",\"dateModified\":\"2024-12-20T15:03:37-03:00\",\"inLanguage\":\"pt-BR\",\"mainEntityOfPage\":{\"@id\":\"https:\\\/\\\/corporateacademy.org\\\/index.php\\\/2024\\\/12\\\/20\\\/a-coragem-de-ser-imperfeito-um-guia-para-autenticidade-e-vulnerabilidade-no-ambiente-corporativo\\\/#webpage\"},\"isPartOf\":{\"@id\":\"https:\\\/\\\/corporateacademy.org\\\/index.php\\\/2024\\\/12\\\/20\\\/a-coragem-de-ser-imperfeito-um-guia-para-autenticidade-e-vulnerabilidade-no-ambiente-corporativo\\\/#webpage\"},\"articleSection\":\"Ambiente corporativo, comportamento, gest\\u00e3o de pessoas, ambiente corporativo, autenticidade no trabalho, Bren\\u00e9 Brown, comportamento, corporativo, cultura organizacional, desenvolvimento pessoal, Desenvolvimento Profissional, empresa, gest\\u00e3o, gest\\u00e3o de pessoas, l\\u00edder, lideran\\u00e7a, Lideran\\u00e7a Aut\\u00eantica, lideran\\u00e7a vulner\\u00e1vel, pessoas\"},{\"@type\":\"BreadcrumbList\",\"@id\":\"https:\\\/\\\/corporateacademy.org\\\/index.php\\\/2024\\\/12\\\/20\\\/a-coragem-de-ser-imperfeito-um-guia-para-autenticidade-e-vulnerabilidade-no-ambiente-corporativo\\\/#breadcrumblist\",\"itemListElement\":[{\"@type\":\"ListItem\",\"@id\":\"https:\\\/\\\/corporateacademy.org#listItem\",\"position\":1,\"name\":\"Home\",\"item\":\"https:\\\/\\\/corporateacademy.org\",\"nextItem\":{\"@type\":\"ListItem\",\"@id\":\"https:\\\/\\\/corporateacademy.org\\\/index.php\\\/category\\\/comportamento\\\/#listItem\",\"name\":\"comportamento\"}},{\"@type\":\"ListItem\",\"@id\":\"https:\\\/\\\/corporateacademy.org\\\/index.php\\\/category\\\/comportamento\\\/#listItem\",\"position\":2,\"name\":\"comportamento\",\"item\":\"https:\\\/\\\/corporateacademy.org\\\/index.php\\\/category\\\/comportamento\\\/\",\"nextItem\":{\"@type\":\"ListItem\",\"@id\":\"https:\\\/\\\/corporateacademy.org\\\/index.php\\\/2024\\\/12\\\/20\\\/a-coragem-de-ser-imperfeito-um-guia-para-autenticidade-e-vulnerabilidade-no-ambiente-corporativo\\\/#listItem\",\"name\":\"A Coragem de Ser Imperfeito: Um Guia para Autenticidade e Vulnerabilidade no Ambiente Corporativo\"},\"previousItem\":{\"@type\":\"ListItem\",\"@id\":\"https:\\\/\\\/corporateacademy.org#listItem\",\"name\":\"Home\"}},{\"@type\":\"ListItem\",\"@id\":\"https:\\\/\\\/corporateacademy.org\\\/index.php\\\/2024\\\/12\\\/20\\\/a-coragem-de-ser-imperfeito-um-guia-para-autenticidade-e-vulnerabilidade-no-ambiente-corporativo\\\/#listItem\",\"position\":3,\"name\":\"A Coragem de Ser Imperfeito: Um Guia para Autenticidade e Vulnerabilidade no Ambiente Corporativo\",\"previousItem\":{\"@type\":\"ListItem\",\"@id\":\"https:\\\/\\\/corporateacademy.org\\\/index.php\\\/category\\\/comportamento\\\/#listItem\",\"name\":\"comportamento\"}}]},{\"@type\":\"Organization\",\"@id\":\"https:\\\/\\\/corporateacademy.org\\\/#organization\",\"name\":\"Corporate Academy\",\"description\":\"Compartilhando Conhecimento\",\"url\":\"https:\\\/\\\/corporateacademy.org\\\/\",\"logo\":{\"@type\":\"ImageObject\",\"url\":\"https:\\\/\\\/i0.wp.com\\\/corporateacademy.org\\\/wp-content\\\/uploads\\\/2018\\\/03\\\/Logo200x200.jpg?fit=200%2C200&ssl=1\",\"@id\":\"https:\\\/\\\/corporateacademy.org\\\/index.php\\\/2024\\\/12\\\/20\\\/a-coragem-de-ser-imperfeito-um-guia-para-autenticidade-e-vulnerabilidade-no-ambiente-corporativo\\\/#organizationLogo\",\"width\":200,\"height\":200},\"image\":{\"@id\":\"https:\\\/\\\/corporateacademy.org\\\/index.php\\\/2024\\\/12\\\/20\\\/a-coragem-de-ser-imperfeito-um-guia-para-autenticidade-e-vulnerabilidade-no-ambiente-corporativo\\\/#organizationLogo\"}},{\"@type\":\"Person\",\"@id\":\"https:\\\/\\\/corporateacademy.org\\\/index.php\\\/author\\\/nevesf\\\/#author\",\"url\":\"https:\\\/\\\/corporateacademy.org\\\/index.php\\\/author\\\/nevesf\\\/\",\"name\":\"Editor\",\"image\":{\"@type\":\"ImageObject\",\"@id\":\"https:\\\/\\\/corporateacademy.org\\\/index.php\\\/2024\\\/12\\\/20\\\/a-coragem-de-ser-imperfeito-um-guia-para-autenticidade-e-vulnerabilidade-no-ambiente-corporativo\\\/#authorImage\",\"url\":\"https:\\\/\\\/secure.gravatar.com\\\/avatar\\\/40a180061deabb68d04bd9f812bde2b372b5d57984baf7dd947ee866377d90fb?s=96&d=blank&r=g\",\"width\":96,\"height\":96,\"caption\":\"Editor\"}},{\"@type\":\"WebPage\",\"@id\":\"https:\\\/\\\/corporateacademy.org\\\/index.php\\\/2024\\\/12\\\/20\\\/a-coragem-de-ser-imperfeito-um-guia-para-autenticidade-e-vulnerabilidade-no-ambiente-corporativo\\\/#webpage\",\"url\":\"https:\\\/\\\/corporateacademy.org\\\/index.php\\\/2024\\\/12\\\/20\\\/a-coragem-de-ser-imperfeito-um-guia-para-autenticidade-e-vulnerabilidade-no-ambiente-corporativo\\\/\",\"name\":\"A Coragem de Ser Imperfeito: Um Guia para Autenticidade e Vulnerabilidade no Ambiente Corporativo - Corporate Academy\",\"description\":\"Voc\\u00ea j\\u00e1 se sentiu como se estivesse jogando um jogo que n\\u00e3o pode vencer no trabalho? A press\\u00e3o para ser perfeito, a necessidade de esconder suas falhas, a constante compara\\u00e7\\u00e3o com os colegas... Parece familiar? No mundo corporativo, onde a busca pela excel\\u00eancia muitas vezes se transforma em uma corrida exaustiva, a vulnerabilidade \\u00e9 vista\",\"inLanguage\":\"pt-BR\",\"isPartOf\":{\"@id\":\"https:\\\/\\\/corporateacademy.org\\\/#website\"},\"breadcrumb\":{\"@id\":\"https:\\\/\\\/corporateacademy.org\\\/index.php\\\/2024\\\/12\\\/20\\\/a-coragem-de-ser-imperfeito-um-guia-para-autenticidade-e-vulnerabilidade-no-ambiente-corporativo\\\/#breadcrumblist\"},\"author\":{\"@id\":\"https:\\\/\\\/corporateacademy.org\\\/index.php\\\/author\\\/nevesf\\\/#author\"},\"creator\":{\"@id\":\"https:\\\/\\\/corporateacademy.org\\\/index.php\\\/author\\\/nevesf\\\/#author\"},\"image\":{\"@type\":\"ImageObject\",\"url\":\"https:\\\/\\\/i0.wp.com\\\/corporateacademy.org\\\/wp-content\\\/uploads\\\/2024\\\/12\\\/vergonha-1-1.png?fit=896%2C502&ssl=1\",\"@id\":\"https:\\\/\\\/corporateacademy.org\\\/index.php\\\/2024\\\/12\\\/20\\\/a-coragem-de-ser-imperfeito-um-guia-para-autenticidade-e-vulnerabilidade-no-ambiente-corporativo\\\/#mainImage\",\"width\":896,\"height\":502,\"caption\":\"A coragem de ser Imperfeito\"},\"primaryImageOfPage\":{\"@id\":\"https:\\\/\\\/corporateacademy.org\\\/index.php\\\/2024\\\/12\\\/20\\\/a-coragem-de-ser-imperfeito-um-guia-para-autenticidade-e-vulnerabilidade-no-ambiente-corporativo\\\/#mainImage\"},\"datePublished\":\"2024-12-20T15:03:18-03:00\",\"dateModified\":\"2024-12-20T15:03:37-03:00\"},{\"@type\":\"WebSite\",\"@id\":\"https:\\\/\\\/corporateacademy.org\\\/#website\",\"url\":\"https:\\\/\\\/corporateacademy.org\\\/\",\"name\":\"Corporate Academy\",\"description\":\"Compartilhando Conhecimento\",\"inLanguage\":\"pt-BR\",\"publisher\":{\"@id\":\"https:\\\/\\\/corporateacademy.org\\\/#organization\"}}]}\n\t\t<\/script>\n\t\t<!-- All in One SEO -->\n\n","aioseo_head_json":{"title":"A Coragem de Ser Imperfeito: Um Guia para Autenticidade e Vulnerabilidade no Ambiente Corporativo - Corporate Academy","description":"Voc\u00ea j\u00e1 se sentiu como se estivesse jogando um jogo que n\u00e3o pode vencer no trabalho? A press\u00e3o para ser perfeito, a necessidade de esconder suas falhas, a constante compara\u00e7\u00e3o com os colegas... Parece familiar? No mundo corporativo, onde a busca pela excel\u00eancia muitas vezes se transforma em uma corrida exaustiva, a vulnerabilidade \u00e9 vista","canonical_url":"https:\/\/corporateacademy.org\/index.php\/2024\/12\/20\/a-coragem-de-ser-imperfeito-um-guia-para-autenticidade-e-vulnerabilidade-no-ambiente-corporativo\/","robots":"max-image-preview:large","keywords":"","webmasterTools":{"miscellaneous":""},"schema":{"@context":"https:\/\/schema.org","@graph":[{"@type":"BlogPosting","@id":"https:\/\/corporateacademy.org\/index.php\/2024\/12\/20\/a-coragem-de-ser-imperfeito-um-guia-para-autenticidade-e-vulnerabilidade-no-ambiente-corporativo\/#blogposting","name":"A Coragem de Ser Imperfeito: Um Guia para Autenticidade e Vulnerabilidade no Ambiente Corporativo - Corporate Academy","headline":"A Coragem de Ser Imperfeito: Um Guia para Autenticidade e Vulnerabilidade no Ambiente Corporativo","author":{"@id":"https:\/\/corporateacademy.org\/index.php\/author\/nevesf\/#author"},"publisher":{"@id":"https:\/\/corporateacademy.org\/#organization"},"image":{"@type":"ImageObject","url":"https:\/\/i0.wp.com\/corporateacademy.org\/wp-content\/uploads\/2024\/12\/vergonha-1-1.png?fit=896%2C502&ssl=1","width":896,"height":502,"caption":"A coragem de ser Imperfeito"},"datePublished":"2024-12-20T15:03:18-03:00","dateModified":"2024-12-20T15:03:37-03:00","inLanguage":"pt-BR","mainEntityOfPage":{"@id":"https:\/\/corporateacademy.org\/index.php\/2024\/12\/20\/a-coragem-de-ser-imperfeito-um-guia-para-autenticidade-e-vulnerabilidade-no-ambiente-corporativo\/#webpage"},"isPartOf":{"@id":"https:\/\/corporateacademy.org\/index.php\/2024\/12\/20\/a-coragem-de-ser-imperfeito-um-guia-para-autenticidade-e-vulnerabilidade-no-ambiente-corporativo\/#webpage"},"articleSection":"Ambiente corporativo, comportamento, gest\u00e3o de pessoas, ambiente corporativo, autenticidade no trabalho, Bren\u00e9 Brown, comportamento, corporativo, cultura organizacional, desenvolvimento pessoal, Desenvolvimento Profissional, empresa, gest\u00e3o, gest\u00e3o de pessoas, l\u00edder, lideran\u00e7a, Lideran\u00e7a Aut\u00eantica, lideran\u00e7a vulner\u00e1vel, pessoas"},{"@type":"BreadcrumbList","@id":"https:\/\/corporateacademy.org\/index.php\/2024\/12\/20\/a-coragem-de-ser-imperfeito-um-guia-para-autenticidade-e-vulnerabilidade-no-ambiente-corporativo\/#breadcrumblist","itemListElement":[{"@type":"ListItem","@id":"https:\/\/corporateacademy.org#listItem","position":1,"name":"Home","item":"https:\/\/corporateacademy.org","nextItem":{"@type":"ListItem","@id":"https:\/\/corporateacademy.org\/index.php\/category\/comportamento\/#listItem","name":"comportamento"}},{"@type":"ListItem","@id":"https:\/\/corporateacademy.org\/index.php\/category\/comportamento\/#listItem","position":2,"name":"comportamento","item":"https:\/\/corporateacademy.org\/index.php\/category\/comportamento\/","nextItem":{"@type":"ListItem","@id":"https:\/\/corporateacademy.org\/index.php\/2024\/12\/20\/a-coragem-de-ser-imperfeito-um-guia-para-autenticidade-e-vulnerabilidade-no-ambiente-corporativo\/#listItem","name":"A Coragem de Ser Imperfeito: Um Guia para Autenticidade e Vulnerabilidade no Ambiente Corporativo"},"previousItem":{"@type":"ListItem","@id":"https:\/\/corporateacademy.org#listItem","name":"Home"}},{"@type":"ListItem","@id":"https:\/\/corporateacademy.org\/index.php\/2024\/12\/20\/a-coragem-de-ser-imperfeito-um-guia-para-autenticidade-e-vulnerabilidade-no-ambiente-corporativo\/#listItem","position":3,"name":"A Coragem de Ser Imperfeito: Um Guia para Autenticidade e Vulnerabilidade no Ambiente Corporativo","previousItem":{"@type":"ListItem","@id":"https:\/\/corporateacademy.org\/index.php\/category\/comportamento\/#listItem","name":"comportamento"}}]},{"@type":"Organization","@id":"https:\/\/corporateacademy.org\/#organization","name":"Corporate Academy","description":"Compartilhando Conhecimento","url":"https:\/\/corporateacademy.org\/","logo":{"@type":"ImageObject","url":"https:\/\/i0.wp.com\/corporateacademy.org\/wp-content\/uploads\/2018\/03\/Logo200x200.jpg?fit=200%2C200&ssl=1","@id":"https:\/\/corporateacademy.org\/index.php\/2024\/12\/20\/a-coragem-de-ser-imperfeito-um-guia-para-autenticidade-e-vulnerabilidade-no-ambiente-corporativo\/#organizationLogo","width":200,"height":200},"image":{"@id":"https:\/\/corporateacademy.org\/index.php\/2024\/12\/20\/a-coragem-de-ser-imperfeito-um-guia-para-autenticidade-e-vulnerabilidade-no-ambiente-corporativo\/#organizationLogo"}},{"@type":"Person","@id":"https:\/\/corporateacademy.org\/index.php\/author\/nevesf\/#author","url":"https:\/\/corporateacademy.org\/index.php\/author\/nevesf\/","name":"Editor","image":{"@type":"ImageObject","@id":"https:\/\/corporateacademy.org\/index.php\/2024\/12\/20\/a-coragem-de-ser-imperfeito-um-guia-para-autenticidade-e-vulnerabilidade-no-ambiente-corporativo\/#authorImage","url":"https:\/\/secure.gravatar.com\/avatar\/40a180061deabb68d04bd9f812bde2b372b5d57984baf7dd947ee866377d90fb?s=96&d=blank&r=g","width":96,"height":96,"caption":"Editor"}},{"@type":"WebPage","@id":"https:\/\/corporateacademy.org\/index.php\/2024\/12\/20\/a-coragem-de-ser-imperfeito-um-guia-para-autenticidade-e-vulnerabilidade-no-ambiente-corporativo\/#webpage","url":"https:\/\/corporateacademy.org\/index.php\/2024\/12\/20\/a-coragem-de-ser-imperfeito-um-guia-para-autenticidade-e-vulnerabilidade-no-ambiente-corporativo\/","name":"A Coragem de Ser Imperfeito: Um Guia para Autenticidade e Vulnerabilidade no Ambiente Corporativo - Corporate Academy","description":"Voc\u00ea j\u00e1 se sentiu como se estivesse jogando um jogo que n\u00e3o pode vencer no trabalho? A press\u00e3o para ser perfeito, a necessidade de esconder suas falhas, a constante compara\u00e7\u00e3o com os colegas... Parece familiar? No mundo corporativo, onde a busca pela excel\u00eancia muitas vezes se transforma em uma corrida exaustiva, a vulnerabilidade \u00e9 vista","inLanguage":"pt-BR","isPartOf":{"@id":"https:\/\/corporateacademy.org\/#website"},"breadcrumb":{"@id":"https:\/\/corporateacademy.org\/index.php\/2024\/12\/20\/a-coragem-de-ser-imperfeito-um-guia-para-autenticidade-e-vulnerabilidade-no-ambiente-corporativo\/#breadcrumblist"},"author":{"@id":"https:\/\/corporateacademy.org\/index.php\/author\/nevesf\/#author"},"creator":{"@id":"https:\/\/corporateacademy.org\/index.php\/author\/nevesf\/#author"},"image":{"@type":"ImageObject","url":"https:\/\/i0.wp.com\/corporateacademy.org\/wp-content\/uploads\/2024\/12\/vergonha-1-1.png?fit=896%2C502&ssl=1","@id":"https:\/\/corporateacademy.org\/index.php\/2024\/12\/20\/a-coragem-de-ser-imperfeito-um-guia-para-autenticidade-e-vulnerabilidade-no-ambiente-corporativo\/#mainImage","width":896,"height":502,"caption":"A coragem de ser Imperfeito"},"primaryImageOfPage":{"@id":"https:\/\/corporateacademy.org\/index.php\/2024\/12\/20\/a-coragem-de-ser-imperfeito-um-guia-para-autenticidade-e-vulnerabilidade-no-ambiente-corporativo\/#mainImage"},"datePublished":"2024-12-20T15:03:18-03:00","dateModified":"2024-12-20T15:03:37-03:00"},{"@type":"WebSite","@id":"https:\/\/corporateacademy.org\/#website","url":"https:\/\/corporateacademy.org\/","name":"Corporate Academy","description":"Compartilhando Conhecimento","inLanguage":"pt-BR","publisher":{"@id":"https:\/\/corporateacademy.org\/#organization"}}]},"og:locale":"pt_BR","og:site_name":"Corporate Academy - Compartilhando Conhecimento","og:type":"article","og:title":"A Coragem de Ser Imperfeito: Um Guia para Autenticidade e Vulnerabilidade no Ambiente Corporativo - Corporate Academy","og:description":"Voc\u00ea j\u00e1 se sentiu como se estivesse jogando um jogo que n\u00e3o pode vencer no trabalho? A press\u00e3o para ser perfeito, a necessidade de esconder suas falhas, a constante compara\u00e7\u00e3o com os colegas... Parece familiar? No mundo corporativo, onde a busca pela excel\u00eancia muitas vezes se transforma em uma corrida exaustiva, a vulnerabilidade \u00e9 vista","og:url":"https:\/\/corporateacademy.org\/index.php\/2024\/12\/20\/a-coragem-de-ser-imperfeito-um-guia-para-autenticidade-e-vulnerabilidade-no-ambiente-corporativo\/","og:image":"https:\/\/i0.wp.com\/corporateacademy.org\/wp-content\/uploads\/2018\/03\/Logo200x200.jpg?fit=200200","og:image:secure_url":"https:\/\/i0.wp.com\/corporateacademy.org\/wp-content\/uploads\/2018\/03\/Logo200x200.jpg?fit=200200","article:published_time":"2024-12-20T18:03:18+00:00","article:modified_time":"2024-12-20T18:03:37+00:00","twitter:card":"summary_large_image","twitter:title":"A Coragem de Ser Imperfeito: Um Guia para Autenticidade e Vulnerabilidade no Ambiente Corporativo - Corporate Academy","twitter:description":"Voc\u00ea j\u00e1 se sentiu como se estivesse jogando um jogo que n\u00e3o pode vencer no trabalho? A press\u00e3o para ser perfeito, a necessidade de esconder suas falhas, a constante compara\u00e7\u00e3o com os colegas... Parece familiar? No mundo corporativo, onde a busca pela excel\u00eancia muitas vezes se transforma em uma corrida exaustiva, a vulnerabilidade \u00e9 vista","twitter:image":"https:\/\/i0.wp.com\/corporateacademy.org\/wp-content\/uploads\/2018\/03\/Logo200x200.jpg?fit=200200"},"aioseo_meta_data":{"post_id":"2398","title":null,"description":null,"keywords":null,"keyphrases":null,"focus_keyword":null,"additional_keywords":null,"truseo_locale":null,"primary_term":null,"canonical_url":null,"og_title":null,"og_description":null,"og_object_type":"default","og_image_type":"default","og_image_custom_url":null,"og_image_custom_fields":null,"og_image_url":null,"og_image_width":null,"og_image_height":null,"og_video":null,"og_custom_url":null,"og_article_section":null,"og_article_tags":null,"twitter_use_og":false,"twitter_card":"default","twitter_image_type":"default","twitter_image_custom_url":null,"twitter_image_custom_fields":null,"twitter_image_url":null,"twitter_title":null,"twitter_description":null,"schema_type":"default","schema_type_options":null,"schema":{"blockGraphs":[],"customGraphs":[],"default":{"data":{"Article":[],"Course":[],"Dataset":[],"FAQPage":[],"Movie":[],"Person":[],"Product":[],"ProductReview":[],"Car":[],"Recipe":[],"Service":[],"SoftwareApplication":[],"WebPage":[]},"graphName":"","isEnabled":true},"graphs":[]},"pillar_content":false,"robots_default":true,"robots_noindex":false,"robots_noarchive":false,"robots_nosnippet":false,"robots_nofollow":false,"robots_noimageindex":false,"robots_noodp":false,"robots_notranslate":false,"robots_max_snippet":null,"robots_max_videopreview":null,"robots_max_imagepreview":"large","priority":null,"frequency":null,"local_seo":null,"limit_modified_date":false,"ai":null,"breadcrumb_settings":null,"seo_analyzer_scan_date":null,"created":"2026-09-02 22:13:30","updated":"2026-09-02 22:13:30"},"aioseo_breadcrumb":"<div class=\"aioseo-breadcrumbs\"><span class=\"aioseo-breadcrumb\">\n\t\t\t<a href=\"https:\/\/corporateacademy.org\" title=\"Home\">Home<\/a>\n\t\t<\/span><span class=\"aioseo-breadcrumb-separator\">&raquo;<\/span><span class=\"aioseo-breadcrumb\">\n\t\t\t<a href=\"https:\/\/corporateacademy.org\/index.php\/category\/comportamento\/\" title=\"comportamento\">comportamento<\/a>\n\t\t<\/span><span class=\"aioseo-breadcrumb-separator\">&raquo;<\/span><span class=\"aioseo-breadcrumb\">\n\t\t\tA Coragem de Ser Imperfeito: Um Guia para Autenticidade e Vulnerabilidade no Ambiente Corporativo\n\t\t<\/span><\/div>","aioseo_breadcrumb_json":[{"label":"Home","link":"https:\/\/corporateacademy.org"},{"label":"comportamento","link":"https:\/\/corporateacademy.org\/index.php\/category\/comportamento\/"},{"label":"A Coragem de Ser Imperfeito: Um Guia para Autenticidade e Vulnerabilidade no Ambiente Corporativo","link":"https:\/\/corporateacademy.org\/index.php\/2024\/12\/20\/a-coragem-de-ser-imperfeito-um-guia-para-autenticidade-e-vulnerabilidade-no-ambiente-corporativo\/"}],"jetpack_publicize_connections":[],"jetpack_sharing_enabled":true,"jetpack_shortlink":"https:\/\/wp.me\/p9MYp6-CG","jetpack_likes_enabled":true,"jetpack-related-posts":[{"id":2368,"url":"https:\/\/corporateacademy.org\/index.php\/2024\/12\/10\/a-coragem-de-ser-imperfeito-um-guia-completo-para-autenticidade-e-crescimento\/","url_meta":{"origin":2398,"position":0},"title":"A Coragem de Ser Imperfeito: Um Guia Completo para Autenticidade e Crescimento","author":"Editor","date":"10\/12\/2024","format":false,"excerpt":"Era uma manh\u00e3 ensolarada quando Ana se preparava para uma apresenta\u00e7\u00e3o crucial no trabalho. Enquanto revisava suas anota\u00e7\u00f5es, sentiu um frio na barriga. O medo de n\u00e3o corresponder \u00e0s expectativas a deixava inquieta. Ana se lembrou de um livro que havia lido recentemente, \"A Coragem de Ser Imperfeito\", de Bren\u00e9\u2026","rel":"","context":"Em &quot;Ambiente corporativo&quot;","block_context":{"text":"Ambiente corporativo","link":"https:\/\/corporateacademy.org\/index.php\/category\/ambiente-corporativo\/"},"img":{"alt_text":"A coragem de ser imperfeito","src":"https:\/\/i0.wp.com\/corporateacademy.org\/wp-content\/uploads\/2024\/12\/vergonha-1.png?fit=896%2C502&ssl=1&resize=350%2C200","width":350,"height":200,"srcset":"https:\/\/i0.wp.com\/corporateacademy.org\/wp-content\/uploads\/2024\/12\/vergonha-1.png?fit=896%2C502&ssl=1&resize=350%2C200 1x, https:\/\/i0.wp.com\/corporateacademy.org\/wp-content\/uploads\/2024\/12\/vergonha-1.png?fit=896%2C502&ssl=1&resize=525%2C300 1.5x, https:\/\/i0.wp.com\/corporateacademy.org\/wp-content\/uploads\/2024\/12\/vergonha-1.png?fit=896%2C502&ssl=1&resize=700%2C400 2x"},"classes":[]},{"id":2340,"url":"https:\/\/corporateacademy.org\/index.php\/2024\/11\/15\/como-conquistar-e-inspirar-pessoas-no-ambiente-de-trabalho-licoes-de-carnegie\/","url_meta":{"origin":2398,"position":1},"title":"Como Conquistar e Inspirar Pessoas no Ambiente de Trabalho: Li\u00e7\u00f5es de Carnegie.","author":"Editor","date":"15\/11\/2024","format":false,"excerpt":"Pedro \u00e9 um executivo de sucesso que lidera uma equipe h\u00e1 anos, \u00e9 respeitado e considerado um \u00f3timo estrategista. No entanto, em suas \u00faltimas reuni\u00f5es com sua equipe, Pedro percebeu um abiente tenso e as pessoas distantes. O time n\u00e3o estava comprando suas ideias, ou talvez ele n\u00e3o estivesse sendo\u2026","rel":"","context":"Em &quot;Ambiente corporativo&quot;","block_context":{"text":"Ambiente corporativo","link":"https:\/\/corporateacademy.org\/index.php\/category\/ambiente-corporativo\/"},"img":{"alt_text":"Happy hour","src":"https:\/\/i0.wp.com\/corporateacademy.org\/wp-content\/uploads\/2024\/11\/amigos-01.jpg?fit=1200%2C670&ssl=1&resize=350%2C200","width":350,"height":200,"srcset":"https:\/\/i0.wp.com\/corporateacademy.org\/wp-content\/uploads\/2024\/11\/amigos-01.jpg?fit=1200%2C670&ssl=1&resize=350%2C200 1x, https:\/\/i0.wp.com\/corporateacademy.org\/wp-content\/uploads\/2024\/11\/amigos-01.jpg?fit=1200%2C670&ssl=1&resize=525%2C300 1.5x, https:\/\/i0.wp.com\/corporateacademy.org\/wp-content\/uploads\/2024\/11\/amigos-01.jpg?fit=1200%2C670&ssl=1&resize=700%2C400 2x, https:\/\/i0.wp.com\/corporateacademy.org\/wp-content\/uploads\/2024\/11\/amigos-01.jpg?fit=1200%2C670&ssl=1&resize=1050%2C600 3x"},"classes":[]},{"id":615,"url":"https:\/\/corporateacademy.org\/index.php\/2019\/09\/22\/o-que-resiliencia-tem-a-ver-com-lideranca\/","url_meta":{"origin":2398,"position":2},"title":"O que Resili\u00eancia tem a ver com Lideran\u00e7a?","author":"Editor","date":"22\/09\/2019","format":false,"excerpt":"O termo resili\u00eancia tomou conta dos ambientes corporativos de uma forma bastante r\u00e1pida, talvez por que esta propriedade dos materiais seja a melhor met\u00e1fora para analisar comportamento de l\u00edderes e liderados no mundo p\u00f3s- moderno.\u00a0 O que \u00e9? Mas o que \u00e9 resili\u00eancia? este termo hoje utilizado para descrever um\u2026","rel":"","context":"Em &quot;Ambiente corporativo&quot;","block_context":{"text":"Ambiente corporativo","link":"https:\/\/corporateacademy.org\/index.php\/category\/ambiente-corporativo\/"},"img":{"alt_text":"Resili\u00eancia, Resiliente","src":"https:\/\/i0.wp.com\/corporateacademy.org\/wp-content\/uploads\/2019\/09\/the-sapling-4160312_640.jpg?fit=640%2C423&ssl=1&resize=350%2C200","width":350,"height":200,"srcset":"https:\/\/i0.wp.com\/corporateacademy.org\/wp-content\/uploads\/2019\/09\/the-sapling-4160312_640.jpg?fit=640%2C423&ssl=1&resize=350%2C200 1x, https:\/\/i0.wp.com\/corporateacademy.org\/wp-content\/uploads\/2019\/09\/the-sapling-4160312_640.jpg?fit=640%2C423&ssl=1&resize=525%2C300 1.5x"},"classes":[]},{"id":2248,"url":"https:\/\/corporateacademy.org\/index.php\/2024\/01\/25\/a-ilusao-do-poder-como-os-paradigmas-moldam-as-relacoes-de-conflito-e-poder-nas-organizacoes\/","url_meta":{"origin":2398,"position":3},"title":"A Ilus\u00e3o do Poder: Como os Paradigmas Moldam as Rela\u00e7\u00f5es de Conflito e Poder nas Organiza\u00e7\u00f5es.","author":"Editor","date":"25\/01\/2024","format":false,"excerpt":"Fernando Neves, Ph.D. Em uma noite escura e nebulosa, um grande navio se aproximava da costa. O capit\u00e3o, no conv\u00e9s, vigiava atentamente a aproxima\u00e7\u00e3o da terra. Ele viu uma luz fraca \u00e0 frente e disse ao sinalizador que enviasse uma mensagem: Alterar curso 20 graus. Estamos em rota de colis\u00e3o.\u2026","rel":"","context":"Em &quot;Ambiente corporativo&quot;","block_context":{"text":"Ambiente corporativo","link":"https:\/\/corporateacademy.org\/index.php\/category\/ambiente-corporativo\/"},"img":{"alt_text":"Navio de guerra colidindo com Farol","src":"https:\/\/i0.wp.com\/corporateacademy.org\/wp-content\/uploads\/2024\/01\/NavioFarolEditado.jpg?fit=1200%2C675&ssl=1&resize=350%2C200","width":350,"height":200,"srcset":"https:\/\/i0.wp.com\/corporateacademy.org\/wp-content\/uploads\/2024\/01\/NavioFarolEditado.jpg?fit=1200%2C675&ssl=1&resize=350%2C200 1x, https:\/\/i0.wp.com\/corporateacademy.org\/wp-content\/uploads\/2024\/01\/NavioFarolEditado.jpg?fit=1200%2C675&ssl=1&resize=525%2C300 1.5x, https:\/\/i0.wp.com\/corporateacademy.org\/wp-content\/uploads\/2024\/01\/NavioFarolEditado.jpg?fit=1200%2C675&ssl=1&resize=700%2C400 2x, https:\/\/i0.wp.com\/corporateacademy.org\/wp-content\/uploads\/2024\/01\/NavioFarolEditado.jpg?fit=1200%2C675&ssl=1&resize=1050%2C600 3x"},"classes":[]},{"id":1,"url":"https:\/\/corporateacademy.org\/index.php\/2018\/01\/12\/gosto-de-voce-somos-parecidos\/","url_meta":{"origin":2398,"position":4},"title":"Gosto de voc\u00ea! Somos muito parecidos!","author":"Editor","date":"12\/01\/2018","format":false,"excerpt":"Fernando Neves, Ph.D.\u00a0 \u00a0 \u00a0 \u00a0 Em tempos de rede social e algoritmos, aquela ideia de que os opostos se atraem n\u00e3o \u00e9 verdadeira. O natural \u00e9 exatamente o oposto, ou seja, \u00a0que nos conectemos com as pessoas com quem temos afinidades. Quer queiramos admitir ou n\u00e3o, n\u00f3s gostamos disso!\u2026","rel":"","context":"Em &quot;Ambiente corporativo&quot;","block_context":{"text":"Ambiente corporativo","link":"https:\/\/corporateacademy.org\/index.php\/category\/ambiente-corporativo\/"},"img":{"alt_text":"","src":"https:\/\/i0.wp.com\/corporateacademy.org\/wp-content\/uploads\/2018\/01\/car-communication-3100981GertAltmann.jpg?fit=1200%2C400&ssl=1&resize=350%2C200","width":350,"height":200,"srcset":"https:\/\/i0.wp.com\/corporateacademy.org\/wp-content\/uploads\/2018\/01\/car-communication-3100981GertAltmann.jpg?fit=1200%2C400&ssl=1&resize=350%2C200 1x, https:\/\/i0.wp.com\/corporateacademy.org\/wp-content\/uploads\/2018\/01\/car-communication-3100981GertAltmann.jpg?fit=1200%2C400&ssl=1&resize=525%2C300 1.5x, https:\/\/i0.wp.com\/corporateacademy.org\/wp-content\/uploads\/2018\/01\/car-communication-3100981GertAltmann.jpg?fit=1200%2C400&ssl=1&resize=700%2C400 2x, https:\/\/i0.wp.com\/corporateacademy.org\/wp-content\/uploads\/2018\/01\/car-communication-3100981GertAltmann.jpg?fit=1200%2C400&ssl=1&resize=1050%2C600 3x"},"classes":[]},{"id":2432,"url":"https:\/\/corporateacademy.org\/index.php\/2025\/02\/14\/o-futuro-do-trabalho-como-lideres-podem-navegar-na-fronteira-entre-humanos-e-maquinas-insights-do-forum-economico-mundial\/","url_meta":{"origin":2398,"position":5},"title":"O Futuro do Trabalho: Como L\u00edderes Podem Navegar na Fronteira Entre Humanos e M\u00e1quinas- Insights do F\u00f3rum Econ\u00f4mico Mundial.","author":"Editor","date":"14\/02\/2025","format":false,"excerpt":"Imagine o seguinte cen\u00e1rio: voc\u00ea chega ao trabalho e percebe que metade das tarefas que antes eram executadas por sua equipe agora s\u00e3o gerenciadas por intelig\u00eancia artificial. Os relat\u00f3rios financeiros, a triagem de candidatos para novas contrata\u00e7\u00f5es e at\u00e9 mesmo o atendimento ao cliente passaram a ser conduzidos por algoritmos\u2026","rel":"","context":"Em &quot;Ambiente corporativo&quot;","block_context":{"text":"Ambiente corporativo","link":"https:\/\/corporateacademy.org\/index.php\/category\/ambiente-corporativo\/"},"img":{"alt_text":"Humans and robots at the office","src":"https:\/\/i0.wp.com\/corporateacademy.org\/wp-content\/uploads\/2025\/02\/Human-and-Robots-Office.jpg?fit=1200%2C686&ssl=1&resize=350%2C200","width":350,"height":200,"srcset":"https:\/\/i0.wp.com\/corporateacademy.org\/wp-content\/uploads\/2025\/02\/Human-and-Robots-Office.jpg?fit=1200%2C686&ssl=1&resize=350%2C200 1x, https:\/\/i0.wp.com\/corporateacademy.org\/wp-content\/uploads\/2025\/02\/Human-and-Robots-Office.jpg?fit=1200%2C686&ssl=1&resize=525%2C300 1.5x, https:\/\/i0.wp.com\/corporateacademy.org\/wp-content\/uploads\/2025\/02\/Human-and-Robots-Office.jpg?fit=1200%2C686&ssl=1&resize=700%2C400 2x, https:\/\/i0.wp.com\/corporateacademy.org\/wp-content\/uploads\/2025\/02\/Human-and-Robots-Office.jpg?fit=1200%2C686&ssl=1&resize=1050%2C600 3x"},"classes":[]}],"jetpack_featured_media_url":"https:\/\/i0.wp.com\/corporateacademy.org\/wp-content\/uploads\/2024\/12\/vergonha-1-1.png?fit=896%2C502&ssl=1","_links":{"self":[{"href":"https:\/\/corporateacademy.org\/index.php\/wp-json\/wp\/v2\/posts\/2398","targetHints":{"allow":["GET"]}}],"collection":[{"href":"https:\/\/corporateacademy.org\/index.php\/wp-json\/wp\/v2\/posts"}],"about":[{"href":"https:\/\/corporateacademy.org\/index.php\/wp-json\/wp\/v2\/types\/post"}],"author":[{"embeddable":true,"href":"https:\/\/corporateacademy.org\/index.php\/wp-json\/wp\/v2\/users\/1"}],"replies":[{"embeddable":true,"href":"https:\/\/corporateacademy.org\/index.php\/wp-json\/wp\/v2\/comments?post=2398"}],"version-history":[{"count":3,"href":"https:\/\/corporateacademy.org\/index.php\/wp-json\/wp\/v2\/posts\/2398\/revisions"}],"predecessor-version":[{"id":2402,"href":"https:\/\/corporateacademy.org\/index.php\/wp-json\/wp\/v2\/posts\/2398\/revisions\/2402"}],"wp:featuredmedia":[{"embeddable":true,"href":"https:\/\/corporateacademy.org\/index.php\/wp-json\/wp\/v2\/media\/2401"}],"wp:attachment":[{"href":"https:\/\/corporateacademy.org\/index.php\/wp-json\/wp\/v2\/media?parent=2398"}],"wp:term":[{"taxonomy":"category","embeddable":true,"href":"https:\/\/corporateacademy.org\/index.php\/wp-json\/wp\/v2\/categories?post=2398"},{"taxonomy":"post_tag","embeddable":true,"href":"https:\/\/corporateacademy.org\/index.php\/wp-json\/wp\/v2\/tags?post=2398"}],"curies":[{"name":"wp","href":"https:\/\/api.w.org\/{rel}","templated":true}]}}