{"id":2403,"date":"2024-12-26T18:43:39","date_gmt":"2024-12-26T21:43:39","guid":{"rendered":"https:\/\/corporateacademy.org\/?p=2403"},"modified":"2025-03-13T17:53:12","modified_gmt":"2025-03-13T20:53:12","slug":"sera-que-sua-inteligencia-ja-tem-dono-e-voce-nem-sabe","status":"publish","type":"post","link":"https:\/\/corporateacademy.org\/index.php\/2024\/12\/26\/sera-que-sua-inteligencia-ja-tem-dono-e-voce-nem-sabe\/","title":{"rendered":"Ser\u00e1 que sua Intelig\u00eancia J\u00e1 Tem Dono e Voc\u00ea Nem Sabe?"},"content":{"rendered":"\n<p class=\"has-drop-cap wp-block-paragraph\">J\u00e1 parou para refletir sobre a possibilidade de sua intelig\u00eancia, aquela que impulsiona seu sucesso profissional, estar sendo replicada e utilizada sem seu conhecimento? O conceito pode soar como fic\u00e7\u00e3o cient\u00edfica, mas a realidade da intelig\u00eancia artificial generativa nos coloca diante desse cen\u00e1rio. A palestra TED de Reid Hoffman nos convida a uma profunda reflex\u00e3o sobre nossa autonomia intelectual na era da IA. Vamos explorar esse tema e entender como proteger sua identidade digital nesse novo contexto.<\/p>\n\n\n\n<h3 class=\"wp-block-heading\">A Digitaliza\u00e7\u00e3o da Sua Ess\u00eancia: Uma Realidade Inquieta<\/h3>\n\n\n\n<p class=\"wp-block-paragraph\">&#8220;Quantos de voc\u00eas s\u00e3o donos de sua apar\u00eancia, sua semelhan\u00e7a, sua voz? Quantos de voc\u00eas s\u00e3o donos de sua intelig\u00eancia artificial?&#8221; Essa pergunta instigante, proferida no in\u00edcio da palestra, nos coloca imediatamente em estado de alerta. A verdade \u00e9 que, com o avan\u00e7o da IA generativa, nossas caracter\u00edsticas \u00fanicas \u2013 desde nossos padr\u00f5es de pensamento at\u00e9 nossas formas de comunica\u00e7\u00e3o \u2013 est\u00e3o sendo digitalizadas e, muitas vezes, sem que tenhamos consci\u00eancia disso.<\/p>\n\n\n\n<p class=\"wp-block-paragraph\">A palestra nos leva a ponderar sobre como essa tecnologia, capaz de gerar conte\u00fado original a partir de padr\u00f5es e exemplos, est\u00e1 remodelando a maneira como nos percebemos e como somos representados no universo digital.<\/p>\n\n\n\n<h3 class=\"wp-block-heading\">Seu &#8220;G\u00eameo Digital&#8221; no Ambiente de Trabalho<\/h3>\n\n\n\n<p class=\"wp-block-paragraph\">Imagine que, em seu ambiente profissional, todos os seus e-mails, mensagens em plataformas de comunica\u00e7\u00e3o e documentos estejam sendo empregados para treinar uma IA que replica sua personalidade. Essa &#8220;c\u00f3pia&#8221; digital, seu g\u00eameo digital, poderia redigir e-mails com sua voz, responder a questionamentos em seu nome e at\u00e9 mesmo substitu\u00ed-lo durante seus per\u00edodos de aus\u00eancia.<\/p>\n\n\n\n<blockquote class=\"wp-block-quote is-layout-flow wp-block-quote-is-layout-flow\">\n<p class=\"wp-block-paragraph\">&#8220;Seu empregador pode criar uma vers\u00e3o IA de voc\u00ea, seu g\u00eameo digital no trabalho, treinado em todas as suas mensagens do Teams, mensagens de e-mail, documentos de neg\u00f3cios.&#8221;<\/p>\n<\/blockquote>\n\n\n\n<p class=\"wp-block-paragraph\">Essa tecnologia, que inicialmente aparenta facilitar nossa rotina, pode se transformar em um problema quando consideramos a possibilidade de mudar de emprego. Quem garante que seu g\u00eameo digital n\u00e3o permanecer\u00e1 na empresa ou, pior, competir\u00e1 com voc\u00ea por uma nova oportunidade?<\/p>\n\n\n\n<h3 class=\"wp-block-heading\">A Perda da Autonomia Intelectual: Uma Linha T\u00eanue<\/h3>\n\n\n\n<p class=\"wp-block-paragraph\">&#8220;\u00c9 como se tiv\u00e9ssemos retirado a capacidade de possuir como criamos, transformando nossa intelig\u00eancia em mercadoria.&#8221; Essa declara\u00e7\u00e3o impactante da palestra revela a ess\u00eancia do desafio: a IA generativa est\u00e1 mercantilizando nossa intelig\u00eancia, subtraindo de n\u00f3s o controle sobre nossa pr\u00f3pria criatividade e identidade digital.<\/p>\n\n\n\n<p class=\"wp-block-paragraph\">N\u00e3o se trata apenas de artistas ou m\u00fasicos. Nossas intera\u00e7\u00f5es di\u00e1rias com a tecnologia, cada clique, cada aquisi\u00e7\u00e3o, cada momento de navega\u00e7\u00e3o em redes sociais, cada batimento card\u00edaco monitorado por um dispositivo wearable \u2013 tudo isso alimenta a IA, aprimorando-a em uma r\u00e9plica cada vez mais precisa de n\u00f3s mesmos.<\/p>\n\n\n\n<h3 class=\"wp-block-heading\">A Solu\u00e7\u00e3o: Reivindicando Nossa Pr\u00f3pria Intelig\u00eancia<\/h3>\n\n\n\n<p class=\"wp-block-paragraph\">Diante desse cen\u00e1rio, a quest\u00e3o que se apresenta \u00e9: como podemos retomar o controle sobre nossa intelig\u00eancia? A resposta, conforme a palestra, reside na cria\u00e7\u00e3o de novas leis que garantam nossa propriedade sobre nossa identidade digital.<\/p>\n\n\n\n<blockquote class=\"wp-block-quote is-layout-flow wp-block-quote-is-layout-flow\">\n<p class=\"wp-block-paragraph\">&#8220;Voc\u00ea deve ser propriet\u00e1rio de qualquer intelig\u00eancia artificial criada especificamente para replicar partes de voc\u00ea, e voc\u00ea deve ter algumas reivindica\u00e7\u00f5es de propriedade sobre o material que esta r\u00e9plica de IA de voc\u00ea gera.&#8221;<\/p>\n<\/blockquote>\n\n\n\n<p class=\"wp-block-paragraph\">\u00c9 fundamental que governos e empresas estabele\u00e7am pol\u00edticas de IA respons\u00e1veis, que assegurem que o uso da tecnologia n\u00e3o viole nossos direitos e nossa autonomia intelectual.<\/p>\n\n\n\n<h3 class=\"wp-block-heading\">5 Reflex\u00f5es Essenciais para o Mundo Corporativo:<\/h3>\n\n\n\n<ol class=\"wp-block-list\">\n<li><strong>A Cria\u00e7\u00e3o do Seu G\u00eameo Digital:<\/strong> Esteja ciente de que suas intera\u00e7\u00f5es digitais est\u00e3o sendo usadas para treinar IAs que podem se tornar r\u00e9plicas de voc\u00ea. Monitore como seus dados s\u00e3o coletados e utilizados.<\/li>\n\n\n\n<li><strong>A Propriedade da Sua Intelig\u00eancia \u00e9 Sua:<\/strong> Defenda seu direito de possuir a IA que replica voc\u00ea e o conte\u00fado que ela gera. N\u00e3o permita que sua identidade digital seja utilizada sem seu consentimento.<\/li>\n\n\n\n<li><strong>A Import\u00e2ncia de Pol\u00edticas de IA Respons\u00e1veis:<\/strong> Incentive a cria\u00e7\u00e3o de leis e pol\u00edticas que protejam sua autonomia intelectual e previnam o uso indevido da IA.<\/li>\n\n\n\n<li><strong>A Prote\u00e7\u00e3o da Sua Presen\u00e7a Digital:<\/strong> Verifique as permiss\u00f5es que voc\u00ea concede a servi\u00e7os de IA e denuncie qualquer utiliza\u00e7\u00e3o n\u00e3o autorizada de sua imagem, voz ou dados.<\/li>\n\n\n\n<li><strong>A Escolha de Produtos \u00c9ticos de IA:<\/strong> Priorize empresas que respeitem sua privacidade e utilizem a IA de forma respons\u00e1vel. Da mesma forma que voc\u00ea opta por produtos sustent\u00e1veis, escolha produtos de IA com os mesmos crit\u00e9rios.<\/li>\n<\/ol>\n\n\n\n<h3 class=\"wp-block-heading\">O Papel do Mundo Corporativo na Era da IA<\/h3>\n\n\n\n<p class=\"wp-block-paragraph\">O ambiente corporativo desempenha um papel crucial nessa discuss\u00e3o. Empresas precisam ser transparentes sobre como empregam a IA e garantir que a tecnologia seja utilizada de maneira \u00e9tica e respons\u00e1vel. \u00c9 imprescind\u00edvel criar um ambiente de trabalho onde os colaboradores se sintam seguros e protegidos, e n\u00e3o explorados pela tecnologia.<\/p>\n\n\n\n<p class=\"wp-block-paragraph\">A palestra tamb\u00e9m nos alerta sobre a urg\u00eancia da situa\u00e7\u00e3o, pois estamos em um momento de transi\u00e7\u00e3o. Os pr\u00f3ximos anos ser\u00e3o decisivos para definir o futuro da IA e como ela impactar\u00e1 nossas vidas.<\/p>\n\n\n\n<h3 class=\"wp-block-heading\">A Necessidade de Agir Imediatamente<\/h3>\n\n\n\n<blockquote class=\"wp-block-quote is-layout-flow wp-block-quote-is-layout-flow\">\n<p class=\"wp-block-paragraph\">&#8220;A realidade \u00e9 que estamos falando infinitamente sobre intelig\u00eancia artificial, e \u00e9 realmente importante que continuemos esta conversa, mas temos que ir al\u00e9m da quest\u00e3o se a IA vai acabar com a humanidade, porque a quest\u00e3o real n\u00e3o \u00e9 se a intelig\u00eancia artificial vai ultrapassar a intelig\u00eancia humana em algum momento, provavelmente ir\u00e1. A quest\u00e3o real \u00e9 como mantemos nossa autonomia intelectual diante desta inevit\u00e1vel ascens\u00e3o da intelig\u00eancia artificial.&#8221;<\/p>\n<\/blockquote>\n\n\n\n<p class=\"wp-block-paragraph\">Essa cita\u00e7\u00e3o sintetiza a urg\u00eancia da situa\u00e7\u00e3o. N\u00e3o podemos nos dar ao luxo de permanecer inertes enquanto a IA avan\u00e7a. Precisamos agir agora, reivindicando nossa autonomia intelectual e assegurando que a tecnologia seja utilizada em nosso benef\u00edcio, e n\u00e3o contra n\u00f3s.<\/p>\n\n\n\n<h3 class=\"wp-block-heading\">A Propriedade Intelectual e a Era da IA<\/h3>\n\n\n\n<p class=\"wp-block-paragraph\">A quest\u00e3o da propriedade intelectual na era da IA \u00e9 um tema complexo que exige uma abordagem cuidadosa. Tradicionalmente, a propriedade intelectual tem sido associada a cria\u00e7\u00f5es tang\u00edveis, como obras de arte, m\u00fasicas e inven\u00e7\u00f5es. No entanto, com o advento da IA generativa, o conceito de propriedade intelectual precisa ser expandido para incluir tamb\u00e9m as cria\u00e7\u00f5es digitais e as r\u00e9plicas de intelig\u00eancia.<\/p>\n\n\n\n<p class=\"wp-block-paragraph\">A dificuldade reside em determinar quem det\u00e9m os direitos sobre uma IA que foi treinada com dados de diversas fontes. Nesse cen\u00e1rio, \u00e9 imprescind\u00edvel que as leis de propriedade intelectual sejam atualizadas para abordar as complexidades da era da IA. \u00c9 necess\u00e1rio estabelecer um equil\u00edbrio entre proteger os direitos de propriedade intelectual e incentivar a inova\u00e7\u00e3o e o desenvolvimento da IA.<\/p>\n\n\n\n<h3 class=\"wp-block-heading\">A Import\u00e2ncia da Transpar\u00eancia e da \u00c9tica<\/h3>\n\n\n\n<p class=\"wp-block-paragraph\">A transpar\u00eancia e a \u00e9tica s\u00e3o princ\u00edpios fundamentais para o desenvolvimento e a implementa\u00e7\u00e3o respons\u00e1vel da IA. Empresas que utilizam a IA devem ser transparentes sobre como coletam, usam e armazenam dados. Os usu\u00e1rios devem ter o direito de saber como seus dados est\u00e3o sendo usados e devem ter o controle sobre suas informa\u00e7\u00f5es.<\/p>\n\n\n\n<p class=\"wp-block-paragraph\">A \u00e9tica tamb\u00e9m desempenha um papel crucial na era da IA. \u00c9 fundamental garantir que a IA seja utilizada de forma justa e equitativa, sem discrimina\u00e7\u00e3o ou preconceito. As empresas devem se esfor\u00e7ar para garantir que a IA n\u00e3o perpetue ou amplifique os preconceitos existentes na sociedade.<\/p>\n\n\n\n<h3 class=\"wp-block-heading\">O Impacto da IA no Futuro do Trabalho<\/h3>\n\n\n\n<p class=\"wp-block-paragraph\">A IA est\u00e1 transformando o mundo do trabalho e, inevitavelmente, criar\u00e1 novos tipos de empregos e eliminar\u00e1 outros. \u00c9 fundamental que as empresas e os trabalhadores se preparem para essa mudan\u00e7a. Os trabalhadores devem investir em novas habilidades e conhecimentos para se manterem relevantes no mercado de trabalho em constante evolu\u00e7\u00e3o.<\/p>\n\n\n\n<p class=\"wp-block-paragraph\">As empresas devem se esfor\u00e7ar para criar um ambiente de trabalho que valorize a criatividade, a colabora\u00e7\u00e3o e o aprendizado cont\u00ednuo. \u00c9 preciso reconhecer que a IA \u00e9 uma ferramenta que pode complementar e aumentar as capacidades humanas, mas n\u00e3o deve substituir totalmente o trabalho humano.<\/p>\n\n\n\n<h3 class=\"wp-block-heading\">O Papel da Educa\u00e7\u00e3o na Era da IA<\/h3>\n\n\n\n<p class=\"wp-block-paragraph\">A educa\u00e7\u00e3o desempenha um papel crucial na prepara\u00e7\u00e3o das pessoas para a era da IA. \u00c9 fundamental que as escolas e universidades invistam em novas tecnologias e metodologias de ensino que estimulem o pensamento cr\u00edtico, a criatividade e a resolu\u00e7\u00e3o de problemas.<\/p>\n\n\n\n<p class=\"wp-block-paragraph\">Os alunos devem aprender a utilizar a IA de forma eficaz e \u00e9tica. Eles tamb\u00e9m devem desenvolver habilidades de comunica\u00e7\u00e3o, colabora\u00e7\u00e3o e resolu\u00e7\u00e3o de problemas, que s\u00e3o essenciais para o sucesso no mercado de trabalho em constante mudan\u00e7a.<\/p>\n\n\n\n<h3 class=\"wp-block-heading\">A Colabora\u00e7\u00e3o entre Humanos e IA<\/h3>\n\n\n\n<p class=\"wp-block-paragraph\">Em vez de ver a IA como uma amea\u00e7a, devemos consider\u00e1-la como uma ferramenta poderosa que pode complementar as capacidades humanas. A colabora\u00e7\u00e3o entre humanos e IA pode levar a resultados surpreendentes e inovadores.<\/p>\n\n\n\n<p class=\"wp-block-paragraph\">Os humanos podem fornecer \u00e0 IA a sua criatividade, intui\u00e7\u00e3o e capacidade de racioc\u00ednio cr\u00edtico, enquanto a IA pode fornecer aos humanos a sua capacidade de processar grandes quantidades de dados e automatizar tarefas repetitivas.<\/p>\n\n\n\n<h3 class=\"wp-block-heading\">O Futuro da IA \u00e9 uma Responsabilidade Coletiva<\/h3>\n\n\n\n<p class=\"wp-block-paragraph\">O futuro da IA n\u00e3o \u00e9 predeterminado. \u00c9 uma responsabilidade coletiva criar um futuro onde a IA seja utilizada de forma \u00e9tica e respons\u00e1vel. Governos, empresas, pesquisadores e cidad\u00e3os devem trabalhar juntos para garantir que a IA seja utilizada para o bem comum e n\u00e3o para a explora\u00e7\u00e3o ou opress\u00e3o.<\/p>\n\n\n\n<p class=\"wp-block-paragraph\">A palestra de Reid Hoffman nos lembra que a luta pela autonomia intelectual \u00e9 uma luta pela nossa pr\u00f3pria humanidade. \u00c9 uma luta que exige a nossa participa\u00e7\u00e3o ativa e constante.<\/p>\n\n\n\n<h3 class=\"wp-block-heading\">Veja o PodCast sobre este tema<\/h3>\n\n\n\n<figure class=\"wp-block-embed is-type-video is-provider-youtube wp-block-embed-youtube wp-embed-aspect-16-9 wp-has-aspect-ratio\"><div class=\"wp-block-embed__wrapper\">\n<span class=\"embed-youtube\" style=\"text-align:center; display: block;\"><iframe loading=\"lazy\" class=\"youtube-player\" width=\"660\" height=\"372\" src=\"https:\/\/www.youtube.com\/embed\/qmR2gOsOHAE?version=3&#038;rel=1&#038;showsearch=0&#038;showinfo=1&#038;iv_load_policy=1&#038;fs=1&#038;hl=pt-BR&#038;autohide=2&#038;wmode=transparent\" allowfullscreen=\"true\" style=\"border:0;\" sandbox=\"allow-scripts allow-same-origin allow-popups allow-presentation allow-popups-to-escape-sandbox\"><\/iframe><\/span>\n<\/div><\/figure>\n\n\n\n<h3 class=\"wp-block-heading\">O Que Voc\u00ea Pode Fazer Agora?<\/h3>\n\n\n\n<ol class=\"wp-block-list\">\n<li><strong>Aprofunde seu Conhecimento:<\/strong> Busque mais informa\u00e7\u00f5es sobre a IA generativa e seus impactos. Leia artigos, assista a palestras e participe de discuss\u00f5es sobre o tema.<\/li>\n\n\n\n<li><strong>Analise suas Permiss\u00f5es:<\/strong> Verifique as permiss\u00f5es que voc\u00ea concede a aplicativos e servi\u00e7os online, e restrinja o acesso aos seus dados.<\/li>\n\n\n\n<li><strong>Engaje-se na Discuss\u00e3o:<\/strong> Participe de debates p\u00fablicos sobre pol\u00edticas de IA e compartilhe suas opini\u00f5es com seus representantes.<\/li>\n\n\n\n<li><strong>Utilize a IA de Forma Consciente:<\/strong> Escolha produtos e servi\u00e7os de IA que sejam \u00e9ticos e respons\u00e1veis, e evite aqueles que violem sua privacidade.<\/li>\n\n\n\n<li><strong>Compartilhe esta Reflex\u00e3o:<\/strong> Dissemine essa informa\u00e7\u00e3o para que mais pessoas possam se conscientizar e tomar medidas para proteger sua autonomia intelectual.<\/li>\n<\/ol>\n\n\n\n<p class=\"wp-block-paragraph\">O futuro da IA est\u00e1 em nossas m\u00e3os. Vamos juntos construir um mundo onde a tecnologia seja uma ferramenta para o progresso humano, e n\u00e3o uma amea\u00e7a \u00e0 nossa identidade e liberdade.<\/p>\n\n\n\n<p class=\"wp-block-paragraph\"><strong>Agora \u00e9 a sua vez:<\/strong> Como voc\u00ea v\u00ea o futuro da IA no mundo corporativo? Compartilhe sua opini\u00e3o nos coment\u00e1rios!<\/p>\n\n\n\n<p class=\"wp-block-paragraph\"><\/p>\n\n\n\n<h2 class=\"wp-block-heading\">Refer\u00eancias<\/h2>\n\n\n\n<p class=\"wp-block-paragraph\">\ud83d\udd17 <strong>Link para a palestra TED:<\/strong> [<a href=\"https:\/\/www.youtube.com\/watch?v=8a1W7d0NmKo\">Can we own our intelligence in the age of AI? | Arun Sundararajan | TEDxGateway &#8211; YouTube<\/a>]<\/p>\n\n\n\n<h1 class=\"wp-block-heading\"><\/h1>\n","protected":false},"excerpt":{"rendered":"<p>J\u00e1 parou para refletir sobre a possibilidade de sua intelig\u00eancia, aquela que impulsiona seu sucesso profissional, estar sendo replicada e utilizada sem seu conhecimento? O conceito pode soar como fic\u00e7\u00e3o cient\u00edfica, mas a realidade da intelig\u00eancia artificial generativa nos coloca diante desse cen\u00e1rio. A palestra TED de Reid Hoffman nos convida a uma profunda reflex\u00e3o &hellip; <a href=\"https:\/\/corporateacademy.org\/index.php\/2024\/12\/26\/sera-que-sua-inteligencia-ja-tem-dono-e-voce-nem-sabe\/\" class=\"more-link\">Continuar lendo <span class=\"screen-reader-text\">Ser\u00e1 que sua Intelig\u00eancia J\u00e1 Tem Dono e Voc\u00ea Nem Sabe?<\/span><\/a><\/p>\n","protected":false},"author":1,"featured_media":2406,"comment_status":"open","ping_status":"open","sticky":false,"template":"","format":"standard","meta":{"_jetpack_newsletter_access":"","_jetpack_dont_email_post_to_subs":false,"_jetpack_newsletter_tier_id":0,"_jetpack_memberships_contains_paywalled_content":false,"_jetpack_feature_clip_id":0,"_jetpack_memberships_contains_paid_content":false,"footnotes":"","jetpack_publicize_message":"","jetpack_publicize_feature_enabled":true,"jetpack_social_post_already_shared":true,"jetpack_social_options":{"image_generator_settings":{"template":"highway","default_image_id":0,"font":"","enabled":false},"version":2},"jetpack_post_was_ever_published":false},"categories":[19,132,47,64,212],"tags":[705,695,698,700,694,704,693,617,689,706,703,135,708,688,707,702,690,692,696,701,699,691,697,615],"class_list":["post-2403","post","type-post","status-publish","format-standard","has-post-thumbnail","hentry","category-ambiente-corporativo","category-educacao-digital","category-gestao-de-projetos","category-inteligencia-artificial","category-performance","tag-autonomiadigital","tag-autonomiaintelectual","tag-colaboracaohumanoia","tag-direitodigital","tag-eticaemia","tag-eticatecnologica","tag-futurodaeducacao","tag-futurodotrabalho","tag-gemeodigital","tag-ia","tag-identidadedigital","tag-inovacao","tag-inovacaoresponsavel","tag-inteligenciaartificial","tag-inteligenciaartificialgenerativa","tag-leideprotecaodedados","tag-mundocorporativo","tag-privacidade","tag-propriedadeintelectual","tag-propriedadeintelectualdigital","tag-responsabilidadedigital","tag-segurancadigital","tag-tecnologiaetica","tag-transformacaodigital"],"aioseo_notices":[],"aioseo_head":"\n\t\t<!-- All in One SEO 5.0.1.1 - aioseo.com -->\n\t<meta name=\"description\" content=\"J\u00e1 parou para refletir sobre a possibilidade de sua intelig\u00eancia, aquela que impulsiona seu sucesso profissional, estar sendo replicada e utilizada sem seu conhecimento? O conceito pode soar como fic\u00e7\u00e3o cient\u00edfica, mas a realidade da intelig\u00eancia artificial generativa nos coloca diante desse cen\u00e1rio. A palestra TED de Reid Hoffman nos convida a uma profunda reflex\u00e3o\" \/>\n\t<meta name=\"robots\" content=\"max-image-preview:large\" \/>\n\t<meta name=\"author\" content=\"Editor\"\/>\n\t<link rel=\"canonical\" href=\"https:\/\/corporateacademy.org\/index.php\/2024\/12\/26\/sera-que-sua-inteligencia-ja-tem-dono-e-voce-nem-sabe\/\" \/>\n\t<meta name=\"generator\" content=\"All in One SEO (AIOSEO) 5.0.1.1\" \/>\n\t\t<meta property=\"og:locale\" content=\"pt_BR\" \/>\n\t\t<meta property=\"og:site_name\" content=\"Corporate Academy - Compartilhando Conhecimento\" \/>\n\t\t<meta property=\"og:type\" content=\"article\" \/>\n\t\t<meta property=\"og:title\" content=\"Ser\u00e1 que sua Intelig\u00eancia J\u00e1 Tem Dono e Voc\u00ea Nem Sabe? - Corporate Academy\" \/>\n\t\t<meta property=\"og:description\" content=\"J\u00e1 parou para refletir sobre a possibilidade de sua intelig\u00eancia, aquela que impulsiona seu sucesso profissional, estar sendo replicada e utilizada sem seu conhecimento? O conceito pode soar como fic\u00e7\u00e3o cient\u00edfica, mas a realidade da intelig\u00eancia artificial generativa nos coloca diante desse cen\u00e1rio. A palestra TED de Reid Hoffman nos convida a uma profunda reflex\u00e3o\" \/>\n\t\t<meta property=\"og:url\" content=\"https:\/\/corporateacademy.org\/index.php\/2024\/12\/26\/sera-que-sua-inteligencia-ja-tem-dono-e-voce-nem-sabe\/\" \/>\n\t\t<meta property=\"og:image\" content=\"https:\/\/i0.wp.com\/corporateacademy.org\/wp-content\/uploads\/2018\/03\/Logo200x200.jpg?fit=200200\" \/>\n\t\t<meta property=\"og:image:secure_url\" content=\"https:\/\/i0.wp.com\/corporateacademy.org\/wp-content\/uploads\/2018\/03\/Logo200x200.jpg?fit=200200\" \/>\n\t\t<meta property=\"article:published_time\" content=\"2024-12-26T21:43:39+00:00\" \/>\n\t\t<meta property=\"article:modified_time\" content=\"2025-03-13T20:53:12+00:00\" \/>\n\t\t<meta name=\"twitter:card\" content=\"summary_large_image\" \/>\n\t\t<meta name=\"twitter:title\" content=\"Ser\u00e1 que sua Intelig\u00eancia J\u00e1 Tem Dono e Voc\u00ea Nem Sabe? - Corporate Academy\" \/>\n\t\t<meta name=\"twitter:description\" content=\"J\u00e1 parou para refletir sobre a possibilidade de sua intelig\u00eancia, aquela que impulsiona seu sucesso profissional, estar sendo replicada e utilizada sem seu conhecimento? O conceito pode soar como fic\u00e7\u00e3o cient\u00edfica, mas a realidade da intelig\u00eancia artificial generativa nos coloca diante desse cen\u00e1rio. A palestra TED de Reid Hoffman nos convida a uma profunda reflex\u00e3o\" \/>\n\t\t<meta name=\"twitter:image\" content=\"https:\/\/i0.wp.com\/corporateacademy.org\/wp-content\/uploads\/2018\/03\/Logo200x200.jpg?fit=200200\" \/>\n\t\t<script type=\"application\/ld+json\" class=\"aioseo-schema\">\n\t\t\t{\"@context\":\"https:\\\/\\\/schema.org\",\"@graph\":[{\"@type\":\"BlogPosting\",\"@id\":\"https:\\\/\\\/corporateacademy.org\\\/index.php\\\/2024\\\/12\\\/26\\\/sera-que-sua-inteligencia-ja-tem-dono-e-voce-nem-sabe\\\/#blogposting\",\"name\":\"Ser\\u00e1 que sua Intelig\\u00eancia J\\u00e1 Tem Dono e Voc\\u00ea Nem Sabe? - Corporate Academy\",\"headline\":\"Ser\\u00e1 que sua Intelig\\u00eancia J\\u00e1 Tem Dono e Voc\\u00ea Nem Sabe?\",\"author\":{\"@id\":\"https:\\\/\\\/corporateacademy.org\\\/index.php\\\/author\\\/nevesf\\\/#author\"},\"publisher\":{\"@id\":\"https:\\\/\\\/corporateacademy.org\\\/#organization\"},\"image\":{\"@type\":\"ImageObject\",\"url\":\"https:\\\/\\\/i0.wp.com\\\/corporateacademy.org\\\/wp-content\\\/uploads\\\/2024\\\/12\\\/digital-brain-01.png?fit=1019%2C578&ssl=1\",\"width\":1019,\"height\":578,\"caption\":\"digital brain\"},\"datePublished\":\"2024-12-26T18:43:39-03:00\",\"dateModified\":\"2025-03-13T17:53:12-03:00\",\"inLanguage\":\"pt-BR\",\"mainEntityOfPage\":{\"@id\":\"https:\\\/\\\/corporateacademy.org\\\/index.php\\\/2024\\\/12\\\/26\\\/sera-que-sua-inteligencia-ja-tem-dono-e-voce-nem-sabe\\\/#webpage\"},\"isPartOf\":{\"@id\":\"https:\\\/\\\/corporateacademy.org\\\/index.php\\\/2024\\\/12\\\/26\\\/sera-que-sua-inteligencia-ja-tem-dono-e-voce-nem-sabe\\\/#webpage\"},\"articleSection\":\"Ambiente corporativo, Educa\\u00e7\\u00e3o Digital, gest\\u00e3o de projetos, Intelig\\u00eancia Artificial, Performance, AutonomiaDigital, AutonomiaIntelectual, Colabora\\u00e7\\u00e3oHumanoIA, DireitoDigital, \\u00c9ticaEmIA, \\u00c9ticaTecnologica, FuturoDaEduca\\u00e7\\u00e3o, FuturoDoTrabalho, G\\u00eameoDigital, IA, IdentidadeDigital, inova\\u00e7\\u00e3o, InovacaoResponsavel, InteligenciaArtificial, InteligenciaArtificialGenerativa, LeiDeProte\\u00e7\\u00e3oDeDados, MundoCorporativo, Privacidade, PropriedadeIntelectual, PropriedadeIntelectualDigital, ResponsabilidadeDigital, Seguran\\u00e7aDigital, TecnologiaEtica, Transforma\\u00e7\\u00e3oDigital\"},{\"@type\":\"BreadcrumbList\",\"@id\":\"https:\\\/\\\/corporateacademy.org\\\/index.php\\\/2024\\\/12\\\/26\\\/sera-que-sua-inteligencia-ja-tem-dono-e-voce-nem-sabe\\\/#breadcrumblist\",\"itemListElement\":[{\"@type\":\"ListItem\",\"@id\":\"https:\\\/\\\/corporateacademy.org#listItem\",\"position\":1,\"name\":\"Home\",\"item\":\"https:\\\/\\\/corporateacademy.org\",\"nextItem\":{\"@type\":\"ListItem\",\"@id\":\"https:\\\/\\\/corporateacademy.org\\\/index.php\\\/category\\\/ambiente-corporativo\\\/#listItem\",\"name\":\"Ambiente corporativo\"}},{\"@type\":\"ListItem\",\"@id\":\"https:\\\/\\\/corporateacademy.org\\\/index.php\\\/category\\\/ambiente-corporativo\\\/#listItem\",\"position\":2,\"name\":\"Ambiente corporativo\",\"item\":\"https:\\\/\\\/corporateacademy.org\\\/index.php\\\/category\\\/ambiente-corporativo\\\/\",\"nextItem\":{\"@type\":\"ListItem\",\"@id\":\"https:\\\/\\\/corporateacademy.org\\\/index.php\\\/2024\\\/12\\\/26\\\/sera-que-sua-inteligencia-ja-tem-dono-e-voce-nem-sabe\\\/#listItem\",\"name\":\"Ser\\u00e1 que sua Intelig\\u00eancia J\\u00e1 Tem Dono e Voc\\u00ea Nem Sabe?\"},\"previousItem\":{\"@type\":\"ListItem\",\"@id\":\"https:\\\/\\\/corporateacademy.org#listItem\",\"name\":\"Home\"}},{\"@type\":\"ListItem\",\"@id\":\"https:\\\/\\\/corporateacademy.org\\\/index.php\\\/2024\\\/12\\\/26\\\/sera-que-sua-inteligencia-ja-tem-dono-e-voce-nem-sabe\\\/#listItem\",\"position\":3,\"name\":\"Ser\\u00e1 que sua Intelig\\u00eancia J\\u00e1 Tem Dono e Voc\\u00ea Nem Sabe?\",\"previousItem\":{\"@type\":\"ListItem\",\"@id\":\"https:\\\/\\\/corporateacademy.org\\\/index.php\\\/category\\\/ambiente-corporativo\\\/#listItem\",\"name\":\"Ambiente corporativo\"}}]},{\"@type\":\"Organization\",\"@id\":\"https:\\\/\\\/corporateacademy.org\\\/#organization\",\"name\":\"Corporate Academy\",\"description\":\"Compartilhando Conhecimento\",\"url\":\"https:\\\/\\\/corporateacademy.org\\\/\",\"logo\":{\"@type\":\"ImageObject\",\"url\":\"https:\\\/\\\/i0.wp.com\\\/corporateacademy.org\\\/wp-content\\\/uploads\\\/2018\\\/03\\\/Logo200x200.jpg?fit=200%2C200&ssl=1\",\"@id\":\"https:\\\/\\\/corporateacademy.org\\\/index.php\\\/2024\\\/12\\\/26\\\/sera-que-sua-inteligencia-ja-tem-dono-e-voce-nem-sabe\\\/#organizationLogo\",\"width\":200,\"height\":200},\"image\":{\"@id\":\"https:\\\/\\\/corporateacademy.org\\\/index.php\\\/2024\\\/12\\\/26\\\/sera-que-sua-inteligencia-ja-tem-dono-e-voce-nem-sabe\\\/#organizationLogo\"}},{\"@type\":\"Person\",\"@id\":\"https:\\\/\\\/corporateacademy.org\\\/index.php\\\/author\\\/nevesf\\\/#author\",\"url\":\"https:\\\/\\\/corporateacademy.org\\\/index.php\\\/author\\\/nevesf\\\/\",\"name\":\"Editor\",\"image\":{\"@type\":\"ImageObject\",\"@id\":\"https:\\\/\\\/corporateacademy.org\\\/index.php\\\/2024\\\/12\\\/26\\\/sera-que-sua-inteligencia-ja-tem-dono-e-voce-nem-sabe\\\/#authorImage\",\"url\":\"https:\\\/\\\/secure.gravatar.com\\\/avatar\\\/40a180061deabb68d04bd9f812bde2b372b5d57984baf7dd947ee866377d90fb?s=96&d=blank&r=g\",\"width\":96,\"height\":96,\"caption\":\"Editor\"}},{\"@type\":\"WebPage\",\"@id\":\"https:\\\/\\\/corporateacademy.org\\\/index.php\\\/2024\\\/12\\\/26\\\/sera-que-sua-inteligencia-ja-tem-dono-e-voce-nem-sabe\\\/#webpage\",\"url\":\"https:\\\/\\\/corporateacademy.org\\\/index.php\\\/2024\\\/12\\\/26\\\/sera-que-sua-inteligencia-ja-tem-dono-e-voce-nem-sabe\\\/\",\"name\":\"Ser\\u00e1 que sua Intelig\\u00eancia J\\u00e1 Tem Dono e Voc\\u00ea Nem Sabe? - Corporate Academy\",\"description\":\"J\\u00e1 parou para refletir sobre a possibilidade de sua intelig\\u00eancia, aquela que impulsiona seu sucesso profissional, estar sendo replicada e utilizada sem seu conhecimento? O conceito pode soar como fic\\u00e7\\u00e3o cient\\u00edfica, mas a realidade da intelig\\u00eancia artificial generativa nos coloca diante desse cen\\u00e1rio. A palestra TED de Reid Hoffman nos convida a uma profunda reflex\\u00e3o\",\"inLanguage\":\"pt-BR\",\"isPartOf\":{\"@id\":\"https:\\\/\\\/corporateacademy.org\\\/#website\"},\"breadcrumb\":{\"@id\":\"https:\\\/\\\/corporateacademy.org\\\/index.php\\\/2024\\\/12\\\/26\\\/sera-que-sua-inteligencia-ja-tem-dono-e-voce-nem-sabe\\\/#breadcrumblist\"},\"author\":{\"@id\":\"https:\\\/\\\/corporateacademy.org\\\/index.php\\\/author\\\/nevesf\\\/#author\"},\"creator\":{\"@id\":\"https:\\\/\\\/corporateacademy.org\\\/index.php\\\/author\\\/nevesf\\\/#author\"},\"image\":{\"@type\":\"ImageObject\",\"url\":\"https:\\\/\\\/i0.wp.com\\\/corporateacademy.org\\\/wp-content\\\/uploads\\\/2024\\\/12\\\/digital-brain-01.png?fit=1019%2C578&ssl=1\",\"@id\":\"https:\\\/\\\/corporateacademy.org\\\/index.php\\\/2024\\\/12\\\/26\\\/sera-que-sua-inteligencia-ja-tem-dono-e-voce-nem-sabe\\\/#mainImage\",\"width\":1019,\"height\":578,\"caption\":\"digital brain\"},\"primaryImageOfPage\":{\"@id\":\"https:\\\/\\\/corporateacademy.org\\\/index.php\\\/2024\\\/12\\\/26\\\/sera-que-sua-inteligencia-ja-tem-dono-e-voce-nem-sabe\\\/#mainImage\"},\"datePublished\":\"2024-12-26T18:43:39-03:00\",\"dateModified\":\"2025-03-13T17:53:12-03:00\"},{\"@type\":\"WebSite\",\"@id\":\"https:\\\/\\\/corporateacademy.org\\\/#website\",\"url\":\"https:\\\/\\\/corporateacademy.org\\\/\",\"name\":\"Corporate Academy\",\"description\":\"Compartilhando Conhecimento\",\"inLanguage\":\"pt-BR\",\"publisher\":{\"@id\":\"https:\\\/\\\/corporateacademy.org\\\/#organization\"}}]}\n\t\t<\/script>\n\t\t<!-- All in One SEO -->\n\n","aioseo_head_json":{"title":"Ser\u00e1 que sua Intelig\u00eancia J\u00e1 Tem Dono e Voc\u00ea Nem Sabe? - Corporate Academy","description":"J\u00e1 parou para refletir sobre a possibilidade de sua intelig\u00eancia, aquela que impulsiona seu sucesso profissional, estar sendo replicada e utilizada sem seu conhecimento? O conceito pode soar como fic\u00e7\u00e3o cient\u00edfica, mas a realidade da intelig\u00eancia artificial generativa nos coloca diante desse cen\u00e1rio. A palestra TED de Reid Hoffman nos convida a uma profunda reflex\u00e3o","canonical_url":"https:\/\/corporateacademy.org\/index.php\/2024\/12\/26\/sera-que-sua-inteligencia-ja-tem-dono-e-voce-nem-sabe\/","robots":"max-image-preview:large","keywords":"","webmasterTools":{"miscellaneous":""},"schema":{"@context":"https:\/\/schema.org","@graph":[{"@type":"BlogPosting","@id":"https:\/\/corporateacademy.org\/index.php\/2024\/12\/26\/sera-que-sua-inteligencia-ja-tem-dono-e-voce-nem-sabe\/#blogposting","name":"Ser\u00e1 que sua Intelig\u00eancia J\u00e1 Tem Dono e Voc\u00ea Nem Sabe? - Corporate Academy","headline":"Ser\u00e1 que sua Intelig\u00eancia J\u00e1 Tem Dono e Voc\u00ea Nem Sabe?","author":{"@id":"https:\/\/corporateacademy.org\/index.php\/author\/nevesf\/#author"},"publisher":{"@id":"https:\/\/corporateacademy.org\/#organization"},"image":{"@type":"ImageObject","url":"https:\/\/i0.wp.com\/corporateacademy.org\/wp-content\/uploads\/2024\/12\/digital-brain-01.png?fit=1019%2C578&ssl=1","width":1019,"height":578,"caption":"digital brain"},"datePublished":"2024-12-26T18:43:39-03:00","dateModified":"2025-03-13T17:53:12-03:00","inLanguage":"pt-BR","mainEntityOfPage":{"@id":"https:\/\/corporateacademy.org\/index.php\/2024\/12\/26\/sera-que-sua-inteligencia-ja-tem-dono-e-voce-nem-sabe\/#webpage"},"isPartOf":{"@id":"https:\/\/corporateacademy.org\/index.php\/2024\/12\/26\/sera-que-sua-inteligencia-ja-tem-dono-e-voce-nem-sabe\/#webpage"},"articleSection":"Ambiente corporativo, Educa\u00e7\u00e3o Digital, gest\u00e3o de projetos, Intelig\u00eancia Artificial, Performance, AutonomiaDigital, AutonomiaIntelectual, Colabora\u00e7\u00e3oHumanoIA, DireitoDigital, \u00c9ticaEmIA, \u00c9ticaTecnologica, FuturoDaEduca\u00e7\u00e3o, FuturoDoTrabalho, G\u00eameoDigital, IA, IdentidadeDigital, inova\u00e7\u00e3o, InovacaoResponsavel, InteligenciaArtificial, InteligenciaArtificialGenerativa, LeiDeProte\u00e7\u00e3oDeDados, MundoCorporativo, Privacidade, PropriedadeIntelectual, PropriedadeIntelectualDigital, ResponsabilidadeDigital, Seguran\u00e7aDigital, TecnologiaEtica, Transforma\u00e7\u00e3oDigital"},{"@type":"BreadcrumbList","@id":"https:\/\/corporateacademy.org\/index.php\/2024\/12\/26\/sera-que-sua-inteligencia-ja-tem-dono-e-voce-nem-sabe\/#breadcrumblist","itemListElement":[{"@type":"ListItem","@id":"https:\/\/corporateacademy.org#listItem","position":1,"name":"Home","item":"https:\/\/corporateacademy.org","nextItem":{"@type":"ListItem","@id":"https:\/\/corporateacademy.org\/index.php\/category\/ambiente-corporativo\/#listItem","name":"Ambiente corporativo"}},{"@type":"ListItem","@id":"https:\/\/corporateacademy.org\/index.php\/category\/ambiente-corporativo\/#listItem","position":2,"name":"Ambiente corporativo","item":"https:\/\/corporateacademy.org\/index.php\/category\/ambiente-corporativo\/","nextItem":{"@type":"ListItem","@id":"https:\/\/corporateacademy.org\/index.php\/2024\/12\/26\/sera-que-sua-inteligencia-ja-tem-dono-e-voce-nem-sabe\/#listItem","name":"Ser\u00e1 que sua Intelig\u00eancia J\u00e1 Tem Dono e Voc\u00ea Nem Sabe?"},"previousItem":{"@type":"ListItem","@id":"https:\/\/corporateacademy.org#listItem","name":"Home"}},{"@type":"ListItem","@id":"https:\/\/corporateacademy.org\/index.php\/2024\/12\/26\/sera-que-sua-inteligencia-ja-tem-dono-e-voce-nem-sabe\/#listItem","position":3,"name":"Ser\u00e1 que sua Intelig\u00eancia J\u00e1 Tem Dono e Voc\u00ea Nem Sabe?","previousItem":{"@type":"ListItem","@id":"https:\/\/corporateacademy.org\/index.php\/category\/ambiente-corporativo\/#listItem","name":"Ambiente corporativo"}}]},{"@type":"Organization","@id":"https:\/\/corporateacademy.org\/#organization","name":"Corporate Academy","description":"Compartilhando Conhecimento","url":"https:\/\/corporateacademy.org\/","logo":{"@type":"ImageObject","url":"https:\/\/i0.wp.com\/corporateacademy.org\/wp-content\/uploads\/2018\/03\/Logo200x200.jpg?fit=200%2C200&ssl=1","@id":"https:\/\/corporateacademy.org\/index.php\/2024\/12\/26\/sera-que-sua-inteligencia-ja-tem-dono-e-voce-nem-sabe\/#organizationLogo","width":200,"height":200},"image":{"@id":"https:\/\/corporateacademy.org\/index.php\/2024\/12\/26\/sera-que-sua-inteligencia-ja-tem-dono-e-voce-nem-sabe\/#organizationLogo"}},{"@type":"Person","@id":"https:\/\/corporateacademy.org\/index.php\/author\/nevesf\/#author","url":"https:\/\/corporateacademy.org\/index.php\/author\/nevesf\/","name":"Editor","image":{"@type":"ImageObject","@id":"https:\/\/corporateacademy.org\/index.php\/2024\/12\/26\/sera-que-sua-inteligencia-ja-tem-dono-e-voce-nem-sabe\/#authorImage","url":"https:\/\/secure.gravatar.com\/avatar\/40a180061deabb68d04bd9f812bde2b372b5d57984baf7dd947ee866377d90fb?s=96&d=blank&r=g","width":96,"height":96,"caption":"Editor"}},{"@type":"WebPage","@id":"https:\/\/corporateacademy.org\/index.php\/2024\/12\/26\/sera-que-sua-inteligencia-ja-tem-dono-e-voce-nem-sabe\/#webpage","url":"https:\/\/corporateacademy.org\/index.php\/2024\/12\/26\/sera-que-sua-inteligencia-ja-tem-dono-e-voce-nem-sabe\/","name":"Ser\u00e1 que sua Intelig\u00eancia J\u00e1 Tem Dono e Voc\u00ea Nem Sabe? - Corporate Academy","description":"J\u00e1 parou para refletir sobre a possibilidade de sua intelig\u00eancia, aquela que impulsiona seu sucesso profissional, estar sendo replicada e utilizada sem seu conhecimento? O conceito pode soar como fic\u00e7\u00e3o cient\u00edfica, mas a realidade da intelig\u00eancia artificial generativa nos coloca diante desse cen\u00e1rio. A palestra TED de Reid Hoffman nos convida a uma profunda reflex\u00e3o","inLanguage":"pt-BR","isPartOf":{"@id":"https:\/\/corporateacademy.org\/#website"},"breadcrumb":{"@id":"https:\/\/corporateacademy.org\/index.php\/2024\/12\/26\/sera-que-sua-inteligencia-ja-tem-dono-e-voce-nem-sabe\/#breadcrumblist"},"author":{"@id":"https:\/\/corporateacademy.org\/index.php\/author\/nevesf\/#author"},"creator":{"@id":"https:\/\/corporateacademy.org\/index.php\/author\/nevesf\/#author"},"image":{"@type":"ImageObject","url":"https:\/\/i0.wp.com\/corporateacademy.org\/wp-content\/uploads\/2024\/12\/digital-brain-01.png?fit=1019%2C578&ssl=1","@id":"https:\/\/corporateacademy.org\/index.php\/2024\/12\/26\/sera-que-sua-inteligencia-ja-tem-dono-e-voce-nem-sabe\/#mainImage","width":1019,"height":578,"caption":"digital brain"},"primaryImageOfPage":{"@id":"https:\/\/corporateacademy.org\/index.php\/2024\/12\/26\/sera-que-sua-inteligencia-ja-tem-dono-e-voce-nem-sabe\/#mainImage"},"datePublished":"2024-12-26T18:43:39-03:00","dateModified":"2025-03-13T17:53:12-03:00"},{"@type":"WebSite","@id":"https:\/\/corporateacademy.org\/#website","url":"https:\/\/corporateacademy.org\/","name":"Corporate Academy","description":"Compartilhando Conhecimento","inLanguage":"pt-BR","publisher":{"@id":"https:\/\/corporateacademy.org\/#organization"}}]},"og:locale":"pt_BR","og:site_name":"Corporate Academy - Compartilhando Conhecimento","og:type":"article","og:title":"Ser\u00e1 que sua Intelig\u00eancia J\u00e1 Tem Dono e Voc\u00ea Nem Sabe? - Corporate Academy","og:description":"J\u00e1 parou para refletir sobre a possibilidade de sua intelig\u00eancia, aquela que impulsiona seu sucesso profissional, estar sendo replicada e utilizada sem seu conhecimento? O conceito pode soar como fic\u00e7\u00e3o cient\u00edfica, mas a realidade da intelig\u00eancia artificial generativa nos coloca diante desse cen\u00e1rio. A palestra TED de Reid Hoffman nos convida a uma profunda reflex\u00e3o","og:url":"https:\/\/corporateacademy.org\/index.php\/2024\/12\/26\/sera-que-sua-inteligencia-ja-tem-dono-e-voce-nem-sabe\/","og:image":"https:\/\/i0.wp.com\/corporateacademy.org\/wp-content\/uploads\/2018\/03\/Logo200x200.jpg?fit=200200","og:image:secure_url":"https:\/\/i0.wp.com\/corporateacademy.org\/wp-content\/uploads\/2018\/03\/Logo200x200.jpg?fit=200200","article:published_time":"2024-12-26T21:43:39+00:00","article:modified_time":"2025-03-13T20:53:12+00:00","twitter:card":"summary_large_image","twitter:title":"Ser\u00e1 que sua Intelig\u00eancia J\u00e1 Tem Dono e Voc\u00ea Nem Sabe? - Corporate Academy","twitter:description":"J\u00e1 parou para refletir sobre a possibilidade de sua intelig\u00eancia, aquela que impulsiona seu sucesso profissional, estar sendo replicada e utilizada sem seu conhecimento? O conceito pode soar como fic\u00e7\u00e3o cient\u00edfica, mas a realidade da intelig\u00eancia artificial generativa nos coloca diante desse cen\u00e1rio. A palestra TED de Reid Hoffman nos convida a uma profunda reflex\u00e3o","twitter:image":"https:\/\/i0.wp.com\/corporateacademy.org\/wp-content\/uploads\/2018\/03\/Logo200x200.jpg?fit=200200"},"aioseo_meta_data":{"post_id":"2403","title":null,"description":null,"keywords":null,"keyphrases":null,"focus_keyword":null,"additional_keywords":null,"truseo_locale":null,"primary_term":null,"canonical_url":null,"og_title":null,"og_description":null,"og_object_type":"default","og_image_type":"default","og_image_custom_url":null,"og_image_custom_fields":null,"og_image_url":null,"og_image_width":null,"og_image_height":null,"og_video":null,"og_custom_url":null,"og_article_section":null,"og_article_tags":null,"twitter_use_og":false,"twitter_card":"default","twitter_image_type":"default","twitter_image_custom_url":null,"twitter_image_custom_fields":null,"twitter_image_url":null,"twitter_title":null,"twitter_description":null,"schema_type":"default","schema_type_options":null,"schema":{"blockGraphs":[],"customGraphs":[],"default":{"data":{"Article":[],"Course":[],"Dataset":[],"FAQPage":[],"Movie":[],"Person":[],"Product":[],"ProductReview":[],"Car":[],"Recipe":[],"Service":[],"SoftwareApplication":[],"WebPage":[]},"graphName":"","isEnabled":true},"graphs":[]},"pillar_content":false,"robots_default":true,"robots_noindex":false,"robots_noarchive":false,"robots_nosnippet":false,"robots_nofollow":false,"robots_noimageindex":false,"robots_noodp":false,"robots_notranslate":false,"robots_max_snippet":null,"robots_max_videopreview":null,"robots_max_imagepreview":"large","priority":null,"frequency":null,"local_seo":null,"limit_modified_date":false,"ai":null,"breadcrumb_settings":null,"seo_analyzer_scan_date":null,"created":"2026-09-02 22:13:30","updated":"2026-09-02 22:13:30"},"aioseo_breadcrumb":"<div class=\"aioseo-breadcrumbs\"><span class=\"aioseo-breadcrumb\">\n\t\t\t<a href=\"https:\/\/corporateacademy.org\" title=\"Home\">Home<\/a>\n\t\t<\/span><span class=\"aioseo-breadcrumb-separator\">&raquo;<\/span><span class=\"aioseo-breadcrumb\">\n\t\t\t<a href=\"https:\/\/corporateacademy.org\/index.php\/category\/ambiente-corporativo\/\" title=\"Ambiente corporativo\">Ambiente corporativo<\/a>\n\t\t<\/span><span class=\"aioseo-breadcrumb-separator\">&raquo;<\/span><span class=\"aioseo-breadcrumb\">\n\t\t\tSer\u00e1 que sua Intelig\u00eancia J\u00e1 Tem Dono e Voc\u00ea Nem Sabe?\n\t\t<\/span><\/div>","aioseo_breadcrumb_json":[{"label":"Home","link":"https:\/\/corporateacademy.org"},{"label":"Ambiente corporativo","link":"https:\/\/corporateacademy.org\/index.php\/category\/ambiente-corporativo\/"},{"label":"Ser\u00e1 que sua Intelig\u00eancia J\u00e1 Tem Dono e Voc\u00ea Nem Sabe?","link":"https:\/\/corporateacademy.org\/index.php\/2024\/12\/26\/sera-que-sua-inteligencia-ja-tem-dono-e-voce-nem-sabe\/"}],"jetpack_publicize_connections":[],"jetpack_sharing_enabled":true,"jetpack_shortlink":"https:\/\/wp.me\/p9MYp6-CL","jetpack_likes_enabled":true,"jetpack-related-posts":[{"id":175,"url":"https:\/\/corporateacademy.org\/index.php\/2018\/06\/05\/o-que-e-inteligencia-artificial\/","url_meta":{"origin":2403,"position":0},"title":"O que \u00e9 Intelig\u00eancia Artificial?","author":"Editor","date":"05\/06\/2018","format":false,"excerpt":"Texto: Fernando Neves, Ph.D.\u00a0 \u00a0 \u00a0 \u00a0 Imagem: Gert Altmann (Pixabay) Cidade de Nova Iorque,\u00a0 dia 11 de maio de 1997. O mundo assistia a derrota do campe\u00e3o mundial de xadrez Garry Kasparov para o supercomputador da IBM: O Deep Blue. \u00a0Era um marco no desenvolvimento da chamada intelig\u00eancia artificial.\u2026","rel":"","context":"Em &quot;comportamento&quot;","block_context":{"text":"comportamento","link":"https:\/\/corporateacademy.org\/index.php\/category\/comportamento\/"},"img":{"alt_text":"","src":"https:\/\/i0.wp.com\/corporateacademy.org\/wp-content\/uploads\/2018\/05\/binary-2175285_1920GertAltmann.jpg?fit=1200%2C750&ssl=1&resize=350%2C200","width":350,"height":200,"srcset":"https:\/\/i0.wp.com\/corporateacademy.org\/wp-content\/uploads\/2018\/05\/binary-2175285_1920GertAltmann.jpg?fit=1200%2C750&ssl=1&resize=350%2C200 1x, https:\/\/i0.wp.com\/corporateacademy.org\/wp-content\/uploads\/2018\/05\/binary-2175285_1920GertAltmann.jpg?fit=1200%2C750&ssl=1&resize=525%2C300 1.5x, https:\/\/i0.wp.com\/corporateacademy.org\/wp-content\/uploads\/2018\/05\/binary-2175285_1920GertAltmann.jpg?fit=1200%2C750&ssl=1&resize=700%2C400 2x, https:\/\/i0.wp.com\/corporateacademy.org\/wp-content\/uploads\/2018\/05\/binary-2175285_1920GertAltmann.jpg?fit=1200%2C750&ssl=1&resize=1050%2C600 3x"},"classes":[]},{"id":441,"url":"https:\/\/corporateacademy.org\/index.php\/2019\/02\/20\/inteligencia-artificial-afeta-menos-as-pessoas-criativas\/","url_meta":{"origin":2403,"position":1},"title":"Intelig\u00eancia artificial afeta menos as pessoas criativas","author":"Editor","date":"20\/02\/2019","format":false,"excerpt":"Texto: Fernando Neves, Ph.D. Imagem : Pixabay (RawPixel) A m\u00fasica da sinfonia come\u00e7ava a entrar pelos meus ouvidos de forma suave, mas \u00e0 medida que eu n\u00e3o me movia tentando ainda aproveitar mais alguns minutos do meu sono, acordes dissonantes me impediam de voltar a dormir. A assistente virtual percebia\u2026","rel":"","context":"Em &quot;Ambiente corporativo&quot;","block_context":{"text":"Ambiente corporativo","link":"https:\/\/corporateacademy.org\/index.php\/category\/ambiente-corporativo\/"},"img":{"alt_text":"","src":"https:\/\/i0.wp.com\/corporateacademy.org\/wp-content\/uploads\/2019\/02\/RawPixelPixabay-people-3370833_640.jpg?fit=640%2C400&ssl=1&resize=350%2C200","width":350,"height":200,"srcset":"https:\/\/i0.wp.com\/corporateacademy.org\/wp-content\/uploads\/2019\/02\/RawPixelPixabay-people-3370833_640.jpg?fit=640%2C400&ssl=1&resize=350%2C200 1x, https:\/\/i0.wp.com\/corporateacademy.org\/wp-content\/uploads\/2019\/02\/RawPixelPixabay-people-3370833_640.jpg?fit=640%2C400&ssl=1&resize=525%2C300 1.5x"},"classes":[]},{"id":2312,"url":"https:\/\/corporateacademy.org\/index.php\/2024\/08\/23\/alem-do-qi-navegando-o-complexo-mundo-da-inteligencia-emocional-e-social\/","url_meta":{"origin":2403,"position":2},"title":"Al\u00e9m do QI: Navegando o Complexo Mundo da Intelig\u00eancia Emocional e Social.","author":"Editor","date":"23\/08\/2024","format":false,"excerpt":"Imagine-se em uma reuni\u00e3o de diretoria. O CEO acaba de lan\u00e7ar um desafio complexo. Quem se destacar\u00e1? O executivo brilhante com um QI astron\u00f4mico? A gerente com uma incr\u00edvel capacidade de ler as emo\u00e7\u00f5es da sala? Ou talvez o l\u00edder carism\u00e1tico que sempre sabe exatamente o que dizer e quando\u2026","rel":"","context":"Em &quot;Ambiente corporativo&quot;","block_context":{"text":"Ambiente corporativo","link":"https:\/\/corporateacademy.org\/index.php\/category\/ambiente-corporativo\/"},"img":{"alt_text":"ambiente corporativo","src":"https:\/\/i0.wp.com\/corporateacademy.org\/wp-content\/uploads\/2024\/08\/AdobeStock_268599822-scaled.jpeg?fit=1200%2C450&ssl=1&resize=350%2C200","width":350,"height":200,"srcset":"https:\/\/i0.wp.com\/corporateacademy.org\/wp-content\/uploads\/2024\/08\/AdobeStock_268599822-scaled.jpeg?fit=1200%2C450&ssl=1&resize=350%2C200 1x, https:\/\/i0.wp.com\/corporateacademy.org\/wp-content\/uploads\/2024\/08\/AdobeStock_268599822-scaled.jpeg?fit=1200%2C450&ssl=1&resize=525%2C300 1.5x, https:\/\/i0.wp.com\/corporateacademy.org\/wp-content\/uploads\/2024\/08\/AdobeStock_268599822-scaled.jpeg?fit=1200%2C450&ssl=1&resize=700%2C400 2x, https:\/\/i0.wp.com\/corporateacademy.org\/wp-content\/uploads\/2024\/08\/AdobeStock_268599822-scaled.jpeg?fit=1200%2C450&ssl=1&resize=1050%2C600 3x"},"classes":[]},{"id":2432,"url":"https:\/\/corporateacademy.org\/index.php\/2025\/02\/14\/o-futuro-do-trabalho-como-lideres-podem-navegar-na-fronteira-entre-humanos-e-maquinas-insights-do-forum-economico-mundial\/","url_meta":{"origin":2403,"position":3},"title":"O Futuro do Trabalho: Como L\u00edderes Podem Navegar na Fronteira Entre Humanos e M\u00e1quinas- Insights do F\u00f3rum Econ\u00f4mico Mundial.","author":"Editor","date":"14\/02\/2025","format":false,"excerpt":"Imagine o seguinte cen\u00e1rio: voc\u00ea chega ao trabalho e percebe que metade das tarefas que antes eram executadas por sua equipe agora s\u00e3o gerenciadas por intelig\u00eancia artificial. Os relat\u00f3rios financeiros, a triagem de candidatos para novas contrata\u00e7\u00f5es e at\u00e9 mesmo o atendimento ao cliente passaram a ser conduzidos por algoritmos\u2026","rel":"","context":"Em &quot;Ambiente corporativo&quot;","block_context":{"text":"Ambiente corporativo","link":"https:\/\/corporateacademy.org\/index.php\/category\/ambiente-corporativo\/"},"img":{"alt_text":"Humans and robots at the office","src":"https:\/\/i0.wp.com\/corporateacademy.org\/wp-content\/uploads\/2025\/02\/Human-and-Robots-Office.jpg?fit=1200%2C686&ssl=1&resize=350%2C200","width":350,"height":200,"srcset":"https:\/\/i0.wp.com\/corporateacademy.org\/wp-content\/uploads\/2025\/02\/Human-and-Robots-Office.jpg?fit=1200%2C686&ssl=1&resize=350%2C200 1x, https:\/\/i0.wp.com\/corporateacademy.org\/wp-content\/uploads\/2025\/02\/Human-and-Robots-Office.jpg?fit=1200%2C686&ssl=1&resize=525%2C300 1.5x, https:\/\/i0.wp.com\/corporateacademy.org\/wp-content\/uploads\/2025\/02\/Human-and-Robots-Office.jpg?fit=1200%2C686&ssl=1&resize=700%2C400 2x, https:\/\/i0.wp.com\/corporateacademy.org\/wp-content\/uploads\/2025\/02\/Human-and-Robots-Office.jpg?fit=1200%2C686&ssl=1&resize=1050%2C600 3x"},"classes":[]},{"id":2440,"url":"https:\/\/corporateacademy.org\/index.php\/2025\/02\/21\/o-futuro-dos-empregos-uma-jornada-rumo-ao-desconhecido\/","url_meta":{"origin":2403,"position":4},"title":"O Futuro dos Empregos: Uma Jornada Rumo ao Desconhecido","author":"Editor","date":"21\/02\/2025","format":false,"excerpt":"Era uma manh\u00e3 comum em S\u00e3o Paulo, dessas com tr\u00e2nsito barulhento e o cheiro de caf\u00e9 pairando no ar. Mariana, gerente de RH de uma multinacional, olhava pela janela do escrit\u00f3rio no 15\u00ba andar enquanto tomava sua segunda x\u00edcara do dia. Entre uma liga\u00e7\u00e3o e outra, ela pensava no relat\u00f3rio\u2026","rel":"","context":"Em &quot;Ambiente corporativo&quot;","block_context":{"text":"Ambiente corporativo","link":"https:\/\/corporateacademy.org\/index.php\/category\/ambiente-corporativo\/"},"img":{"alt_text":"Empregos do futuro","src":"https:\/\/i0.wp.com\/corporateacademy.org\/wp-content\/uploads\/2025\/02\/FutureJobsEdit.png?fit=1016%2C732&ssl=1&resize=350%2C200","width":350,"height":200,"srcset":"https:\/\/i0.wp.com\/corporateacademy.org\/wp-content\/uploads\/2025\/02\/FutureJobsEdit.png?fit=1016%2C732&ssl=1&resize=350%2C200 1x, https:\/\/i0.wp.com\/corporateacademy.org\/wp-content\/uploads\/2025\/02\/FutureJobsEdit.png?fit=1016%2C732&ssl=1&resize=525%2C300 1.5x, https:\/\/i0.wp.com\/corporateacademy.org\/wp-content\/uploads\/2025\/02\/FutureJobsEdit.png?fit=1016%2C732&ssl=1&resize=700%2C400 2x"},"classes":[]},{"id":855,"url":"https:\/\/corporateacademy.org\/index.php\/2020\/10\/29\/inteligencia-emocional-competencia-profissional-para-a-quarta-revolucao-industrial\/","url_meta":{"origin":2403,"position":5},"title":"Intelig\u00eancia Emocional: Compet\u00eancia Profissional para a Quarta Revolu\u00e7\u00e3o Industrial","author":"Editor","date":"29\/10\/2020","format":false,"excerpt":"Fernando Neves, Ph.D. Roberto tinha acabado de chegar no escrit\u00f3rio ainda ruminando a discuss\u00e3o que h\u00e1 pouco teve com sua esposa. Os colegas ao lado percebiam que algo n\u00e3o estava bem, mas preferiram ficar cada um na sua. A chefe chega agitada j\u00e1 demonstrando claros sinais de estresse e o\u2026","rel":"","context":"Em &quot;Ambiente corporativo&quot;","block_context":{"text":"Ambiente corporativo","link":"https:\/\/corporateacademy.org\/index.php\/category\/ambiente-corporativo\/"},"img":{"alt_text":"Intelig\u00eancia emocional","src":"https:\/\/i0.wp.com\/corporateacademy.org\/wp-content\/uploads\/2020\/10\/emotional-intelligence-825x510-1.jpg?fit=825%2C510&ssl=1&resize=350%2C200","width":350,"height":200,"srcset":"https:\/\/i0.wp.com\/corporateacademy.org\/wp-content\/uploads\/2020\/10\/emotional-intelligence-825x510-1.jpg?fit=825%2C510&ssl=1&resize=350%2C200 1x, https:\/\/i0.wp.com\/corporateacademy.org\/wp-content\/uploads\/2020\/10\/emotional-intelligence-825x510-1.jpg?fit=825%2C510&ssl=1&resize=525%2C300 1.5x, https:\/\/i0.wp.com\/corporateacademy.org\/wp-content\/uploads\/2020\/10\/emotional-intelligence-825x510-1.jpg?fit=825%2C510&ssl=1&resize=700%2C400 2x"},"classes":[]}],"jetpack_featured_media_url":"https:\/\/i0.wp.com\/corporateacademy.org\/wp-content\/uploads\/2024\/12\/digital-brain-01.png?fit=1019%2C578&ssl=1","_links":{"self":[{"href":"https:\/\/corporateacademy.org\/index.php\/wp-json\/wp\/v2\/posts\/2403","targetHints":{"allow":["GET"]}}],"collection":[{"href":"https:\/\/corporateacademy.org\/index.php\/wp-json\/wp\/v2\/posts"}],"about":[{"href":"https:\/\/corporateacademy.org\/index.php\/wp-json\/wp\/v2\/types\/post"}],"author":[{"embeddable":true,"href":"https:\/\/corporateacademy.org\/index.php\/wp-json\/wp\/v2\/users\/1"}],"replies":[{"embeddable":true,"href":"https:\/\/corporateacademy.org\/index.php\/wp-json\/wp\/v2\/comments?post=2403"}],"version-history":[{"count":4,"href":"https:\/\/corporateacademy.org\/index.php\/wp-json\/wp\/v2\/posts\/2403\/revisions"}],"predecessor-version":[{"id":2468,"href":"https:\/\/corporateacademy.org\/index.php\/wp-json\/wp\/v2\/posts\/2403\/revisions\/2468"}],"wp:featuredmedia":[{"embeddable":true,"href":"https:\/\/corporateacademy.org\/index.php\/wp-json\/wp\/v2\/media\/2406"}],"wp:attachment":[{"href":"https:\/\/corporateacademy.org\/index.php\/wp-json\/wp\/v2\/media?parent=2403"}],"wp:term":[{"taxonomy":"category","embeddable":true,"href":"https:\/\/corporateacademy.org\/index.php\/wp-json\/wp\/v2\/categories?post=2403"},{"taxonomy":"post_tag","embeddable":true,"href":"https:\/\/corporateacademy.org\/index.php\/wp-json\/wp\/v2\/tags?post=2403"}],"curies":[{"name":"wp","href":"https:\/\/api.w.org\/{rel}","templated":true}]}}