{"id":2440,"date":"2025-02-21T13:55:12","date_gmt":"2025-02-21T16:55:12","guid":{"rendered":"https:\/\/corporateacademy.org\/?p=2440"},"modified":"2025-02-21T13:55:32","modified_gmt":"2025-02-21T16:55:32","slug":"o-futuro-dos-empregos-uma-jornada-rumo-ao-desconhecido","status":"publish","type":"post","link":"https:\/\/corporateacademy.org\/index.php\/2025\/02\/21\/o-futuro-dos-empregos-uma-jornada-rumo-ao-desconhecido\/","title":{"rendered":"O Futuro dos Empregos: Uma Jornada Rumo ao Desconhecido"},"content":{"rendered":"\n<p class=\"has-drop-cap wp-block-paragraph\">Era uma manh\u00e3 comum em S\u00e3o Paulo, dessas com tr\u00e2nsito barulhento e o cheiro de caf\u00e9 pairando no ar. Mariana, gerente de RH de uma multinacional, olhava pela janela do escrit\u00f3rio no 15\u00ba andar enquanto tomava sua segunda x\u00edcara do dia. Entre uma liga\u00e7\u00e3o e outra, ela pensava no relat\u00f3rio que tinha acabado de receber: o <em><a href=\"https:\/\/reports.weforum.org\/docs\/WEF_Future_of_Jobs_Report_2025.pdf\" target=\"_blank\" rel=\"noreferrer noopener\">Future of Jobs Report 2025<\/a><\/em>, do F\u00f3rum Econ\u00f4mico Mundial. O documento, cheio de gr\u00e1ficos e previs\u00f5es, n\u00e3o era apenas mais um papel na pilha \u2013 era um mapa do que estava por vir. E, pela primeira vez em anos, ela sentiu um frio na barriga. &#8220;Como preparar minha equipe pra isso?&#8221;, pensava. &#8220;E eu, ser\u00e1 que vou conseguir acompanhar?&#8221;<\/p>\n\n\n\n<p class=\"wp-block-paragraph\">A hist\u00f3ria de Mariana pode ser a de muitos de n\u00f3s no mundo corporativo brasileiro. O mercado de trabalho est\u00e1 mudando r\u00e1pido \u2013 mais r\u00e1pido do que nunca, dizem os especialistas. Novas tecnologias, como intelig\u00eancia artificial e automa\u00e7\u00e3o, est\u00e3o redesenhando o que significa &#8220;trabalhar&#8221;. Mas n\u00e3o \u00e9 s\u00f3 isso: quest\u00f5es econ\u00f4micas, ambientais e at\u00e9 demogr\u00e1ficas est\u00e3o mexendo no tabuleiro. Neste post, vamos mergulhar fundo nessas transforma\u00e7\u00f5es, trazendo dados do relat\u00f3rio de 2025 e reflex\u00f5es pr\u00e1ticas para quem, como Mariana, quer entender o futuro dos empregos e se preparar para ele. Vamos l\u00e1?<\/p>\n\n\n\n<hr class=\"wp-block-separator has-alpha-channel-opacity\"\/>\n\n\n\n<h3 class=\"wp-block-heading\">O Cen\u00e1rio Atual: Um Mundo em Transi\u00e7\u00e3o<\/h3>\n\n\n\n<p class=\"wp-block-paragraph\">Antes de falar do futuro, vale dar um passo atr\u00e1s e olhar onde estamos. Em 2025, o mercado de trabalho global vive uma esp\u00e9cie de calmaria tensa. Segundo o <em>Future of Jobs Report<\/em>, a taxa de desemprego mundial est\u00e1 em 4,9%, a menor desde 1991. Parece uma boa not\u00edcia, certo? Mas nem tudo \u00e9 t\u00e3o simples. Enquanto pa\u00edses de renda m\u00e9dia veem o desemprego cair, as na\u00e7\u00f5es mais pobres registram alta \u2013 de 5,1% em 2022 para 5,3% em 2024. Aqui no Brasil,  sabemos bem como essa desigualdade se mostra: tem lugar com oferta de vaga sobrando e outros onde as pessoas ainda t\u00eam dificuldade pra encontrar emprego.<\/p>\n\n\n\n<p class=\"wp-block-paragraph\">Outro ponto que chama aten\u00e7\u00e3o \u00e9 a participa\u00e7\u00e3o feminina. Globalmente, o desemprego entre mulheres (5,2%) ainda \u00e9 maior que entre homens (4,8%). Nos pa\u00edses de renda m\u00e9dia-baixa, como o nosso, essa diferen\u00e7a \u00e9 ainda mais gritante. E os jovens? Bom, a taxa de desemprego juvenil est\u00e1 em 13%, e o \u00edndice de &#8220;nem-nem&#8221; (aqueles que n\u00e3o estudam nem trabalham) varia muito: 10,1% em pa\u00edses ricos, mas 27,6% nas na\u00e7\u00f5es mais pobres. Esses n\u00fameros mostram que o desafio n\u00e3o \u00e9 s\u00f3 criar empregos, mas garantir que eles cheguem a todos.<\/p>\n\n\n\n<p class=\"wp-block-paragraph\">Agora, o que est\u00e1 mexendo com esse cen\u00e1rio? O relat\u00f3rio aponta cinco grandes for\u00e7as: tecnologia, transi\u00e7\u00e3o verde, fragmenta\u00e7\u00e3o geoecon\u00f4mica, incerteza econ\u00f4mica e mudan\u00e7as demogr\u00e1ficas. Vamos destrinchar cada uma delas e ver como elas impactam o mundo corporativo \u2013 e o que voc\u00ea, que est\u00e1 a\u00ed na correria do dia a dia, pode fazer pra surfar essa onda.<\/p>\n\n\n\n<hr class=\"wp-block-separator has-alpha-channel-opacity\"\/>\n\n\n\n<h3 class=\"wp-block-heading\">1. Tecnologia: O Motor da Mudan\u00e7a<\/h3>\n\n\n\n<p class=\"wp-block-paragraph\">Se tem uma coisa que n\u00e3o d\u00e1 pra ignorar, \u00e9 a tecnologia. Ela \u00e9 o cora\u00e7\u00e3o dessa transforma\u00e7\u00e3o toda. O relat\u00f3rio diz que 60% dos empregadores acreditam que o acesso amplo \u00e0 digitaliza\u00e7\u00e3o vai revolucionar seus neg\u00f3cios at\u00e9 2030. E n\u00e3o \u00e9 s\u00f3 papo de futurista: avan\u00e7os em intelig\u00eancia artificial (IA), rob\u00f3tica e automa\u00e7\u00e3o est\u00e3o na lista das tend\u00eancias mais transformadoras, com 86% das empresas apostando em IA e 58% em rob\u00f4s.<\/p>\n\n\n\n<blockquote class=\"wp-block-quote is-layout-flow wp-block-quote-is-layout-flow\">\n<p class=\"wp-block-paragraph\">86% das empresas apostam em IA e 58% delas em rob\u00f4s<\/p>\n<\/blockquote>\n\n\n\n<p class=\"wp-block-paragraph\">No Brasil, a gente j\u00e1 v\u00ea isso acontecendo. Pense nas fintechs que t\u00e3o pipocando por a\u00ed, como Nubank e PicPay, ou nas ind\u00fastrias que est\u00e3o trocando linhas de produ\u00e7\u00e3o manuais por m\u00e1quinas inteligentes. Isso cria empregos novos \u2013 tipo especialistas em big data e desenvolvedores de software \u2013, mas tamb\u00e9m faz outros desaparecerem. Sabe aquele trabalho de digitador ou caixa de banco? Pois \u00e9, o relat\u00f3rio prev\u00ea que fun\u00e7\u00f5es como essas (os chamados &#8220;clerical workers&#8221;) v\u00e3o encolher bastante at\u00e9 2030. Globalmente, a estimativa \u00e9 que 92 milh\u00f5es de empregos sejam substitu\u00eddos por automa\u00e7\u00e3o.<\/p>\n\n\n\n<p class=\"wp-block-paragraph\">Por outro lado, a tecnologia tamb\u00e9m \u00e9 uma mina de ouro. O relat\u00f3rio lista profiss\u00f5es como engenheiros de fintech, especialistas em IA e at\u00e9 t\u00e9cnicos em ve\u00edculos aut\u00f4nomos como as que mais v\u00e3o crescer em termos percentuais. Aqui no Brasil, onde o setor de TI j\u00e1 emprega mais de dois milh\u00f5es de pessoas (segundo a Brasscom), o que gera muita oportunidade. Mas tem um por\u00e9m: pra aproveitar, as empresas precisam de profissionais qualificados. E \u00e9 a\u00ed que entra o pr\u00f3ximo t\u00f3pico.<\/p>\n\n\n\n<hr class=\"wp-block-separator has-alpha-channel-opacity\"\/>\n\n\n\n<h3 class=\"wp-block-heading\">2. Habilidades em Foco: O Que Vai Fazer Diferen\u00e7a?<\/h3>\n\n\n\n<p class=\"wp-block-paragraph\">Com tanta mudan\u00e7a, o que voc\u00ea acha que as empresas v\u00e3o querer dos seus times? O relat\u00f3rio \u00e9 claro: as habilidades do futuro s\u00e3o uma mistura de tecnologia e &#8220;soft skills&#8221;. Em 2025, o pensamento anal\u00edtico continua sendo o rei \u2013 70% dos empregadores dizem que \u00e9 essencial. Mas logo atr\u00e1s v\u00eam resili\u00eancia, flexibilidade e agilidade, al\u00e9m de lideran\u00e7a e influ\u00eancia social. Isso faz sentido, certo? Em um mundo que muda a todo instante, quem sabe se adaptar e liderar leva vantagem.<\/p>\n\n\n\n<p class=\"wp-block-paragraph\">As habilidades t\u00e9cnicas que mais crescem? IA e big data, redes e ciberseguran\u00e7a, e alfabetiza\u00e7\u00e3o tecnol\u00f3gica. Ou seja, se voc\u00ea quer se dar bem, aprender a analisar dados ou entender como proteger sistemas digitais \u00e9 um caminho promissor. Mas n\u00e3o para por a\u00ed: criatividade, curiosidade e vontade de aprender ao longo da vida tamb\u00e9m est\u00e3o em alta. Por outro lado, habilidades manuais, como destreza e resist\u00eancia f\u00edsica, est\u00e3o perdendo espa\u00e7o \u2013 24% das empresas dizem que elas v\u00e3o importar menos.<\/p>\n\n\n\n<p class=\"wp-block-paragraph\">No Brasil, isso \u00e9 um alerta. O pa\u00eds tem um grande gap de qualifica\u00e7\u00e3o. Segundo o relat\u00f3rio, 59% da for\u00e7a de trabalho global vai precisar de algum tipo de treinamento at\u00e9 2030. Aqui, isso pode ser ainda mais urgente, porque nosso sistema educacional nem sempre acompanha o ritmo do mercado. Empresas que est\u00e3o pensando no futuro, v\u00e3o ter que investir pesado em upskilling (atualizar habilidades) e reskilling (treinar pra novas fun\u00e7\u00f5es). O bom \u00e9 que 85% dos empregadores entrevistados j\u00e1 planejam isso. E voc\u00ea, j\u00e1 est\u00e1 pensando no pr\u00f3ximo curso para o seu time?<\/p>\n\n\n\n<hr class=\"wp-block-separator has-alpha-channel-opacity\"\/>\n\n\n\n<h3 class=\"wp-block-heading\">3. Transi\u00e7\u00e3o Verde: Empregos com Prop\u00f3sito<\/h3>\n\n\n\n<p class=\"wp-block-paragraph\">Outra onda forte \u00e9 a transi\u00e7\u00e3o verde. Mitigar as mudan\u00e7as clim\u00e1ticas \u00e9 a terceira tend\u00eancia mais transformadora, com 47% das empresas dizendo que isso vai mudar seus neg\u00f3cios at\u00e9 2030. No Brasil, que tem um potencial enorme em energias renov\u00e1veis, isso abre portas incr\u00edveis. Profiss\u00f5es como engenheiros de energia renov\u00e1vel e especialistas em ve\u00edculos el\u00e9tricos est\u00e3o entre as 15 que mais crescem no mundo.<\/p>\n\n\n\n<p class=\"wp-block-paragraph\">O relat\u00f3rio tamb\u00e9m destaca que a &#8220;gest\u00e3o ambiental&#8221; entrou pela primeira vez no top 10 das habilidades em alta. Isso mostra que as empresas n\u00e3o querem s\u00f3 lucrar \u2013 elas t\u00e3o de olho na sustentabilidade. Aqui,  j\u00e1 vemos exemplos como a Suzano e Klabin, que trabalham com papel e celulose de forma sustent\u00e1vel, ou a Natura, que alinha neg\u00f3cios com o meio ambiente. Pra voc\u00ea, que t\u00e1 no mundo corporativo, fica a dica: projetos &#8220;verdes&#8221; podem ser um diferencial pra atrair talentos e clientes.<\/p>\n\n\n\n<hr class=\"wp-block-separator has-alpha-channel-opacity\"\/>\n\n\n\n<h3 class=\"wp-block-heading\">4. Economia e Geopol\u00edtica: O Jogo das Incertezas<\/h3>\n\n\n\n<p class=\"wp-block-paragraph\">A economia tamb\u00e9m est\u00e1 mexendo com os empregos. O custo de vida alto \u00e9 a segunda maior preocupa\u00e7\u00e3o dos empregadores (50% acham que vai impactar os neg\u00f3cios), mesmo com a infla\u00e7\u00e3o global caindo pra 3,5% em 2025. No Brasil, onde o pre\u00e7o do feij\u00e3o e da gasolina ainda pesa no bolso, isso reflete na press\u00e3o por sal\u00e1rios maiores \u2013 52% das empresas planejam aumentar a fatia da receita destinada a sal\u00e1rios at\u00e9 2030.<\/p>\n\n\n\n<p class=\"wp-block-paragraph\">J\u00e1 a fragmenta\u00e7\u00e3o geoecon\u00f4mica (basicamente, o mundo se dividindo em blocos comerciais) afeta 34% das empresas. Restri\u00e7\u00f5es ao com\u00e9rcio e tens\u00f5es entre pot\u00eancias como EUA e China podem fazer companhias brasileiras repensarem cadeias de suprimento. Algumas v\u00e3o trazer opera\u00e7\u00f5es de volta (reshoring), outras v\u00e3o terceirizar mais (offshoring). Isso cria demanda por fun\u00e7\u00f5es de seguran\u00e7a e ciberseguran\u00e7a \u2013 mais um sinal de que tecnologia \u00e9 o nome do jogo.<\/p>\n\n\n\n<hr class=\"wp-block-separator has-alpha-channel-opacity\"\/>\n\n\n\n<h3 class=\"wp-block-heading\">5. Demografia: O Fator Humano<\/h3>\n\n\n\n<p class=\"wp-block-paragraph\">Por fim, as mudan\u00e7as demogr\u00e1ficas. No Brasil, a popula\u00e7\u00e3o em idade de trabalhar ainda vai crescer por alguns anos, diferente de pa\u00edses ricos onde ela est\u00e1 encolhendo. Isso traz oportunidades, como mais professores e profissionais de sa\u00fade (ambos na lista de empregos em alta), mas tamb\u00e9m desafios. Com mais pessoas querendo emprego, as empresas precisam criar mais vagas.<\/p>\n\n\n\n<p class=\"wp-block-paragraph\">O relat\u00f3rio prev\u00ea que habilidades como gest\u00e3o de talentos e mentoria ir\u00e3o crescer, porque formar gente nova ser\u00e1 essencial. Se sua empresa ainda n\u00e3o possui um programa de est\u00e1gio ou trainee estruturado, pode ser a hora de pensar nisso.<\/p>\n\n\n\n<hr class=\"wp-block-separator has-alpha-channel-opacity\"\/>\n\n\n\n<blockquote class=\"wp-block-quote is-layout-flow wp-block-quote-is-layout-flow\">\n<p class=\"wp-block-paragraph\">22% dos empregos atuais v\u00e3o passar por alguma transforma\u00e7\u00e3o. Isso significa 170 milh\u00f5es de novas vagas (14% do total de hoje) e 92 milh\u00f5es de perdas (8%).<\/p>\n<\/blockquote>\n\n\n\n<h3 class=\"wp-block-heading\">O Saldo Final: Cria\u00e7\u00e3o e Perda de Empregos<\/h3>\n\n\n\n<p class=\"wp-block-paragraph\">E a\u00ed, qual o saldo disso tudo? Segundo o relat\u00f3rio, at\u00e9 2030, 22% dos empregos atuais v\u00e3o passar por alguma transforma\u00e7\u00e3o. Isso significa 170 milh\u00f5es de novas vagas (14% do total de hoje) e 92 milh\u00f5es de perdas (8%), resultando em um crescimento l\u00edquido de 78 milh\u00f5es de empregos. No Brasil, fun\u00e7\u00f5es operacionais como entregadores e trabalhadores da constru\u00e7\u00e3o devem crescer em quantidade de postos, enquanto o setor de tecnologia cresce ainda mais r\u00e1pido em pontos percentuais.<\/p>\n\n\n\n<p class=\"wp-block-paragraph\">Mas tem um detalhe: pra aproveitar esse crescimento, as empresas precisam fechar o gap de habilidades. O relat\u00f3rio diz que 63% dos empregadores veem isso como o maior obst\u00e1culo pra transforma\u00e7\u00e3o. Ou seja, n\u00e3o adianta s\u00f3 criar vaga \u2013 tem que ter gente pronta pra ocup\u00e1-la.<\/p>\n\n\n\n<hr class=\"wp-block-separator has-alpha-channel-opacity\"\/>\n\n\n\n<blockquote class=\"wp-block-quote is-layout-flow wp-block-quote-is-layout-flow\">\n<p class=\"wp-block-paragraph\"> Seja intelig\u00eancia artificial, automa\u00e7\u00e3o ou ciberseguran\u00e7a, essas \u00e1reas est\u00e3o demandando profissionais qualificados.<\/p>\n<\/blockquote>\n\n\n\n<h3 class=\"wp-block-heading\">O Que Fazer Agora? Dicas Pr\u00e1ticas <\/h3>\n\n\n\n<p class=\"wp-block-paragraph\">Ent\u00e3o, como  se preparar pra esse futuro? Aqui v\u00e3o algumas ideias, com base no relat\u00f3rio:<\/p>\n\n\n\n<ol class=\"wp-block-list\">\n<li><strong>Invista em Treinamento:<\/strong> 85% das empresas globais est\u00e3o priorizando upskilling. Que tal montar um plano de cursos pra sua equipe? Pode ser algo simples, como workshops de IA, ou mais robusto, como parcerias com plataformas tipo Coursera (que, ali\u00e1s, colabora com o relat\u00f3rio).<\/li>\n\n\n\n<li><strong>Foco no Bem-Estar:<\/strong> 64% dos empregadores dizem que apoiar a sa\u00fade e o bem-estar dos funcion\u00e1rios \u00e9 chave pra atrair talentos. Aqui no Brasil, onde o burnout j\u00e1 est\u00e1 virando epidemia, oferecer flexibilidade ou programas de apoio psicol\u00f3gico pode fazer diferen\u00e7a.<\/li>\n\n\n\n<li><strong>Diversidade na Mira:<\/strong> 83% das empresas t\u00eam iniciativas de diversidade e inclus\u00e3o, contra 67% em 2023. Abrir portas pra grupos diversos n\u00e3o \u00e9 s\u00f3 bonito no papel \u2013 \u00e9 estrat\u00e9gico pra encontrar os melhores profissionais.<\/li>\n\n\n\n<li><strong>Olho na Sustentabilidade:<\/strong> Projetos verdes v\u00e3o al\u00e9m de uma mera tend\u00eancia passageira. Eles atraem clientes e talentos, al\u00e9m de preparar sua empresa para as regula\u00e7\u00f5es que est\u00e3o por vir.<\/li>\n\n\n\n<li><strong>Aposte em Tecnologia:<\/strong> Seja intelig\u00eancia artificial, automa\u00e7\u00e3o ou ciberseguran\u00e7a, essas \u00e1reas est\u00e3o demandando profissionais qualificados. Mesmo que sua empresa n\u00e3o atue diretamente no setor de tecnologia, contar com uma equipe que domine os conceitos b\u00e1sicos j\u00e1 representa uma vantagem competitiva.<\/li>\n<\/ol>\n\n\n\n<hr class=\"wp-block-separator has-alpha-channel-opacity\"\/>\n\n\n\n<h3 class=\"wp-block-heading\">O Futuro \u00e9 Agora<\/h3>\n\n\n\n<p class=\"wp-block-paragraph\">Voltando \u00e0 Mariana, nossa gerente de RH fict\u00edcia, ela terminou o caf\u00e9 e decidiu agir. Marcou uma reuni\u00e3o com o time pra discutir o relat\u00f3rio, planejar treinamentos e repensar processos. Ela sabe que o futuro n\u00e3o espera \u2013 e, no fundo, t\u00e1 animada com as possibilidades.<\/p>\n\n\n\n<p class=\"wp-block-paragraph\">O <em>Future of Jobs Report 2025<\/em> n\u00e3o \u00e9 s\u00f3 um aviso; \u00e9 um convite. As mudan\u00e7as t\u00e3o vindo, com tecnologia liderando o caminho, mas trazendo junto oportunidades pra quem souber se adaptar. No mundo corporativo brasileiro, isso significa equilibrar o formal com o jeitinho, o planejamento com a criatividade. Ent\u00e3o, vamos arrega\u00e7ar as mangas? O futuro dos empregos j\u00e1 est\u00e1 batendo na porta \u2013 \u00e9 melhor agir r\u00e1pido para n\u00e3o ser levado pela correnteza.<\/p>\n\n\n\n<h2 class=\"wp-block-heading\">Refer\u00eancias<\/h2>\n\n\n\n<p class=\"wp-block-paragraph\"><a href=\"https:\/\/reports.weforum.org\/docs\/WEF_Future_of_Jobs_Report_2025.pdf\" target=\"_blank\" rel=\"noreferrer noopener\">Future of Jobs Report- 2025 &#8211; World Economic Forum<\/a><\/p>\n\n\n\n<p class=\"wp-block-paragraph\"><a href=\"https:\/\/brasscom.org.br\/pdfs\/relatorio-setorial-2023-macrossetor-de-tic\/\" target=\"_blank\" rel=\"noreferrer noopener\">Relat\u00f3rio Setorial 2023 Macrossetor de TIC<\/a><\/p>\n\n\n\n<p class=\"wp-block-paragraph\"><a href=\"https:\/\/amzn.to\/4k2qZrU\" target=\"_blank\" rel=\"noreferrer noopener\">A Breve Hist\u00f3ria do F\u00f3rum Econ\u00f4mico Mundial com Klaus Schwab, Agenda 2030, A Grande Restaura\u00e7\u00e3o, Cr\u00edticas e Controv\u00e9rsias<\/a><\/p>\n\n\n\n<p class=\"wp-block-paragraph\"><a href=\"https:\/\/amzn.to\/4bdqlnr\" target=\"_blank\" rel=\"noreferrer noopener\">IA generativa para dummies<\/a>\u00a0<\/p>\n\n\n\n<p class=\"wp-block-paragraph\"><\/p>\n","protected":false},"excerpt":{"rendered":"<p>Era uma manh\u00e3 comum em S\u00e3o Paulo, dessas com tr\u00e2nsito barulhento e o cheiro de caf\u00e9 pairando no ar. Mariana, gerente de RH de uma multinacional, olhava pela janela do escrit\u00f3rio no 15\u00ba andar enquanto tomava sua segunda x\u00edcara do dia. Entre uma liga\u00e7\u00e3o e outra, ela pensava no relat\u00f3rio que tinha acabado de receber: &hellip; <a href=\"https:\/\/corporateacademy.org\/index.php\/2025\/02\/21\/o-futuro-dos-empregos-uma-jornada-rumo-ao-desconhecido\/\" class=\"more-link\">Continuar lendo <span class=\"screen-reader-text\">O Futuro dos Empregos: Uma Jornada Rumo ao Desconhecido<\/span><\/a><\/p>\n","protected":false},"author":1,"featured_media":2455,"comment_status":"open","ping_status":"open","sticky":false,"template":"","format":"standard","meta":{"_jetpack_newsletter_access":"","_jetpack_dont_email_post_to_subs":false,"_jetpack_newsletter_tier_id":0,"_jetpack_memberships_contains_paywalled_content":false,"_jetpack_feature_clip_id":0,"_jetpack_memberships_contains_paid_content":false,"footnotes":"","jetpack_publicize_message":"","jetpack_publicize_feature_enabled":true,"jetpack_social_post_already_shared":true,"jetpack_social_options":{"image_generator_settings":{"template":"highway","default_image_id":0,"font":"","enabled":false},"version":2},"jetpack_post_was_ever_published":false},"categories":[19,64],"tags":[731,724,733,737,570,734,735,725,236,135,728,61,62,732,738,727,736,726,245,284,729,730],"class_list":["post-2440","post","type-post","status-publish","format-standard","has-post-thumbnail","hentry","category-ambiente-corporativo","category-inteligencia-artificial","tag-automacao","tag-ciberseguranca","tag-custo-de-vida","tag-demografia","tag-diversidade-e-inclusao","tag-economia","tag-empregos-operacionais","tag-futuro-dos-empregos","tag-habilidades-do-futuro","tag-inovacao","tag-inteligencia-artificial-2","tag-lider","tag-lideranca","tag-mercado-de-trabalho","tag-preparacao-corporativa","tag-reskilling","tag-setor-de-ti","tag-sustentabilidade","tag-tecnologia","tag-transformacao-digital","tag-transicao-verde","tag-upskilling"],"aioseo_notices":[],"aioseo_head":"\n\t\t<!-- All in One SEO 5.0.1.1 - aioseo.com -->\n\t<meta name=\"description\" content=\"Era uma manh\u00e3 comum em S\u00e3o Paulo, dessas com tr\u00e2nsito barulhento e o cheiro de caf\u00e9 pairando no ar. Mariana, gerente de RH de uma multinacional, olhava pela janela do escrit\u00f3rio no 15\u00ba andar enquanto tomava sua segunda x\u00edcara do dia. Entre uma liga\u00e7\u00e3o e outra, ela pensava no relat\u00f3rio que tinha acabado de receber:\" \/>\n\t<meta name=\"robots\" content=\"max-image-preview:large\" \/>\n\t<meta name=\"author\" content=\"Editor\"\/>\n\t<link rel=\"canonical\" href=\"https:\/\/corporateacademy.org\/index.php\/2025\/02\/21\/o-futuro-dos-empregos-uma-jornada-rumo-ao-desconhecido\/\" \/>\n\t<meta name=\"generator\" content=\"All in One SEO (AIOSEO) 5.0.1.1\" \/>\n\t\t<meta property=\"og:locale\" content=\"pt_BR\" \/>\n\t\t<meta property=\"og:site_name\" content=\"Corporate Academy - Compartilhando Conhecimento\" \/>\n\t\t<meta property=\"og:type\" content=\"article\" \/>\n\t\t<meta property=\"og:title\" content=\"O Futuro dos Empregos: Uma Jornada Rumo ao Desconhecido - Corporate Academy\" \/>\n\t\t<meta property=\"og:description\" content=\"Era uma manh\u00e3 comum em S\u00e3o Paulo, dessas com tr\u00e2nsito barulhento e o cheiro de caf\u00e9 pairando no ar. Mariana, gerente de RH de uma multinacional, olhava pela janela do escrit\u00f3rio no 15\u00ba andar enquanto tomava sua segunda x\u00edcara do dia. Entre uma liga\u00e7\u00e3o e outra, ela pensava no relat\u00f3rio que tinha acabado de receber:\" \/>\n\t\t<meta property=\"og:url\" content=\"https:\/\/corporateacademy.org\/index.php\/2025\/02\/21\/o-futuro-dos-empregos-uma-jornada-rumo-ao-desconhecido\/\" \/>\n\t\t<meta property=\"og:image\" content=\"https:\/\/i0.wp.com\/corporateacademy.org\/wp-content\/uploads\/2018\/03\/Logo200x200.jpg?fit=200200\" \/>\n\t\t<meta property=\"og:image:secure_url\" content=\"https:\/\/i0.wp.com\/corporateacademy.org\/wp-content\/uploads\/2018\/03\/Logo200x200.jpg?fit=200200\" \/>\n\t\t<meta property=\"article:published_time\" content=\"2025-02-21T16:55:12+00:00\" \/>\n\t\t<meta property=\"article:modified_time\" content=\"2025-02-21T16:55:32+00:00\" \/>\n\t\t<meta name=\"twitter:card\" content=\"summary_large_image\" \/>\n\t\t<meta name=\"twitter:title\" content=\"O Futuro dos Empregos: Uma Jornada Rumo ao Desconhecido - Corporate Academy\" \/>\n\t\t<meta name=\"twitter:description\" content=\"Era uma manh\u00e3 comum em S\u00e3o Paulo, dessas com tr\u00e2nsito barulhento e o cheiro de caf\u00e9 pairando no ar. Mariana, gerente de RH de uma multinacional, olhava pela janela do escrit\u00f3rio no 15\u00ba andar enquanto tomava sua segunda x\u00edcara do dia. Entre uma liga\u00e7\u00e3o e outra, ela pensava no relat\u00f3rio que tinha acabado de receber:\" \/>\n\t\t<meta name=\"twitter:image\" content=\"https:\/\/i0.wp.com\/corporateacademy.org\/wp-content\/uploads\/2018\/03\/Logo200x200.jpg?fit=200200\" \/>\n\t\t<script type=\"application\/ld+json\" class=\"aioseo-schema\">\n\t\t\t{\"@context\":\"https:\\\/\\\/schema.org\",\"@graph\":[{\"@type\":\"BlogPosting\",\"@id\":\"https:\\\/\\\/corporateacademy.org\\\/index.php\\\/2025\\\/02\\\/21\\\/o-futuro-dos-empregos-uma-jornada-rumo-ao-desconhecido\\\/#blogposting\",\"name\":\"O Futuro dos Empregos: Uma Jornada Rumo ao Desconhecido - Corporate Academy\",\"headline\":\"O Futuro dos Empregos: Uma Jornada Rumo ao Desconhecido\",\"author\":{\"@id\":\"https:\\\/\\\/corporateacademy.org\\\/index.php\\\/author\\\/nevesf\\\/#author\"},\"publisher\":{\"@id\":\"https:\\\/\\\/corporateacademy.org\\\/#organization\"},\"image\":{\"@type\":\"ImageObject\",\"url\":\"https:\\\/\\\/i0.wp.com\\\/corporateacademy.org\\\/wp-content\\\/uploads\\\/2025\\\/02\\\/FutureJobsEdit.png?fit=1016%2C732&ssl=1\",\"width\":1016,\"height\":732,\"caption\":\"Empregos do futuro\"},\"datePublished\":\"2025-02-21T13:55:12-03:00\",\"dateModified\":\"2025-02-21T13:55:32-03:00\",\"inLanguage\":\"pt-BR\",\"mainEntityOfPage\":{\"@id\":\"https:\\\/\\\/corporateacademy.org\\\/index.php\\\/2025\\\/02\\\/21\\\/o-futuro-dos-empregos-uma-jornada-rumo-ao-desconhecido\\\/#webpage\"},\"isPartOf\":{\"@id\":\"https:\\\/\\\/corporateacademy.org\\\/index.php\\\/2025\\\/02\\\/21\\\/o-futuro-dos-empregos-uma-jornada-rumo-ao-desconhecido\\\/#webpage\"},\"articleSection\":\"Ambiente corporativo, Intelig\\u00eancia Artificial, automa\\u00e7\\u00e3o, ciberseguran\\u00e7a, custo de vida, demografia, Diversidade e Inclus\\u00e3o, economia, empregos operacionais, futuro dos empregos, habilidades do futuro, inova\\u00e7\\u00e3o, intelig\\u00eancia artificial, l\\u00edder, lideran\\u00e7a, mercado de trabalho, prepara\\u00e7\\u00e3o corporativa, reskilling, setor de TI, sustentabilidade, tecnologia, transforma\\u00e7\\u00e3o digital, transi\\u00e7\\u00e3o verde, upskilling\"},{\"@type\":\"BreadcrumbList\",\"@id\":\"https:\\\/\\\/corporateacademy.org\\\/index.php\\\/2025\\\/02\\\/21\\\/o-futuro-dos-empregos-uma-jornada-rumo-ao-desconhecido\\\/#breadcrumblist\",\"itemListElement\":[{\"@type\":\"ListItem\",\"@id\":\"https:\\\/\\\/corporateacademy.org#listItem\",\"position\":1,\"name\":\"Home\",\"item\":\"https:\\\/\\\/corporateacademy.org\",\"nextItem\":{\"@type\":\"ListItem\",\"@id\":\"https:\\\/\\\/corporateacademy.org\\\/index.php\\\/category\\\/ambiente-corporativo\\\/#listItem\",\"name\":\"Ambiente corporativo\"}},{\"@type\":\"ListItem\",\"@id\":\"https:\\\/\\\/corporateacademy.org\\\/index.php\\\/category\\\/ambiente-corporativo\\\/#listItem\",\"position\":2,\"name\":\"Ambiente corporativo\",\"item\":\"https:\\\/\\\/corporateacademy.org\\\/index.php\\\/category\\\/ambiente-corporativo\\\/\",\"nextItem\":{\"@type\":\"ListItem\",\"@id\":\"https:\\\/\\\/corporateacademy.org\\\/index.php\\\/2025\\\/02\\\/21\\\/o-futuro-dos-empregos-uma-jornada-rumo-ao-desconhecido\\\/#listItem\",\"name\":\"O Futuro dos Empregos: Uma Jornada Rumo ao Desconhecido\"},\"previousItem\":{\"@type\":\"ListItem\",\"@id\":\"https:\\\/\\\/corporateacademy.org#listItem\",\"name\":\"Home\"}},{\"@type\":\"ListItem\",\"@id\":\"https:\\\/\\\/corporateacademy.org\\\/index.php\\\/2025\\\/02\\\/21\\\/o-futuro-dos-empregos-uma-jornada-rumo-ao-desconhecido\\\/#listItem\",\"position\":3,\"name\":\"O Futuro dos Empregos: Uma Jornada Rumo ao Desconhecido\",\"previousItem\":{\"@type\":\"ListItem\",\"@id\":\"https:\\\/\\\/corporateacademy.org\\\/index.php\\\/category\\\/ambiente-corporativo\\\/#listItem\",\"name\":\"Ambiente corporativo\"}}]},{\"@type\":\"Organization\",\"@id\":\"https:\\\/\\\/corporateacademy.org\\\/#organization\",\"name\":\"Corporate Academy\",\"description\":\"Compartilhando Conhecimento\",\"url\":\"https:\\\/\\\/corporateacademy.org\\\/\",\"logo\":{\"@type\":\"ImageObject\",\"url\":\"https:\\\/\\\/i0.wp.com\\\/corporateacademy.org\\\/wp-content\\\/uploads\\\/2018\\\/03\\\/Logo200x200.jpg?fit=200%2C200&ssl=1\",\"@id\":\"https:\\\/\\\/corporateacademy.org\\\/index.php\\\/2025\\\/02\\\/21\\\/o-futuro-dos-empregos-uma-jornada-rumo-ao-desconhecido\\\/#organizationLogo\",\"width\":200,\"height\":200},\"image\":{\"@id\":\"https:\\\/\\\/corporateacademy.org\\\/index.php\\\/2025\\\/02\\\/21\\\/o-futuro-dos-empregos-uma-jornada-rumo-ao-desconhecido\\\/#organizationLogo\"}},{\"@type\":\"Person\",\"@id\":\"https:\\\/\\\/corporateacademy.org\\\/index.php\\\/author\\\/nevesf\\\/#author\",\"url\":\"https:\\\/\\\/corporateacademy.org\\\/index.php\\\/author\\\/nevesf\\\/\",\"name\":\"Editor\",\"image\":{\"@type\":\"ImageObject\",\"@id\":\"https:\\\/\\\/corporateacademy.org\\\/index.php\\\/2025\\\/02\\\/21\\\/o-futuro-dos-empregos-uma-jornada-rumo-ao-desconhecido\\\/#authorImage\",\"url\":\"https:\\\/\\\/secure.gravatar.com\\\/avatar\\\/40a180061deabb68d04bd9f812bde2b372b5d57984baf7dd947ee866377d90fb?s=96&d=blank&r=g\",\"width\":96,\"height\":96,\"caption\":\"Editor\"}},{\"@type\":\"WebPage\",\"@id\":\"https:\\\/\\\/corporateacademy.org\\\/index.php\\\/2025\\\/02\\\/21\\\/o-futuro-dos-empregos-uma-jornada-rumo-ao-desconhecido\\\/#webpage\",\"url\":\"https:\\\/\\\/corporateacademy.org\\\/index.php\\\/2025\\\/02\\\/21\\\/o-futuro-dos-empregos-uma-jornada-rumo-ao-desconhecido\\\/\",\"name\":\"O Futuro dos Empregos: Uma Jornada Rumo ao Desconhecido - Corporate Academy\",\"description\":\"Era uma manh\\u00e3 comum em S\\u00e3o Paulo, dessas com tr\\u00e2nsito barulhento e o cheiro de caf\\u00e9 pairando no ar. Mariana, gerente de RH de uma multinacional, olhava pela janela do escrit\\u00f3rio no 15\\u00ba andar enquanto tomava sua segunda x\\u00edcara do dia. Entre uma liga\\u00e7\\u00e3o e outra, ela pensava no relat\\u00f3rio que tinha acabado de receber:\",\"inLanguage\":\"pt-BR\",\"isPartOf\":{\"@id\":\"https:\\\/\\\/corporateacademy.org\\\/#website\"},\"breadcrumb\":{\"@id\":\"https:\\\/\\\/corporateacademy.org\\\/index.php\\\/2025\\\/02\\\/21\\\/o-futuro-dos-empregos-uma-jornada-rumo-ao-desconhecido\\\/#breadcrumblist\"},\"author\":{\"@id\":\"https:\\\/\\\/corporateacademy.org\\\/index.php\\\/author\\\/nevesf\\\/#author\"},\"creator\":{\"@id\":\"https:\\\/\\\/corporateacademy.org\\\/index.php\\\/author\\\/nevesf\\\/#author\"},\"image\":{\"@type\":\"ImageObject\",\"url\":\"https:\\\/\\\/i0.wp.com\\\/corporateacademy.org\\\/wp-content\\\/uploads\\\/2025\\\/02\\\/FutureJobsEdit.png?fit=1016%2C732&ssl=1\",\"@id\":\"https:\\\/\\\/corporateacademy.org\\\/index.php\\\/2025\\\/02\\\/21\\\/o-futuro-dos-empregos-uma-jornada-rumo-ao-desconhecido\\\/#mainImage\",\"width\":1016,\"height\":732,\"caption\":\"Empregos do futuro\"},\"primaryImageOfPage\":{\"@id\":\"https:\\\/\\\/corporateacademy.org\\\/index.php\\\/2025\\\/02\\\/21\\\/o-futuro-dos-empregos-uma-jornada-rumo-ao-desconhecido\\\/#mainImage\"},\"datePublished\":\"2025-02-21T13:55:12-03:00\",\"dateModified\":\"2025-02-21T13:55:32-03:00\"},{\"@type\":\"WebSite\",\"@id\":\"https:\\\/\\\/corporateacademy.org\\\/#website\",\"url\":\"https:\\\/\\\/corporateacademy.org\\\/\",\"name\":\"Corporate Academy\",\"description\":\"Compartilhando Conhecimento\",\"inLanguage\":\"pt-BR\",\"publisher\":{\"@id\":\"https:\\\/\\\/corporateacademy.org\\\/#organization\"}}]}\n\t\t<\/script>\n\t\t<!-- All in One SEO -->\n\n","aioseo_head_json":{"title":"O Futuro dos Empregos: Uma Jornada Rumo ao Desconhecido - Corporate Academy","description":"Era uma manh\u00e3 comum em S\u00e3o Paulo, dessas com tr\u00e2nsito barulhento e o cheiro de caf\u00e9 pairando no ar. Mariana, gerente de RH de uma multinacional, olhava pela janela do escrit\u00f3rio no 15\u00ba andar enquanto tomava sua segunda x\u00edcara do dia. Entre uma liga\u00e7\u00e3o e outra, ela pensava no relat\u00f3rio que tinha acabado de receber:","canonical_url":"https:\/\/corporateacademy.org\/index.php\/2025\/02\/21\/o-futuro-dos-empregos-uma-jornada-rumo-ao-desconhecido\/","robots":"max-image-preview:large","keywords":"","webmasterTools":{"miscellaneous":""},"schema":{"@context":"https:\/\/schema.org","@graph":[{"@type":"BlogPosting","@id":"https:\/\/corporateacademy.org\/index.php\/2025\/02\/21\/o-futuro-dos-empregos-uma-jornada-rumo-ao-desconhecido\/#blogposting","name":"O Futuro dos Empregos: Uma Jornada Rumo ao Desconhecido - Corporate Academy","headline":"O Futuro dos Empregos: Uma Jornada Rumo ao Desconhecido","author":{"@id":"https:\/\/corporateacademy.org\/index.php\/author\/nevesf\/#author"},"publisher":{"@id":"https:\/\/corporateacademy.org\/#organization"},"image":{"@type":"ImageObject","url":"https:\/\/i0.wp.com\/corporateacademy.org\/wp-content\/uploads\/2025\/02\/FutureJobsEdit.png?fit=1016%2C732&ssl=1","width":1016,"height":732,"caption":"Empregos do futuro"},"datePublished":"2025-02-21T13:55:12-03:00","dateModified":"2025-02-21T13:55:32-03:00","inLanguage":"pt-BR","mainEntityOfPage":{"@id":"https:\/\/corporateacademy.org\/index.php\/2025\/02\/21\/o-futuro-dos-empregos-uma-jornada-rumo-ao-desconhecido\/#webpage"},"isPartOf":{"@id":"https:\/\/corporateacademy.org\/index.php\/2025\/02\/21\/o-futuro-dos-empregos-uma-jornada-rumo-ao-desconhecido\/#webpage"},"articleSection":"Ambiente corporativo, Intelig\u00eancia Artificial, automa\u00e7\u00e3o, ciberseguran\u00e7a, custo de vida, demografia, Diversidade e Inclus\u00e3o, economia, empregos operacionais, futuro dos empregos, habilidades do futuro, inova\u00e7\u00e3o, intelig\u00eancia artificial, l\u00edder, lideran\u00e7a, mercado de trabalho, prepara\u00e7\u00e3o corporativa, reskilling, setor de TI, sustentabilidade, tecnologia, transforma\u00e7\u00e3o digital, transi\u00e7\u00e3o verde, upskilling"},{"@type":"BreadcrumbList","@id":"https:\/\/corporateacademy.org\/index.php\/2025\/02\/21\/o-futuro-dos-empregos-uma-jornada-rumo-ao-desconhecido\/#breadcrumblist","itemListElement":[{"@type":"ListItem","@id":"https:\/\/corporateacademy.org#listItem","position":1,"name":"Home","item":"https:\/\/corporateacademy.org","nextItem":{"@type":"ListItem","@id":"https:\/\/corporateacademy.org\/index.php\/category\/ambiente-corporativo\/#listItem","name":"Ambiente corporativo"}},{"@type":"ListItem","@id":"https:\/\/corporateacademy.org\/index.php\/category\/ambiente-corporativo\/#listItem","position":2,"name":"Ambiente corporativo","item":"https:\/\/corporateacademy.org\/index.php\/category\/ambiente-corporativo\/","nextItem":{"@type":"ListItem","@id":"https:\/\/corporateacademy.org\/index.php\/2025\/02\/21\/o-futuro-dos-empregos-uma-jornada-rumo-ao-desconhecido\/#listItem","name":"O Futuro dos Empregos: Uma Jornada Rumo ao Desconhecido"},"previousItem":{"@type":"ListItem","@id":"https:\/\/corporateacademy.org#listItem","name":"Home"}},{"@type":"ListItem","@id":"https:\/\/corporateacademy.org\/index.php\/2025\/02\/21\/o-futuro-dos-empregos-uma-jornada-rumo-ao-desconhecido\/#listItem","position":3,"name":"O Futuro dos Empregos: Uma Jornada Rumo ao Desconhecido","previousItem":{"@type":"ListItem","@id":"https:\/\/corporateacademy.org\/index.php\/category\/ambiente-corporativo\/#listItem","name":"Ambiente corporativo"}}]},{"@type":"Organization","@id":"https:\/\/corporateacademy.org\/#organization","name":"Corporate Academy","description":"Compartilhando Conhecimento","url":"https:\/\/corporateacademy.org\/","logo":{"@type":"ImageObject","url":"https:\/\/i0.wp.com\/corporateacademy.org\/wp-content\/uploads\/2018\/03\/Logo200x200.jpg?fit=200%2C200&ssl=1","@id":"https:\/\/corporateacademy.org\/index.php\/2025\/02\/21\/o-futuro-dos-empregos-uma-jornada-rumo-ao-desconhecido\/#organizationLogo","width":200,"height":200},"image":{"@id":"https:\/\/corporateacademy.org\/index.php\/2025\/02\/21\/o-futuro-dos-empregos-uma-jornada-rumo-ao-desconhecido\/#organizationLogo"}},{"@type":"Person","@id":"https:\/\/corporateacademy.org\/index.php\/author\/nevesf\/#author","url":"https:\/\/corporateacademy.org\/index.php\/author\/nevesf\/","name":"Editor","image":{"@type":"ImageObject","@id":"https:\/\/corporateacademy.org\/index.php\/2025\/02\/21\/o-futuro-dos-empregos-uma-jornada-rumo-ao-desconhecido\/#authorImage","url":"https:\/\/secure.gravatar.com\/avatar\/40a180061deabb68d04bd9f812bde2b372b5d57984baf7dd947ee866377d90fb?s=96&d=blank&r=g","width":96,"height":96,"caption":"Editor"}},{"@type":"WebPage","@id":"https:\/\/corporateacademy.org\/index.php\/2025\/02\/21\/o-futuro-dos-empregos-uma-jornada-rumo-ao-desconhecido\/#webpage","url":"https:\/\/corporateacademy.org\/index.php\/2025\/02\/21\/o-futuro-dos-empregos-uma-jornada-rumo-ao-desconhecido\/","name":"O Futuro dos Empregos: Uma Jornada Rumo ao Desconhecido - Corporate Academy","description":"Era uma manh\u00e3 comum em S\u00e3o Paulo, dessas com tr\u00e2nsito barulhento e o cheiro de caf\u00e9 pairando no ar. Mariana, gerente de RH de uma multinacional, olhava pela janela do escrit\u00f3rio no 15\u00ba andar enquanto tomava sua segunda x\u00edcara do dia. Entre uma liga\u00e7\u00e3o e outra, ela pensava no relat\u00f3rio que tinha acabado de receber:","inLanguage":"pt-BR","isPartOf":{"@id":"https:\/\/corporateacademy.org\/#website"},"breadcrumb":{"@id":"https:\/\/corporateacademy.org\/index.php\/2025\/02\/21\/o-futuro-dos-empregos-uma-jornada-rumo-ao-desconhecido\/#breadcrumblist"},"author":{"@id":"https:\/\/corporateacademy.org\/index.php\/author\/nevesf\/#author"},"creator":{"@id":"https:\/\/corporateacademy.org\/index.php\/author\/nevesf\/#author"},"image":{"@type":"ImageObject","url":"https:\/\/i0.wp.com\/corporateacademy.org\/wp-content\/uploads\/2025\/02\/FutureJobsEdit.png?fit=1016%2C732&ssl=1","@id":"https:\/\/corporateacademy.org\/index.php\/2025\/02\/21\/o-futuro-dos-empregos-uma-jornada-rumo-ao-desconhecido\/#mainImage","width":1016,"height":732,"caption":"Empregos do futuro"},"primaryImageOfPage":{"@id":"https:\/\/corporateacademy.org\/index.php\/2025\/02\/21\/o-futuro-dos-empregos-uma-jornada-rumo-ao-desconhecido\/#mainImage"},"datePublished":"2025-02-21T13:55:12-03:00","dateModified":"2025-02-21T13:55:32-03:00"},{"@type":"WebSite","@id":"https:\/\/corporateacademy.org\/#website","url":"https:\/\/corporateacademy.org\/","name":"Corporate Academy","description":"Compartilhando Conhecimento","inLanguage":"pt-BR","publisher":{"@id":"https:\/\/corporateacademy.org\/#organization"}}]},"og:locale":"pt_BR","og:site_name":"Corporate Academy - Compartilhando Conhecimento","og:type":"article","og:title":"O Futuro dos Empregos: Uma Jornada Rumo ao Desconhecido - Corporate Academy","og:description":"Era uma manh\u00e3 comum em S\u00e3o Paulo, dessas com tr\u00e2nsito barulhento e o cheiro de caf\u00e9 pairando no ar. Mariana, gerente de RH de uma multinacional, olhava pela janela do escrit\u00f3rio no 15\u00ba andar enquanto tomava sua segunda x\u00edcara do dia. Entre uma liga\u00e7\u00e3o e outra, ela pensava no relat\u00f3rio que tinha acabado de receber:","og:url":"https:\/\/corporateacademy.org\/index.php\/2025\/02\/21\/o-futuro-dos-empregos-uma-jornada-rumo-ao-desconhecido\/","og:image":"https:\/\/i0.wp.com\/corporateacademy.org\/wp-content\/uploads\/2018\/03\/Logo200x200.jpg?fit=200200","og:image:secure_url":"https:\/\/i0.wp.com\/corporateacademy.org\/wp-content\/uploads\/2018\/03\/Logo200x200.jpg?fit=200200","article:published_time":"2025-02-21T16:55:12+00:00","article:modified_time":"2025-02-21T16:55:32+00:00","twitter:card":"summary_large_image","twitter:title":"O Futuro dos Empregos: Uma Jornada Rumo ao Desconhecido - Corporate Academy","twitter:description":"Era uma manh\u00e3 comum em S\u00e3o Paulo, dessas com tr\u00e2nsito barulhento e o cheiro de caf\u00e9 pairando no ar. Mariana, gerente de RH de uma multinacional, olhava pela janela do escrit\u00f3rio no 15\u00ba andar enquanto tomava sua segunda x\u00edcara do dia. Entre uma liga\u00e7\u00e3o e outra, ela pensava no relat\u00f3rio que tinha acabado de receber:","twitter:image":"https:\/\/i0.wp.com\/corporateacademy.org\/wp-content\/uploads\/2018\/03\/Logo200x200.jpg?fit=200200"},"aioseo_meta_data":{"post_id":"2440","title":null,"description":null,"keywords":null,"keyphrases":null,"focus_keyword":null,"additional_keywords":null,"truseo_locale":null,"primary_term":null,"canonical_url":null,"og_title":null,"og_description":null,"og_object_type":"default","og_image_type":"default","og_image_custom_url":null,"og_image_custom_fields":null,"og_image_url":null,"og_image_width":null,"og_image_height":null,"og_video":null,"og_custom_url":null,"og_article_section":null,"og_article_tags":null,"twitter_use_og":false,"twitter_card":"default","twitter_image_type":"default","twitter_image_custom_url":null,"twitter_image_custom_fields":null,"twitter_image_url":null,"twitter_title":null,"twitter_description":null,"schema_type":"default","schema_type_options":null,"schema":{"blockGraphs":[],"customGraphs":[],"default":{"data":{"Article":[],"Course":[],"Dataset":[],"FAQPage":[],"Movie":[],"Person":[],"Product":[],"ProductReview":[],"Car":[],"Recipe":[],"Service":[],"SoftwareApplication":[],"WebPage":[]},"graphName":"","isEnabled":true},"graphs":[]},"pillar_content":false,"robots_default":true,"robots_noindex":false,"robots_noarchive":false,"robots_nosnippet":false,"robots_nofollow":false,"robots_noimageindex":false,"robots_noodp":false,"robots_notranslate":false,"robots_max_snippet":null,"robots_max_videopreview":null,"robots_max_imagepreview":"large","priority":null,"frequency":null,"local_seo":null,"limit_modified_date":false,"ai":null,"breadcrumb_settings":null,"seo_analyzer_scan_date":null,"created":"2026-09-02 22:13:30","updated":"2026-09-02 22:13:30"},"aioseo_breadcrumb":"<div class=\"aioseo-breadcrumbs\"><span class=\"aioseo-breadcrumb\">\n\t\t\t<a href=\"https:\/\/corporateacademy.org\" title=\"Home\">Home<\/a>\n\t\t<\/span><span class=\"aioseo-breadcrumb-separator\">&raquo;<\/span><span class=\"aioseo-breadcrumb\">\n\t\t\t<a href=\"https:\/\/corporateacademy.org\/index.php\/category\/ambiente-corporativo\/\" title=\"Ambiente corporativo\">Ambiente corporativo<\/a>\n\t\t<\/span><span class=\"aioseo-breadcrumb-separator\">&raquo;<\/span><span class=\"aioseo-breadcrumb\">\n\t\t\tO Futuro dos Empregos: Uma Jornada Rumo ao Desconhecido\n\t\t<\/span><\/div>","aioseo_breadcrumb_json":[{"label":"Home","link":"https:\/\/corporateacademy.org"},{"label":"Ambiente corporativo","link":"https:\/\/corporateacademy.org\/index.php\/category\/ambiente-corporativo\/"},{"label":"O Futuro dos Empregos: Uma Jornada Rumo ao Desconhecido","link":"https:\/\/corporateacademy.org\/index.php\/2025\/02\/21\/o-futuro-dos-empregos-uma-jornada-rumo-ao-desconhecido\/"}],"jetpack_publicize_connections":[],"jetpack_sharing_enabled":true,"jetpack_shortlink":"https:\/\/wp.me\/p9MYp6-Dm","jetpack_likes_enabled":true,"jetpack-related-posts":[{"id":2432,"url":"https:\/\/corporateacademy.org\/index.php\/2025\/02\/14\/o-futuro-do-trabalho-como-lideres-podem-navegar-na-fronteira-entre-humanos-e-maquinas-insights-do-forum-economico-mundial\/","url_meta":{"origin":2440,"position":0},"title":"O Futuro do Trabalho: Como L\u00edderes Podem Navegar na Fronteira Entre Humanos e M\u00e1quinas- Insights do F\u00f3rum Econ\u00f4mico Mundial.","author":"Editor","date":"14\/02\/2025","format":false,"excerpt":"Imagine o seguinte cen\u00e1rio: voc\u00ea chega ao trabalho e percebe que metade das tarefas que antes eram executadas por sua equipe agora s\u00e3o gerenciadas por intelig\u00eancia artificial. Os relat\u00f3rios financeiros, a triagem de candidatos para novas contrata\u00e7\u00f5es e at\u00e9 mesmo o atendimento ao cliente passaram a ser conduzidos por algoritmos\u2026","rel":"","context":"Em &quot;Ambiente corporativo&quot;","block_context":{"text":"Ambiente corporativo","link":"https:\/\/corporateacademy.org\/index.php\/category\/ambiente-corporativo\/"},"img":{"alt_text":"Humans and robots at the office","src":"https:\/\/i0.wp.com\/corporateacademy.org\/wp-content\/uploads\/2025\/02\/Human-and-Robots-Office.jpg?fit=1200%2C686&ssl=1&resize=350%2C200","width":350,"height":200,"srcset":"https:\/\/i0.wp.com\/corporateacademy.org\/wp-content\/uploads\/2025\/02\/Human-and-Robots-Office.jpg?fit=1200%2C686&ssl=1&resize=350%2C200 1x, https:\/\/i0.wp.com\/corporateacademy.org\/wp-content\/uploads\/2025\/02\/Human-and-Robots-Office.jpg?fit=1200%2C686&ssl=1&resize=525%2C300 1.5x, https:\/\/i0.wp.com\/corporateacademy.org\/wp-content\/uploads\/2025\/02\/Human-and-Robots-Office.jpg?fit=1200%2C686&ssl=1&resize=700%2C400 2x, https:\/\/i0.wp.com\/corporateacademy.org\/wp-content\/uploads\/2025\/02\/Human-and-Robots-Office.jpg?fit=1200%2C686&ssl=1&resize=1050%2C600 3x"},"classes":[]},{"id":441,"url":"https:\/\/corporateacademy.org\/index.php\/2019\/02\/20\/inteligencia-artificial-afeta-menos-as-pessoas-criativas\/","url_meta":{"origin":2440,"position":1},"title":"Intelig\u00eancia artificial afeta menos as pessoas criativas","author":"Editor","date":"20\/02\/2019","format":false,"excerpt":"Texto: Fernando Neves, Ph.D. Imagem : Pixabay (RawPixel) A m\u00fasica da sinfonia come\u00e7ava a entrar pelos meus ouvidos de forma suave, mas \u00e0 medida que eu n\u00e3o me movia tentando ainda aproveitar mais alguns minutos do meu sono, acordes dissonantes me impediam de voltar a dormir. A assistente virtual percebia\u2026","rel":"","context":"Em &quot;Ambiente corporativo&quot;","block_context":{"text":"Ambiente corporativo","link":"https:\/\/corporateacademy.org\/index.php\/category\/ambiente-corporativo\/"},"img":{"alt_text":"","src":"https:\/\/i0.wp.com\/corporateacademy.org\/wp-content\/uploads\/2019\/02\/RawPixelPixabay-people-3370833_640.jpg?fit=640%2C400&ssl=1&resize=350%2C200","width":350,"height":200,"srcset":"https:\/\/i0.wp.com\/corporateacademy.org\/wp-content\/uploads\/2019\/02\/RawPixelPixabay-people-3370833_640.jpg?fit=640%2C400&ssl=1&resize=350%2C200 1x, https:\/\/i0.wp.com\/corporateacademy.org\/wp-content\/uploads\/2019\/02\/RawPixelPixabay-people-3370833_640.jpg?fit=640%2C400&ssl=1&resize=525%2C300 1.5x"},"classes":[]},{"id":2403,"url":"https:\/\/corporateacademy.org\/index.php\/2024\/12\/26\/sera-que-sua-inteligencia-ja-tem-dono-e-voce-nem-sabe\/","url_meta":{"origin":2440,"position":2},"title":"Ser\u00e1 que sua Intelig\u00eancia J\u00e1 Tem Dono e Voc\u00ea Nem Sabe?","author":"Editor","date":"26\/12\/2024","format":false,"excerpt":"J\u00e1 parou para refletir sobre a possibilidade de sua intelig\u00eancia, aquela que impulsiona seu sucesso profissional, estar sendo replicada e utilizada sem seu conhecimento? O conceito pode soar como fic\u00e7\u00e3o cient\u00edfica, mas a realidade da intelig\u00eancia artificial generativa nos coloca diante desse cen\u00e1rio. A palestra TED de Reid Hoffman nos\u2026","rel":"","context":"Em &quot;Ambiente corporativo&quot;","block_context":{"text":"Ambiente corporativo","link":"https:\/\/corporateacademy.org\/index.php\/category\/ambiente-corporativo\/"},"img":{"alt_text":"digital brain","src":"https:\/\/i0.wp.com\/corporateacademy.org\/wp-content\/uploads\/2024\/12\/digital-brain-01.png?fit=1019%2C578&ssl=1&resize=350%2C200","width":350,"height":200,"srcset":"https:\/\/i0.wp.com\/corporateacademy.org\/wp-content\/uploads\/2024\/12\/digital-brain-01.png?fit=1019%2C578&ssl=1&resize=350%2C200 1x, https:\/\/i0.wp.com\/corporateacademy.org\/wp-content\/uploads\/2024\/12\/digital-brain-01.png?fit=1019%2C578&ssl=1&resize=525%2C300 1.5x, https:\/\/i0.wp.com\/corporateacademy.org\/wp-content\/uploads\/2024\/12\/digital-brain-01.png?fit=1019%2C578&ssl=1&resize=700%2C400 2x"},"classes":[]},{"id":175,"url":"https:\/\/corporateacademy.org\/index.php\/2018\/06\/05\/o-que-e-inteligencia-artificial\/","url_meta":{"origin":2440,"position":3},"title":"O que \u00e9 Intelig\u00eancia Artificial?","author":"Editor","date":"05\/06\/2018","format":false,"excerpt":"Texto: Fernando Neves, Ph.D.\u00a0 \u00a0 \u00a0 \u00a0 Imagem: Gert Altmann (Pixabay) Cidade de Nova Iorque,\u00a0 dia 11 de maio de 1997. O mundo assistia a derrota do campe\u00e3o mundial de xadrez Garry Kasparov para o supercomputador da IBM: O Deep Blue. \u00a0Era um marco no desenvolvimento da chamada intelig\u00eancia artificial.\u2026","rel":"","context":"Em &quot;comportamento&quot;","block_context":{"text":"comportamento","link":"https:\/\/corporateacademy.org\/index.php\/category\/comportamento\/"},"img":{"alt_text":"","src":"https:\/\/i0.wp.com\/corporateacademy.org\/wp-content\/uploads\/2018\/05\/binary-2175285_1920GertAltmann.jpg?fit=1200%2C750&ssl=1&resize=350%2C200","width":350,"height":200,"srcset":"https:\/\/i0.wp.com\/corporateacademy.org\/wp-content\/uploads\/2018\/05\/binary-2175285_1920GertAltmann.jpg?fit=1200%2C750&ssl=1&resize=350%2C200 1x, https:\/\/i0.wp.com\/corporateacademy.org\/wp-content\/uploads\/2018\/05\/binary-2175285_1920GertAltmann.jpg?fit=1200%2C750&ssl=1&resize=525%2C300 1.5x, https:\/\/i0.wp.com\/corporateacademy.org\/wp-content\/uploads\/2018\/05\/binary-2175285_1920GertAltmann.jpg?fit=1200%2C750&ssl=1&resize=700%2C400 2x, https:\/\/i0.wp.com\/corporateacademy.org\/wp-content\/uploads\/2018\/05\/binary-2175285_1920GertAltmann.jpg?fit=1200%2C750&ssl=1&resize=1050%2C600 3x"},"classes":[]},{"id":578,"url":"https:\/\/corporateacademy.org\/index.php\/2019\/08\/03\/resolucao-de-problemas-complexos-primeira-competencia-profissinal-para-a-quarta-revolucao-industrial\/","url_meta":{"origin":2440,"position":4},"title":"Resolucao de Problemas Complexos: Primeira compet\u00eancia Profissinal para a Quarta Revolu\u00e7\u00e3o Industrial","author":"Editor","date":"03\/08\/2019","format":false,"excerpt":"M\u00e1rcio Camargo Diretor GPTW-Interior\/Coordenador de cursos - Vanzolini Professor FGV \/ Analista DISC e facilitador Lego\u00aeSerious Play\u00ae A resolu\u00e7\u00e3o de problemas complexos \u00e9 uma das 10 soft skills, apresentadas pelo F\u00f3rum Econ\u00f4mico Mundial, no relat\u00f3rio \u201cO\u00a0 Trabalho do Futuro\u201d apresentado no meu artigo intitulado: a 4\u00aa Revolu\u00e7\u00e3o Industrial e as\u2026","rel":"","context":"Em &quot;Ambiente corporativo&quot;","block_context":{"text":"Ambiente corporativo","link":"https:\/\/corporateacademy.org\/index.php\/category\/ambiente-corporativo\/"},"img":{"alt_text":"","src":"https:\/\/i0.wp.com\/corporateacademy.org\/wp-content\/uploads\/2019\/08\/4revIndResolucaoProblemas.jpeg?fit=1200%2C600&ssl=1&resize=350%2C200","width":350,"height":200,"srcset":"https:\/\/i0.wp.com\/corporateacademy.org\/wp-content\/uploads\/2019\/08\/4revIndResolucaoProblemas.jpeg?fit=1200%2C600&ssl=1&resize=350%2C200 1x, https:\/\/i0.wp.com\/corporateacademy.org\/wp-content\/uploads\/2019\/08\/4revIndResolucaoProblemas.jpeg?fit=1200%2C600&ssl=1&resize=525%2C300 1.5x, https:\/\/i0.wp.com\/corporateacademy.org\/wp-content\/uploads\/2019\/08\/4revIndResolucaoProblemas.jpeg?fit=1200%2C600&ssl=1&resize=700%2C400 2x, https:\/\/i0.wp.com\/corporateacademy.org\/wp-content\/uploads\/2019\/08\/4revIndResolucaoProblemas.jpeg?fit=1200%2C600&ssl=1&resize=1050%2C600 3x"},"classes":[]},{"id":2312,"url":"https:\/\/corporateacademy.org\/index.php\/2024\/08\/23\/alem-do-qi-navegando-o-complexo-mundo-da-inteligencia-emocional-e-social\/","url_meta":{"origin":2440,"position":5},"title":"Al\u00e9m do QI: Navegando o Complexo Mundo da Intelig\u00eancia Emocional e Social.","author":"Editor","date":"23\/08\/2024","format":false,"excerpt":"Imagine-se em uma reuni\u00e3o de diretoria. O CEO acaba de lan\u00e7ar um desafio complexo. Quem se destacar\u00e1? O executivo brilhante com um QI astron\u00f4mico? A gerente com uma incr\u00edvel capacidade de ler as emo\u00e7\u00f5es da sala? Ou talvez o l\u00edder carism\u00e1tico que sempre sabe exatamente o que dizer e quando\u2026","rel":"","context":"Em &quot;Ambiente corporativo&quot;","block_context":{"text":"Ambiente corporativo","link":"https:\/\/corporateacademy.org\/index.php\/category\/ambiente-corporativo\/"},"img":{"alt_text":"ambiente corporativo","src":"https:\/\/i0.wp.com\/corporateacademy.org\/wp-content\/uploads\/2024\/08\/AdobeStock_268599822-scaled.jpeg?fit=1200%2C450&ssl=1&resize=350%2C200","width":350,"height":200,"srcset":"https:\/\/i0.wp.com\/corporateacademy.org\/wp-content\/uploads\/2024\/08\/AdobeStock_268599822-scaled.jpeg?fit=1200%2C450&ssl=1&resize=350%2C200 1x, https:\/\/i0.wp.com\/corporateacademy.org\/wp-content\/uploads\/2024\/08\/AdobeStock_268599822-scaled.jpeg?fit=1200%2C450&ssl=1&resize=525%2C300 1.5x, https:\/\/i0.wp.com\/corporateacademy.org\/wp-content\/uploads\/2024\/08\/AdobeStock_268599822-scaled.jpeg?fit=1200%2C450&ssl=1&resize=700%2C400 2x, https:\/\/i0.wp.com\/corporateacademy.org\/wp-content\/uploads\/2024\/08\/AdobeStock_268599822-scaled.jpeg?fit=1200%2C450&ssl=1&resize=1050%2C600 3x"},"classes":[]}],"jetpack_featured_media_url":"https:\/\/i0.wp.com\/corporateacademy.org\/wp-content\/uploads\/2025\/02\/FutureJobsEdit.png?fit=1016%2C732&ssl=1","_links":{"self":[{"href":"https:\/\/corporateacademy.org\/index.php\/wp-json\/wp\/v2\/posts\/2440","targetHints":{"allow":["GET"]}}],"collection":[{"href":"https:\/\/corporateacademy.org\/index.php\/wp-json\/wp\/v2\/posts"}],"about":[{"href":"https:\/\/corporateacademy.org\/index.php\/wp-json\/wp\/v2\/types\/post"}],"author":[{"embeddable":true,"href":"https:\/\/corporateacademy.org\/index.php\/wp-json\/wp\/v2\/users\/1"}],"replies":[{"embeddable":true,"href":"https:\/\/corporateacademy.org\/index.php\/wp-json\/wp\/v2\/comments?post=2440"}],"version-history":[{"count":17,"href":"https:\/\/corporateacademy.org\/index.php\/wp-json\/wp\/v2\/posts\/2440\/revisions"}],"predecessor-version":[{"id":2458,"href":"https:\/\/corporateacademy.org\/index.php\/wp-json\/wp\/v2\/posts\/2440\/revisions\/2458"}],"wp:featuredmedia":[{"embeddable":true,"href":"https:\/\/corporateacademy.org\/index.php\/wp-json\/wp\/v2\/media\/2455"}],"wp:attachment":[{"href":"https:\/\/corporateacademy.org\/index.php\/wp-json\/wp\/v2\/media?parent=2440"}],"wp:term":[{"taxonomy":"category","embeddable":true,"href":"https:\/\/corporateacademy.org\/index.php\/wp-json\/wp\/v2\/categories?post=2440"},{"taxonomy":"post_tag","embeddable":true,"href":"https:\/\/corporateacademy.org\/index.php\/wp-json\/wp\/v2\/tags?post=2440"}],"curies":[{"name":"wp","href":"https:\/\/api.w.org\/{rel}","templated":true}]}}