{"id":2543,"date":"2025-08-04T14:09:33","date_gmt":"2025-08-04T17:09:33","guid":{"rendered":"https:\/\/corporateacademy.org\/?p=2543"},"modified":"2025-08-05T13:26:43","modified_gmt":"2025-08-05T16:26:43","slug":"diga-nao-para-produzir-mais-e-melhor-o-poder-do-essencialismo","status":"publish","type":"post","link":"https:\/\/corporateacademy.org\/index.php\/2025\/08\/04\/diga-nao-para-produzir-mais-e-melhor-o-poder-do-essencialismo\/","title":{"rendered":"Diga N\u00c3O para Produzir Mais e Melhor. O poder do Essencialismo"},"content":{"rendered":"\n<p class=\"wp-block-paragraph\">Fernando Neves, Ph.D.<\/p>\n\n\n\n<p class=\"has-drop-cap wp-block-paragraph\">Imagine receber um e-mail convocando voc\u00ea para uma reuni\u00e3o de trabalho no mesmo dia em que sua filha nasce. Foi exatamente isso que aconteceu com Greg<a href=\"https:\/\/amzn.to\/40L3hIU\" target=\"_blank\" rel=\"noreferrer noopener\"> McKeown, autor de <em>Essencialismo<\/em><\/a>. Pressionado pela cultura corporativa de dizer \u201csim\u201d a tudo, ele aceitou participar, mesmo sabendo que sua prioridade deveria ser estar com sua esposa e sua rec\u00e9m-nascida. Mais tarde, ele percebeu que essa decis\u00e3o o afastou de um momento \u00fanico na vida, enquanto a reuni\u00e3o trouxe pouco valor real. Esse \u00e9 o peso de n\u00e3o saber dizer \u201cn\u00e3o\u201d. Esse \u00e9 o poder do essencialismo.<\/p>\n\n\n\n<p class=\"wp-block-paragraph\">Reuni\u00f5es para estabelecer planos de a\u00e7\u00e3o, e-mails urgentes, projetos com prazos apertados, reuni\u00f5es com subordinados, enfim, agenda lotada. Esse \u00e9 o dia-a-dia de grande parte dos l\u00edderes modernos. A press\u00e3o para fazer tudo \u00e9 enorme, mas tentar fazer tudo \u00e9 a solu\u00e7\u00e3o? O resultado de uma agenda sem espa\u00e7o resulta em resultados medianos e a sensa\u00e7\u00e3o de estar sempre apagando inc\u00eandios e sem saber pra que lado correr.  Lewis Carroll d\u00e1 uma dica precisa na fla do gato de Alice no Pa\u00eds das Maravilhas: Pra quem n\u00e3o sabe onde quer ir qualquer caminho serve. O fato \u00e9 que se n\u00e3o assumimos as r\u00e9deas de nossa agenda, algu\u00e9m o far\u00e1 por n\u00f3s.<\/p>\n\n\n\n<p class=\"wp-block-paragraph\">\u00c9 preciso aprender a dizer N\u00c3O,  mas este post n\u00e3o \u00e9 sobre n\u00e3o fazer, mas escolher o que tem que ser feito para atingir aquilo que definimos como prioridade. Ali\u00e1s, prioridade \u00e9 uma palavra no singular, j\u00e1 que significa aquilo que vem em primeiro lugar, mas \u00e9 muito comum us\u00e1-la no plural. H\u00e1 um enorme n\u00famero de atividades que s\u00e3o priorit\u00e1rias na nossa agenda. A grande quest\u00e3o a ser respondida \u00e9: Qual o resultado final vou obter com todas as atividades que de uma forma ou de outra foram inseridas na minha agenda? Qual meu objetivo? Que metas quero alcan\u00e7ar?<\/p>\n\n\n\n<p class=\"wp-block-paragraph\">Este post \u00e9 para l\u00edderes e futuros l\u00edderes que querem trabalhar com prop\u00f3sito escolhendo aquilo que realmente importa fazer. O resultado dessas escolhas tem o objetivo de nos levar a resultados significativos com um balan\u00e7o saud\u00e1vel entre trabalho, descanso e divers\u00e3o. O conceito de  essencialismo pode transformar sua lideran\u00e7a, trazendo benef\u00edcios tanto para sua vida pessoal quanto para os resultados da organiza\u00e7\u00e3o. <\/p>\n\n\n<div class=\"wp-block-image\">\n<figure class=\"aligncenter size-full\"><a href=\"https:\/\/amzn.to\/40L3hIU\" target=\"_blank\" rel=\" noreferrer noopener\"><img data-recalc-dims=\"1\" loading=\"lazy\" decoding=\"async\" width=\"474\" height=\"685\" src=\"https:\/\/i0.wp.com\/corporateacademy.org\/wp-content\/uploads\/2025\/08\/capa-Essencialismo.png?resize=474%2C685&#038;ssl=1\" alt=\"\" class=\"wp-image-2552\" srcset=\"https:\/\/i0.wp.com\/corporateacademy.org\/wp-content\/uploads\/2025\/08\/capa-Essencialismo.png?w=474&amp;ssl=1 474w, https:\/\/i0.wp.com\/corporateacademy.org\/wp-content\/uploads\/2025\/08\/capa-Essencialismo.png?resize=208%2C300&amp;ssl=1 208w\" sizes=\"auto, (max-width: 474px) 100vw, 474px\" \/><\/a><\/figure>\n<\/div>\n\n\n<h2 class=\"wp-block-heading\">O Que \u00e9 Essencialismo e Por Que Ele Importa?<\/h2>\n\n\n\n<p class=\"wp-block-paragraph\">Essencialismo n\u00e3o \u00e9 sobre trabalhar menos, mas fazer melhores escolhas, para alcan\u00e7ar resultados significativos com menor esfor\u00e7o. N\u00e3o \u00e9 sobre produtividade pela produtividade, mas sobre direcionar sua energia para o que realmente faz diferen\u00e7a.  Esse conceito n\u00e3o \u00e9 novo e j\u00e1 em 1896 Vilfredo Pareto observou que a distribui\u00e7\u00e3o de renda n\u00e3o se dava de maneira uniforme, mas que a grande concentra\u00e7\u00e3o de riqueza pertnciam a 20% da popula\u00e7\u00e3o. Na d\u00e9cada de 1940 Joseph Juran aplicou seu conceito para a gest\u00e3o de processos ao observar que 80% dos resultados vinham a partir de 20% das a\u00e7\u00f5es.<\/p>\n\n\n\n<p class=\"wp-block-paragraph\">No ambiente corporativo, \u00e9 f\u00e1cil cair na armadilha de dizer \u201csim\u201d a tudo \u2014 um novo projeto, uma reuni\u00e3o extra, uma tarefa que \u201cs\u00f3 voc\u00ea pode fazer\u201d. Mas, como <a href=\"https:\/\/amzn.to\/40L3hIU\" target=\"_blank\" rel=\"noreferrer noopener\">McKeown<\/a> aprendeu ao perder o nascimento da filha para uma reuni\u00e3o desnecess\u00e1ria, dizer \u201csim\u201d sem crit\u00e9rio rouba tempo e energia do que realmente importa. O essencialismo ensina a fazer escolhas corajosas, protegendo seu tempo para o que alinha seus objetivos pessoais e os da empresa.<\/p>\n\n\n\n<h3 class=\"wp-block-heading\">Benef\u00edcios do Essencialismo para o Indiv\u00edduo e a Empresa<\/h3>\n\n\n\n<ul class=\"wp-block-list\">\n<li><strong>Para Voc\u00ea<\/strong>: Focar no essencial reduz o estresse e a sobrecarga. Voc\u00ea ganha tempo para estar presente \u2014 seja com sua fam\u00edlia, como no caso de McKeown, dedicar tempo e foco a um determinado projeto. Dizer \u201cn\u00e3o\u201d a tarefas triviais permite que voc\u00ea invista em sua sa\u00fade mental, criatividade, produtividade e crescimento pessoal.<\/li>\n\n\n\n<li><strong>Para a Empresa<\/strong>: L\u00edderes focados entregam resultados melhores. Ao priorizar projetos de alto impacto, voc\u00ea aloca recursos de forma mais inteligente, evita desperd\u00edcios e inspira sua equipe a trabalhar com prop\u00f3sito. Um l\u00edder essencialista cria uma cultura de clareza, onde todos sabem o que importa e por qu\u00ea.<\/li>\n<\/ul>\n\n\n\n<h2 class=\"wp-block-heading\">O Caminho do Essencialismo: Explorar, Eliminar, Executar<\/h2>\n\n\n\n<p class=\"wp-block-paragraph\"><a href=\"https:\/\/amzn.to\/40L3hIU\" target=\"_blank\" rel=\"noreferrer noopener\">McKeown<\/a> oferece um roteiro simples e em tr\u00eas passos poderosos, para viver o essencialismo: Explorar, Eliminar e Executar. Vamos ver como cada passo pode transformar sua lideran\u00e7a.<\/p>\n\n\n\n<h3 class=\"wp-block-heading\">1. Explorar: Encontrar o Que Realmente Importa<\/h3>\n\n\n\n<p class=\"wp-block-paragraph\">Ser essencialista come\u00e7a com uma pergunta: \u201cIsso \u00e9 realmente importante?\u201d Em vez de reagir a cada e-mail ou pedido, pare e avalie. No livro,<a href=\"https:\/\/amzn.to\/40L3hIU\" target=\"_blank\" rel=\"noreferrer noopener\"> McKeown<\/a> alerta contra a mentalidade de que \u201ctudo \u00e9 importante\u201d , que leva l\u00edderes a se perderem em tarefas irrelevantes.<\/p>\n\n\n\n<ul class=\"wp-block-list\">\n<li><strong>Como Fazer<\/strong>: Reserve um momento para refletir sobre suas metas. Pergunte: \u201cEssa tarefa alinha com os objetivos da empresa? E com os meus valores pessoais?\u201d <\/li>\n\n\n\n<li><strong>Benef\u00edcio Pessoal<\/strong>: Ao focar no que importa, voc\u00ea evita a sensa\u00e7\u00e3o de estar \u201capagando inc\u00eandios\u201d o tempo todo. Isso traz paz de esp\u00edrito e confian\u00e7a nas suas escolhas.<\/li>\n\n\n\n<li><strong>Benef\u00edcio Corporativo<\/strong>: Priorizar projetos estrat\u00e9gicos maximiza o retorno sobre o investimento de tempo e recursos, fortalecendo a posi\u00e7\u00e3o da empresa no mercado.<\/li>\n<\/ul>\n\n\n\n<p class=\"wp-block-paragraph\"><strong>Dica Pr\u00e1tica<\/strong>: Fa\u00e7a uma \u201climpeza de prioridades\u201d toda semana. Liste suas tarefas e classifique-as de 1 a 10 em import\u00e2ncia. Foque apenas nas que pontuarem 9 ou 10. <\/p>\n\n\n\n<h3 class=\"wp-block-heading\">2. Eliminar: O Poder de Dizer N\u00e3o<\/h3>\n\n\n\n<p class=\"wp-block-paragraph\">Dizer \u201cn\u00e3o\u201d \u00e9 onde o essencialismo ganha vida. \u00c9 tamb\u00e9m onde muitos l\u00edderes trope\u00e7am, como <a href=\"https:\/\/amzn.to\/40L3hIU\" target=\"_blank\" rel=\"noreferrer noopener\">McKeown<\/a> no dia do nascimento de sua filha. O trecho do livro destaca o problema de dizer \u201csim\u201d sem pensar, o que leva a uma execu\u00e7\u00e3o apressada e resultados fracos.<\/p>\n\n\n\n<ul class=\"wp-block-list\">\n<li><strong>Como Fazer<\/strong>: Pratique recusas gentis, como: \u201cAgrade\u00e7o o convite, mas estou focado em outras prioridades agora.\u201d Delegue tarefas rotineiras. Use a tecnologia a seu favor. Cancele reuni\u00f5es que n\u00e3o agregam valor.<\/li>\n\n\n\n<li><strong>Benef\u00edcio Pessoal<\/strong>: Dizer \u201cn\u00e3o\u201d libera tempo para o que voc\u00ea considera prioridade, seja pessoal como estar com a fam\u00edlia ou deidcar tempo e foco a um projeto importante. Manter um equil\u00edbrio em suas atividades profissionais e pessoais ajuda a manter sua energia e evita o burnout.<\/li>\n\n\n\n<li><strong>Benef\u00edcio Corporativo<\/strong>: Ao eliminar o desnecess\u00e1rio, voc\u00ea otimiza recursos e evita que sua equipe desperdice tempo em tarefas de baixo impacto, aumentando a efici\u00eancia organizacional.<\/li>\n<\/ul>\n\n\n\n<p class=\"wp-block-paragraph\"><strong>Dica Pr\u00e1tica<\/strong>: Experimente dizer \u201cn\u00e3o\u201d a pelo menos uma solicita\u00e7\u00e3o esta semana. Automatize tarefas repetitivas pu elimine-as se n\u00e3o forem realmente necess\u00e1rias.<\/p>\n\n\n\n<h3 class=\"wp-block-heading\">3. Executar: Fazer o Importante com Facilidade<\/h3>\n\n\n\n<p class=\"wp-block-paragraph\">Depois de identificar o essencial e eliminar o resto, \u00e9 hora de executar com foco. O essencialismo n\u00e3o \u00e9 sobre trabalhar menos, mas sobre trabalhar de forma mais inteligente, criando sistemas que tornem o progresso natural.<\/p>\n\n\n\n<ul class=\"wp-block-list\">\n<li><strong>Como Fazer<\/strong>: Estabele\u00e7a rotinas que protejam seu tempo. Por exemplo, reserve uma hora matinal para trabalhar em projetos estrat\u00e9gicos sem interrup\u00e7\u00f5es. Use ferramentas de intelig\u00eancia artificial quando poss\u00edvel. Fa\u00e7a a tecnologia trabalhar a seu favor. <\/li>\n\n\n\n<li><strong>Benef\u00edcio Pessoal<\/strong>: Focar no essencial reduz a sobrecarga e aumenta sua satisfa\u00e7\u00e3o no trabalho. Com mais tempo para dedicar a determinado projeto voc\u00ea colher\u00e1 o resultado em menos tempo e ser\u00e1 recompensado por isso.<\/li>\n\n\n\n<li><strong>Benef\u00edcio Corporativo<\/strong>: Uma execu\u00e7\u00e3o focada leva a resultados consistentes e de alta qualidade, construindo confian\u00e7a com stakeholders e fortalecendo a reputa\u00e7\u00e3o da empresa.<\/li>\n<\/ul>\n\n\n\n<p class=\"wp-block-paragraph\"><strong>Dica Pr\u00e1tica<\/strong>: Use o bloqueio de tempo para proteger suas prioridades. Reserve tempo na sua agenda para trabalho focado, v\u00e1 a reuni\u00f5es que tragam informa\u00e7\u00f5es pertinentes aos seus projetos e evite aquelas que n\u00e3o agregam. <\/p>\n\n\n\n<h2 class=\"wp-block-heading\">Como a IA Apoia o Essencialismo<\/h2>\n\n\n\n<p class=\"wp-block-paragraph\">O mundo corporativo est\u00e1 sendo transformado pela intelig\u00eancia artificial. N\u00e3o fique de fora. Veja alguns exemplos em que a intelig\u00eancia artificial pode ajudar a manter seu foco naquilo que \u00e9 importante.<\/p>\n\n\n\n<ul class=\"wp-block-list\">\n<li><strong>An\u00e1lise de dados<\/strong>: Com a integra\u00e7\u00e3o da IA na maioria das ferramentas incluindo navegadores como o Edge da Microsoft, voc\u00ea pode efetuar desde pesquisas r\u00e1pidas at\u00e9 an\u00e1lise de dados complexos. Por\u00e9m, cuidado com dados confidenciais. Para dados p\u00fablicos que podem ser compartilhados, mas precisam de uma an\u00e1lise que toma tempo, ferramentas como chat GPT, Gemini, Grok e outras podem ser acessadas de forma gratuita com grandes benef\u00edcios para a produtividade. Para dados confidenciais, verifique a pol\u00edtica de sua empresa e use ferramentas homologadas internamente apenas.<\/li>\n\n\n\n<li><strong>Resumo de Reuni\u00f5es<\/strong>: Reuni\u00f5es informativas podem ser gravadas para quem tem interesse no que foi discutido. Se seu interesse \u00e9 um tema espec\u00edfico de uma reuni\u00e3o de duas horas onde se tratou de v\u00e1rios assuntos, solicite a grava\u00e7\u00e3o e v\u00e1 direto ao ponto. H\u00e1 ferramentas de IA que fazem um resumo e lista os principais pontos.<\/li>\n\n\n\n<li><strong>Gera\u00e7\u00e3o de Relat\u00f3rios<\/strong>: N\u00e3o estou dizendo que a IA far\u00e1 o relat\u00f3rio por voc\u00ea, mas pode te providenciar um draft bastante completo, dependendo de sua habilidade para solicitar o que precisa. Nunca envie um relat\u00f3rio feito por IA sem antes revis\u00e1-lo e alter\u00e1-lo. Por mais perfeito que pare\u00e7a, \u00e9 voc\u00ea quem tem a responsabilidade pelos dados e sua an\u00e1lise. A tecnologia \u00e9 uma ferramenta, assim como uma calculadora o \u00e9, mas a m\u00e1quina n\u00e3o \u00e9 respons\u00e1vel pelo mal resultado, mas voc\u00ea.<\/li>\n<\/ul>\n\n\n\n<p class=\"wp-block-paragraph\">Essas s\u00e3o apenas alguns exemplos de como a IA pode ajudar na tarefa de ser essencialista, mas h\u00e1 muitas outras incluindo os agentes de IA presentes na grande parte dos modelos. <\/p>\n\n\n\n<h2 class=\"wp-block-heading\">Escapando da Armadilha do \u201cTudo \u00e9 Importante\u201d<\/h2>\n\n\n\n<p class=\"wp-block-paragraph\">O livro<a href=\"https:\/\/amzn.to\/40L3hIU\" target=\"_blank\" rel=\"noreferrer noopener\"> <em>Essencialismo<\/em><\/a> destaca a armadilha de aceitar tarefas demais  e reagir ao que \u00e9 urgente, n\u00e3o ao que \u00e9 importante. Quantas vezes voc\u00ea j\u00e1 se viu correndo para cumprir prazos de \u00faltima hora porque disse \u201csim\u201d a algo que n\u00e3o deveria? Aqui est\u00e1 como evitar isso:<\/p>\n\n\n\n<ul class=\"wp-block-list\">\n<li><strong>Desafie o \u201cTudo \u00e9 Importante\u201d<\/strong>: Use a regra dos 90% de McKeown: se uma tarefa n\u00e3o \u00e9 extremamente importante (9\/10 ou mais), elimine-a. Isso protege seu tempo e energia.<\/li>\n\n\n\n<li><strong>Reserve Espa\u00e7o para Pensar<\/strong>: Crie momentos de pausa no seu dia para refletir. Um l\u00edder que n\u00e3o pensa est\u00e1 apenas reagindo, n\u00e3o liderando.<\/li>\n\n\n\n<li><strong>Inspire Sua Equipe<\/strong>: Ensine sua equipe a priorizar e dizer \u201cn\u00e3o\u201d ao que n\u00e3o agrega. Uma cultura essencialista aumenta a produtividade e o engajamento de todos.<\/li>\n<\/ul>\n\n\n\n<p class=\"wp-block-paragraph\">al manter a \u00e9tica em primeiro plano, garantindo que a tecnologia sirva ao bem maior.<\/p>\n\n\n\n<h2 class=\"wp-block-heading\">Menos \u00e9 Mais<\/h2>\n\n\n\n<p class=\"wp-block-paragraph\"><a href=\"https:\/\/amzn.to\/40L3hIU\" target=\"_blank\" rel=\"noreferrer noopener\">Essencialismo<\/a> n\u00e3o \u00e9 s\u00f3 sobre gerenciar tempo \u2014 \u00e9 sobre liderar com prop\u00f3sito. Ao escolher o que realmente importa, dizer \u201cn\u00e3o\u201d ao desnecess\u00e1rio e executar com clareza, voc\u00ea n\u00e3o s\u00f3 melhora seus resultados, mas tamb\u00e9m vive com mais leveza. Para l\u00edderes e futuros l\u00edderes, o essencialismo \u00e9 um convite a liderar de forma mais humana, conectada e impactante.<\/p>\n\n\n\n<p class=\"wp-block-paragraph\"><strong>Chamada para A\u00e7\u00e3o<\/strong>: Comece hoje. Fa\u00e7a uma lista das suas tarefas e elimine uma que n\u00e3o seja essencial. Priorize seu pr\u00f3ximo projeto e reserve um momento para refletir. Compartilhe essa mentalidade com sua equipe e veja como menos pode ser mais.<\/p>\n\n\n\n<h2 class=\"wp-block-heading\">PodCast sobre o o livro<\/h2>\n\n\n\n<figure class=\"wp-block-embed is-type-video is-provider-youtube wp-block-embed-youtube wp-embed-aspect-16-9 wp-has-aspect-ratio\"><div class=\"wp-block-embed__wrapper\">\n<span class=\"embed-youtube\" style=\"text-align:center; display: block;\"><iframe loading=\"lazy\" class=\"youtube-player\" width=\"660\" height=\"372\" src=\"https:\/\/www.youtube.com\/embed\/yrVat90V_GI?version=3&#038;rel=1&#038;showsearch=0&#038;showinfo=1&#038;iv_load_policy=1&#038;fs=1&#038;hl=pt-BR&#038;autohide=2&#038;wmode=transparent\" allowfullscreen=\"true\" style=\"border:0;\" sandbox=\"allow-scripts allow-same-origin allow-popups allow-presentation allow-popups-to-escape-sandbox\"><\/iframe><\/span>\n<\/div><\/figure>\n\n\n\n<p class=\"wp-block-paragraph\"><\/p>\n","protected":false},"excerpt":{"rendered":"<p>Fernando Neves, Ph.D. Imagine receber um e-mail convocando voc\u00ea para uma reuni\u00e3o de trabalho no mesmo dia em que sua filha nasce. Foi exatamente isso que aconteceu com Greg McKeown, autor de Essencialismo. Pressionado pela cultura corporativa de dizer \u201csim\u201d a tudo, ele aceitou participar, mesmo sabendo que sua prioridade deveria ser estar com sua &hellip; <a href=\"https:\/\/corporateacademy.org\/index.php\/2025\/08\/04\/diga-nao-para-produzir-mais-e-melhor-o-poder-do-essencialismo\/\" class=\"more-link\">Continuar lendo <span class=\"screen-reader-text\">Diga N\u00c3O para Produzir Mais e Melhor. O poder do Essencialismo<\/span><\/a><\/p>\n","protected":false},"author":1,"featured_media":2545,"comment_status":"open","ping_status":"open","sticky":false,"template":"","format":"standard","meta":{"_jetpack_newsletter_access":"","_jetpack_dont_email_post_to_subs":false,"_jetpack_newsletter_tier_id":0,"_jetpack_memberships_contains_paywalled_content":false,"_jetpack_feature_clip_id":0,"_jetpack_memberships_contains_paid_content":false,"footnotes":"","jetpack_publicize_message":"","jetpack_publicize_feature_enabled":true,"jetpack_social_post_already_shared":true,"jetpack_social_options":{"image_generator_settings":{"template":"highway","default_image_id":0,"font":"","enabled":false},"version":2},"jetpack_post_was_ever_published":false},"categories":[19,20,364,315,182],"tags":[731,453,804,807,70,806,217,803,805,799,802,801,367,808,745,800,706,135,728,62,656,671,69,254,369,452,245,481,284],"class_list":["post-2543","post","type-post","status-publish","format-standard","has-post-thumbnail","hentry","category-ambiente-corporativo","category-gestao-de-pessoas","category-gestao-do-tempo","category-relacionamento","category-trabalho-em-equipe","tag-automacao","tag-bem-estar","tag-clareza","tag-cultura-de-foco","tag-deep-learning","tag-delegacao","tag-dizer-nao","tag-eficiencia","tag-eliminacao-de-tarefas","tag-essencialismo","tag-etica-na-lideranca","tag-execucao-eficaz","tag-foco","tag-gestao-de-prioridades","tag-gestao-de-tempo","tag-greg-mckeown","tag-ia","tag-inovacao","tag-inteligencia-artificial-2","tag-lideranca","tag-lideranca-com-proposito","tag-lideranca-estrategica","tag-machine-learning","tag-mundo-corporativo","tag-prioridades","tag-produtividade","tag-tecnologia","tag-tomada-de-decisao","tag-transformacao-digital"],"aioseo_notices":[],"aioseo_head":"\n\t\t<!-- All in One SEO 5.0.1.1 - aioseo.com -->\n\t<meta name=\"description\" content=\"Fernando Neves, Ph.D. Imagine receber um e-mail convocando voc\u00ea para uma reuni\u00e3o de trabalho no mesmo dia em que sua filha nasce. Foi exatamente isso que aconteceu com Greg McKeown, autor de Essencialismo. Pressionado pela cultura corporativa de dizer \u201csim\u201d a tudo, ele aceitou participar, mesmo sabendo que sua prioridade deveria ser estar com sua\" \/>\n\t<meta name=\"robots\" content=\"max-image-preview:large\" \/>\n\t<meta name=\"author\" content=\"Editor\"\/>\n\t<link rel=\"canonical\" href=\"https:\/\/corporateacademy.org\/index.php\/2025\/08\/04\/diga-nao-para-produzir-mais-e-melhor-o-poder-do-essencialismo\/\" \/>\n\t<meta name=\"generator\" content=\"All in One SEO (AIOSEO) 5.0.1.1\" \/>\n\t\t<meta property=\"og:locale\" content=\"pt_BR\" \/>\n\t\t<meta property=\"og:site_name\" content=\"Corporate Academy - Compartilhando Conhecimento\" \/>\n\t\t<meta property=\"og:type\" content=\"article\" \/>\n\t\t<meta property=\"og:title\" content=\"Diga N\u00c3O para Produzir Mais e Melhor. O poder do Essencialismo - Corporate Academy\" \/>\n\t\t<meta property=\"og:description\" content=\"Fernando Neves, Ph.D. Imagine receber um e-mail convocando voc\u00ea para uma reuni\u00e3o de trabalho no mesmo dia em que sua filha nasce. Foi exatamente isso que aconteceu com Greg McKeown, autor de Essencialismo. Pressionado pela cultura corporativa de dizer \u201csim\u201d a tudo, ele aceitou participar, mesmo sabendo que sua prioridade deveria ser estar com sua\" \/>\n\t\t<meta property=\"og:url\" content=\"https:\/\/corporateacademy.org\/index.php\/2025\/08\/04\/diga-nao-para-produzir-mais-e-melhor-o-poder-do-essencialismo\/\" \/>\n\t\t<meta property=\"og:image\" content=\"https:\/\/i0.wp.com\/corporateacademy.org\/wp-content\/uploads\/2018\/03\/Logo200x200.jpg?fit=200200\" \/>\n\t\t<meta property=\"og:image:secure_url\" content=\"https:\/\/i0.wp.com\/corporateacademy.org\/wp-content\/uploads\/2018\/03\/Logo200x200.jpg?fit=200200\" \/>\n\t\t<meta property=\"article:published_time\" content=\"2025-08-04T17:09:33+00:00\" \/>\n\t\t<meta property=\"article:modified_time\" content=\"2025-08-05T16:26:43+00:00\" \/>\n\t\t<meta name=\"twitter:card\" content=\"summary_large_image\" \/>\n\t\t<meta name=\"twitter:title\" content=\"Diga N\u00c3O para Produzir Mais e Melhor. O poder do Essencialismo - Corporate Academy\" \/>\n\t\t<meta name=\"twitter:description\" content=\"Fernando Neves, Ph.D. Imagine receber um e-mail convocando voc\u00ea para uma reuni\u00e3o de trabalho no mesmo dia em que sua filha nasce. Foi exatamente isso que aconteceu com Greg McKeown, autor de Essencialismo. Pressionado pela cultura corporativa de dizer \u201csim\u201d a tudo, ele aceitou participar, mesmo sabendo que sua prioridade deveria ser estar com sua\" \/>\n\t\t<meta name=\"twitter:image\" content=\"https:\/\/i0.wp.com\/corporateacademy.org\/wp-content\/uploads\/2018\/03\/Logo200x200.jpg?fit=200200\" \/>\n\t\t<script type=\"application\/ld+json\" class=\"aioseo-schema\">\n\t\t\t{\"@context\":\"https:\\\/\\\/schema.org\",\"@graph\":[{\"@type\":\"BlogPosting\",\"@id\":\"https:\\\/\\\/corporateacademy.org\\\/index.php\\\/2025\\\/08\\\/04\\\/diga-nao-para-produzir-mais-e-melhor-o-poder-do-essencialismo\\\/#blogposting\",\"name\":\"Diga N\\u00c3O para Produzir Mais e Melhor. O poder do Essencialismo - Corporate Academy\",\"headline\":\"Diga N\\u00c3O para Produzir Mais e Melhor. O poder do Essencialismo\",\"author\":{\"@id\":\"https:\\\/\\\/corporateacademy.org\\\/index.php\\\/author\\\/nevesf\\\/#author\"},\"publisher\":{\"@id\":\"https:\\\/\\\/corporateacademy.org\\\/#organization\"},\"image\":{\"@type\":\"ImageObject\",\"url\":\"https:\\\/\\\/i0.wp.com\\\/corporateacademy.org\\\/wp-content\\\/uploads\\\/2025\\\/08\\\/Escritorio-Noite.png?fit=1820%2C1024&ssl=1\",\"width\":1820,\"height\":1024,\"caption\":\"Jovem executivo em escrit\\u00f3rio \\u00e0 noite trabalhando\"},\"datePublished\":\"2025-08-04T14:09:33-03:00\",\"dateModified\":\"2025-08-05T13:26:43-03:00\",\"inLanguage\":\"pt-BR\",\"mainEntityOfPage\":{\"@id\":\"https:\\\/\\\/corporateacademy.org\\\/index.php\\\/2025\\\/08\\\/04\\\/diga-nao-para-produzir-mais-e-melhor-o-poder-do-essencialismo\\\/#webpage\"},\"isPartOf\":{\"@id\":\"https:\\\/\\\/corporateacademy.org\\\/index.php\\\/2025\\\/08\\\/04\\\/diga-nao-para-produzir-mais-e-melhor-o-poder-do-essencialismo\\\/#webpage\"},\"articleSection\":\"Ambiente corporativo, gest\\u00e3o de pessoas, gest\\u00e3o do tempo, Relacionamento, Trabalho em Equipe, automa\\u00e7\\u00e3o, bem-estar, clareza, cultura de foco, deep learning, delega\\u00e7\\u00e3o, dizer n\\u00e3o, efici\\u00eancia, elimina\\u00e7\\u00e3o de tarefas, essencialismo, \\u00e9tica na lideran\\u00e7a, execu\\u00e7\\u00e3o eficaz, foco, gest\\u00e3o de prioridades, gest\\u00e3o de tempo, Greg McKeown, IA, inova\\u00e7\\u00e3o, intelig\\u00eancia artificial, lideran\\u00e7a, Lideran\\u00e7a com Prop\\u00f3sito, Lideran\\u00e7a Estrat\\u00e9gica, machine learning, mundo corporativo, prioridades, produtividade, tecnologia, tomada de decis\\u00e3o, transforma\\u00e7\\u00e3o digital\"},{\"@type\":\"BreadcrumbList\",\"@id\":\"https:\\\/\\\/corporateacademy.org\\\/index.php\\\/2025\\\/08\\\/04\\\/diga-nao-para-produzir-mais-e-melhor-o-poder-do-essencialismo\\\/#breadcrumblist\",\"itemListElement\":[{\"@type\":\"ListItem\",\"@id\":\"https:\\\/\\\/corporateacademy.org#listItem\",\"position\":1,\"name\":\"Home\",\"item\":\"https:\\\/\\\/corporateacademy.org\",\"nextItem\":{\"@type\":\"ListItem\",\"@id\":\"https:\\\/\\\/corporateacademy.org\\\/index.php\\\/category\\\/ambiente-corporativo\\\/#listItem\",\"name\":\"Ambiente corporativo\"}},{\"@type\":\"ListItem\",\"@id\":\"https:\\\/\\\/corporateacademy.org\\\/index.php\\\/category\\\/ambiente-corporativo\\\/#listItem\",\"position\":2,\"name\":\"Ambiente corporativo\",\"item\":\"https:\\\/\\\/corporateacademy.org\\\/index.php\\\/category\\\/ambiente-corporativo\\\/\",\"nextItem\":{\"@type\":\"ListItem\",\"@id\":\"https:\\\/\\\/corporateacademy.org\\\/index.php\\\/2025\\\/08\\\/04\\\/diga-nao-para-produzir-mais-e-melhor-o-poder-do-essencialismo\\\/#listItem\",\"name\":\"Diga N\\u00c3O para Produzir Mais e Melhor. O poder do Essencialismo\"},\"previousItem\":{\"@type\":\"ListItem\",\"@id\":\"https:\\\/\\\/corporateacademy.org#listItem\",\"name\":\"Home\"}},{\"@type\":\"ListItem\",\"@id\":\"https:\\\/\\\/corporateacademy.org\\\/index.php\\\/2025\\\/08\\\/04\\\/diga-nao-para-produzir-mais-e-melhor-o-poder-do-essencialismo\\\/#listItem\",\"position\":3,\"name\":\"Diga N\\u00c3O para Produzir Mais e Melhor. O poder do Essencialismo\",\"previousItem\":{\"@type\":\"ListItem\",\"@id\":\"https:\\\/\\\/corporateacademy.org\\\/index.php\\\/category\\\/ambiente-corporativo\\\/#listItem\",\"name\":\"Ambiente corporativo\"}}]},{\"@type\":\"Organization\",\"@id\":\"https:\\\/\\\/corporateacademy.org\\\/#organization\",\"name\":\"Corporate Academy\",\"description\":\"Compartilhando Conhecimento\",\"url\":\"https:\\\/\\\/corporateacademy.org\\\/\",\"logo\":{\"@type\":\"ImageObject\",\"url\":\"https:\\\/\\\/i0.wp.com\\\/corporateacademy.org\\\/wp-content\\\/uploads\\\/2018\\\/03\\\/Logo200x200.jpg?fit=200%2C200&ssl=1\",\"@id\":\"https:\\\/\\\/corporateacademy.org\\\/index.php\\\/2025\\\/08\\\/04\\\/diga-nao-para-produzir-mais-e-melhor-o-poder-do-essencialismo\\\/#organizationLogo\",\"width\":200,\"height\":200},\"image\":{\"@id\":\"https:\\\/\\\/corporateacademy.org\\\/index.php\\\/2025\\\/08\\\/04\\\/diga-nao-para-produzir-mais-e-melhor-o-poder-do-essencialismo\\\/#organizationLogo\"}},{\"@type\":\"Person\",\"@id\":\"https:\\\/\\\/corporateacademy.org\\\/index.php\\\/author\\\/nevesf\\\/#author\",\"url\":\"https:\\\/\\\/corporateacademy.org\\\/index.php\\\/author\\\/nevesf\\\/\",\"name\":\"Editor\",\"image\":{\"@type\":\"ImageObject\",\"@id\":\"https:\\\/\\\/corporateacademy.org\\\/index.php\\\/2025\\\/08\\\/04\\\/diga-nao-para-produzir-mais-e-melhor-o-poder-do-essencialismo\\\/#authorImage\",\"url\":\"https:\\\/\\\/secure.gravatar.com\\\/avatar\\\/40a180061deabb68d04bd9f812bde2b372b5d57984baf7dd947ee866377d90fb?s=96&d=blank&r=g\",\"width\":96,\"height\":96,\"caption\":\"Editor\"}},{\"@type\":\"WebPage\",\"@id\":\"https:\\\/\\\/corporateacademy.org\\\/index.php\\\/2025\\\/08\\\/04\\\/diga-nao-para-produzir-mais-e-melhor-o-poder-do-essencialismo\\\/#webpage\",\"url\":\"https:\\\/\\\/corporateacademy.org\\\/index.php\\\/2025\\\/08\\\/04\\\/diga-nao-para-produzir-mais-e-melhor-o-poder-do-essencialismo\\\/\",\"name\":\"Diga N\\u00c3O para Produzir Mais e Melhor. O poder do Essencialismo - Corporate Academy\",\"description\":\"Fernando Neves, Ph.D. Imagine receber um e-mail convocando voc\\u00ea para uma reuni\\u00e3o de trabalho no mesmo dia em que sua filha nasce. Foi exatamente isso que aconteceu com Greg McKeown, autor de Essencialismo. Pressionado pela cultura corporativa de dizer \\u201csim\\u201d a tudo, ele aceitou participar, mesmo sabendo que sua prioridade deveria ser estar com sua\",\"inLanguage\":\"pt-BR\",\"isPartOf\":{\"@id\":\"https:\\\/\\\/corporateacademy.org\\\/#website\"},\"breadcrumb\":{\"@id\":\"https:\\\/\\\/corporateacademy.org\\\/index.php\\\/2025\\\/08\\\/04\\\/diga-nao-para-produzir-mais-e-melhor-o-poder-do-essencialismo\\\/#breadcrumblist\"},\"author\":{\"@id\":\"https:\\\/\\\/corporateacademy.org\\\/index.php\\\/author\\\/nevesf\\\/#author\"},\"creator\":{\"@id\":\"https:\\\/\\\/corporateacademy.org\\\/index.php\\\/author\\\/nevesf\\\/#author\"},\"image\":{\"@type\":\"ImageObject\",\"url\":\"https:\\\/\\\/i0.wp.com\\\/corporateacademy.org\\\/wp-content\\\/uploads\\\/2025\\\/08\\\/Escritorio-Noite.png?fit=1820%2C1024&ssl=1\",\"@id\":\"https:\\\/\\\/corporateacademy.org\\\/index.php\\\/2025\\\/08\\\/04\\\/diga-nao-para-produzir-mais-e-melhor-o-poder-do-essencialismo\\\/#mainImage\",\"width\":1820,\"height\":1024,\"caption\":\"Jovem executivo em escrit\\u00f3rio \\u00e0 noite trabalhando\"},\"primaryImageOfPage\":{\"@id\":\"https:\\\/\\\/corporateacademy.org\\\/index.php\\\/2025\\\/08\\\/04\\\/diga-nao-para-produzir-mais-e-melhor-o-poder-do-essencialismo\\\/#mainImage\"},\"datePublished\":\"2025-08-04T14:09:33-03:00\",\"dateModified\":\"2025-08-05T13:26:43-03:00\"},{\"@type\":\"WebSite\",\"@id\":\"https:\\\/\\\/corporateacademy.org\\\/#website\",\"url\":\"https:\\\/\\\/corporateacademy.org\\\/\",\"name\":\"Corporate Academy\",\"description\":\"Compartilhando Conhecimento\",\"inLanguage\":\"pt-BR\",\"publisher\":{\"@id\":\"https:\\\/\\\/corporateacademy.org\\\/#organization\"}}]}\n\t\t<\/script>\n\t\t<!-- All in One SEO -->\n\n","aioseo_head_json":{"title":"Diga N\u00c3O para Produzir Mais e Melhor. O poder do Essencialismo - Corporate Academy","description":"Fernando Neves, Ph.D. Imagine receber um e-mail convocando voc\u00ea para uma reuni\u00e3o de trabalho no mesmo dia em que sua filha nasce. Foi exatamente isso que aconteceu com Greg McKeown, autor de Essencialismo. Pressionado pela cultura corporativa de dizer \u201csim\u201d a tudo, ele aceitou participar, mesmo sabendo que sua prioridade deveria ser estar com sua","canonical_url":"https:\/\/corporateacademy.org\/index.php\/2025\/08\/04\/diga-nao-para-produzir-mais-e-melhor-o-poder-do-essencialismo\/","robots":"max-image-preview:large","keywords":"","webmasterTools":{"miscellaneous":""},"schema":{"@context":"https:\/\/schema.org","@graph":[{"@type":"BlogPosting","@id":"https:\/\/corporateacademy.org\/index.php\/2025\/08\/04\/diga-nao-para-produzir-mais-e-melhor-o-poder-do-essencialismo\/#blogposting","name":"Diga N\u00c3O para Produzir Mais e Melhor. O poder do Essencialismo - Corporate Academy","headline":"Diga N\u00c3O para Produzir Mais e Melhor. O poder do Essencialismo","author":{"@id":"https:\/\/corporateacademy.org\/index.php\/author\/nevesf\/#author"},"publisher":{"@id":"https:\/\/corporateacademy.org\/#organization"},"image":{"@type":"ImageObject","url":"https:\/\/i0.wp.com\/corporateacademy.org\/wp-content\/uploads\/2025\/08\/Escritorio-Noite.png?fit=1820%2C1024&ssl=1","width":1820,"height":1024,"caption":"Jovem executivo em escrit\u00f3rio \u00e0 noite trabalhando"},"datePublished":"2025-08-04T14:09:33-03:00","dateModified":"2025-08-05T13:26:43-03:00","inLanguage":"pt-BR","mainEntityOfPage":{"@id":"https:\/\/corporateacademy.org\/index.php\/2025\/08\/04\/diga-nao-para-produzir-mais-e-melhor-o-poder-do-essencialismo\/#webpage"},"isPartOf":{"@id":"https:\/\/corporateacademy.org\/index.php\/2025\/08\/04\/diga-nao-para-produzir-mais-e-melhor-o-poder-do-essencialismo\/#webpage"},"articleSection":"Ambiente corporativo, gest\u00e3o de pessoas, gest\u00e3o do tempo, Relacionamento, Trabalho em Equipe, automa\u00e7\u00e3o, bem-estar, clareza, cultura de foco, deep learning, delega\u00e7\u00e3o, dizer n\u00e3o, efici\u00eancia, elimina\u00e7\u00e3o de tarefas, essencialismo, \u00e9tica na lideran\u00e7a, execu\u00e7\u00e3o eficaz, foco, gest\u00e3o de prioridades, gest\u00e3o de tempo, Greg McKeown, IA, inova\u00e7\u00e3o, intelig\u00eancia artificial, lideran\u00e7a, Lideran\u00e7a com Prop\u00f3sito, Lideran\u00e7a Estrat\u00e9gica, machine learning, mundo corporativo, prioridades, produtividade, tecnologia, tomada de decis\u00e3o, transforma\u00e7\u00e3o digital"},{"@type":"BreadcrumbList","@id":"https:\/\/corporateacademy.org\/index.php\/2025\/08\/04\/diga-nao-para-produzir-mais-e-melhor-o-poder-do-essencialismo\/#breadcrumblist","itemListElement":[{"@type":"ListItem","@id":"https:\/\/corporateacademy.org#listItem","position":1,"name":"Home","item":"https:\/\/corporateacademy.org","nextItem":{"@type":"ListItem","@id":"https:\/\/corporateacademy.org\/index.php\/category\/ambiente-corporativo\/#listItem","name":"Ambiente corporativo"}},{"@type":"ListItem","@id":"https:\/\/corporateacademy.org\/index.php\/category\/ambiente-corporativo\/#listItem","position":2,"name":"Ambiente corporativo","item":"https:\/\/corporateacademy.org\/index.php\/category\/ambiente-corporativo\/","nextItem":{"@type":"ListItem","@id":"https:\/\/corporateacademy.org\/index.php\/2025\/08\/04\/diga-nao-para-produzir-mais-e-melhor-o-poder-do-essencialismo\/#listItem","name":"Diga N\u00c3O para Produzir Mais e Melhor. O poder do Essencialismo"},"previousItem":{"@type":"ListItem","@id":"https:\/\/corporateacademy.org#listItem","name":"Home"}},{"@type":"ListItem","@id":"https:\/\/corporateacademy.org\/index.php\/2025\/08\/04\/diga-nao-para-produzir-mais-e-melhor-o-poder-do-essencialismo\/#listItem","position":3,"name":"Diga N\u00c3O para Produzir Mais e Melhor. O poder do Essencialismo","previousItem":{"@type":"ListItem","@id":"https:\/\/corporateacademy.org\/index.php\/category\/ambiente-corporativo\/#listItem","name":"Ambiente corporativo"}}]},{"@type":"Organization","@id":"https:\/\/corporateacademy.org\/#organization","name":"Corporate Academy","description":"Compartilhando Conhecimento","url":"https:\/\/corporateacademy.org\/","logo":{"@type":"ImageObject","url":"https:\/\/i0.wp.com\/corporateacademy.org\/wp-content\/uploads\/2018\/03\/Logo200x200.jpg?fit=200%2C200&ssl=1","@id":"https:\/\/corporateacademy.org\/index.php\/2025\/08\/04\/diga-nao-para-produzir-mais-e-melhor-o-poder-do-essencialismo\/#organizationLogo","width":200,"height":200},"image":{"@id":"https:\/\/corporateacademy.org\/index.php\/2025\/08\/04\/diga-nao-para-produzir-mais-e-melhor-o-poder-do-essencialismo\/#organizationLogo"}},{"@type":"Person","@id":"https:\/\/corporateacademy.org\/index.php\/author\/nevesf\/#author","url":"https:\/\/corporateacademy.org\/index.php\/author\/nevesf\/","name":"Editor","image":{"@type":"ImageObject","@id":"https:\/\/corporateacademy.org\/index.php\/2025\/08\/04\/diga-nao-para-produzir-mais-e-melhor-o-poder-do-essencialismo\/#authorImage","url":"https:\/\/secure.gravatar.com\/avatar\/40a180061deabb68d04bd9f812bde2b372b5d57984baf7dd947ee866377d90fb?s=96&d=blank&r=g","width":96,"height":96,"caption":"Editor"}},{"@type":"WebPage","@id":"https:\/\/corporateacademy.org\/index.php\/2025\/08\/04\/diga-nao-para-produzir-mais-e-melhor-o-poder-do-essencialismo\/#webpage","url":"https:\/\/corporateacademy.org\/index.php\/2025\/08\/04\/diga-nao-para-produzir-mais-e-melhor-o-poder-do-essencialismo\/","name":"Diga N\u00c3O para Produzir Mais e Melhor. O poder do Essencialismo - Corporate Academy","description":"Fernando Neves, Ph.D. Imagine receber um e-mail convocando voc\u00ea para uma reuni\u00e3o de trabalho no mesmo dia em que sua filha nasce. Foi exatamente isso que aconteceu com Greg McKeown, autor de Essencialismo. Pressionado pela cultura corporativa de dizer \u201csim\u201d a tudo, ele aceitou participar, mesmo sabendo que sua prioridade deveria ser estar com sua","inLanguage":"pt-BR","isPartOf":{"@id":"https:\/\/corporateacademy.org\/#website"},"breadcrumb":{"@id":"https:\/\/corporateacademy.org\/index.php\/2025\/08\/04\/diga-nao-para-produzir-mais-e-melhor-o-poder-do-essencialismo\/#breadcrumblist"},"author":{"@id":"https:\/\/corporateacademy.org\/index.php\/author\/nevesf\/#author"},"creator":{"@id":"https:\/\/corporateacademy.org\/index.php\/author\/nevesf\/#author"},"image":{"@type":"ImageObject","url":"https:\/\/i0.wp.com\/corporateacademy.org\/wp-content\/uploads\/2025\/08\/Escritorio-Noite.png?fit=1820%2C1024&ssl=1","@id":"https:\/\/corporateacademy.org\/index.php\/2025\/08\/04\/diga-nao-para-produzir-mais-e-melhor-o-poder-do-essencialismo\/#mainImage","width":1820,"height":1024,"caption":"Jovem executivo em escrit\u00f3rio \u00e0 noite trabalhando"},"primaryImageOfPage":{"@id":"https:\/\/corporateacademy.org\/index.php\/2025\/08\/04\/diga-nao-para-produzir-mais-e-melhor-o-poder-do-essencialismo\/#mainImage"},"datePublished":"2025-08-04T14:09:33-03:00","dateModified":"2025-08-05T13:26:43-03:00"},{"@type":"WebSite","@id":"https:\/\/corporateacademy.org\/#website","url":"https:\/\/corporateacademy.org\/","name":"Corporate Academy","description":"Compartilhando Conhecimento","inLanguage":"pt-BR","publisher":{"@id":"https:\/\/corporateacademy.org\/#organization"}}]},"og:locale":"pt_BR","og:site_name":"Corporate Academy - Compartilhando Conhecimento","og:type":"article","og:title":"Diga N\u00c3O para Produzir Mais e Melhor. O poder do Essencialismo - Corporate Academy","og:description":"Fernando Neves, Ph.D. Imagine receber um e-mail convocando voc\u00ea para uma reuni\u00e3o de trabalho no mesmo dia em que sua filha nasce. Foi exatamente isso que aconteceu com Greg McKeown, autor de Essencialismo. Pressionado pela cultura corporativa de dizer \u201csim\u201d a tudo, ele aceitou participar, mesmo sabendo que sua prioridade deveria ser estar com sua","og:url":"https:\/\/corporateacademy.org\/index.php\/2025\/08\/04\/diga-nao-para-produzir-mais-e-melhor-o-poder-do-essencialismo\/","og:image":"https:\/\/i0.wp.com\/corporateacademy.org\/wp-content\/uploads\/2018\/03\/Logo200x200.jpg?fit=200200","og:image:secure_url":"https:\/\/i0.wp.com\/corporateacademy.org\/wp-content\/uploads\/2018\/03\/Logo200x200.jpg?fit=200200","article:published_time":"2025-08-04T17:09:33+00:00","article:modified_time":"2025-08-05T16:26:43+00:00","twitter:card":"summary_large_image","twitter:title":"Diga N\u00c3O para Produzir Mais e Melhor. O poder do Essencialismo - Corporate Academy","twitter:description":"Fernando Neves, Ph.D. Imagine receber um e-mail convocando voc\u00ea para uma reuni\u00e3o de trabalho no mesmo dia em que sua filha nasce. Foi exatamente isso que aconteceu com Greg McKeown, autor de Essencialismo. Pressionado pela cultura corporativa de dizer \u201csim\u201d a tudo, ele aceitou participar, mesmo sabendo que sua prioridade deveria ser estar com sua","twitter:image":"https:\/\/i0.wp.com\/corporateacademy.org\/wp-content\/uploads\/2018\/03\/Logo200x200.jpg?fit=200200"},"aioseo_meta_data":{"post_id":"2543","title":null,"description":null,"keywords":null,"keyphrases":null,"focus_keyword":null,"additional_keywords":null,"truseo_locale":null,"primary_term":null,"canonical_url":null,"og_title":null,"og_description":null,"og_object_type":"default","og_image_type":"default","og_image_custom_url":null,"og_image_custom_fields":null,"og_image_url":null,"og_image_width":null,"og_image_height":null,"og_video":null,"og_custom_url":null,"og_article_section":null,"og_article_tags":null,"twitter_use_og":false,"twitter_card":"default","twitter_image_type":"default","twitter_image_custom_url":null,"twitter_image_custom_fields":null,"twitter_image_url":null,"twitter_title":null,"twitter_description":null,"schema_type":"default","schema_type_options":null,"schema":{"blockGraphs":[],"customGraphs":[],"default":{"data":{"Article":[],"Course":[],"Dataset":[],"FAQPage":[],"Movie":[],"Person":[],"Product":[],"ProductReview":[],"Car":[],"Recipe":[],"Service":[],"SoftwareApplication":[],"WebPage":[]},"graphName":"","isEnabled":true},"graphs":[]},"pillar_content":false,"robots_default":true,"robots_noindex":false,"robots_noarchive":false,"robots_nosnippet":false,"robots_nofollow":false,"robots_noimageindex":false,"robots_noodp":false,"robots_notranslate":false,"robots_max_snippet":null,"robots_max_videopreview":null,"robots_max_imagepreview":"large","priority":null,"frequency":null,"local_seo":null,"limit_modified_date":false,"ai":null,"breadcrumb_settings":null,"seo_analyzer_scan_date":null,"created":"2026-09-02 22:27:37","updated":"2026-09-02 22:27:37"},"aioseo_breadcrumb":"<div class=\"aioseo-breadcrumbs\"><span class=\"aioseo-breadcrumb\">\n\t\t\t<a href=\"https:\/\/corporateacademy.org\" title=\"Home\">Home<\/a>\n\t\t<\/span><span class=\"aioseo-breadcrumb-separator\">&raquo;<\/span><span class=\"aioseo-breadcrumb\">\n\t\t\t<a href=\"https:\/\/corporateacademy.org\/index.php\/category\/ambiente-corporativo\/\" title=\"Ambiente corporativo\">Ambiente corporativo<\/a>\n\t\t<\/span><span class=\"aioseo-breadcrumb-separator\">&raquo;<\/span><span class=\"aioseo-breadcrumb\">\n\t\t\tDiga N\u00c3O para Produzir Mais e Melhor. O poder do Essencialismo\n\t\t<\/span><\/div>","aioseo_breadcrumb_json":[{"label":"Home","link":"https:\/\/corporateacademy.org"},{"label":"Ambiente corporativo","link":"https:\/\/corporateacademy.org\/index.php\/category\/ambiente-corporativo\/"},{"label":"Diga N\u00c3O para Produzir Mais e Melhor. O poder do Essencialismo","link":"https:\/\/corporateacademy.org\/index.php\/2025\/08\/04\/diga-nao-para-produzir-mais-e-melhor-o-poder-do-essencialismo\/"}],"jetpack_publicize_connections":[],"jetpack_sharing_enabled":true,"jetpack_shortlink":"https:\/\/wp.me\/p9MYp6-F1","jetpack_likes_enabled":true,"jetpack-related-posts":[{"id":2398,"url":"https:\/\/corporateacademy.org\/index.php\/2024\/12\/20\/a-coragem-de-ser-imperfeito-um-guia-para-autenticidade-e-vulnerabilidade-no-ambiente-corporativo\/","url_meta":{"origin":2543,"position":0},"title":"A Coragem de Ser Imperfeito: Um Guia para Autenticidade e Vulnerabilidade no Ambiente Corporativo","author":"Editor","date":"20\/12\/2024","format":false,"excerpt":"Voc\u00ea j\u00e1 se sentiu como se estivesse jogando um jogo que n\u00e3o pode vencer no trabalho? A press\u00e3o para ser perfeito, a necessidade de esconder suas falhas, a constante compara\u00e7\u00e3o com os colegas... Parece familiar? No mundo corporativo, onde a busca pela excel\u00eancia muitas vezes se transforma em uma corrida\u2026","rel":"","context":"Em &quot;Ambiente corporativo&quot;","block_context":{"text":"Ambiente corporativo","link":"https:\/\/corporateacademy.org\/index.php\/category\/ambiente-corporativo\/"},"img":{"alt_text":"A coragem de ser Imperfeito","src":"https:\/\/i0.wp.com\/corporateacademy.org\/wp-content\/uploads\/2024\/12\/vergonha-1-1.png?fit=896%2C502&ssl=1&resize=350%2C200","width":350,"height":200,"srcset":"https:\/\/i0.wp.com\/corporateacademy.org\/wp-content\/uploads\/2024\/12\/vergonha-1-1.png?fit=896%2C502&ssl=1&resize=350%2C200 1x, https:\/\/i0.wp.com\/corporateacademy.org\/wp-content\/uploads\/2024\/12\/vergonha-1-1.png?fit=896%2C502&ssl=1&resize=525%2C300 1.5x, https:\/\/i0.wp.com\/corporateacademy.org\/wp-content\/uploads\/2024\/12\/vergonha-1-1.png?fit=896%2C502&ssl=1&resize=700%2C400 2x"},"classes":[]},{"id":2432,"url":"https:\/\/corporateacademy.org\/index.php\/2025\/02\/14\/o-futuro-do-trabalho-como-lideres-podem-navegar-na-fronteira-entre-humanos-e-maquinas-insights-do-forum-economico-mundial\/","url_meta":{"origin":2543,"position":1},"title":"O Futuro do Trabalho: Como L\u00edderes Podem Navegar na Fronteira Entre Humanos e M\u00e1quinas- Insights do F\u00f3rum Econ\u00f4mico Mundial.","author":"Editor","date":"14\/02\/2025","format":false,"excerpt":"Imagine o seguinte cen\u00e1rio: voc\u00ea chega ao trabalho e percebe que metade das tarefas que antes eram executadas por sua equipe agora s\u00e3o gerenciadas por intelig\u00eancia artificial. Os relat\u00f3rios financeiros, a triagem de candidatos para novas contrata\u00e7\u00f5es e at\u00e9 mesmo o atendimento ao cliente passaram a ser conduzidos por algoritmos\u2026","rel":"","context":"Em &quot;Ambiente corporativo&quot;","block_context":{"text":"Ambiente corporativo","link":"https:\/\/corporateacademy.org\/index.php\/category\/ambiente-corporativo\/"},"img":{"alt_text":"Humans and robots at the office","src":"https:\/\/i0.wp.com\/corporateacademy.org\/wp-content\/uploads\/2025\/02\/Human-and-Robots-Office.jpg?fit=1200%2C686&ssl=1&resize=350%2C200","width":350,"height":200,"srcset":"https:\/\/i0.wp.com\/corporateacademy.org\/wp-content\/uploads\/2025\/02\/Human-and-Robots-Office.jpg?fit=1200%2C686&ssl=1&resize=350%2C200 1x, https:\/\/i0.wp.com\/corporateacademy.org\/wp-content\/uploads\/2025\/02\/Human-and-Robots-Office.jpg?fit=1200%2C686&ssl=1&resize=525%2C300 1.5x, https:\/\/i0.wp.com\/corporateacademy.org\/wp-content\/uploads\/2025\/02\/Human-and-Robots-Office.jpg?fit=1200%2C686&ssl=1&resize=700%2C400 2x, https:\/\/i0.wp.com\/corporateacademy.org\/wp-content\/uploads\/2025\/02\/Human-and-Robots-Office.jpg?fit=1200%2C686&ssl=1&resize=1050%2C600 3x"},"classes":[]},{"id":2337,"url":"https:\/\/corporateacademy.org\/index.php\/2024\/11\/14\/inteligencia-emocional-no-ambiente-corporativo-um-guia-para-o-sucesso-profissional\/","url_meta":{"origin":2543,"position":2},"title":"Intelig\u00eancia Emocional no Ambiente Corporativo: Um Guia para o Sucesso Profissional","author":"Editor","date":"14\/11\/2024","format":false,"excerpt":"Era uma manh\u00e3 como qualquer outra, e Ana se preparava para mais um dia de reuni\u00f5es no escrit\u00f3rio. Mas, ao abrir o e-mail, foi surpreendida com uma mensagem de um cliente insatisfeito, deixando cr\u00edticas duras sobre o projeto em que vinha trabalhando. A rea\u00e7\u00e3o imediata foi um misto de frustra\u00e7\u00e3o\u2026","rel":"","context":"Em &quot;Ambiente corporativo&quot;","block_context":{"text":"Ambiente corporativo","link":"https:\/\/corporateacademy.org\/index.php\/category\/ambiente-corporativo\/"},"img":{"alt_text":"controle emocional","src":"https:\/\/i0.wp.com\/corporateacademy.org\/wp-content\/uploads\/2024\/11\/respire-fundo02.png?fit=894%2C509&ssl=1&resize=350%2C200","width":350,"height":200,"srcset":"https:\/\/i0.wp.com\/corporateacademy.org\/wp-content\/uploads\/2024\/11\/respire-fundo02.png?fit=894%2C509&ssl=1&resize=350%2C200 1x, https:\/\/i0.wp.com\/corporateacademy.org\/wp-content\/uploads\/2024\/11\/respire-fundo02.png?fit=894%2C509&ssl=1&resize=525%2C300 1.5x, https:\/\/i0.wp.com\/corporateacademy.org\/wp-content\/uploads\/2024\/11\/respire-fundo02.png?fit=894%2C509&ssl=1&resize=700%2C400 2x"},"classes":[]},{"id":615,"url":"https:\/\/corporateacademy.org\/index.php\/2019\/09\/22\/o-que-resiliencia-tem-a-ver-com-lideranca\/","url_meta":{"origin":2543,"position":3},"title":"O que Resili\u00eancia tem a ver com Lideran\u00e7a?","author":"Editor","date":"22\/09\/2019","format":false,"excerpt":"O termo resili\u00eancia tomou conta dos ambientes corporativos de uma forma bastante r\u00e1pida, talvez por que esta propriedade dos materiais seja a melhor met\u00e1fora para analisar comportamento de l\u00edderes e liderados no mundo p\u00f3s- moderno.\u00a0 O que \u00e9? Mas o que \u00e9 resili\u00eancia? este termo hoje utilizado para descrever um\u2026","rel":"","context":"Em &quot;Ambiente corporativo&quot;","block_context":{"text":"Ambiente corporativo","link":"https:\/\/corporateacademy.org\/index.php\/category\/ambiente-corporativo\/"},"img":{"alt_text":"Resili\u00eancia, Resiliente","src":"https:\/\/i0.wp.com\/corporateacademy.org\/wp-content\/uploads\/2019\/09\/the-sapling-4160312_640.jpg?fit=640%2C423&ssl=1&resize=350%2C200","width":350,"height":200,"srcset":"https:\/\/i0.wp.com\/corporateacademy.org\/wp-content\/uploads\/2019\/09\/the-sapling-4160312_640.jpg?fit=640%2C423&ssl=1&resize=350%2C200 1x, https:\/\/i0.wp.com\/corporateacademy.org\/wp-content\/uploads\/2019\/09\/the-sapling-4160312_640.jpg?fit=640%2C423&ssl=1&resize=525%2C300 1.5x"},"classes":[]},{"id":874,"url":"https:\/\/corporateacademy.org\/index.php\/2020\/11\/04\/como-ser-um-lider-inclusivo\/","url_meta":{"origin":2543,"position":4},"title":"Como ser um l\u00edder inclusivo","author":"Editor","date":"04\/11\/2020","format":false,"excerpt":"Fernando Neves, Ph.D. Ap\u00f3s um dia cheio de atividades na empresa Reinaldo convidou o time para um jantar de boas vindas aos visitantes estrangeiros que vieram para o startup do projeto de uma nova m\u00e1quina na filial do Brasil. Cada um tomou seu lugar na churrascaria quando um dos visitantes\u2026","rel":"","context":"Em &quot;Ambiente corporativo&quot;","block_context":{"text":"Ambiente corporativo","link":"https:\/\/corporateacademy.org\/index.php\/category\/ambiente-corporativo\/"},"img":{"alt_text":"lideran\u00e7a inclusiva","src":"https:\/\/i0.wp.com\/corporateacademy.org\/wp-content\/uploads\/2020\/11\/migration-3129340_1920.jpg?fit=1200%2C674&ssl=1&resize=350%2C200","width":350,"height":200,"srcset":"https:\/\/i0.wp.com\/corporateacademy.org\/wp-content\/uploads\/2020\/11\/migration-3129340_1920.jpg?fit=1200%2C674&ssl=1&resize=350%2C200 1x, https:\/\/i0.wp.com\/corporateacademy.org\/wp-content\/uploads\/2020\/11\/migration-3129340_1920.jpg?fit=1200%2C674&ssl=1&resize=525%2C300 1.5x, https:\/\/i0.wp.com\/corporateacademy.org\/wp-content\/uploads\/2020\/11\/migration-3129340_1920.jpg?fit=1200%2C674&ssl=1&resize=700%2C400 2x, https:\/\/i0.wp.com\/corporateacademy.org\/wp-content\/uploads\/2020\/11\/migration-3129340_1920.jpg?fit=1200%2C674&ssl=1&resize=1050%2C600 3x"},"classes":[]},{"id":381,"url":"https:\/\/corporateacademy.org\/index.php\/2018\/10\/09\/como-tornar-se-um-top-performer-e-conseguir-mais-resultados\/","url_meta":{"origin":2543,"position":5},"title":"Como tornar-se um Top Performer e conseguir mais resultados","author":"Editor","date":"09\/10\/2018","format":false,"excerpt":"Texto: Fernando Neves, Ph. D. Imagem: Pixabay (Raw Pixel) No mundo corporativo \u00e9 comum as pessoas considerarem que ao executar mais tarefas estar\u00e3o obtendo mais resultados. No entanto, nem sempre isso \u00e9 verdade. \u00a0O professor da Universidade de Berkeley Morten Hansen pesquisou cerca de 5000 pessoas entre l\u00edderes e liderados\u2026","rel":"","context":"Em &quot;Ambiente corporativo&quot;","block_context":{"text":"Ambiente corporativo","link":"https:\/\/corporateacademy.org\/index.php\/category\/ambiente-corporativo\/"},"img":{"alt_text":"Top Performer","src":"https:\/\/i0.wp.com\/corporateacademy.org\/wp-content\/uploads\/2018\/10\/RawPixelPixabayoffice-3295556_640.jpg?fit=640%2C389&ssl=1&resize=350%2C200","width":350,"height":200,"srcset":"https:\/\/i0.wp.com\/corporateacademy.org\/wp-content\/uploads\/2018\/10\/RawPixelPixabayoffice-3295556_640.jpg?fit=640%2C389&ssl=1&resize=350%2C200 1x, https:\/\/i0.wp.com\/corporateacademy.org\/wp-content\/uploads\/2018\/10\/RawPixelPixabayoffice-3295556_640.jpg?fit=640%2C389&ssl=1&resize=525%2C300 1.5x"},"classes":[]}],"jetpack_featured_media_url":"https:\/\/i0.wp.com\/corporateacademy.org\/wp-content\/uploads\/2025\/08\/Escritorio-Noite.png?fit=1820%2C1024&ssl=1","_links":{"self":[{"href":"https:\/\/corporateacademy.org\/index.php\/wp-json\/wp\/v2\/posts\/2543","targetHints":{"allow":["GET"]}}],"collection":[{"href":"https:\/\/corporateacademy.org\/index.php\/wp-json\/wp\/v2\/posts"}],"about":[{"href":"https:\/\/corporateacademy.org\/index.php\/wp-json\/wp\/v2\/types\/post"}],"author":[{"embeddable":true,"href":"https:\/\/corporateacademy.org\/index.php\/wp-json\/wp\/v2\/users\/1"}],"replies":[{"embeddable":true,"href":"https:\/\/corporateacademy.org\/index.php\/wp-json\/wp\/v2\/comments?post=2543"}],"version-history":[{"count":10,"href":"https:\/\/corporateacademy.org\/index.php\/wp-json\/wp\/v2\/posts\/2543\/revisions"}],"predecessor-version":[{"id":2557,"href":"https:\/\/corporateacademy.org\/index.php\/wp-json\/wp\/v2\/posts\/2543\/revisions\/2557"}],"wp:featuredmedia":[{"embeddable":true,"href":"https:\/\/corporateacademy.org\/index.php\/wp-json\/wp\/v2\/media\/2545"}],"wp:attachment":[{"href":"https:\/\/corporateacademy.org\/index.php\/wp-json\/wp\/v2\/media?parent=2543"}],"wp:term":[{"taxonomy":"category","embeddable":true,"href":"https:\/\/corporateacademy.org\/index.php\/wp-json\/wp\/v2\/categories?post=2543"},{"taxonomy":"post_tag","embeddable":true,"href":"https:\/\/corporateacademy.org\/index.php\/wp-json\/wp\/v2\/tags?post=2543"}],"curies":[{"name":"wp","href":"https:\/\/api.w.org\/{rel}","templated":true}]}}