{"id":2565,"date":"2025-08-28T14:18:31","date_gmt":"2025-08-28T17:18:31","guid":{"rendered":"https:\/\/corporateacademy.org\/?p=2565"},"modified":"2025-08-28T14:19:45","modified_gmt":"2025-08-28T17:19:45","slug":"antifragilidade","status":"publish","type":"post","link":"https:\/\/corporateacademy.org\/index.php\/2025\/08\/28\/antifragilidade\/","title":{"rendered":"Antifr\u00e1gil: Um Guia para Prosperar no Caos e Abra\u00e7ar a Incerteza"},"content":{"rendered":"\n<p class=\"has-drop-cap wp-block-paragraph\">Voc\u00ea \u00e9 a Vela ou a Fogueira? O Vento N\u00e3o Pede a Sua Opini\u00e3o. Existe uma met\u00e1fora fundamental, t\u00e3o simples quanto profunda, que encapsula uma das verdades mais negligenciadas do nosso tempo: &#8220;O vento apaga uma vela e energiza o fogo&#8221;. Esta imagem, proposta pelo ensa\u00edsta e analista de riscos <a href=\"https:\/\/amzn.to\/47Qd0li\" target=\"_blank\" rel=\"noreferrer noopener\">Nassim Nicholas Taleb<\/a>, for\u00e7a-nos a uma pergunta desconfort\u00e1vel: na sua carreira, na sua sa\u00fade e nos seus investimentos, voc\u00ea est\u00e1 a construindo uma vela fr\u00e1gil, esperando que o vento nunca sopre, ou uma fogueira <a href=\"https:\/\/amzn.to\/47Qd0li\" target=\"_blank\" rel=\"noreferrer noopener\">antifr\u00e1gil<\/a> que o aguarda ansiosamente? \u00a0<\/p>\n\n\n\n<p class=\"wp-block-paragraph\">Taleb cunhou o termo <a href=\"https:\/\/amzn.to\/47Qd0li\" target=\"_blank\" rel=\"noreferrer noopener\">antifr\u00e1gil<\/a>, tema de um de seus livros, no entanto, n\u00e3o h\u00e1 uma palavra que defina claramente o que \u00e9 antifragilidade. Temos uma palavra para o que \u00e9 &#8220;fr\u00e1gil&#8221; \u2014 aquilo que se quebra sob press\u00e3o \u2014, mas o seu oposto n\u00e3o \u00e9 resili\u00eancia nem robustez. O conceito de antifragilidade  n\u00e3o descreve simplesmente algo que resiste ao choque, mas algo que se beneficia dele. Para compreender plenamente esta ideia, \u00e9 essencial mapear o mundo segundo a sua &#8220;Tr\u00edade&#8221; de propriedades, um espectro que vai muito al\u00e9m da simples dicotomia de for\u00e7a e fraqueza : \u00a0<\/p>\n\n\n\n<ul class=\"wp-block-list\">\n<li><strong>O Fr\u00e1gil (D\u00e2mocles):<\/strong> Representa tudo o que \u00e9 prejudicado ou quebrado pela volatilidade, desordem e estresse. Como a espada de D\u00e2mocles, suspensa por um \u00fanico fio de crina de cavalo, o fr\u00e1gil vive sob uma amea\u00e7a oculta e silenciosa que, eventualmente, se manifestar\u00e1 de forma catastr\u00f3fica. \u00c9 a x\u00edcara de porcelana ou a ta\u00e7a de cristal.<\/li>\n\n\n\n<li><strong>O Robusto (F\u00eanix):<\/strong> Descreve o que resiste aos choques e permanece inalterado. A F\u00eanix, que renasce das cinzas, regressa ao seu estado original. Representa a resili\u00eancia, a capacidade de aguentar e recuperar, mas n\u00e3o de melhorar. \u00c9 uma pedra, um cofre-forte ou um projeto de engenharia com m\u00faltiplas redund\u00e2ncias. &nbsp;<\/li>\n\n\n\n<li><strong>O Antifr\u00e1gil (Hidra):<\/strong> \u00c9 a categoria revolucion\u00e1ria. O antifr\u00e1gil n\u00e3o s\u00f3 resiste, como se beneficia ativamente dos choques, da volatilidade, da aleatoriedade e do estresse. Como a Hidra da mitologia grega, por cada cabe\u00e7a cortada, duas novas crescem no seu lugar. \u00c9 o sistema imunol\u00f3gico humano, a evolu\u00e7\u00e3o das esp\u00e9cies pelo aprimoramento gen\u00e9tico ou o m\u00fasculo que fica mais forte com os exerc\u00edcios.<\/li>\n<\/ul>\n\n\n\n<p class=\"wp-block-paragraph\">A distin\u00e7\u00e3o mais crucial, e frequentemente mal interpretada, \u00e9 que a antifragilidade n\u00e3o \u00e9 resili\u00eancia.<sup><\/sup> A obsess\u00e3o moderna com a &#8220;resili\u00eancia&#8221;, especialmente acentuada no rescaldo de crises globais como a pandemia <sup><\/sup>, estabelece uma meta limitada. Sobreviver n\u00e3o \u00e9 o mesmo que prosperar. O objetivo deste guia n\u00e3o \u00e9 apenas aprender a ser a F\u00eanix, que suporta o fogo, mas a abra\u00e7ar a mentalidade da Hidra, que se fortalece com cada golpe. &nbsp;<\/p>\n\n\n\n<h2 class=\"wp-block-heading\">A Anatomia da <a href=\"https:\/\/amzn.to\/47Qd0li\" target=\"_blank\" rel=\"noreferrer noopener\">Antifragilidade<\/a>: O Segredo dos Sistemas Vivos<\/h2>\n\n\n\n<p class=\"wp-block-paragraph\">Para identificar a antifragilidade no mundo, Taleb prop\u00f5e uma distin\u00e7\u00e3o fundamental: a diferen\u00e7a entre o org\u00e2nico e o mec\u00e2nico, elegantemente ilustrada pela analogia do &#8220;gato e a m\u00e1quina de lavar&#8221;. O gato, um sistema org\u00e2nico e complexo, fortalece-se com as situa\u00e7\u00f5es de estresse como brincadeiras, pequenas lutas, a necessidade de ca\u00e7ar. Ele cura-se a si pr\u00f3prio e prospera com um certo grau de aleatoriedade no seu ambiente. A m\u00e1quina de lavar, pelo contr\u00e1rio, \u00e9 um sistema mec\u00e2nico. Desgasta-se com o uso, quebra-se sob estresse e n\u00e3o tem capacidade de autorregenera\u00e7\u00e3o.<\/p>\n\n\n\n<p class=\"wp-block-paragraph\">O mecanismo central por detr\u00e1s desta propriedade \u00e9 a <strong>hormese<\/strong>, um princ\u00edpio farmacol\u00f3gico que descreve como uma pequena dose de uma subst\u00e2ncia nociva ou submeter-se ao estresse pode ser ben\u00e9fica. Alguns exemplos s\u00e3o as vacinas que introduzem uma vers\u00e3o enfraquecida de um pat\u00f3geno para fortalecer o sistema imunol\u00f3gico; a muscula\u00e7\u00e3o causa microles\u00f5es nos m\u00fasculos, que, ao serem reparadas, resultam em maior for\u00e7a; e a supera\u00e7\u00e3o de pequenas adversidades pode levar ao que a psicologia chama de &#8220;crescimento p\u00f3s-traum\u00e1tico&#8221;. Os sistemas biol\u00f3gicos n\u00e3o se limitam a reparar os danos para regressar ao estado anterior; eles constroem capacidade extra em antecipa\u00e7\u00e3o a stressores futuros mais intensos. \u00a0<\/p>\n\n\n\n<blockquote class=\"wp-block-quote is-layout-flow wp-block-quote-is-layout-flow\">\n<p class=\"wp-block-paragraph\"> A muscula\u00e7\u00e3o causa microles\u00f5es nos m\u00fasculos, que, ao serem reparadas, resultam em maior for\u00e7a. \u00a0<\/p>\n<\/blockquote>\n\n\n\n<blockquote class=\"wp-block-quote is-layout-flow wp-block-quote-is-layout-flow\"><\/blockquote>\n\n\n\n<p class=\"wp-block-paragraph\">Elevando este conceito do indiv\u00edduo para o coletivo, a evolu\u00e7\u00e3o emerge como o sistema antifr\u00e1gil por excel\u00eancia. A antifragilidade de um sistema depende frequentemente da fragilidade dos seus componentes individuais. Pequenos neg\u00f3cios como restaurantes, s\u00e3o exemplos de como podem ser fr\u00e1geis individualmente, mas o mercado gastron\u00f4mico como conjunto \u00e9 antifr\u00e1gil. Embora haja competi\u00e7\u00e3o entre eles, a falha de um quando compartilhada fortalece o setor. Voc\u00ea j\u00e1 se perguntou por que em \u00e1reas gastron\u00f4micas h\u00e1 v\u00e1rios restaurantes, um do lado do outro? N\u00e3o seria melhor montar um restaurante em uma \u00e1rea mais remota e evitar a concorr\u00eancia? A resposta \u00e9 n\u00e3o! Principalmente em se tratando de pequenos neg\u00f3cios, porque todos se beneficiam do fluxo de clientes na mesma \u00e1rea. Assim, a concorr\u00eancia tamb\u00e9m contribui para o desenvolvimento da antifragilidade.<\/p>\n\n\n\n<p class=\"wp-block-paragraph\">O mesmo princ\u00edpio aplica-se \u00e0 evolu\u00e7\u00e3o biol\u00f3gica: os organismos individuais s\u00e3o fr\u00e1geis e mortais, mas a sua morte, juntamente com a transmiss\u00e3o de informa\u00e7\u00e3o gen\u00e9tica modificada, permite que a esp\u00e9cie como um todo se adapte e se fortale\u00e7a ao longo do tempo. O indiv\u00edduo \u00e9 fr\u00e1gil para que o c\u00f3digo gen\u00e9tico possa ser antifr\u00e1gil. \u00a0<\/p>\n\n\n\n<p class=\"wp-block-paragraph\">Esta din\u00e2mica revela uma verdade mais profunda: o estresse n\u00e3o \u00e9 uma mera for\u00e7a f\u00edsic, mas tamb\u00e9m \u00e9 <em>informa\u00e7\u00e3o<\/em>. Um ambiente est\u00e9ril n\u00e3o fornece ao sistema imunol\u00f3gico a informa\u00e7\u00e3o necess\u00e1ria para se desenvolver. Um mercado financeiro perfeitamente est\u00e1vel n\u00e3o informa os investidores sobre os riscos subjacentes. Uma vida sem contratempos n\u00e3o informa uma pessoa sobre as suas pr\u00f3prias capacidades e limites. A tentativa do mundo moderno de eliminar o &#8220;ru\u00eddo&#8221; e a volatilidade \u00e9, na sua ess\u00eancia, uma tentativa de nos ensurdecer para os sinais vitais da realidade, tornando-nos perigosamente ignorantes e fr\u00e1geis. \u00a0<\/p>\n\n\n\n<blockquote class=\"wp-block-quote is-layout-flow wp-block-quote-is-layout-flow\">\n<p class=\"wp-block-paragraph\">A tentativa do mundo moderno de eliminar o &#8220;ru\u00eddo&#8221; e a volatilidade \u00e9, na sua ess\u00eancia, uma tentativa de nos ensurdecer para os sinais vitais da realidade, tornando-nos perigosamente ignorantes e fr\u00e1geis. \u00a0<\/p>\n<\/blockquote>\n\n\n\n<h2 class=\"wp-block-heading\">A Guerra da Modernidade Contra o Real: Construindo um Mundo de Porcelana<\/h2>\n\n\n\n<p class=\"wp-block-paragraph\">A modernidade, na sua busca incessante por controle e previsibilidade, declarou guerra \u00e0 aleatoriedade. Esta guerra \u00e9 liderada pelo &#8220;fragilista&#8221;: o especialista bem-intencionado \u2014 seja ele economista,  pol\u00edtico, m\u00e9dico ou gestor \u2014 que, acreditando compreender um sistema complexo, interv\u00e9m para o &#8220;melhora-lo&#8221;, mas acaba por torn\u00e1-lo inadvertidamente mais fr\u00e1gil. O erro fundamental do fragilista \u00e9 tratar o gato como se fosse uma m\u00e1quina de lavar. \u00a0<\/p>\n\n\n\n<blockquote class=\"wp-block-quote is-layout-flow wp-block-quote-is-layout-flow\">\n<p class=\"wp-block-paragraph\"> O erro fundamental do fragilista \u00e9 tratar o gato como se fosse uma m\u00e1quina de lavar. \u00a0<\/p>\n<\/blockquote>\n\n\n\n<p class=\"wp-block-paragraph\">A principal consequ\u00eancia das a\u00e7\u00f5es do fragilista \u00e9 a <strong>iatrogenia<\/strong>, um termo m\u00e9dico que significa o dano causado pelo curador.<sup><\/sup> Este conceito estende-se muito para al\u00e9m da medicina: &nbsp;<\/p>\n\n\n\n<p class=\"wp-block-paragraph\"><strong>Na sa\u00fade<\/strong>, a prescri\u00e7\u00e3o excessiva de antibi\u00f3ticos para infe\u00e7\u00f5es menores gera bact\u00e9rias super-resistentes, transferindo a antifragilidade do nosso corpo para o germe. A higiene excessiva priva o sistema imunol\u00f3gico da crian\u00e7a do est\u00edmulo necess\u00e1rio, tornando-o mais vulner\u00e1vel. \u00a0<\/p>\n\n\n\n<p class=\"wp-block-paragraph\"><strong>Na economia<\/strong>, tomadores de decis\u00e3o sejam  pol\u00edticos ou bancos centrais, acabam por  eliminar o ciclo natural de &#8220;expans\u00e3o e contra\u00e7\u00e3o&#8221; da economia. Ao suprimir pequenas flutua\u00e7\u00f5es e crises menores, permite-se a acumula\u00e7\u00e3o silenciosa de riscos sist\u00eamicos massivos e ocultos, que podem culminar em colapsos catastr\u00f3ficos como foi o caso da crise financeira de 2008. <\/p>\n\n\n\n<p class=\"wp-block-paragraph\">O ac\u00famulo de risco oculto \u00e9 perfeitamente ilustrada pelo <strong>problema do peru<\/strong>. Um peru \u00e9 alimentado e cuidado para o abate durante mil dias. Cada dia que passa refor\u00e7a a sua &#8220;confian\u00e7a estat\u00edstica&#8221; de que os humanos s\u00e3o benevolentes. A sua sensa\u00e7\u00e3o de seguran\u00e7a atinge o auge na v\u00e9spera do Dia de A\u00e7\u00e3o de Gra\u00e7as, precisamente quando o risco \u00e9 m\u00e1ximo. O evento inesperado \u2014 para o peru, mas n\u00e3o para o avicultor \u2014 \u00e9 um <a href=\"https:\/\/amzn.to\/45F09kD\" target=\"_blank\" rel=\"noreferrer noopener\">Cisne Negro<\/a> que destr\u00f3i a sua vis\u00e3o do mundo. Esta met\u00e1fora exp\u00f5e o erro fatal de confundir a \u00a0<em>aus\u00eancia de evid\u00eancia<\/em> de dano com a <em>evid\u00eancia de aus\u00eancia<\/em> de dano. A estabilidade, muitas vezes, n\u00e3o \u00e9 um sinal de seguran\u00e7a, mas sim de fragilidade oculta.<\/p>\n\n\n\n<blockquote class=\"wp-block-quote is-layout-flow wp-block-quote-is-layout-flow\">\n<p class=\"wp-block-paragraph\">A estabilidade, muitas vezes, n\u00e3o \u00e9 um sinal de seguran\u00e7a, mas sim de fragilidade oculta.<\/p>\n<\/blockquote>\n\n\n\n<p class=\"wp-block-paragraph\">Estes conceitos n\u00e3o s\u00e3o isolados; eles formam um perigoso ciclo de retroalimenta\u00e7\u00e3o que define a fragilidade moderna. O processo desenrola-se da seguinte forma: primeiro, o fragilista, impulsionado por um desejo de controle e pela avers\u00e3o \u00e0 incerteza (um processo que <a href=\"https:\/\/amzn.to\/41nkybq\" target=\"_blank\" rel=\"noreferrer noopener\">Taleb<\/a> chama de &#8220;turistifica\u00e7\u00e3o&#8221; da vida ), interv\u00e9m num sistema complexo para suavizar a sua volatilidade natural. Segundo, esta supress\u00e3o de agentes causadores de estresse cria fragilidades ocultas, tornando o sistema semelhante ao caso do peru \u2014 aparentemente est\u00e1vel, mas extremamente vulner\u00e1vel a um <a href=\"https:\/\/amzn.to\/45F09kD\">evento de Cisne Negro<\/a>. Terceiro, quando a crise inevit\u00e1vel ocorre, os mesmos fragilistas prop\u00f5em \u00a0<em>ainda mais<\/em> interven\u00e7\u00e3o para &#8220;resolver&#8221; o problema, o que gera mais iatrogenia e cria um sistema ainda mais fr\u00e1gil. <\/p>\n\n\n\n<p class=\"wp-block-paragraph\">O resgate dos bancos (&#8220;bailouts&#8221;) de 2008 nos EUA, quando o governo injetou bilh\u00f5es para evitar o colapso financeiro \u00e9 um exemplo perfeito: em vez de permitir que as institui\u00e7\u00f5es fr\u00e1geis falissem, o governos interveio, salvando os culpados e transferindo o risco para os contribuintes, garantindo que a pr\u00f3xima crise poder\u00e1 ser ainda maior.<\/p>\n\n\n\n<h2 class=\"wp-block-heading\">Ferramentas para Navegar na Incerteza<\/h2>\n\n\n\n<p class=\"wp-block-paragraph\">Se a tentativa de prever e controlar um mundo inerentemente incerto \u00e9 a fonte da nossa fragilidade, como podemos ent\u00e3o navegar nele? Taleb oferece um conjunto de ferramentas pr\u00e1ticas, n\u00e3o para dominar o futuro, mas para nos posicionarmos de forma a beneficiar da sua imprevisibilidade.<\/p>\n\n\n\n<h3 class=\"wp-block-heading\">Via Negativa: A Sabedoria da Subtra\u00e7\u00e3o<\/h3>\n\n\n\n<p class=\"wp-block-paragraph\">A ferramenta mais poderosa e robusta \u00e9 a <strong>Via Negativa<\/strong>: o princ\u00edpio de que o conhecimento e a melhoria v\u00eam mais da subtra\u00e7\u00e3o do que da adi\u00e7\u00e3o. Temos muito mais certeza sobre o que est\u00e1 errado do que sobre o que est\u00e1 certo. \u00c9 mais robusto remover coisas prejudiciais \u2014 como o a\u00e7\u00facar de uma dieta, a d\u00edvida de um balan\u00e7o financeiro, ou um procedimento m\u00e9dico desnecess\u00e1rio \u2014 do que adicionar coisas que \u00a0<em>acreditamos<\/em> serem ben\u00e9ficas, mas que podem ter efeitos secund\u00e1rios ocultos e perigosos. Na vida profissional e pessoal, isto traduz-se em focar-se em evitar a ru\u00edna em vez de perseguir ganhos marginais, dizer &#8220;n\u00e3o&#8221; a distra\u00e7\u00f5es ou  em simplificar. \u00a0<\/p>\n\n\n\n<h3 class=\"wp-block-heading\">A Estrat\u00e9gia Barbell: Abra\u00e7ando os Extremos<\/h3>\n\n\n\n<p class=\"wp-block-paragraph\">O m\u00e9todo principal para implementar a antifragilidade \u00e9 a <strong>Estrat\u00e9gia Barbell<\/strong>. Esta \u00e9 uma estrat\u00e9gia bimodal que consiste em combinar dois extremos, evitando o meio-termo fr\u00e1gil e ilus\u00f3rio.<sup><\/sup> Em vez de procurar um &#8220;risco m\u00e9dio&#8221;, que \u00e9 frequentemente mal calculado e vulner\u00e1vel a erros de modelo, a estrat\u00e9gia barbell procura a seguran\u00e7a m\u00e1xima num extremo e a especula\u00e7\u00e3o m\u00e1xima no outro. &nbsp;<\/p>\n\n\n\n<ul class=\"wp-block-list\">\n<li><strong>Investimentos:<\/strong> Manter 90% dos ativos em instrumentos extremamente seguros (dinheiro, t\u00edtulos do tesouro) e investir os restantes 10% em empreendimentos altamente especulativos (startups, op\u00e7\u00f5es de alto risco). Esta abordagem limita drasticamente as perdas potenciais, ao mesmo tempo que oferece exposi\u00e7\u00e3o a ganhos massivos e ilimitados.<\/li>\n\n\n\n<li><strong>Carreira:<\/strong> Ter um emprego est\u00e1vel e de baixa exig\u00eancia que paga as contas (o lado seguro da barra), enquanto se dedica a uma paix\u00e3o altamente especulativa e criativa (como ser artista ou escritor) no tempo livre. Isto evita a fragilidade de ser um funcion\u00e1rio de n\u00edvel m\u00e9dio, totalmente dependente de um \u00fanico empregador corporativo.<\/li>\n\n\n\n<li><strong>Sa\u00fade:<\/strong> Combinar per\u00edodos de esfor\u00e7o f\u00edsico extremo e de curta dura\u00e7\u00e3o (sprints, levantamento de pesos pesados) com longos per\u00edodos de descanso e atividade de baixa intensidade (caminhadas), em vez de se envolver em cardio moderado e cr\u00f4nico, que pode levar a stress repetitivo.<\/li>\n<\/ul>\n\n\n\n<h3 class=\"wp-block-heading\">Opcionalidade: A Pedra Filosofal<\/h3>\n\n\n\n<p class=\"wp-block-paragraph\">A chave para beneficiar da incerteza \u00e9 a <strong>opcionalidade<\/strong>. Uma op\u00e7\u00e3o confere o direito, mas n\u00e3o a obriga\u00e7\u00e3o, de tomar uma a\u00e7\u00e3o. Isto cria uma estrutura de recompensa fundamentalmente assim\u00e9trica: perdas limitadas e ganhos potencialmente ilimitados. A hist\u00f3ria de Tales de Mileto, o fil\u00f3sofo que comprou op\u00e7\u00f5es sobre prensas de azeite, \u00e9 o exemplo primordial. Ele pagou um pequeno pre\u00e7o pelo \u00a0<em>direito<\/em> de usar as prensas. Se a colheita fosse m\u00e1, a sua perda limitava-se ao pequeno dep\u00f3sito que pagou. Se a colheita fosse excecional, os seus lucros seriam enormes. Tales n\u00e3o precisava de prever o futuro; precisava apenas de reconhecer a assimetria favor\u00e1vel da sua aposta.<\/p>\n\n\n\n<p class=\"wp-block-paragraph\">Este princ\u00edpio \u00e9 o motor da inova\u00e7\u00e3o. A tentativa e erro, ou o que Taleb chama de &#8220;ajuste antifr\u00e1gil&#8221;, \u00e9 um processo de gera\u00e7\u00e3o de op\u00e7\u00f5es. Cada pequeno fracasso \u00e9 uma pe\u00e7a de informa\u00e7\u00e3o de baixo custo, enquanto um \u00fanico sucesso pode levar a uma recompensa massiva. \u00c9 assim que a tecnologia realmente evolui, em contraste com o modelo de cima para baixo da investiga\u00e7\u00e3o acad\u00eamica, que Taleb apelida de &#8220;ensinar-os-p\u00e1ssaros-a-voar&#8221;. \u00a0<\/p>\n\n\n\n<p class=\"wp-block-paragraph\">A tabela seguinte resume a aplica\u00e7\u00e3o pr\u00e1tica destas ferramentas, contrastando a mentalidade fr\u00e1gil com a antifr\u00e1gil.<\/p>\n\n\n\n<figure class=\"wp-block-table\"><table class=\"has-fixed-layout\"><thead><tr><td>Dom\u00ednio<\/td><td>Abordagem Fr\u00e1gil (Monimodal)<\/td><td>Abordagem Antifr\u00e1gil (Barbell- Bimodal)<\/td><\/tr><\/thead><tbody><tr><td><strong>Finan\u00e7as<\/strong><\/td><td>100% em a\u00e7\u00f5es de &#8220;risco m\u00e9dio&#8221;<\/td><td>90% em caixa\/t\u00edtulos seguros + 10% em startups\/op\u00e7\u00f5es de alto risco<\/td><\/tr><tr><td><strong>Carreira<\/strong><\/td><td>Emprego corporativo de n\u00edvel m\u00e9dio<\/td><td>Emprego est\u00e1vel e de baixa demanda + projeto passional especulativo<\/td><\/tr><tr><td><strong>Sa\u00fade<\/strong><\/td><td>Cardio moderado e cr\u00f3nico<\/td><td>Sprints intensos e levantamento de peso + longos per\u00edodos de descanso\/caminhada<\/td><\/tr><tr><td><strong>Conhecimento<\/strong><\/td><td>Seguir um curr\u00edculo fixo<\/td><td>Ler os cl\u00e1ssicos (robusto) + explorar ideias radicais e novas (especulativo)<\/td><\/tr><tr><td><strong>Tomada de Decis\u00e3o<\/strong><\/td><td>Tentar prever e otimizar (Via Positiva)<\/td><td>Focar em evitar a ru\u00edna e eliminar o que \u00e9 prejudicial (Via Negativa)<\/td><\/tr><\/tbody><\/table><\/figure>\n\n\n\n<h2 class=\"wp-block-heading\">A B\u00fassola \u00c9tica: Pele em Jogo e a Transfer\u00eancia de Fragilidade<\/h2>\n\n\n\n<p class=\"wp-block-paragraph\">O problema \u00e9tico central da modernidade \u00e9 a capacidade que certos indiv\u00edduos e institui\u00e7\u00f5es t\u00eam de alcan\u00e7ar a antifragilidade para si pr\u00f3prios, transferindo a fragilidade e o risco para outros.<sup><\/sup> Esta \u00e9 uma manifesta\u00e7\u00e3o em larga escala do &#8220;problema de ag\u00eancia&#8221;, facilitada pela complexidade e opacidade do mundo contempor\u00e2neo, onde as consequ\u00eancias das a\u00e7\u00f5es s\u00e3o dissociadas dos seus autores. &nbsp;<\/p>\n\n\n\n<p class=\"wp-block-paragraph\">A solu\u00e7\u00e3o \u00e9 t\u00e3o antiga quanto atemporal: <a href=\"https:\/\/amzn.to\/47iJtAE\" target=\"_blank\" rel=\"noreferrer noopener\"><strong>Pele em Jogo<\/strong> (<em>Skin in the Game<\/em>)<\/a>. Este princ\u00edpio exige que os tomadores de decis\u00e3o estejam expostos \u00e0s consequ\u00eancias negativas das suas pr\u00f3prias decis\u00f5es. A simetria entre risco e recompensa alinha os incentivos e filtra a incompet\u00eancia. O C\u00f3digo de Hamurabi, com quase 4.000 anos, oferecia uma solu\u00e7\u00e3o elegante: se um construtor ergue uma casa e esta desaba, matando o propriet\u00e1rio, o construtor \u00e9 condenado \u00e0 morte. Isto garante que o construtor tem um incentivo poderoso para n\u00e3o ocultar riscos nas funda\u00e7\u00f5es. \u00a0<\/p>\n\n\n\n<blockquote class=\"wp-block-quote is-layout-flow wp-block-quote-is-layout-flow\">\n<p class=\"wp-block-paragraph\">O C\u00f3digo de Hamurabi, com quase 4.000 anos, oferecia uma solu\u00e7\u00e3o elegante: se um construtor ergue uma casa e esta desaba, matando o propriet\u00e1rio, o construtor \u00e9 condenado \u00e0 morte. Isto garante que o construtor tem um incentivo poderoso para n\u00e3o ocultar riscos nas funda\u00e7\u00f5es. \u00a0<\/p>\n<\/blockquote>\n\n\n\n<p class=\"wp-block-paragraph\">O contraste com o mundo moderno \u00e9 gritante. Banqueiros que assumem riscos enormes com o dinheiro de outras pessoas recebem b\u00f4nus milion\u00e1rios quando as coisas correm bem, mas s\u00e3o salvos pelos contribuintes quando as suas apostas falham \u2014 Eles privatizam os ganhos e socializam as perdas, alcan\u00e7ando a antifragilidade \u00e0 custa da fragilidade do p\u00fablico. \u00a0<\/p>\n\n\n\n<h3 class=\"wp-block-heading\">Estudo de Caso: A An\u00e1lise Antifr\u00e1gil do Bitcoin<\/h3>\n\n\n\n<p class=\"wp-block-paragraph\">A estrutura de Taleb pode ser aplicada para analisar fen\u00f4menos contempor\u00e2neos. A sua cr\u00edtica ao Bitcoin \u00e9 um exemplo perfeito de como estes conceitos funcionam na pr\u00e1tica:<\/p>\n\n\n\n<ul class=\"wp-block-list\">\n<li><strong>Fragilidade:<\/strong> O Bitcoin \u00e9 inerentemente fr\u00e1gil porque a sua sobreviv\u00eancia depende de manuten\u00e7\u00e3o ativa e cont\u00ednua e do interesse sustentado dos seus utilizadores. Ao contr\u00e1rio do ouro, que \u00e9 fisicamente robusto, o Bitcoin pode atingir uma &#8220;barreira absorvente&#8221; de valor zero, da qual nunca recuperaria. &nbsp;<\/li>\n\n\n\n<li><strong>Iatrogenia:<\/strong> Taleb descreve o Bitcoin como um &#8220;tumor&#8221; e um &#8220;gimmick&#8221;, um produto da iatrogenia das pol\u00edticas monet\u00e1rias dos bancos centrais. As taxas de juro zero criaram uma &#8220;Disneyl\u00e2ndia&#8221; de bolhas especulativas, das quais o Bitcoin \u00e9 um dos exemplos mais proeminentes. &nbsp;<\/li>\n\n\n\n<li><strong>Falha como Prote\u00e7\u00e3o:<\/strong> O Bitcoin n\u00e3o funciona como uma prote\u00e7\u00e3o robusta ou antifr\u00e1gil contra o risco sist\u00eamico. Durante a queda do mercado em mar\u00e7o de 2020, o seu pre\u00e7o desabou juntamente com as a\u00e7\u00f5es, demonstrando a sua fragilidade e correla\u00e7\u00e3o com o sistema que pretendia substituir. \u00a0<\/li>\n\n\n\n<li><strong>Falta de Pele em Jogo:<\/strong> Muitos dos seus promotores se beneficiam do hype e da volatilidade sem terem uma exposi\u00e7\u00e3o sim\u00e9trica ao risco. Eles ganham com a subida, mas n\u00e3o perdem proporcionalmente com a queda, transferindo o risco para os investidores menos informados.<\/li>\n<\/ul>\n\n\n\n<p class=\"wp-block-paragraph\">Esta transfer\u00eancia de fragilidade criou uma nova classe de &#8220;her\u00f3is ao contr\u00e1rio&#8221;: burocratas, banqueiros e acad\u00eamicos com um poder imenso, mas sem qualquer exposi\u00e7\u00e3o pessoal \u00e0s consequ\u00eancias das suas decis\u00f5es. Enquanto isso, os verdadeiros her\u00f3is \u2014 os empres\u00e1rios que falham, os soldados que arriscam a vida, os indiv\u00edduos que assumem riscos pelo bem coletivo \u2014 s\u00e3o frequentemente ignorados ou denegridos. A estrutura de Taleb n\u00e3o \u00e9 apenas econ\u00f4mica ou filos\u00f3fica; \u00e9 uma cr\u00edtica profunda \u00e0 estrutura moderna de poder e autoridade. Ao separar a recompensa do risco, invertemos o modelo tradicional de hero\u00edsmo. A pessoa com a &#8220;pele em jogo&#8221; \u00e9 a \u00fanica cuja opini\u00e3o merece ser ouvida, porque a sua sobreviv\u00eancia depende de estar conectada com a realidade. Este \u00e9 o filtro supremo contra o &#8220;papo-furado&#8221;. Adotar uma heur\u00edstica de &#8220;pele em jogo&#8221; \u00e9 um ato radical de recupera\u00e7\u00e3o da soberania intelectual e \u00e9tica. \u00a0<\/p>\n\n\n\n<h2 class=\"wp-block-heading\">Desejando o Vento<\/h2>\n\n\n\n<p class=\"wp-block-paragraph\">A jornada atrav\u00e9s das ideias de Nassim Nicholas Taleb revela uma verdade simples, mas transformadora: a incerteza n\u00e3o \u00e9 o inimigo. \u00c9 a mat\u00e9ria-prima da vida, da evolu\u00e7\u00e3o e da inova\u00e7\u00e3o. As nossas tentativas de a eliminar s\u00e3o a fonte das nossas maiores fragilidades. A filosofia antifr\u00e1gil pode ser resumida numa \u00fanica m\u00e1xima: &#8220;Todas as coisas ganham ou perdem com a volatilidade&#8221;.<sup><\/sup> &nbsp;<\/p>\n\n\n\n<p class=\"wp-block-paragraph\">O objetivo, portanto, n\u00e3o \u00e9 prever o futuro, mas construir sistemas, carreiras e vidas que n\u00e3o dependam da previs\u00e3o. Isto significa abra\u00e7ar a Estrat\u00e9gia Barbell, praticar a Via Negativa, procurar ativamente a opcionalidade e exigir  &#8220;pele em jogo&#8221; de n\u00f3s mesmos e daqueles que det\u00eam o poder.<\/p>\n\n\n\n<p class=\"wp-block-paragraph\">A quest\u00e3o n\u00e3o \u00e9 se o vento vai soprar \u2014 ele vai. A quest\u00e3o \u00e9 se escolhemos ser a vela, que se apaga ao primeiro sopro, ou a fogueira, que ruge mais alto com a for\u00e7a do vento injetando mais oxig\u00eanio no meio. O guia de Taleb oferece-nos o mapa para deixar de temer o vento e passar a desej\u00e1-lo. \u00c9 querer ser a fogueira e desejar o vento forte.<\/p>\n\n\n\n<h2 class=\"wp-block-heading\">Refer\u00eancias\u00a0<\/h2>\n\n\n\n<p class=\"wp-block-paragraph\"><a href=\"https:\/\/amzn.to\/47Qd0li\" target=\"_blank\" rel=\"noreferrer noopener\">Antifr\u00e1gil (Nova edi\u00e7\u00e3o): Coisas que se beneficiam com o caos. Livro 616 p\u00e1ginas. Editora Objetiva.<\/a><\/p>\n\n\n\n<p class=\"wp-block-paragraph\"><a href=\"http:\/\/: Assimetrias ocultas no cotidiano\">Arriscando a pr\u00f3pria pele: Assimetrias ocultas no cotidiano. Livro 312 p\u00e1ginas. Editora Objetiva<\/a><\/p>\n\n\n\n<p class=\"wp-block-paragraph\"><a href=\"https:\/\/amzn.to\/4n4Xsi2\" target=\"_blank\" rel=\"noreferrer noopener\">A l\u00f3gica do Cisne Negro (Edi\u00e7\u00e3o revista e ampliada): O impacto do altamente improv\u00e1vel. Livro 508 p\u00e1ginas &#8211; Editora Objetiva<\/a><\/p>\n\n\n\n<p class=\"wp-block-paragraph\"><\/p>\n","protected":false},"excerpt":{"rendered":"<p>Voc\u00ea \u00e9 a Vela ou a Fogueira? O Vento N\u00e3o Pede a Sua Opini\u00e3o. Existe uma met\u00e1fora fundamental, t\u00e3o simples quanto profunda, que encapsula uma das verdades mais negligenciadas do nosso tempo: &#8220;O vento apaga uma vela e energiza o fogo&#8221;. Esta imagem, proposta pelo ensa\u00edsta e analista de riscos Nassim Nicholas Taleb, for\u00e7a-nos a &hellip; <a href=\"https:\/\/corporateacademy.org\/index.php\/2025\/08\/28\/antifragilidade\/\" class=\"more-link\">Continuar lendo <span class=\"screen-reader-text\">Antifr\u00e1gil: Um Guia para Prosperar no Caos e Abra\u00e7ar a Incerteza<\/span><\/a><\/p>\n","protected":false},"author":1,"featured_media":2571,"comment_status":"open","ping_status":"open","sticky":false,"template":"","format":"standard","meta":{"_jetpack_newsletter_access":"","_jetpack_dont_email_post_to_subs":false,"_jetpack_newsletter_tier_id":0,"_jetpack_memberships_contains_paywalled_content":false,"_jetpack_feature_clip_id":0,"_jetpack_memberships_contains_paid_content":false,"footnotes":"","jetpack_publicize_message":"","jetpack_publicize_feature_enabled":true,"jetpack_social_post_already_shared":true,"jetpack_social_options":{"image_generator_settings":{"template":"highway","default_image_id":0,"font":"","enabled":false},"version":2},"jetpack_post_was_ever_published":false},"categories":[19],"tags":[811,341,814,22,630,734,821,817,819,348,810,823,818,349,135,822,813,816,820,263,812,245,481,815,809],"class_list":["post-2565","post","type-post","status-publish","format-standard","has-post-thumbnail","hentry","category-ambiente-corporativo","tag-antifragilidade","tag-caos","tag-cisne-negro","tag-comportamento","tag-desenvolvimento-pessoal","tag-economia","tag-estrategia","tag-estrategia-barbell","tag-filosofia","tag-fragilidade","tag-gestao-de-risco","tag-hormese","tag-iatrogenia","tag-incerteza","tag-inovacao","tag-investimentos","tag-nassim-nicholas-taleb","tag-pele-em-jogo","tag-problema-do-peru","tag-resiliencia","tag-sistemas-complexos","tag-tecnologia","tag-tomada-de-decisao","tag-via-negativa","tag-volatilidade"],"aioseo_notices":[],"aioseo_head":"\n\t\t<!-- All in One SEO 5.0.1.1 - aioseo.com -->\n\t<meta name=\"description\" content=\"Voc\u00ea \u00e9 a Vela ou a Fogueira? O Vento N\u00e3o Pede a Sua Opini\u00e3o. Existe uma met\u00e1fora fundamental, t\u00e3o simples quanto profunda, que encapsula uma das verdades mais negligenciadas do nosso tempo: &quot;O vento apaga uma vela e energiza o fogo&quot;. Esta imagem, proposta pelo ensa\u00edsta e analista de riscos Nassim Nicholas Taleb, for\u00e7a-nos a\" \/>\n\t<meta name=\"robots\" content=\"max-image-preview:large\" \/>\n\t<meta name=\"author\" content=\"Editor\"\/>\n\t<link rel=\"canonical\" href=\"https:\/\/corporateacademy.org\/index.php\/2025\/08\/28\/antifragilidade\/\" \/>\n\t<meta name=\"generator\" content=\"All in One SEO (AIOSEO) 5.0.1.1\" \/>\n\t\t<meta property=\"og:locale\" content=\"pt_BR\" \/>\n\t\t<meta property=\"og:site_name\" content=\"Corporate Academy - Compartilhando Conhecimento\" \/>\n\t\t<meta property=\"og:type\" content=\"article\" \/>\n\t\t<meta property=\"og:title\" content=\"Antifr\u00e1gil: Um Guia para Prosperar no Caos e Abra\u00e7ar a Incerteza - Corporate Academy\" \/>\n\t\t<meta property=\"og:description\" content=\"Voc\u00ea \u00e9 a Vela ou a Fogueira? O Vento N\u00e3o Pede a Sua Opini\u00e3o. Existe uma met\u00e1fora fundamental, t\u00e3o simples quanto profunda, que encapsula uma das verdades mais negligenciadas do nosso tempo: &quot;O vento apaga uma vela e energiza o fogo&quot;. Esta imagem, proposta pelo ensa\u00edsta e analista de riscos Nassim Nicholas Taleb, for\u00e7a-nos a\" \/>\n\t\t<meta property=\"og:url\" content=\"https:\/\/corporateacademy.org\/index.php\/2025\/08\/28\/antifragilidade\/\" \/>\n\t\t<meta property=\"og:image\" content=\"https:\/\/i0.wp.com\/corporateacademy.org\/wp-content\/uploads\/2018\/03\/Logo200x200.jpg?fit=200200\" \/>\n\t\t<meta property=\"og:image:secure_url\" content=\"https:\/\/i0.wp.com\/corporateacademy.org\/wp-content\/uploads\/2018\/03\/Logo200x200.jpg?fit=200200\" \/>\n\t\t<meta property=\"article:published_time\" content=\"2025-08-28T17:18:31+00:00\" \/>\n\t\t<meta property=\"article:modified_time\" content=\"2025-08-28T17:19:45+00:00\" \/>\n\t\t<meta name=\"twitter:card\" content=\"summary_large_image\" \/>\n\t\t<meta name=\"twitter:title\" content=\"Antifr\u00e1gil: Um Guia para Prosperar no Caos e Abra\u00e7ar a Incerteza - Corporate Academy\" \/>\n\t\t<meta name=\"twitter:description\" content=\"Voc\u00ea \u00e9 a Vela ou a Fogueira? O Vento N\u00e3o Pede a Sua Opini\u00e3o. Existe uma met\u00e1fora fundamental, t\u00e3o simples quanto profunda, que encapsula uma das verdades mais negligenciadas do nosso tempo: &quot;O vento apaga uma vela e energiza o fogo&quot;. Esta imagem, proposta pelo ensa\u00edsta e analista de riscos Nassim Nicholas Taleb, for\u00e7a-nos a\" \/>\n\t\t<meta name=\"twitter:image\" content=\"https:\/\/i0.wp.com\/corporateacademy.org\/wp-content\/uploads\/2018\/03\/Logo200x200.jpg?fit=200200\" \/>\n\t\t<script type=\"application\/ld+json\" class=\"aioseo-schema\">\n\t\t\t{\"@context\":\"https:\\\/\\\/schema.org\",\"@graph\":[{\"@type\":\"BlogPosting\",\"@id\":\"https:\\\/\\\/corporateacademy.org\\\/index.php\\\/2025\\\/08\\\/28\\\/antifragilidade\\\/#blogposting\",\"name\":\"Antifr\\u00e1gil: Um Guia para Prosperar no Caos e Abra\\u00e7ar a Incerteza - Corporate Academy\",\"headline\":\"Antifr\\u00e1gil: Um Guia para Prosperar no Caos e Abra\\u00e7ar a Incerteza\",\"author\":{\"@id\":\"https:\\\/\\\/corporateacademy.org\\\/index.php\\\/author\\\/nevesf\\\/#author\"},\"publisher\":{\"@id\":\"https:\\\/\\\/corporateacademy.org\\\/#organization\"},\"image\":{\"@type\":\"ImageObject\",\"url\":\"https:\\\/\\\/i0.wp.com\\\/corporateacademy.org\\\/wp-content\\\/uploads\\\/2025\\\/08\\\/fogueira-e-vela.png?fit=821%2C466&ssl=1\",\"width\":821,\"height\":466,\"caption\":\"antifragilidade\"},\"datePublished\":\"2025-08-28T14:18:31-03:00\",\"dateModified\":\"2025-08-28T14:19:45-03:00\",\"inLanguage\":\"pt-BR\",\"mainEntityOfPage\":{\"@id\":\"https:\\\/\\\/corporateacademy.org\\\/index.php\\\/2025\\\/08\\\/28\\\/antifragilidade\\\/#webpage\"},\"isPartOf\":{\"@id\":\"https:\\\/\\\/corporateacademy.org\\\/index.php\\\/2025\\\/08\\\/28\\\/antifragilidade\\\/#webpage\"},\"articleSection\":\"Ambiente corporativo, Antifragilidade, caos, Cisne Negro, comportamento, desenvolvimento pessoal, economia, Estrat\\u00e9gia, Estrat\\u00e9gia Barbell, Filosofia, fragilidade, Gest\\u00e3o de Risco, Hormese, Iatrogenia, incerteza, inova\\u00e7\\u00e3o, Investimentos, Nassim Nicholas Taleb, Pele em Jogo, Problema do Peru, resili\\u00eancia, Sistemas Complexos, tecnologia, tomada de decis\\u00e3o, Via Negativa, Volatilidade\"},{\"@type\":\"BreadcrumbList\",\"@id\":\"https:\\\/\\\/corporateacademy.org\\\/index.php\\\/2025\\\/08\\\/28\\\/antifragilidade\\\/#breadcrumblist\",\"itemListElement\":[{\"@type\":\"ListItem\",\"@id\":\"https:\\\/\\\/corporateacademy.org#listItem\",\"position\":1,\"name\":\"Home\",\"item\":\"https:\\\/\\\/corporateacademy.org\",\"nextItem\":{\"@type\":\"ListItem\",\"@id\":\"https:\\\/\\\/corporateacademy.org\\\/index.php\\\/category\\\/ambiente-corporativo\\\/#listItem\",\"name\":\"Ambiente corporativo\"}},{\"@type\":\"ListItem\",\"@id\":\"https:\\\/\\\/corporateacademy.org\\\/index.php\\\/category\\\/ambiente-corporativo\\\/#listItem\",\"position\":2,\"name\":\"Ambiente corporativo\",\"item\":\"https:\\\/\\\/corporateacademy.org\\\/index.php\\\/category\\\/ambiente-corporativo\\\/\",\"nextItem\":{\"@type\":\"ListItem\",\"@id\":\"https:\\\/\\\/corporateacademy.org\\\/index.php\\\/2025\\\/08\\\/28\\\/antifragilidade\\\/#listItem\",\"name\":\"Antifr\\u00e1gil: Um Guia para Prosperar no Caos e Abra\\u00e7ar a Incerteza\"},\"previousItem\":{\"@type\":\"ListItem\",\"@id\":\"https:\\\/\\\/corporateacademy.org#listItem\",\"name\":\"Home\"}},{\"@type\":\"ListItem\",\"@id\":\"https:\\\/\\\/corporateacademy.org\\\/index.php\\\/2025\\\/08\\\/28\\\/antifragilidade\\\/#listItem\",\"position\":3,\"name\":\"Antifr\\u00e1gil: Um Guia para Prosperar no Caos e Abra\\u00e7ar a Incerteza\",\"previousItem\":{\"@type\":\"ListItem\",\"@id\":\"https:\\\/\\\/corporateacademy.org\\\/index.php\\\/category\\\/ambiente-corporativo\\\/#listItem\",\"name\":\"Ambiente corporativo\"}}]},{\"@type\":\"Organization\",\"@id\":\"https:\\\/\\\/corporateacademy.org\\\/#organization\",\"name\":\"Corporate Academy\",\"description\":\"Compartilhando Conhecimento\",\"url\":\"https:\\\/\\\/corporateacademy.org\\\/\",\"logo\":{\"@type\":\"ImageObject\",\"url\":\"https:\\\/\\\/i0.wp.com\\\/corporateacademy.org\\\/wp-content\\\/uploads\\\/2018\\\/03\\\/Logo200x200.jpg?fit=200%2C200&ssl=1\",\"@id\":\"https:\\\/\\\/corporateacademy.org\\\/index.php\\\/2025\\\/08\\\/28\\\/antifragilidade\\\/#organizationLogo\",\"width\":200,\"height\":200},\"image\":{\"@id\":\"https:\\\/\\\/corporateacademy.org\\\/index.php\\\/2025\\\/08\\\/28\\\/antifragilidade\\\/#organizationLogo\"}},{\"@type\":\"Person\",\"@id\":\"https:\\\/\\\/corporateacademy.org\\\/index.php\\\/author\\\/nevesf\\\/#author\",\"url\":\"https:\\\/\\\/corporateacademy.org\\\/index.php\\\/author\\\/nevesf\\\/\",\"name\":\"Editor\",\"image\":{\"@type\":\"ImageObject\",\"@id\":\"https:\\\/\\\/corporateacademy.org\\\/index.php\\\/2025\\\/08\\\/28\\\/antifragilidade\\\/#authorImage\",\"url\":\"https:\\\/\\\/secure.gravatar.com\\\/avatar\\\/40a180061deabb68d04bd9f812bde2b372b5d57984baf7dd947ee866377d90fb?s=96&d=blank&r=g\",\"width\":96,\"height\":96,\"caption\":\"Editor\"}},{\"@type\":\"WebPage\",\"@id\":\"https:\\\/\\\/corporateacademy.org\\\/index.php\\\/2025\\\/08\\\/28\\\/antifragilidade\\\/#webpage\",\"url\":\"https:\\\/\\\/corporateacademy.org\\\/index.php\\\/2025\\\/08\\\/28\\\/antifragilidade\\\/\",\"name\":\"Antifr\\u00e1gil: Um Guia para Prosperar no Caos e Abra\\u00e7ar a Incerteza - Corporate Academy\",\"description\":\"Voc\\u00ea \\u00e9 a Vela ou a Fogueira? O Vento N\\u00e3o Pede a Sua Opini\\u00e3o. Existe uma met\\u00e1fora fundamental, t\\u00e3o simples quanto profunda, que encapsula uma das verdades mais negligenciadas do nosso tempo: \\\"O vento apaga uma vela e energiza o fogo\\\". Esta imagem, proposta pelo ensa\\u00edsta e analista de riscos Nassim Nicholas Taleb, for\\u00e7a-nos a\",\"inLanguage\":\"pt-BR\",\"isPartOf\":{\"@id\":\"https:\\\/\\\/corporateacademy.org\\\/#website\"},\"breadcrumb\":{\"@id\":\"https:\\\/\\\/corporateacademy.org\\\/index.php\\\/2025\\\/08\\\/28\\\/antifragilidade\\\/#breadcrumblist\"},\"author\":{\"@id\":\"https:\\\/\\\/corporateacademy.org\\\/index.php\\\/author\\\/nevesf\\\/#author\"},\"creator\":{\"@id\":\"https:\\\/\\\/corporateacademy.org\\\/index.php\\\/author\\\/nevesf\\\/#author\"},\"image\":{\"@type\":\"ImageObject\",\"url\":\"https:\\\/\\\/i0.wp.com\\\/corporateacademy.org\\\/wp-content\\\/uploads\\\/2025\\\/08\\\/fogueira-e-vela.png?fit=821%2C466&ssl=1\",\"@id\":\"https:\\\/\\\/corporateacademy.org\\\/index.php\\\/2025\\\/08\\\/28\\\/antifragilidade\\\/#mainImage\",\"width\":821,\"height\":466,\"caption\":\"antifragilidade\"},\"primaryImageOfPage\":{\"@id\":\"https:\\\/\\\/corporateacademy.org\\\/index.php\\\/2025\\\/08\\\/28\\\/antifragilidade\\\/#mainImage\"},\"datePublished\":\"2025-08-28T14:18:31-03:00\",\"dateModified\":\"2025-08-28T14:19:45-03:00\"},{\"@type\":\"WebSite\",\"@id\":\"https:\\\/\\\/corporateacademy.org\\\/#website\",\"url\":\"https:\\\/\\\/corporateacademy.org\\\/\",\"name\":\"Corporate Academy\",\"description\":\"Compartilhando Conhecimento\",\"inLanguage\":\"pt-BR\",\"publisher\":{\"@id\":\"https:\\\/\\\/corporateacademy.org\\\/#organization\"}}]}\n\t\t<\/script>\n\t\t<!-- All in One SEO -->\n\n","aioseo_head_json":{"title":"Antifr\u00e1gil: Um Guia para Prosperar no Caos e Abra\u00e7ar a Incerteza - Corporate Academy","description":"Voc\u00ea \u00e9 a Vela ou a Fogueira? O Vento N\u00e3o Pede a Sua Opini\u00e3o. Existe uma met\u00e1fora fundamental, t\u00e3o simples quanto profunda, que encapsula uma das verdades mais negligenciadas do nosso tempo: \"O vento apaga uma vela e energiza o fogo\". Esta imagem, proposta pelo ensa\u00edsta e analista de riscos Nassim Nicholas Taleb, for\u00e7a-nos a","canonical_url":"https:\/\/corporateacademy.org\/index.php\/2025\/08\/28\/antifragilidade\/","robots":"max-image-preview:large","keywords":"","webmasterTools":{"miscellaneous":""},"schema":{"@context":"https:\/\/schema.org","@graph":[{"@type":"BlogPosting","@id":"https:\/\/corporateacademy.org\/index.php\/2025\/08\/28\/antifragilidade\/#blogposting","name":"Antifr\u00e1gil: Um Guia para Prosperar no Caos e Abra\u00e7ar a Incerteza - Corporate Academy","headline":"Antifr\u00e1gil: Um Guia para Prosperar no Caos e Abra\u00e7ar a Incerteza","author":{"@id":"https:\/\/corporateacademy.org\/index.php\/author\/nevesf\/#author"},"publisher":{"@id":"https:\/\/corporateacademy.org\/#organization"},"image":{"@type":"ImageObject","url":"https:\/\/i0.wp.com\/corporateacademy.org\/wp-content\/uploads\/2025\/08\/fogueira-e-vela.png?fit=821%2C466&ssl=1","width":821,"height":466,"caption":"antifragilidade"},"datePublished":"2025-08-28T14:18:31-03:00","dateModified":"2025-08-28T14:19:45-03:00","inLanguage":"pt-BR","mainEntityOfPage":{"@id":"https:\/\/corporateacademy.org\/index.php\/2025\/08\/28\/antifragilidade\/#webpage"},"isPartOf":{"@id":"https:\/\/corporateacademy.org\/index.php\/2025\/08\/28\/antifragilidade\/#webpage"},"articleSection":"Ambiente corporativo, Antifragilidade, caos, Cisne Negro, comportamento, desenvolvimento pessoal, economia, Estrat\u00e9gia, Estrat\u00e9gia Barbell, Filosofia, fragilidade, Gest\u00e3o de Risco, Hormese, Iatrogenia, incerteza, inova\u00e7\u00e3o, Investimentos, Nassim Nicholas Taleb, Pele em Jogo, Problema do Peru, resili\u00eancia, Sistemas Complexos, tecnologia, tomada de decis\u00e3o, Via Negativa, Volatilidade"},{"@type":"BreadcrumbList","@id":"https:\/\/corporateacademy.org\/index.php\/2025\/08\/28\/antifragilidade\/#breadcrumblist","itemListElement":[{"@type":"ListItem","@id":"https:\/\/corporateacademy.org#listItem","position":1,"name":"Home","item":"https:\/\/corporateacademy.org","nextItem":{"@type":"ListItem","@id":"https:\/\/corporateacademy.org\/index.php\/category\/ambiente-corporativo\/#listItem","name":"Ambiente corporativo"}},{"@type":"ListItem","@id":"https:\/\/corporateacademy.org\/index.php\/category\/ambiente-corporativo\/#listItem","position":2,"name":"Ambiente corporativo","item":"https:\/\/corporateacademy.org\/index.php\/category\/ambiente-corporativo\/","nextItem":{"@type":"ListItem","@id":"https:\/\/corporateacademy.org\/index.php\/2025\/08\/28\/antifragilidade\/#listItem","name":"Antifr\u00e1gil: Um Guia para Prosperar no Caos e Abra\u00e7ar a Incerteza"},"previousItem":{"@type":"ListItem","@id":"https:\/\/corporateacademy.org#listItem","name":"Home"}},{"@type":"ListItem","@id":"https:\/\/corporateacademy.org\/index.php\/2025\/08\/28\/antifragilidade\/#listItem","position":3,"name":"Antifr\u00e1gil: Um Guia para Prosperar no Caos e Abra\u00e7ar a Incerteza","previousItem":{"@type":"ListItem","@id":"https:\/\/corporateacademy.org\/index.php\/category\/ambiente-corporativo\/#listItem","name":"Ambiente corporativo"}}]},{"@type":"Organization","@id":"https:\/\/corporateacademy.org\/#organization","name":"Corporate Academy","description":"Compartilhando Conhecimento","url":"https:\/\/corporateacademy.org\/","logo":{"@type":"ImageObject","url":"https:\/\/i0.wp.com\/corporateacademy.org\/wp-content\/uploads\/2018\/03\/Logo200x200.jpg?fit=200%2C200&ssl=1","@id":"https:\/\/corporateacademy.org\/index.php\/2025\/08\/28\/antifragilidade\/#organizationLogo","width":200,"height":200},"image":{"@id":"https:\/\/corporateacademy.org\/index.php\/2025\/08\/28\/antifragilidade\/#organizationLogo"}},{"@type":"Person","@id":"https:\/\/corporateacademy.org\/index.php\/author\/nevesf\/#author","url":"https:\/\/corporateacademy.org\/index.php\/author\/nevesf\/","name":"Editor","image":{"@type":"ImageObject","@id":"https:\/\/corporateacademy.org\/index.php\/2025\/08\/28\/antifragilidade\/#authorImage","url":"https:\/\/secure.gravatar.com\/avatar\/40a180061deabb68d04bd9f812bde2b372b5d57984baf7dd947ee866377d90fb?s=96&d=blank&r=g","width":96,"height":96,"caption":"Editor"}},{"@type":"WebPage","@id":"https:\/\/corporateacademy.org\/index.php\/2025\/08\/28\/antifragilidade\/#webpage","url":"https:\/\/corporateacademy.org\/index.php\/2025\/08\/28\/antifragilidade\/","name":"Antifr\u00e1gil: Um Guia para Prosperar no Caos e Abra\u00e7ar a Incerteza - Corporate Academy","description":"Voc\u00ea \u00e9 a Vela ou a Fogueira? O Vento N\u00e3o Pede a Sua Opini\u00e3o. Existe uma met\u00e1fora fundamental, t\u00e3o simples quanto profunda, que encapsula uma das verdades mais negligenciadas do nosso tempo: \"O vento apaga uma vela e energiza o fogo\". Esta imagem, proposta pelo ensa\u00edsta e analista de riscos Nassim Nicholas Taleb, for\u00e7a-nos a","inLanguage":"pt-BR","isPartOf":{"@id":"https:\/\/corporateacademy.org\/#website"},"breadcrumb":{"@id":"https:\/\/corporateacademy.org\/index.php\/2025\/08\/28\/antifragilidade\/#breadcrumblist"},"author":{"@id":"https:\/\/corporateacademy.org\/index.php\/author\/nevesf\/#author"},"creator":{"@id":"https:\/\/corporateacademy.org\/index.php\/author\/nevesf\/#author"},"image":{"@type":"ImageObject","url":"https:\/\/i0.wp.com\/corporateacademy.org\/wp-content\/uploads\/2025\/08\/fogueira-e-vela.png?fit=821%2C466&ssl=1","@id":"https:\/\/corporateacademy.org\/index.php\/2025\/08\/28\/antifragilidade\/#mainImage","width":821,"height":466,"caption":"antifragilidade"},"primaryImageOfPage":{"@id":"https:\/\/corporateacademy.org\/index.php\/2025\/08\/28\/antifragilidade\/#mainImage"},"datePublished":"2025-08-28T14:18:31-03:00","dateModified":"2025-08-28T14:19:45-03:00"},{"@type":"WebSite","@id":"https:\/\/corporateacademy.org\/#website","url":"https:\/\/corporateacademy.org\/","name":"Corporate Academy","description":"Compartilhando Conhecimento","inLanguage":"pt-BR","publisher":{"@id":"https:\/\/corporateacademy.org\/#organization"}}]},"og:locale":"pt_BR","og:site_name":"Corporate Academy - Compartilhando Conhecimento","og:type":"article","og:title":"Antifr\u00e1gil: Um Guia para Prosperar no Caos e Abra\u00e7ar a Incerteza - Corporate Academy","og:description":"Voc\u00ea \u00e9 a Vela ou a Fogueira? O Vento N\u00e3o Pede a Sua Opini\u00e3o. Existe uma met\u00e1fora fundamental, t\u00e3o simples quanto profunda, que encapsula uma das verdades mais negligenciadas do nosso tempo: &quot;O vento apaga uma vela e energiza o fogo&quot;. Esta imagem, proposta pelo ensa\u00edsta e analista de riscos Nassim Nicholas Taleb, for\u00e7a-nos a","og:url":"https:\/\/corporateacademy.org\/index.php\/2025\/08\/28\/antifragilidade\/","og:image":"https:\/\/i0.wp.com\/corporateacademy.org\/wp-content\/uploads\/2018\/03\/Logo200x200.jpg?fit=200200","og:image:secure_url":"https:\/\/i0.wp.com\/corporateacademy.org\/wp-content\/uploads\/2018\/03\/Logo200x200.jpg?fit=200200","article:published_time":"2025-08-28T17:18:31+00:00","article:modified_time":"2025-08-28T17:19:45+00:00","twitter:card":"summary_large_image","twitter:title":"Antifr\u00e1gil: Um Guia para Prosperar no Caos e Abra\u00e7ar a Incerteza - Corporate Academy","twitter:description":"Voc\u00ea \u00e9 a Vela ou a Fogueira? O Vento N\u00e3o Pede a Sua Opini\u00e3o. Existe uma met\u00e1fora fundamental, t\u00e3o simples quanto profunda, que encapsula uma das verdades mais negligenciadas do nosso tempo: &quot;O vento apaga uma vela e energiza o fogo&quot;. Esta imagem, proposta pelo ensa\u00edsta e analista de riscos Nassim Nicholas Taleb, for\u00e7a-nos a","twitter:image":"https:\/\/i0.wp.com\/corporateacademy.org\/wp-content\/uploads\/2018\/03\/Logo200x200.jpg?fit=200200"},"aioseo_meta_data":{"post_id":"2565","title":null,"description":null,"keywords":null,"keyphrases":null,"focus_keyword":null,"additional_keywords":null,"truseo_locale":null,"primary_term":null,"canonical_url":null,"og_title":null,"og_description":null,"og_object_type":"default","og_image_type":"default","og_image_custom_url":null,"og_image_custom_fields":null,"og_image_url":null,"og_image_width":null,"og_image_height":null,"og_video":null,"og_custom_url":null,"og_article_section":null,"og_article_tags":null,"twitter_use_og":false,"twitter_card":"default","twitter_image_type":"default","twitter_image_custom_url":null,"twitter_image_custom_fields":null,"twitter_image_url":null,"twitter_title":null,"twitter_description":null,"schema_type":"default","schema_type_options":null,"schema":{"blockGraphs":[],"customGraphs":[],"default":{"data":{"Article":[],"Course":[],"Dataset":[],"FAQPage":[],"Movie":[],"Person":[],"Product":[],"ProductReview":[],"Car":[],"Recipe":[],"Service":[],"SoftwareApplication":[],"WebPage":[]},"graphName":"","isEnabled":true},"graphs":[]},"pillar_content":false,"robots_default":true,"robots_noindex":false,"robots_noarchive":false,"robots_nosnippet":false,"robots_nofollow":false,"robots_noimageindex":false,"robots_noodp":false,"robots_notranslate":false,"robots_max_snippet":null,"robots_max_videopreview":null,"robots_max_imagepreview":"large","priority":null,"frequency":null,"local_seo":null,"limit_modified_date":false,"ai":null,"breadcrumb_settings":null,"seo_analyzer_scan_date":null,"created":"2026-09-02 22:27:37","updated":"2026-09-02 22:27:37"},"aioseo_breadcrumb":"<div class=\"aioseo-breadcrumbs\"><span class=\"aioseo-breadcrumb\">\n\t\t\t<a href=\"https:\/\/corporateacademy.org\" title=\"Home\">Home<\/a>\n\t\t<\/span><span class=\"aioseo-breadcrumb-separator\">&raquo;<\/span><span class=\"aioseo-breadcrumb\">\n\t\t\t<a href=\"https:\/\/corporateacademy.org\/index.php\/category\/ambiente-corporativo\/\" title=\"Ambiente corporativo\">Ambiente corporativo<\/a>\n\t\t<\/span><span class=\"aioseo-breadcrumb-separator\">&raquo;<\/span><span class=\"aioseo-breadcrumb\">\n\t\t\tAntifr\u00e1gil: Um Guia para Prosperar no Caos e Abra\u00e7ar a Incerteza\n\t\t<\/span><\/div>","aioseo_breadcrumb_json":[{"label":"Home","link":"https:\/\/corporateacademy.org"},{"label":"Ambiente corporativo","link":"https:\/\/corporateacademy.org\/index.php\/category\/ambiente-corporativo\/"},{"label":"Antifr\u00e1gil: Um Guia para Prosperar no Caos e Abra\u00e7ar a Incerteza","link":"https:\/\/corporateacademy.org\/index.php\/2025\/08\/28\/antifragilidade\/"}],"jetpack_publicize_connections":[],"jetpack_sharing_enabled":true,"jetpack_shortlink":"https:\/\/wp.me\/p9MYp6-Fn","jetpack_likes_enabled":true,"jetpack-related-posts":[{"id":973,"url":"https:\/\/corporateacademy.org\/index.php\/2021\/03\/12\/do-vuca-ao-bani-uma-nova-forma-de-interpretar-as-mudancas\/","url_meta":{"origin":2565,"position":0},"title":"Do VUCA ao BANI &#8211; Uma nova forma de interpretar as mudan\u00e7as.","author":"Editor","date":"12\/03\/2021","format":false,"excerpt":"Fernando Neves, Ph.D. O ano de 2020 ser\u00e1 sempre lembrado como um marco na hist\u00f3ria. Seria dif\u00edcil apostar que haveria uma mudan\u00e7a de comportamento t\u00e3o dr\u00e1stica n\u00e3o somente na rotina das pessoas, mas tamb\u00e9m na economia, pol\u00edtica e na forma de fazer neg\u00f3cios. N\u00e3o podemos dizer que ningu\u00e9m esperava algo\u2026","rel":"","context":"Em &quot;Ambiente corporativo&quot;","block_context":{"text":"Ambiente corporativo","link":"https:\/\/corporateacademy.org\/index.php\/category\/ambiente-corporativo\/"},"img":{"alt_text":"fragilidade e turbulencia","src":"https:\/\/i0.wp.com\/corporateacademy.org\/wp-content\/uploads\/2021\/03\/butterfly-and-waves-Pixabay.jpg?fit=1200%2C800&ssl=1&resize=350%2C200","width":350,"height":200,"srcset":"https:\/\/i0.wp.com\/corporateacademy.org\/wp-content\/uploads\/2021\/03\/butterfly-and-waves-Pixabay.jpg?fit=1200%2C800&ssl=1&resize=350%2C200 1x, https:\/\/i0.wp.com\/corporateacademy.org\/wp-content\/uploads\/2021\/03\/butterfly-and-waves-Pixabay.jpg?fit=1200%2C800&ssl=1&resize=525%2C300 1.5x, https:\/\/i0.wp.com\/corporateacademy.org\/wp-content\/uploads\/2021\/03\/butterfly-and-waves-Pixabay.jpg?fit=1200%2C800&ssl=1&resize=700%2C400 2x, https:\/\/i0.wp.com\/corporateacademy.org\/wp-content\/uploads\/2021\/03\/butterfly-and-waves-Pixabay.jpg?fit=1200%2C800&ssl=1&resize=1050%2C600 3x"},"classes":[]},{"id":2588,"url":"https:\/\/corporateacademy.org\/index.php\/2025\/09\/02\/iludidos-pelo-acaso-nassim-taleb\/","url_meta":{"origin":2565,"position":1},"title":"Voc\u00ea \u00e9 um G\u00eanio ou Apenas um Idiota Sortudo? O Papel Oculto do Acaso no Sucesso Corporativo","author":"Editor","date":"02\/09\/2025","format":false,"excerpt":"Voc\u00ea j\u00e1 se deparou com dois profissionais na mesma \u00e1rea, com n\u00edveis de intelig\u00eancia e dedica\u00e7\u00e3o aparentemente semelhantes, mas com resultados financeiros drasticamente diferentes? De um lado, um colega met\u00f3dico, avesso ao risco, que constr\u00f3i sua carreira de forma lenta e consistente. Do outro, uma estrela em ascens\u00e3o, um \"Mestre\u2026","rel":"","context":"Em &quot;Ambiente corporativo&quot;","block_context":{"text":"Ambiente corporativo","link":"https:\/\/corporateacademy.org\/index.php\/category\/ambiente-corporativo\/"},"img":{"alt_text":"tinta multicolorida sobre tabuleiro de xadrez","src":"https:\/\/i0.wp.com\/corporateacademy.org\/wp-content\/uploads\/2025\/09\/Xadrez-tinta-multicolorida.png?fit=946%2C501&ssl=1&resize=350%2C200","width":350,"height":200,"srcset":"https:\/\/i0.wp.com\/corporateacademy.org\/wp-content\/uploads\/2025\/09\/Xadrez-tinta-multicolorida.png?fit=946%2C501&ssl=1&resize=350%2C200 1x, https:\/\/i0.wp.com\/corporateacademy.org\/wp-content\/uploads\/2025\/09\/Xadrez-tinta-multicolorida.png?fit=946%2C501&ssl=1&resize=525%2C300 1.5x, https:\/\/i0.wp.com\/corporateacademy.org\/wp-content\/uploads\/2025\/09\/Xadrez-tinta-multicolorida.png?fit=946%2C501&ssl=1&resize=700%2C400 2x"},"classes":[]},{"id":578,"url":"https:\/\/corporateacademy.org\/index.php\/2019\/08\/03\/resolucao-de-problemas-complexos-primeira-competencia-profissinal-para-a-quarta-revolucao-industrial\/","url_meta":{"origin":2565,"position":2},"title":"Resolucao de Problemas Complexos: Primeira compet\u00eancia Profissinal para a Quarta Revolu\u00e7\u00e3o Industrial","author":"Editor","date":"03\/08\/2019","format":false,"excerpt":"M\u00e1rcio Camargo Diretor GPTW-Interior\/Coordenador de cursos - Vanzolini Professor FGV \/ Analista DISC e facilitador Lego\u00aeSerious Play\u00ae A resolu\u00e7\u00e3o de problemas complexos \u00e9 uma das 10 soft skills, apresentadas pelo F\u00f3rum Econ\u00f4mico Mundial, no relat\u00f3rio \u201cO\u00a0 Trabalho do Futuro\u201d apresentado no meu artigo intitulado: a 4\u00aa Revolu\u00e7\u00e3o Industrial e as\u2026","rel":"","context":"Em &quot;Ambiente corporativo&quot;","block_context":{"text":"Ambiente corporativo","link":"https:\/\/corporateacademy.org\/index.php\/category\/ambiente-corporativo\/"},"img":{"alt_text":"","src":"https:\/\/i0.wp.com\/corporateacademy.org\/wp-content\/uploads\/2019\/08\/4revIndResolucaoProblemas.jpeg?fit=1200%2C600&ssl=1&resize=350%2C200","width":350,"height":200,"srcset":"https:\/\/i0.wp.com\/corporateacademy.org\/wp-content\/uploads\/2019\/08\/4revIndResolucaoProblemas.jpeg?fit=1200%2C600&ssl=1&resize=350%2C200 1x, https:\/\/i0.wp.com\/corporateacademy.org\/wp-content\/uploads\/2019\/08\/4revIndResolucaoProblemas.jpeg?fit=1200%2C600&ssl=1&resize=525%2C300 1.5x, https:\/\/i0.wp.com\/corporateacademy.org\/wp-content\/uploads\/2019\/08\/4revIndResolucaoProblemas.jpeg?fit=1200%2C600&ssl=1&resize=700%2C400 2x, https:\/\/i0.wp.com\/corporateacademy.org\/wp-content\/uploads\/2019\/08\/4revIndResolucaoProblemas.jpeg?fit=1200%2C600&ssl=1&resize=1050%2C600 3x"},"classes":[]},{"id":327,"url":"https:\/\/corporateacademy.org\/index.php\/2018\/08\/09\/trabalhando-com-equipes-multiculturais-e-multifuncionais-em-ambiente-vuca\/","url_meta":{"origin":2565,"position":3},"title":"Trabalhando com equipes multiculturais e multifuncionais em ambiente VUCA","author":"Editor","date":"09\/08\/2018","format":false,"excerpt":"Texto: Fernando Neves, Ph.D. Imagem: Alexandra (Alexas_Fotos, Pixabay) As organiza\u00e7\u00f5es s\u00e3o formadas por pessoas e pessoas s\u00e3o diferentes, possuem interesses e aspira\u00e7\u00f5es distintas e acima de tudo cada um tem a sua pr\u00f3pria personalidade e individualidade. Mas o que acontece quando estas pessoas possuem um objetivo comum? O que ocorre\u2026","rel":"","context":"Em &quot;Ambiente corporativo&quot;","block_context":{"text":"Ambiente corporativo","link":"https:\/\/corporateacademy.org\/index.php\/category\/ambiente-corporativo\/"},"img":{"alt_text":"","src":"\/\/ws-na.amazon-adsystem.com\/widgets\/q?_encoding=UTF8&MarketPlace=BR&ASIN=8598254584&ServiceVersion=20070822&ID=AsinImage&WS=1&Format=_SL250_&tag=nevesf-20","width":350,"height":200},"classes":[]},{"id":2432,"url":"https:\/\/corporateacademy.org\/index.php\/2025\/02\/14\/o-futuro-do-trabalho-como-lideres-podem-navegar-na-fronteira-entre-humanos-e-maquinas-insights-do-forum-economico-mundial\/","url_meta":{"origin":2565,"position":4},"title":"O Futuro do Trabalho: Como L\u00edderes Podem Navegar na Fronteira Entre Humanos e M\u00e1quinas- Insights do F\u00f3rum Econ\u00f4mico Mundial.","author":"Editor","date":"14\/02\/2025","format":false,"excerpt":"Imagine o seguinte cen\u00e1rio: voc\u00ea chega ao trabalho e percebe que metade das tarefas que antes eram executadas por sua equipe agora s\u00e3o gerenciadas por intelig\u00eancia artificial. Os relat\u00f3rios financeiros, a triagem de candidatos para novas contrata\u00e7\u00f5es e at\u00e9 mesmo o atendimento ao cliente passaram a ser conduzidos por algoritmos\u2026","rel":"","context":"Em &quot;Ambiente corporativo&quot;","block_context":{"text":"Ambiente corporativo","link":"https:\/\/corporateacademy.org\/index.php\/category\/ambiente-corporativo\/"},"img":{"alt_text":"Humans and robots at the office","src":"https:\/\/i0.wp.com\/corporateacademy.org\/wp-content\/uploads\/2025\/02\/Human-and-Robots-Office.jpg?fit=1200%2C686&ssl=1&resize=350%2C200","width":350,"height":200,"srcset":"https:\/\/i0.wp.com\/corporateacademy.org\/wp-content\/uploads\/2025\/02\/Human-and-Robots-Office.jpg?fit=1200%2C686&ssl=1&resize=350%2C200 1x, https:\/\/i0.wp.com\/corporateacademy.org\/wp-content\/uploads\/2025\/02\/Human-and-Robots-Office.jpg?fit=1200%2C686&ssl=1&resize=525%2C300 1.5x, https:\/\/i0.wp.com\/corporateacademy.org\/wp-content\/uploads\/2025\/02\/Human-and-Robots-Office.jpg?fit=1200%2C686&ssl=1&resize=700%2C400 2x, https:\/\/i0.wp.com\/corporateacademy.org\/wp-content\/uploads\/2025\/02\/Human-and-Robots-Office.jpg?fit=1200%2C686&ssl=1&resize=1050%2C600 3x"},"classes":[]},{"id":2398,"url":"https:\/\/corporateacademy.org\/index.php\/2024\/12\/20\/a-coragem-de-ser-imperfeito-um-guia-para-autenticidade-e-vulnerabilidade-no-ambiente-corporativo\/","url_meta":{"origin":2565,"position":5},"title":"A Coragem de Ser Imperfeito: Um Guia para Autenticidade e Vulnerabilidade no Ambiente Corporativo","author":"Editor","date":"20\/12\/2024","format":false,"excerpt":"Voc\u00ea j\u00e1 se sentiu como se estivesse jogando um jogo que n\u00e3o pode vencer no trabalho? A press\u00e3o para ser perfeito, a necessidade de esconder suas falhas, a constante compara\u00e7\u00e3o com os colegas... Parece familiar? No mundo corporativo, onde a busca pela excel\u00eancia muitas vezes se transforma em uma corrida\u2026","rel":"","context":"Em &quot;Ambiente corporativo&quot;","block_context":{"text":"Ambiente corporativo","link":"https:\/\/corporateacademy.org\/index.php\/category\/ambiente-corporativo\/"},"img":{"alt_text":"A coragem de ser Imperfeito","src":"https:\/\/i0.wp.com\/corporateacademy.org\/wp-content\/uploads\/2024\/12\/vergonha-1-1.png?fit=896%2C502&ssl=1&resize=350%2C200","width":350,"height":200,"srcset":"https:\/\/i0.wp.com\/corporateacademy.org\/wp-content\/uploads\/2024\/12\/vergonha-1-1.png?fit=896%2C502&ssl=1&resize=350%2C200 1x, https:\/\/i0.wp.com\/corporateacademy.org\/wp-content\/uploads\/2024\/12\/vergonha-1-1.png?fit=896%2C502&ssl=1&resize=525%2C300 1.5x, https:\/\/i0.wp.com\/corporateacademy.org\/wp-content\/uploads\/2024\/12\/vergonha-1-1.png?fit=896%2C502&ssl=1&resize=700%2C400 2x"},"classes":[]}],"jetpack_featured_media_url":"https:\/\/i0.wp.com\/corporateacademy.org\/wp-content\/uploads\/2025\/08\/fogueira-e-vela.png?fit=821%2C466&ssl=1","_links":{"self":[{"href":"https:\/\/corporateacademy.org\/index.php\/wp-json\/wp\/v2\/posts\/2565","targetHints":{"allow":["GET"]}}],"collection":[{"href":"https:\/\/corporateacademy.org\/index.php\/wp-json\/wp\/v2\/posts"}],"about":[{"href":"https:\/\/corporateacademy.org\/index.php\/wp-json\/wp\/v2\/types\/post"}],"author":[{"embeddable":true,"href":"https:\/\/corporateacademy.org\/index.php\/wp-json\/wp\/v2\/users\/1"}],"replies":[{"embeddable":true,"href":"https:\/\/corporateacademy.org\/index.php\/wp-json\/wp\/v2\/comments?post=2565"}],"version-history":[{"count":21,"href":"https:\/\/corporateacademy.org\/index.php\/wp-json\/wp\/v2\/posts\/2565\/revisions"}],"predecessor-version":[{"id":2587,"href":"https:\/\/corporateacademy.org\/index.php\/wp-json\/wp\/v2\/posts\/2565\/revisions\/2587"}],"wp:featuredmedia":[{"embeddable":true,"href":"https:\/\/corporateacademy.org\/index.php\/wp-json\/wp\/v2\/media\/2571"}],"wp:attachment":[{"href":"https:\/\/corporateacademy.org\/index.php\/wp-json\/wp\/v2\/media?parent=2565"}],"wp:term":[{"taxonomy":"category","embeddable":true,"href":"https:\/\/corporateacademy.org\/index.php\/wp-json\/wp\/v2\/categories?post=2565"},{"taxonomy":"post_tag","embeddable":true,"href":"https:\/\/corporateacademy.org\/index.php\/wp-json\/wp\/v2\/tags?post=2565"}],"curies":[{"name":"wp","href":"https:\/\/api.w.org\/{rel}","templated":true}]}}