{"id":441,"date":"2019-02-20T11:19:14","date_gmt":"2019-02-20T14:19:14","guid":{"rendered":"http:\/\/corporateacademy.org\/?p=441"},"modified":"2021-09-08T15:45:46","modified_gmt":"2021-09-08T18:45:46","slug":"inteligencia-artificial-afeta-menos-as-pessoas-criativas","status":"publish","type":"post","link":"https:\/\/corporateacademy.org\/index.php\/2019\/02\/20\/inteligencia-artificial-afeta-menos-as-pessoas-criativas\/","title":{"rendered":"Intelig\u00eancia artificial afeta menos as pessoas criativas"},"content":{"rendered":"\n<p class=\"has-small-font-size wp-block-paragraph\">Texto: Fernando Neves, Ph.D.      Imagem : Pixabay (RawPixel)<\/p>\n\n\n\n<p class=\"wp-block-paragraph\">A m\u00fasica da sinfonia come\u00e7ava a entrar pelos meus ouvidos de forma suave, mas \u00e0 medida que eu n\u00e3o me movia tentando ainda aproveitar mais alguns minutos do meu sono, acordes dissonantes me impediam de voltar a dormir. A assistente virtual percebia minha pregui\u00e7a e automaticamente ajustava o volume da m\u00fasica para que eu definitivamente despertasse e passasse &nbsp;as primeiras ordens do dia. Sem muita op\u00e7\u00e3o e j\u00e1 com a luminosidade do quarto come\u00e7ando a me incomodar me rendo e dou bom dia \u00e0 assistente que j\u00e1 havia ajustado a temperatura do chuveiro e j\u00e1 dava pra sentir o cheiro do p\u00e3o fresquinho na assadeira que havia sido programada por ela, minha fiel assistente que comanda minha casa, minha agenda e em minutos me conectaria com a produ\u00e7\u00e3o da f\u00e1brica e iria me sugerir alguns investimentos, porque a decis\u00e3o final, claro, \u00e9 sempre minha.<\/p>\n\n\n\n<p class=\"wp-block-paragraph\">Sentiu-se assistindo um epis\u00f3dio de Black Mirror? Por mais que queiramos crer que este futuro \u00e9 algo distante de n\u00f3s, j\u00e1 n\u00e3o podemos. O avan\u00e7o tecnol\u00f3gico trouxe o futuro pra bem pertinho. Cada vez mais o impacto da evolu\u00e7\u00e3o tecnol\u00f3gica nos afeta. A grande quest\u00e3o \u00e9: Quais as habilidades eu devo desenvolver para n\u00e3o ser engolido pela nova economia?<br><\/p>\n\n\n\n<h4 class=\"wp-block-heading\">O que acontecer\u00e1 com os empregos na nova economia?<\/h4>\n\n\n\n<p class=\"wp-block-paragraph\">Em fun\u00e7\u00e3o dos avan\u00e7os da intelig\u00eancia artificial e da revolu\u00e7\u00e3o industrial 4.0, novas habilidades ser\u00e3o essenciais. Com as m\u00e1quinas fazendo cada vez mais o trabalho repetitivo e agora tomando decis\u00f5es com base em algoritmos e big data, n\u00f3s humanos precisamos focar em habilidades ainda n\u00e3o executadas pela m\u00e1quina ou &nbsp;aquelas habilidades em que ainda somos melhores do que ela.<br><\/p>\n\n\n\n<center><iframe style=\"width:120px;height:240px;\" marginwidth=\"0\" marginheight=\"0\" scrolling=\"no\" frameborder=\"0\" src=\"\/\/ws-na.amazon-adsystem.com\/widgets\/q?ServiceVersion=20070822&amp;OneJS=1&amp;Operation=GetAdHtml&amp;MarketPlace=BR&amp;source=ss&amp;ref=as_ss_li_til&amp;ad_type=product_link&amp;tracking_id=nevesf-20&amp;language=pt_BR&amp;marketplace=amazon&amp;region=BR&amp;placement=B07BDQH9KZ&amp;asins=B07BDQH9KZ&amp;linkId=356224a6a7d575ae6602c6fb97d6092b&amp;show_border=true&amp;link_opens_in_new_window=true\"><\/iframe> <iframe style=\"width:120px;height:240px;\" marginwidth=\"0\" marginheight=\"0\" scrolling=\"no\" frameborder=\"0\" src=\"\/\/ws-na.amazon-adsystem.com\/widgets\/q?ServiceVersion=20070822&amp;OneJS=1&amp;Operation=GetAdHtml&amp;MarketPlace=BR&amp;source=ss&amp;ref=as_ss_li_til&amp;ad_type=product_link&amp;tracking_id=nevesf-20&amp;language=pt_BR&amp;marketplace=amazon&amp;region=BR&amp;placement=B07K2D49RL&amp;asins=B07K2D49RL&amp;linkId=68c51d655fe2eed6f5f7143018955332&amp;show_border=true&amp;link_opens_in_new_window=true\"><\/iframe> <iframe style=\"width:120px;height:240px;\" marginwidth=\"0\" marginheight=\"0\" scrolling=\"no\" frameborder=\"0\" src=\"\/\/ws-na.amazon-adsystem.com\/widgets\/q?ServiceVersion=20070822&amp;OneJS=1&amp;Operation=GetAdHtml&amp;MarketPlace=BR&amp;source=ss&amp;ref=as_ss_li_til&amp;ad_type=product_link&amp;tracking_id=nevesf-20&amp;language=pt_BR&amp;marketplace=amazon&amp;region=BR&amp;placement=B077PTQHVN&amp;asins=B077PTQHVN&amp;linkId=4a40ecac204d5277ddba9bbf733ce9ff&amp;show_border=true&amp;link_opens_in_new_window=true\"><\/iframe> <iframe style=\"width:120px;height:240px;\" marginwidth=\"0\" marginheight=\"0\" scrolling=\"no\" frameborder=\"0\" src=\"\/\/ws-na.amazon-adsystem.com\/widgets\/q?ServiceVersion=20070822&amp;OneJS=1&amp;Operation=GetAdHtml&amp;MarketPlace=BR&amp;source=ss&amp;ref=as_ss_li_til&amp;ad_type=product_link&amp;tracking_id=nevesf-20&amp;language=pt_BR&amp;marketplace=amazon&amp;region=BR&amp;placement=B0767Q5RMM&amp;asins=B0767Q5RMM&amp;linkId=527c6810df556670704f03e3d5c452f0&amp;show_border=true&amp;link_opens_in_new_window=true\"><\/iframe><\/center>\n\n\n\n<p class=\"wp-block-paragraph\">No ano de 2016 o F\u00f3rum econ\u00f4mico mundial publicou o documento \u201cThe Future of jobs: Employment, Skills and Workforce Strategy for the Fourth Industrial Revolution\u201d que faz provoca\u00e7\u00f5es frente \u00e0s mudan\u00e7as disruptivas relacionadas aos desenvolvimentos em \u00e1reas como gen\u00e9tica, intelig\u00eancia artificial, rob\u00f3tica, nanotecnologia, impress\u00e3o 3D, biotecnologia, apenas para nomear algumas, mas esta lista de \u00e1reas com desenvolvimento disruptivo pode ser ainda mais extensa. O que se busca com esta provoca\u00e7\u00e3o \u00e9 evitar o pior cen\u00e1rio com altos desempregos de um lado e falta de profissionais qualificados de outro, sem falar do aumento das desigualdades. <br><\/p>\n\n\n\n<blockquote class=\"wp-block-quote is-layout-flow wp-block-quote-is-layout-flow\"><p> Estima-se que 65% das crian\u00e7as que est\u00e3o entrando na escola agora ir\u00e3o trabalhar em profiss\u00f5es ou atividades que ainda n\u00e3o existem.<\/p><\/blockquote>\n\n\n\n<p class=\"wp-block-paragraph\">As profiss\u00f5es &nbsp;ou especialidades mais demandadas da atualidade n\u00e3o existiam h\u00e1 dez anos e estima-se que 65% das crian\u00e7as que est\u00e3o entrando na escola agora ir\u00e3o trabalhar em profiss\u00f5es ou atividades que ainda n\u00e3o existem. \u00c9 fato que o avan\u00e7o tecnol\u00f3gico trouxe novas oportunidades e mudan\u00e7as demogr\u00e1ficas refletindo em aumento da prosperidade, no entanto, isso n\u00e3o significa que estas transi\u00e7\u00f5es n\u00e3o tiveram riscos. Espera-se que novas oportunidades surjam, mas o desaparecimento de atividades ou at\u00e9 de neg\u00f3cios inteiros \u00e9 inerente \u00e0 mudan\u00e7a para o novo paradigma. N\u00e3o faz muito tempo, alug\u00e1vamos filmes em fitas e era preciso rebobin\u00e1-las antes de devolv\u00ea-las \u00e0 locadora, al\u00e9m da necessidade de &nbsp;entreg\u00e1-las no prazo sob pena de multa. Quantas locadoras existem hoje? Mesmo com o advento do Blue-Ray elas n\u00e3o sobreviveram ao aluguel por streaming ou assinaturas de conte\u00fado.<br><\/p>\n\n\n\n<h4 class=\"wp-block-heading\">Quais habilidades ser\u00e3o necess\u00e1rias?<\/h4>\n\n\n\n<p class=\"wp-block-paragraph\">Mas quais ser\u00e3o ent\u00e3o as habilidades que ser\u00e3o necess\u00e1rias para este novo ambiente? Na verdade muitas delas ainda n\u00e3o existem, mas o estudo do F\u00f3rum Econ\u00f4mico de 2016 nos traz algumas pistas. Se em 2015 as habilidades Top 5 eram: eram 1) Solu\u00e7\u00e3o de problemas complexos, 2) trabalho em equipe, 3) gest\u00e3o de pessoas, 4) pensamento cr\u00edtico e 5) negocia\u00e7\u00e3o. J\u00e1 para 2020, h\u00e1 uma invers\u00e3o, mas mantendo ainda a principal habilidade de &nbsp;solucionar problemas complexos, pensamento cr\u00edtico subindo para a segunda posi\u00e7\u00e3o e criatividade que em 2015 estava em d\u00e9cimo aparece agora  em terceiro lugar. Gest\u00e3o de pessoas e trabalho em equipe continuam sendo habilidades cada vez mais importantes mantendo o quarto e quinto lugares respectivamente. <br><\/p>\n\n\n\n<p class=\"wp-block-paragraph\">Estes dados nos mostram que mesmo em um futuro pr\u00f3ximo, j\u00e1 h\u00e1 uma tend\u00eancia de que habilidades de gest\u00e3o humana s\u00e3o as demandas crescentes. Em um ambiente com excesso de informa\u00e7\u00e3o o pensamento cr\u00edtico e a criatividade ganham espa\u00e7o. Outro destaque importante vai para intelig\u00eancia emocional que n\u00e3o aparece nas habilidades em 2016 e \u00e9 listada na sexta posi\u00e7\u00e3o para habilidades em 2020. <br><\/p>\n\n\n\n<p class=\"wp-block-paragraph\">Para atender esta demanda \u00e9 preciso uma reflex\u00e3o sobre o sistema educacional que est\u00e1 organizado em silos, desenhado para profiss\u00f5es do passado e desconectado com estas mudan\u00e7as. N\u00e3o basta conhecimento t\u00e9cnico, \u00e9 preciso uma dose generosa de inter rela\u00e7\u00e3o pessoal. \u00c9 preciso permear diferentes \u00e1reas do conhecimento para conectar e criar as novas profiss\u00f5es que vir\u00e3o. Conhecimentos de medicina e engenharia s\u00e3o exemplos deste tipo de interdisciplinaridade, mas o que dizer de conectar estas tecnologias m\u00e9dicas em nuvem, ou desenvolver cada vez mais rob\u00f4s cir\u00fargicos que utilizam machine learning para aperfei\u00e7oar-se a cada cirurgia feita? Ao mesmo tempo que a m\u00e1quina desempenha atividades melhor que os humanos, \u00e9 necess\u00e1rio que se discuta nas universidades mais sobre \u00e9tica, novos instrumentos legais, responsabilidade das decis\u00f5es, prote\u00e7\u00e3o de dados pessoais, enfim, \u00e9 preciso criar os instrumentos necess\u00e1rio para viver e sobreviver neste admir\u00e1vel mundo novo.<br><\/p>\n\n\n\n<center><a href=\"https:\/\/www.amazon.com.br\/REVOLU%C3%87%C3%83O-4-0-Ailton-Lemos-ebook\/dp\/B077PTQHVN\/ref=as_li_ss_il?__mk_pt_BR=%C3%85M%C3%85%C5%BD%C3%95%C3%91&amp;keywords=lideran%C3%A7a+revolu%C3%A7%C3%A3o+4.0&amp;qid=1550670851&amp;s=gateway&amp;sr=8-1-fkmr0&amp;linkCode=li3&amp;tag=nevesf-20&amp;linkId=7785eab40c7da445abc9070b02f10e5f&amp;language=pt_BR\" target=\"_blank\" rel=\"noopener\"><img decoding=\"async\" border=\"0\" src=\"\/\/ws-na.amazon-adsystem.com\/widgets\/q?_encoding=UTF8&amp;ASIN=B077PTQHVN&amp;Format=_SL250_&amp;ID=AsinImage&amp;MarketPlace=BR&amp;ServiceVersion=20070822&amp;WS=1&amp;tag=nevesf-20&amp;language=pt_BR\"><\/a><img loading=\"lazy\" decoding=\"async\" src=\"https:\/\/ir-br.amazon-adsystem.com\/e\/ir?t=nevesf-20&amp;language=pt_BR&amp;l=li3&amp;o=33&amp;a=B077PTQHVN\" width=\"1\" height=\"1\" border=\"0\" alt=\"\" style=\"border:none !important; margin:10px !important;\"><\/center>\n\n\n\n<blockquote class=\"wp-block-quote is-layout-flow wp-block-quote-is-layout-flow\"><p>Desaprender \u00e9 t\u00e3o importante quanto aprender.<\/p><\/blockquote>\n\n\n\n<h4 class=\"wp-block-heading\">Desafios na educa\u00e7\u00e3o<\/h4>\n\n\n\n<p class=\"wp-block-paragraph\">Desaprender \u00e9 t\u00e3o importante quanto aprender. O pior erro que se pode cometer \u00e9 negar a mudan\u00e7a e ficar preso a velhos paradigmas. Os novos neg\u00f3cios da atualidade rompem com o tradicional e se n\u00e3o quisermos perder a onda \u00e9 preciso desapegar-se. Quantos softwares voc\u00ea j\u00e1 teve que aprender a usar porque a vers\u00e3o antiga foi descontinuada? \u00c9 preciso deixar de lado velhos modelos porque j\u00e1 n\u00e3o ser\u00e3o compat\u00edveis com o novo paradigma. N\u00e3o se trata de abandonar valores, mas n\u00e3o ficar preso a conhecimentos que n\u00e3o funcionam mais. Quando Einstein elaborou a teoria da relatividade, a teoria da gravita\u00e7\u00e3o de Newton n\u00e3o perdeu sua relev\u00e2ncia, no entanto, se quisermos usar GPS ou enviar sondas para os confins do espa\u00e7o sideral \u00e9 preciso usar o modelo de Einstein.<br><\/p>\n\n\n\n<h4 class=\"wp-block-heading\">Top Skills<\/h4>\n\n\n\n<figure class=\"wp-block-table\"><table><tbody><tr><td><\/td><td><strong>2020<\/strong><\/td><td><strong>2015<\/strong><\/td><\/tr><tr><td>1<\/td><td>Solu\u00e7\u00e3o de problemas complexos<\/td><td>Solu\u00e7\u00e3o de problemas complexos<\/td><\/tr><tr><td>2<\/td><td>Pensamento cr\u00edtico<\/td><td>Trabalho em equipe<\/td><\/tr><tr><td>3<\/td><td>Criatividade<\/td><td>Gest\u00e3o de pessoas<\/td><\/tr><tr><td>4<\/td><td>Gest\u00e3o de pessoas<\/td><td>Pensamento cr\u00edtico<\/td><\/tr><tr><td>5<\/td><td>Trabalho em equipe<\/td><td>Negocia\u00e7\u00e3o<\/td><\/tr><tr><td>6<\/td><td>Intelig\u00eancia emocional<\/td><td>Controle de Qualidade<\/td><\/tr><tr><td>7<\/td><td>Julgamento e tomada de decis\u00e3o<\/td><td>Orienta\u00e7\u00e3o de servi\u00e7o<\/td><\/tr><tr><td>8<\/td><td>Orienta\u00e7\u00e3o de servi\u00e7o<\/td><td>Julgamento e tomada de decis\u00e3o<\/td><\/tr><tr><td>9<\/td><td>Negocia\u00e7\u00e3o<\/td><td>Escuta ativa<\/td><\/tr><tr><td>10<\/td><td>Flexibilidade cognitiva<\/td><td>Criatividade<\/td><\/tr><\/tbody><\/table><\/figure>\n\n\n\n<p class=\"wp-block-paragraph\">Se nosso ambiente est\u00e1 em constante mudan\u00e7a e precisamos desenvolver novas habilidades para continuarmos no p\u00e1reo, quais s\u00e3o estas habilidades que far\u00e3o diferen\u00e7a em um futuro pr\u00f3ximo? Responder esta pergunta \u00e9 o primeiro passo para come\u00e7ar a construir o conhecimento que ser\u00e1 a base dos neg\u00f3cios em alguns anos. O documento publicado pelo F\u00f3rum Econ\u00f4mico de 2016 listou as 10 habilidades de maior impacto nos neg\u00f3cios nos anos de 2015 e 2010. \u00c9 mais f\u00e1cil olharmos para um futuro pr\u00f3ximo do que para um horizonte muito distante onde as inova\u00e7\u00f5es podem parecer muito disruptivas ou podemos simplesmente n\u00e3o enxergar onde estaremos. <\/p>\n\n\n\n<p class=\"wp-block-paragraph\">\u00c9 interessante notar que j\u00e1 para um futuro bem pr\u00f3ximo o documento mostra dois movimentos bastante relevantes que baseiam-se em habilidades ainda n\u00e3o dominadas pelos algoritmos: pensamento cr\u00edtico que saltou de quarto lugar para o segundo e criatividade que saltou do d\u00e9cimo para o terceiro, ficando acima de gest\u00e3o de pessoas. &nbsp;Mas antes de liberar o artista que h\u00e1 em n\u00f3s \u00e9 preciso entender que desenvolver criatividade n\u00e3o est\u00e1 ligada apenas \u00e0 cria\u00e7\u00e3o art\u00edstica, mas \u00e0 forma disruptiva de solucionar problemas e executar solu\u00e7\u00f5es. <\/p>\n\n\n\n<h4 class=\"wp-block-heading\">Quatro caminhos para liderar com Foco na Criatividade<\/h4>\n\n\n\n<p class=\"wp-block-paragraph\">Erick McNulty comenta que criatividade n\u00e3o \u00e9 apenas ter ideias fora da caixa, \u00e9 preciso ter foco e disciplina para transform\u00e1-la em um projeto exequ\u00edvel e implement\u00e1-la, seja em um piloto ou diretamente no mercado. De acordo com ele, h\u00e1 quatro caminhos para liderar com foco na criatividade: <br><\/p>\n\n\n\n<p class=\"wp-block-paragraph\">1) Entenda e defina fronteiras. Entenda o maior n\u00famero de par\u00e2metros espec\u00edficos de um &nbsp;projeto quanto seja poss\u00edvel, deixando margem para que o grupo seja criativo sem perder o foco. Manter o time na dire\u00e7\u00e3o correta com um entendimento de onde se pretende chegar \u00e9 crucial para tornar o projeto realidade<\/p>\n\n\n\n<p class=\"wp-block-paragraph\"> 2) crie um ambiente que promova a criatividade. Isso n\u00e3o significa comprar uma mesa de pebolim ou carteado. Criar condi\u00e7\u00f5es para simular cen\u00e1rios de forma imersiva e recompensar a predisposi\u00e7\u00e3o ao risco s\u00e3o duas ferramentas \u00fateis que &nbsp;o l\u00edder disp\u00f5e para obter os resultados<\/p>\n\n\n\n<p class=\"wp-block-paragraph\"> 3) Decida onde o improviso \u00e9 apropriado ou n\u00e3o . haver\u00e1 circunst\u00e2ncias em que as vari\u00e1veis &nbsp;estar\u00e3o al\u00e9m do controle do l\u00edder. Permita que se possa buscar alternativas durante o processo, mesmo que n\u00e3o tenham sido consideradas antes. Ajuste a rota durante o voo.<\/p>\n\n\n\n<p class=\"wp-block-paragraph\"> 4) foque nas perguntas e n\u00e3o nas respostas. N\u00e3o invista em uma solu\u00e7\u00e3o de imediato, d\u00ea tempo para que a ideia seja incubada e n\u00e3o interrompa a criatividade em fun\u00e7\u00e3o de uma implementa\u00e7\u00e3o prematura.<\/p>\n\n\n\n<blockquote class=\"wp-block-quote has-text-align-left is-layout-flow wp-block-quote-is-layout-flow\"><p>&#8220;As tecnologias do futuro n\u00e3o substituir\u00e3o os empregos, mas eliminar\u00e3o atividades que possam ser automatizadas.&#8221;<\/p><p>                                                                      Michael Chui.<\/p><\/blockquote>\n\n\n\n<h4 class=\"wp-block-heading\">O impacto nos empregos<\/h4>\n\n\n\n<p class=\"wp-block-paragraph\">Se as novas habilidades necess\u00e1rias baseiam-se em comportamentos que nos diferenciam da intelig\u00eancia artificial ou dos rob\u00f4s que realizam tarefas repetitivas, muitas oportunidades surgir\u00e3o no mercado de trabalho. Para Michael Chui, parceiro do instituto McKinsey, as tecnologias do futuro n\u00e3o substituir\u00e3o os empregos, mas eliminar\u00e3o atividades que possam ser automatizadas. O impacto disso \u00e9 que para as novas oportunidades, ser\u00e1 exigido novas habilidades baseada em comportamentos que nos diferenciam das m\u00e1quinas. Mas quais s\u00e3o estas habilidades e como adquiri-las? <\/p>\n\n\n\n<p class=\"wp-block-paragraph\">Um relat\u00f3rio publicado pelo instituto &nbsp;McKinsey sobre empregabilidade relata que mundialmente, os jovens possuem uma probabilidade tr\u00eas vezes maior que seus pais de ficarem fora do mercado de trabalho, mas paradoxalmente h\u00e1 falta de profissionais habilitados, sendo que apenas 43% dos empregadores entrevistados concordaram que podem encontrar profissionais qualificados entre os jovens rec\u00e9m-sa\u00eddos das universidades. Isso mostra que as universidades continuam formando profissionais para as profiss\u00f5es do passado. <\/p>\n\n\n\n<h4 class=\"wp-block-heading\">Preparar  para atividades  que ainda  n\u00e3o existem<\/h4>\n\n\n\n<p class=\"wp-block-paragraph\">O grande desafio \u00e9 estabelecer uma grade curricular que prepare o profissional para atividades que ainda n\u00e3o existem. N\u00e3o se trata de mudar totalmente o curr\u00edculo, mas de adapt\u00e1-lo de forma a priorizar pensamento cr\u00edtico, a criatividade e os relacionamentos humanos. No campo jur\u00eddico, por exemplo, novas leis dever\u00e3o ser discutidas a exemplo das novas diretrizes de prote\u00e7\u00e3o de dados e quest\u00f5es ambientais que s\u00e3o realidade na comunidade Europ\u00e9ia. Seguran\u00e7a cibern\u00e9tica \u00e9 outra \u00e1rea que trar\u00e1 in\u00fameras oportunidades, quest\u00f5es ambientais, desenvolvimento de softwares, computa\u00e7\u00e3o qu\u00e2ntica, etc.<\/p>\n\n\n\n<p class=\"wp-block-paragraph\"> O modelo de ensino precisa levar em conta que &nbsp;a tecnologia muda v\u00e1rias vezes enquanto o profissional que acabou de se formar ir\u00e1 permanecer no mercado. Isso significa que este profissional ter\u00e1 que ser reinventar v\u00e1rias vezes e para isso ser\u00e1 necess\u00e1rio deixar pra tr\u00e1s velhos conceitos e conhecimentos que foram substitu\u00eddos por outros mais amplos e mais abrangentes. As universidades precisam  nos ensinar como desaprender e como buscar novos conhecimentos \u00e0 medida que novas tecnologias despontam.<br><\/p>\n\n\n\n<h4 class=\"wp-block-heading\">Fontes<\/h4>\n\n\n\n<p class=\"wp-block-paragraph\"><a href=\"https:\/\/www.weforum.org\/agenda\/2016\/01\/the-10-skills-you-need-to-thrive-in-the-fourth-industrial-revolution\/\">The 10 skills you need to thrive in the Fourth Industrial Revolution. World Economic Forum<\/a><\/p>\n\n\n\n<p class=\"wp-block-paragraph\"><a href=\"https:\/\/www.mckinsey.com\/featured-insights\/employment-and-growth\/technology-jobs-and-the-future-of-work\">Technology, jobs and the future of work. Executive Briefing McKinsey Globa Institute, May 2017<\/a><\/p>\n\n\n\n<p class=\"wp-block-paragraph\"><a href=\"https:\/\/www.weforum.org\/reports\/the-future-of-jobs\">The future of jobs<\/a>. World Economic Forum Report (<a href=\"http:\/\/www3.weforum.org\/docs\/WEF_Future_of_Jobs.pdf\">Download PDF<\/a>)<\/p>\n\n\n\n<p class=\"wp-block-paragraph\"><a href=\"https:\/\/www.strategy-business.com\/blog\/How-to-Spark-Next-Gen-Creativity?gko=4810f\">How to spark &#8220;Next-Gen&#8221; creativity<\/a>. Strategy+Business Newsletter. <a href=\"https:\/\/amzn.to\/2WfXQPg\">Eric J. McNulty.<\/a><\/p>\n","protected":false},"excerpt":{"rendered":"<p>Texto: Fernando Neves, Ph.D. Imagem : Pixabay (RawPixel) A m\u00fasica da sinfonia come\u00e7ava a entrar pelos meus ouvidos de forma suave, mas \u00e0 medida que eu n\u00e3o me movia tentando ainda aproveitar mais alguns minutos do meu sono, acordes dissonantes me impediam de voltar a dormir. A assistente virtual percebia minha pregui\u00e7a e automaticamente ajustava &hellip; <a href=\"https:\/\/corporateacademy.org\/index.php\/2019\/02\/20\/inteligencia-artificial-afeta-menos-as-pessoas-criativas\/\" class=\"more-link\">Continuar lendo <span class=\"screen-reader-text\">Intelig\u00eancia artificial afeta menos as pessoas criativas<\/span><\/a><\/p>\n","protected":false},"author":1,"featured_media":442,"comment_status":"open","ping_status":"open","sticky":false,"template":"","format":"standard","meta":{"_jetpack_newsletter_access":"","_jetpack_dont_email_post_to_subs":false,"_jetpack_newsletter_tier_id":0,"_jetpack_memberships_contains_paywalled_content":false,"_jetpack_feature_clip_id":0,"_jetpack_memberships_contains_paid_content":false,"footnotes":"","jetpack_publicize_message":"","jetpack_publicize_feature_enabled":true,"jetpack_social_post_already_shared":true,"jetpack_social_options":{"image_generator_settings":{"template":"highway","default_image_id":0,"font":"","enabled":false},"version":2},"jetpack_post_was_ever_published":false},"categories":[19,18,102,226,131,132,20,47,64,65,182],"tags":[52,28,227,237,231,228,235,232,236,68,234,188,97],"class_list":["post-441","post","type-post","status-publish","format-standard","has-post-thumbnail","hentry","category-ambiente-corporativo","category-comportamento","category-comunicacao","category-criatividade","category-educacao","category-educacao-digital","category-gestao-de-pessoas","category-gestao-de-projetos","category-inteligencia-artificial","category-tecnologia","category-trabalho-em-equipe","tag-ambiente-corporativo","tag-corporativo","tag-criatividade","tag-desaprender","tag-emprego","tag-fabrica","tag-forum-economico","tag-habilidades","tag-habilidades-do-futuro","tag-inteligencia-artificial","tag-profissoes","tag-trabalho-em-equipe","tag-treinar-inteligencia-artificial"],"aioseo_notices":[],"aioseo_head":"\n\t\t<!-- All in One SEO 5.0.1.1 - aioseo.com -->\n\t<meta name=\"description\" content=\"Texto: Fernando Neves, Ph.D. Imagem : Pixabay (RawPixel) A m\u00fasica da sinfonia come\u00e7ava a entrar pelos meus ouvidos de forma suave, mas \u00e0 medida que eu n\u00e3o me movia tentando ainda aproveitar mais alguns minutos do meu sono, acordes dissonantes me impediam de voltar a dormir. A assistente virtual percebia minha pregui\u00e7a e automaticamente ajustava\" \/>\n\t<meta name=\"robots\" content=\"max-image-preview:large\" \/>\n\t<meta name=\"author\" content=\"Editor\"\/>\n\t<link rel=\"canonical\" href=\"https:\/\/corporateacademy.org\/index.php\/2019\/02\/20\/inteligencia-artificial-afeta-menos-as-pessoas-criativas\/\" \/>\n\t<meta name=\"generator\" content=\"All in One SEO (AIOSEO) 5.0.1.1\" \/>\n\t\t<meta property=\"og:locale\" content=\"pt_BR\" \/>\n\t\t<meta property=\"og:site_name\" content=\"Corporate Academy - Compartilhando Conhecimento\" \/>\n\t\t<meta property=\"og:type\" content=\"article\" \/>\n\t\t<meta property=\"og:title\" content=\"Intelig\u00eancia artificial afeta menos as pessoas criativas - Corporate Academy\" \/>\n\t\t<meta property=\"og:description\" content=\"Texto: Fernando Neves, Ph.D. Imagem : Pixabay (RawPixel) A m\u00fasica da sinfonia come\u00e7ava a entrar pelos meus ouvidos de forma suave, mas \u00e0 medida que eu n\u00e3o me movia tentando ainda aproveitar mais alguns minutos do meu sono, acordes dissonantes me impediam de voltar a dormir. A assistente virtual percebia minha pregui\u00e7a e automaticamente ajustava\" \/>\n\t\t<meta property=\"og:url\" content=\"https:\/\/corporateacademy.org\/index.php\/2019\/02\/20\/inteligencia-artificial-afeta-menos-as-pessoas-criativas\/\" \/>\n\t\t<meta property=\"og:image\" content=\"https:\/\/i0.wp.com\/corporateacademy.org\/wp-content\/uploads\/2018\/03\/Logo200x200.jpg?fit=200200\" \/>\n\t\t<meta property=\"og:image:secure_url\" content=\"https:\/\/i0.wp.com\/corporateacademy.org\/wp-content\/uploads\/2018\/03\/Logo200x200.jpg?fit=200200\" \/>\n\t\t<meta property=\"article:published_time\" content=\"2019-02-20T14:19:14+00:00\" \/>\n\t\t<meta property=\"article:modified_time\" content=\"2021-09-08T18:45:46+00:00\" \/>\n\t\t<meta name=\"twitter:card\" content=\"summary_large_image\" \/>\n\t\t<meta name=\"twitter:title\" content=\"Intelig\u00eancia artificial afeta menos as pessoas criativas - Corporate Academy\" \/>\n\t\t<meta name=\"twitter:description\" content=\"Texto: Fernando Neves, Ph.D. Imagem : Pixabay (RawPixel) A m\u00fasica da sinfonia come\u00e7ava a entrar pelos meus ouvidos de forma suave, mas \u00e0 medida que eu n\u00e3o me movia tentando ainda aproveitar mais alguns minutos do meu sono, acordes dissonantes me impediam de voltar a dormir. A assistente virtual percebia minha pregui\u00e7a e automaticamente ajustava\" \/>\n\t\t<meta name=\"twitter:image\" content=\"https:\/\/i0.wp.com\/corporateacademy.org\/wp-content\/uploads\/2018\/03\/Logo200x200.jpg?fit=200200\" \/>\n\t\t<script type=\"application\/ld+json\" class=\"aioseo-schema\">\n\t\t\t{\"@context\":\"https:\\\/\\\/schema.org\",\"@graph\":[{\"@type\":\"BlogPosting\",\"@id\":\"https:\\\/\\\/corporateacademy.org\\\/index.php\\\/2019\\\/02\\\/20\\\/inteligencia-artificial-afeta-menos-as-pessoas-criativas\\\/#blogposting\",\"name\":\"Intelig\\u00eancia artificial afeta menos as pessoas criativas - Corporate Academy\",\"headline\":\"Intelig\\u00eancia artificial afeta menos as pessoas criativas\",\"author\":{\"@id\":\"https:\\\/\\\/corporateacademy.org\\\/index.php\\\/author\\\/nevesf\\\/#author\"},\"publisher\":{\"@id\":\"https:\\\/\\\/corporateacademy.org\\\/#organization\"},\"image\":{\"@type\":\"ImageObject\",\"url\":\"https:\\\/\\\/i0.wp.com\\\/corporateacademy.org\\\/wp-content\\\/uploads\\\/2019\\\/02\\\/RawPixelPixabay-people-3370833_640.jpg?fit=640%2C400&ssl=1\",\"width\":640,\"height\":400},\"datePublished\":\"2019-02-20T11:19:14-03:00\",\"dateModified\":\"2021-09-08T15:45:46-03:00\",\"inLanguage\":\"pt-BR\",\"mainEntityOfPage\":{\"@id\":\"https:\\\/\\\/corporateacademy.org\\\/index.php\\\/2019\\\/02\\\/20\\\/inteligencia-artificial-afeta-menos-as-pessoas-criativas\\\/#webpage\"},\"isPartOf\":{\"@id\":\"https:\\\/\\\/corporateacademy.org\\\/index.php\\\/2019\\\/02\\\/20\\\/inteligencia-artificial-afeta-menos-as-pessoas-criativas\\\/#webpage\"},\"articleSection\":\"Ambiente corporativo, comportamento, comunica\\u00e7\\u00e3o, criatividade, Educa\\u00e7\\u00e3o, Educa\\u00e7\\u00e3o Digital, gest\\u00e3o de pessoas, gest\\u00e3o de projetos, Intelig\\u00eancia Artificial, tecnologia, Trabalho em Equipe, ambiente corporativo, corporativo, criatividade, desaprender, emprego, f\\u00e1brica, Forum Econ\\u00f4mico, habilidades, habilidades do futuro, inteligencia artificial, profiss\\u00f5es, trabalho em equipe, treinar inteligencia artificial\"},{\"@type\":\"BreadcrumbList\",\"@id\":\"https:\\\/\\\/corporateacademy.org\\\/index.php\\\/2019\\\/02\\\/20\\\/inteligencia-artificial-afeta-menos-as-pessoas-criativas\\\/#breadcrumblist\",\"itemListElement\":[{\"@type\":\"ListItem\",\"@id\":\"https:\\\/\\\/corporateacademy.org#listItem\",\"position\":1,\"name\":\"Home\",\"item\":\"https:\\\/\\\/corporateacademy.org\",\"nextItem\":{\"@type\":\"ListItem\",\"@id\":\"https:\\\/\\\/corporateacademy.org\\\/index.php\\\/category\\\/comportamento\\\/#listItem\",\"name\":\"comportamento\"}},{\"@type\":\"ListItem\",\"@id\":\"https:\\\/\\\/corporateacademy.org\\\/index.php\\\/category\\\/comportamento\\\/#listItem\",\"position\":2,\"name\":\"comportamento\",\"item\":\"https:\\\/\\\/corporateacademy.org\\\/index.php\\\/category\\\/comportamento\\\/\",\"nextItem\":{\"@type\":\"ListItem\",\"@id\":\"https:\\\/\\\/corporateacademy.org\\\/index.php\\\/2019\\\/02\\\/20\\\/inteligencia-artificial-afeta-menos-as-pessoas-criativas\\\/#listItem\",\"name\":\"Intelig\\u00eancia artificial afeta menos as pessoas criativas\"},\"previousItem\":{\"@type\":\"ListItem\",\"@id\":\"https:\\\/\\\/corporateacademy.org#listItem\",\"name\":\"Home\"}},{\"@type\":\"ListItem\",\"@id\":\"https:\\\/\\\/corporateacademy.org\\\/index.php\\\/2019\\\/02\\\/20\\\/inteligencia-artificial-afeta-menos-as-pessoas-criativas\\\/#listItem\",\"position\":3,\"name\":\"Intelig\\u00eancia artificial afeta menos as pessoas criativas\",\"previousItem\":{\"@type\":\"ListItem\",\"@id\":\"https:\\\/\\\/corporateacademy.org\\\/index.php\\\/category\\\/comportamento\\\/#listItem\",\"name\":\"comportamento\"}}]},{\"@type\":\"Organization\",\"@id\":\"https:\\\/\\\/corporateacademy.org\\\/#organization\",\"name\":\"Corporate Academy\",\"description\":\"Compartilhando Conhecimento\",\"url\":\"https:\\\/\\\/corporateacademy.org\\\/\",\"logo\":{\"@type\":\"ImageObject\",\"url\":\"https:\\\/\\\/i0.wp.com\\\/corporateacademy.org\\\/wp-content\\\/uploads\\\/2018\\\/03\\\/Logo200x200.jpg?fit=200%2C200&ssl=1\",\"@id\":\"https:\\\/\\\/corporateacademy.org\\\/index.php\\\/2019\\\/02\\\/20\\\/inteligencia-artificial-afeta-menos-as-pessoas-criativas\\\/#organizationLogo\",\"width\":200,\"height\":200},\"image\":{\"@id\":\"https:\\\/\\\/corporateacademy.org\\\/index.php\\\/2019\\\/02\\\/20\\\/inteligencia-artificial-afeta-menos-as-pessoas-criativas\\\/#organizationLogo\"}},{\"@type\":\"Person\",\"@id\":\"https:\\\/\\\/corporateacademy.org\\\/index.php\\\/author\\\/nevesf\\\/#author\",\"url\":\"https:\\\/\\\/corporateacademy.org\\\/index.php\\\/author\\\/nevesf\\\/\",\"name\":\"Editor\",\"image\":{\"@type\":\"ImageObject\",\"@id\":\"https:\\\/\\\/corporateacademy.org\\\/index.php\\\/2019\\\/02\\\/20\\\/inteligencia-artificial-afeta-menos-as-pessoas-criativas\\\/#authorImage\",\"url\":\"https:\\\/\\\/secure.gravatar.com\\\/avatar\\\/40a180061deabb68d04bd9f812bde2b372b5d57984baf7dd947ee866377d90fb?s=96&d=blank&r=g\",\"width\":96,\"height\":96,\"caption\":\"Editor\"}},{\"@type\":\"WebPage\",\"@id\":\"https:\\\/\\\/corporateacademy.org\\\/index.php\\\/2019\\\/02\\\/20\\\/inteligencia-artificial-afeta-menos-as-pessoas-criativas\\\/#webpage\",\"url\":\"https:\\\/\\\/corporateacademy.org\\\/index.php\\\/2019\\\/02\\\/20\\\/inteligencia-artificial-afeta-menos-as-pessoas-criativas\\\/\",\"name\":\"Intelig\\u00eancia artificial afeta menos as pessoas criativas - Corporate Academy\",\"description\":\"Texto: Fernando Neves, Ph.D. Imagem : Pixabay (RawPixel) A m\\u00fasica da sinfonia come\\u00e7ava a entrar pelos meus ouvidos de forma suave, mas \\u00e0 medida que eu n\\u00e3o me movia tentando ainda aproveitar mais alguns minutos do meu sono, acordes dissonantes me impediam de voltar a dormir. A assistente virtual percebia minha pregui\\u00e7a e automaticamente ajustava\",\"inLanguage\":\"pt-BR\",\"isPartOf\":{\"@id\":\"https:\\\/\\\/corporateacademy.org\\\/#website\"},\"breadcrumb\":{\"@id\":\"https:\\\/\\\/corporateacademy.org\\\/index.php\\\/2019\\\/02\\\/20\\\/inteligencia-artificial-afeta-menos-as-pessoas-criativas\\\/#breadcrumblist\"},\"author\":{\"@id\":\"https:\\\/\\\/corporateacademy.org\\\/index.php\\\/author\\\/nevesf\\\/#author\"},\"creator\":{\"@id\":\"https:\\\/\\\/corporateacademy.org\\\/index.php\\\/author\\\/nevesf\\\/#author\"},\"image\":{\"@type\":\"ImageObject\",\"url\":\"https:\\\/\\\/i0.wp.com\\\/corporateacademy.org\\\/wp-content\\\/uploads\\\/2019\\\/02\\\/RawPixelPixabay-people-3370833_640.jpg?fit=640%2C400&ssl=1\",\"@id\":\"https:\\\/\\\/corporateacademy.org\\\/index.php\\\/2019\\\/02\\\/20\\\/inteligencia-artificial-afeta-menos-as-pessoas-criativas\\\/#mainImage\",\"width\":640,\"height\":400},\"primaryImageOfPage\":{\"@id\":\"https:\\\/\\\/corporateacademy.org\\\/index.php\\\/2019\\\/02\\\/20\\\/inteligencia-artificial-afeta-menos-as-pessoas-criativas\\\/#mainImage\"},\"datePublished\":\"2019-02-20T11:19:14-03:00\",\"dateModified\":\"2021-09-08T15:45:46-03:00\"},{\"@type\":\"WebSite\",\"@id\":\"https:\\\/\\\/corporateacademy.org\\\/#website\",\"url\":\"https:\\\/\\\/corporateacademy.org\\\/\",\"name\":\"Corporate Academy\",\"description\":\"Compartilhando Conhecimento\",\"inLanguage\":\"pt-BR\",\"publisher\":{\"@id\":\"https:\\\/\\\/corporateacademy.org\\\/#organization\"}}]}\n\t\t<\/script>\n\t\t<!-- All in One SEO -->\n\n","aioseo_head_json":{"title":"Intelig\u00eancia artificial afeta menos as pessoas criativas - Corporate Academy","description":"Texto: Fernando Neves, Ph.D. Imagem : Pixabay (RawPixel) A m\u00fasica da sinfonia come\u00e7ava a entrar pelos meus ouvidos de forma suave, mas \u00e0 medida que eu n\u00e3o me movia tentando ainda aproveitar mais alguns minutos do meu sono, acordes dissonantes me impediam de voltar a dormir. A assistente virtual percebia minha pregui\u00e7a e automaticamente ajustava","canonical_url":"https:\/\/corporateacademy.org\/index.php\/2019\/02\/20\/inteligencia-artificial-afeta-menos-as-pessoas-criativas\/","robots":"max-image-preview:large","keywords":"","webmasterTools":{"miscellaneous":""},"schema":{"@context":"https:\/\/schema.org","@graph":[{"@type":"BlogPosting","@id":"https:\/\/corporateacademy.org\/index.php\/2019\/02\/20\/inteligencia-artificial-afeta-menos-as-pessoas-criativas\/#blogposting","name":"Intelig\u00eancia artificial afeta menos as pessoas criativas - Corporate Academy","headline":"Intelig\u00eancia artificial afeta menos as pessoas criativas","author":{"@id":"https:\/\/corporateacademy.org\/index.php\/author\/nevesf\/#author"},"publisher":{"@id":"https:\/\/corporateacademy.org\/#organization"},"image":{"@type":"ImageObject","url":"https:\/\/i0.wp.com\/corporateacademy.org\/wp-content\/uploads\/2019\/02\/RawPixelPixabay-people-3370833_640.jpg?fit=640%2C400&ssl=1","width":640,"height":400},"datePublished":"2019-02-20T11:19:14-03:00","dateModified":"2021-09-08T15:45:46-03:00","inLanguage":"pt-BR","mainEntityOfPage":{"@id":"https:\/\/corporateacademy.org\/index.php\/2019\/02\/20\/inteligencia-artificial-afeta-menos-as-pessoas-criativas\/#webpage"},"isPartOf":{"@id":"https:\/\/corporateacademy.org\/index.php\/2019\/02\/20\/inteligencia-artificial-afeta-menos-as-pessoas-criativas\/#webpage"},"articleSection":"Ambiente corporativo, comportamento, comunica\u00e7\u00e3o, criatividade, Educa\u00e7\u00e3o, Educa\u00e7\u00e3o Digital, gest\u00e3o de pessoas, gest\u00e3o de projetos, Intelig\u00eancia Artificial, tecnologia, Trabalho em Equipe, ambiente corporativo, corporativo, criatividade, desaprender, emprego, f\u00e1brica, Forum Econ\u00f4mico, habilidades, habilidades do futuro, inteligencia artificial, profiss\u00f5es, trabalho em equipe, treinar inteligencia artificial"},{"@type":"BreadcrumbList","@id":"https:\/\/corporateacademy.org\/index.php\/2019\/02\/20\/inteligencia-artificial-afeta-menos-as-pessoas-criativas\/#breadcrumblist","itemListElement":[{"@type":"ListItem","@id":"https:\/\/corporateacademy.org#listItem","position":1,"name":"Home","item":"https:\/\/corporateacademy.org","nextItem":{"@type":"ListItem","@id":"https:\/\/corporateacademy.org\/index.php\/category\/comportamento\/#listItem","name":"comportamento"}},{"@type":"ListItem","@id":"https:\/\/corporateacademy.org\/index.php\/category\/comportamento\/#listItem","position":2,"name":"comportamento","item":"https:\/\/corporateacademy.org\/index.php\/category\/comportamento\/","nextItem":{"@type":"ListItem","@id":"https:\/\/corporateacademy.org\/index.php\/2019\/02\/20\/inteligencia-artificial-afeta-menos-as-pessoas-criativas\/#listItem","name":"Intelig\u00eancia artificial afeta menos as pessoas criativas"},"previousItem":{"@type":"ListItem","@id":"https:\/\/corporateacademy.org#listItem","name":"Home"}},{"@type":"ListItem","@id":"https:\/\/corporateacademy.org\/index.php\/2019\/02\/20\/inteligencia-artificial-afeta-menos-as-pessoas-criativas\/#listItem","position":3,"name":"Intelig\u00eancia artificial afeta menos as pessoas criativas","previousItem":{"@type":"ListItem","@id":"https:\/\/corporateacademy.org\/index.php\/category\/comportamento\/#listItem","name":"comportamento"}}]},{"@type":"Organization","@id":"https:\/\/corporateacademy.org\/#organization","name":"Corporate Academy","description":"Compartilhando Conhecimento","url":"https:\/\/corporateacademy.org\/","logo":{"@type":"ImageObject","url":"https:\/\/i0.wp.com\/corporateacademy.org\/wp-content\/uploads\/2018\/03\/Logo200x200.jpg?fit=200%2C200&ssl=1","@id":"https:\/\/corporateacademy.org\/index.php\/2019\/02\/20\/inteligencia-artificial-afeta-menos-as-pessoas-criativas\/#organizationLogo","width":200,"height":200},"image":{"@id":"https:\/\/corporateacademy.org\/index.php\/2019\/02\/20\/inteligencia-artificial-afeta-menos-as-pessoas-criativas\/#organizationLogo"}},{"@type":"Person","@id":"https:\/\/corporateacademy.org\/index.php\/author\/nevesf\/#author","url":"https:\/\/corporateacademy.org\/index.php\/author\/nevesf\/","name":"Editor","image":{"@type":"ImageObject","@id":"https:\/\/corporateacademy.org\/index.php\/2019\/02\/20\/inteligencia-artificial-afeta-menos-as-pessoas-criativas\/#authorImage","url":"https:\/\/secure.gravatar.com\/avatar\/40a180061deabb68d04bd9f812bde2b372b5d57984baf7dd947ee866377d90fb?s=96&d=blank&r=g","width":96,"height":96,"caption":"Editor"}},{"@type":"WebPage","@id":"https:\/\/corporateacademy.org\/index.php\/2019\/02\/20\/inteligencia-artificial-afeta-menos-as-pessoas-criativas\/#webpage","url":"https:\/\/corporateacademy.org\/index.php\/2019\/02\/20\/inteligencia-artificial-afeta-menos-as-pessoas-criativas\/","name":"Intelig\u00eancia artificial afeta menos as pessoas criativas - Corporate Academy","description":"Texto: Fernando Neves, Ph.D. Imagem : Pixabay (RawPixel) A m\u00fasica da sinfonia come\u00e7ava a entrar pelos meus ouvidos de forma suave, mas \u00e0 medida que eu n\u00e3o me movia tentando ainda aproveitar mais alguns minutos do meu sono, acordes dissonantes me impediam de voltar a dormir. A assistente virtual percebia minha pregui\u00e7a e automaticamente ajustava","inLanguage":"pt-BR","isPartOf":{"@id":"https:\/\/corporateacademy.org\/#website"},"breadcrumb":{"@id":"https:\/\/corporateacademy.org\/index.php\/2019\/02\/20\/inteligencia-artificial-afeta-menos-as-pessoas-criativas\/#breadcrumblist"},"author":{"@id":"https:\/\/corporateacademy.org\/index.php\/author\/nevesf\/#author"},"creator":{"@id":"https:\/\/corporateacademy.org\/index.php\/author\/nevesf\/#author"},"image":{"@type":"ImageObject","url":"https:\/\/i0.wp.com\/corporateacademy.org\/wp-content\/uploads\/2019\/02\/RawPixelPixabay-people-3370833_640.jpg?fit=640%2C400&ssl=1","@id":"https:\/\/corporateacademy.org\/index.php\/2019\/02\/20\/inteligencia-artificial-afeta-menos-as-pessoas-criativas\/#mainImage","width":640,"height":400},"primaryImageOfPage":{"@id":"https:\/\/corporateacademy.org\/index.php\/2019\/02\/20\/inteligencia-artificial-afeta-menos-as-pessoas-criativas\/#mainImage"},"datePublished":"2019-02-20T11:19:14-03:00","dateModified":"2021-09-08T15:45:46-03:00"},{"@type":"WebSite","@id":"https:\/\/corporateacademy.org\/#website","url":"https:\/\/corporateacademy.org\/","name":"Corporate Academy","description":"Compartilhando Conhecimento","inLanguage":"pt-BR","publisher":{"@id":"https:\/\/corporateacademy.org\/#organization"}}]},"og:locale":"pt_BR","og:site_name":"Corporate Academy - Compartilhando Conhecimento","og:type":"article","og:title":"Intelig\u00eancia artificial afeta menos as pessoas criativas - Corporate Academy","og:description":"Texto: Fernando Neves, Ph.D. Imagem : Pixabay (RawPixel) A m\u00fasica da sinfonia come\u00e7ava a entrar pelos meus ouvidos de forma suave, mas \u00e0 medida que eu n\u00e3o me movia tentando ainda aproveitar mais alguns minutos do meu sono, acordes dissonantes me impediam de voltar a dormir. A assistente virtual percebia minha pregui\u00e7a e automaticamente ajustava","og:url":"https:\/\/corporateacademy.org\/index.php\/2019\/02\/20\/inteligencia-artificial-afeta-menos-as-pessoas-criativas\/","og:image":"https:\/\/i0.wp.com\/corporateacademy.org\/wp-content\/uploads\/2018\/03\/Logo200x200.jpg?fit=200200","og:image:secure_url":"https:\/\/i0.wp.com\/corporateacademy.org\/wp-content\/uploads\/2018\/03\/Logo200x200.jpg?fit=200200","article:published_time":"2019-02-20T14:19:14+00:00","article:modified_time":"2021-09-08T18:45:46+00:00","twitter:card":"summary_large_image","twitter:title":"Intelig\u00eancia artificial afeta menos as pessoas criativas - Corporate Academy","twitter:description":"Texto: Fernando Neves, Ph.D. Imagem : Pixabay (RawPixel) A m\u00fasica da sinfonia come\u00e7ava a entrar pelos meus ouvidos de forma suave, mas \u00e0 medida que eu n\u00e3o me movia tentando ainda aproveitar mais alguns minutos do meu sono, acordes dissonantes me impediam de voltar a dormir. A assistente virtual percebia minha pregui\u00e7a e automaticamente ajustava","twitter:image":"https:\/\/i0.wp.com\/corporateacademy.org\/wp-content\/uploads\/2018\/03\/Logo200x200.jpg?fit=200200"},"aioseo_meta_data":{"post_id":"441","title":"","description":null,"keywords":[{"label":"criatividade","value":"criatividade"},{"label":"habilidades","value":"habilidades"},{"label":"intelig\u00eancia artificial","value":"intelig\u00eancia artificial"},{"label":"revolu\u00e7\u00e3o 4.0","value":"revolu\u00e7\u00e3o 4.0"},{"label":"emprego","value":"emprego"}],"keyphrases":null,"focus_keyword":null,"additional_keywords":null,"truseo_locale":null,"primary_term":null,"canonical_url":null,"og_title":null,"og_description":null,"og_object_type":"default","og_image_type":"default","og_image_custom_url":null,"og_image_custom_fields":null,"og_image_url":null,"og_image_width":null,"og_image_height":null,"og_video":null,"og_custom_url":null,"og_article_section":null,"og_article_tags":null,"twitter_use_og":false,"twitter_card":"default","twitter_image_type":"default","twitter_image_custom_url":null,"twitter_image_custom_fields":null,"twitter_image_url":null,"twitter_title":null,"twitter_description":null,"schema_type":"default","schema_type_options":null,"schema":{"blockGraphs":[],"customGraphs":[],"default":{"data":{"Article":[],"Course":[],"Dataset":[],"FAQPage":[],"Movie":[],"Person":[],"Product":[],"ProductReview":[],"Car":[],"Recipe":[],"Service":[],"SoftwareApplication":[],"WebPage":[]},"graphName":"","isEnabled":true},"graphs":[]},"pillar_content":false,"robots_default":true,"robots_noindex":false,"robots_noarchive":false,"robots_nosnippet":false,"robots_nofollow":false,"robots_noimageindex":false,"robots_noodp":false,"robots_notranslate":false,"robots_max_snippet":null,"robots_max_videopreview":null,"robots_max_imagepreview":"large","priority":null,"frequency":null,"local_seo":null,"limit_modified_date":false,"ai":null,"breadcrumb_settings":null,"seo_analyzer_scan_date":null,"created":"2026-09-02 21:56:41","updated":"2026-09-02 21:56:41"},"aioseo_breadcrumb":"<div class=\"aioseo-breadcrumbs\"><span class=\"aioseo-breadcrumb\">\n\t\t\t<a href=\"https:\/\/corporateacademy.org\" title=\"Home\">Home<\/a>\n\t\t<\/span><span class=\"aioseo-breadcrumb-separator\">&raquo;<\/span><span class=\"aioseo-breadcrumb\">\n\t\t\t<a href=\"https:\/\/corporateacademy.org\/index.php\/category\/comportamento\/\" title=\"comportamento\">comportamento<\/a>\n\t\t<\/span><span class=\"aioseo-breadcrumb-separator\">&raquo;<\/span><span class=\"aioseo-breadcrumb\">\n\t\t\tIntelig\u00eancia artificial afeta menos as pessoas criativas\n\t\t<\/span><\/div>","aioseo_breadcrumb_json":[{"label":"Home","link":"https:\/\/corporateacademy.org"},{"label":"comportamento","link":"https:\/\/corporateacademy.org\/index.php\/category\/comportamento\/"},{"label":"Intelig\u00eancia artificial afeta menos as pessoas criativas","link":"https:\/\/corporateacademy.org\/index.php\/2019\/02\/20\/inteligencia-artificial-afeta-menos-as-pessoas-criativas\/"}],"jetpack_publicize_connections":[],"jetpack_sharing_enabled":true,"jetpack_shortlink":"https:\/\/wp.me\/p9MYp6-77","jetpack_likes_enabled":true,"jetpack-related-posts":[{"id":2432,"url":"https:\/\/corporateacademy.org\/index.php\/2025\/02\/14\/o-futuro-do-trabalho-como-lideres-podem-navegar-na-fronteira-entre-humanos-e-maquinas-insights-do-forum-economico-mundial\/","url_meta":{"origin":441,"position":0},"title":"O Futuro do Trabalho: Como L\u00edderes Podem Navegar na Fronteira Entre Humanos e M\u00e1quinas- Insights do F\u00f3rum Econ\u00f4mico Mundial.","author":"Editor","date":"14\/02\/2025","format":false,"excerpt":"Imagine o seguinte cen\u00e1rio: voc\u00ea chega ao trabalho e percebe que metade das tarefas que antes eram executadas por sua equipe agora s\u00e3o gerenciadas por intelig\u00eancia artificial. Os relat\u00f3rios financeiros, a triagem de candidatos para novas contrata\u00e7\u00f5es e at\u00e9 mesmo o atendimento ao cliente passaram a ser conduzidos por algoritmos\u2026","rel":"","context":"Em &quot;Ambiente corporativo&quot;","block_context":{"text":"Ambiente corporativo","link":"https:\/\/corporateacademy.org\/index.php\/category\/ambiente-corporativo\/"},"img":{"alt_text":"Humans and robots at the office","src":"https:\/\/i0.wp.com\/corporateacademy.org\/wp-content\/uploads\/2025\/02\/Human-and-Robots-Office.jpg?fit=1200%2C686&ssl=1&resize=350%2C200","width":350,"height":200,"srcset":"https:\/\/i0.wp.com\/corporateacademy.org\/wp-content\/uploads\/2025\/02\/Human-and-Robots-Office.jpg?fit=1200%2C686&ssl=1&resize=350%2C200 1x, https:\/\/i0.wp.com\/corporateacademy.org\/wp-content\/uploads\/2025\/02\/Human-and-Robots-Office.jpg?fit=1200%2C686&ssl=1&resize=525%2C300 1.5x, https:\/\/i0.wp.com\/corporateacademy.org\/wp-content\/uploads\/2025\/02\/Human-and-Robots-Office.jpg?fit=1200%2C686&ssl=1&resize=700%2C400 2x, https:\/\/i0.wp.com\/corporateacademy.org\/wp-content\/uploads\/2025\/02\/Human-and-Robots-Office.jpg?fit=1200%2C686&ssl=1&resize=1050%2C600 3x"},"classes":[]},{"id":2403,"url":"https:\/\/corporateacademy.org\/index.php\/2024\/12\/26\/sera-que-sua-inteligencia-ja-tem-dono-e-voce-nem-sabe\/","url_meta":{"origin":441,"position":1},"title":"Ser\u00e1 que sua Intelig\u00eancia J\u00e1 Tem Dono e Voc\u00ea Nem Sabe?","author":"Editor","date":"26\/12\/2024","format":false,"excerpt":"J\u00e1 parou para refletir sobre a possibilidade de sua intelig\u00eancia, aquela que impulsiona seu sucesso profissional, estar sendo replicada e utilizada sem seu conhecimento? O conceito pode soar como fic\u00e7\u00e3o cient\u00edfica, mas a realidade da intelig\u00eancia artificial generativa nos coloca diante desse cen\u00e1rio. A palestra TED de Reid Hoffman nos\u2026","rel":"","context":"Em &quot;Ambiente corporativo&quot;","block_context":{"text":"Ambiente corporativo","link":"https:\/\/corporateacademy.org\/index.php\/category\/ambiente-corporativo\/"},"img":{"alt_text":"digital brain","src":"https:\/\/i0.wp.com\/corporateacademy.org\/wp-content\/uploads\/2024\/12\/digital-brain-01.png?fit=1019%2C578&ssl=1&resize=350%2C200","width":350,"height":200,"srcset":"https:\/\/i0.wp.com\/corporateacademy.org\/wp-content\/uploads\/2024\/12\/digital-brain-01.png?fit=1019%2C578&ssl=1&resize=350%2C200 1x, https:\/\/i0.wp.com\/corporateacademy.org\/wp-content\/uploads\/2024\/12\/digital-brain-01.png?fit=1019%2C578&ssl=1&resize=525%2C300 1.5x, https:\/\/i0.wp.com\/corporateacademy.org\/wp-content\/uploads\/2024\/12\/digital-brain-01.png?fit=1019%2C578&ssl=1&resize=700%2C400 2x"},"classes":[]},{"id":2337,"url":"https:\/\/corporateacademy.org\/index.php\/2024\/11\/14\/inteligencia-emocional-no-ambiente-corporativo-um-guia-para-o-sucesso-profissional\/","url_meta":{"origin":441,"position":2},"title":"Intelig\u00eancia Emocional no Ambiente Corporativo: Um Guia para o Sucesso Profissional","author":"Editor","date":"14\/11\/2024","format":false,"excerpt":"Era uma manh\u00e3 como qualquer outra, e Ana se preparava para mais um dia de reuni\u00f5es no escrit\u00f3rio. Mas, ao abrir o e-mail, foi surpreendida com uma mensagem de um cliente insatisfeito, deixando cr\u00edticas duras sobre o projeto em que vinha trabalhando. A rea\u00e7\u00e3o imediata foi um misto de frustra\u00e7\u00e3o\u2026","rel":"","context":"Em &quot;Ambiente corporativo&quot;","block_context":{"text":"Ambiente corporativo","link":"https:\/\/corporateacademy.org\/index.php\/category\/ambiente-corporativo\/"},"img":{"alt_text":"controle emocional","src":"https:\/\/i0.wp.com\/corporateacademy.org\/wp-content\/uploads\/2024\/11\/respire-fundo02.png?fit=894%2C509&ssl=1&resize=350%2C200","width":350,"height":200,"srcset":"https:\/\/i0.wp.com\/corporateacademy.org\/wp-content\/uploads\/2024\/11\/respire-fundo02.png?fit=894%2C509&ssl=1&resize=350%2C200 1x, https:\/\/i0.wp.com\/corporateacademy.org\/wp-content\/uploads\/2024\/11\/respire-fundo02.png?fit=894%2C509&ssl=1&resize=525%2C300 1.5x, https:\/\/i0.wp.com\/corporateacademy.org\/wp-content\/uploads\/2024\/11\/respire-fundo02.png?fit=894%2C509&ssl=1&resize=700%2C400 2x"},"classes":[]},{"id":2312,"url":"https:\/\/corporateacademy.org\/index.php\/2024\/08\/23\/alem-do-qi-navegando-o-complexo-mundo-da-inteligencia-emocional-e-social\/","url_meta":{"origin":441,"position":3},"title":"Al\u00e9m do QI: Navegando o Complexo Mundo da Intelig\u00eancia Emocional e Social.","author":"Editor","date":"23\/08\/2024","format":false,"excerpt":"Imagine-se em uma reuni\u00e3o de diretoria. O CEO acaba de lan\u00e7ar um desafio complexo. Quem se destacar\u00e1? O executivo brilhante com um QI astron\u00f4mico? A gerente com uma incr\u00edvel capacidade de ler as emo\u00e7\u00f5es da sala? Ou talvez o l\u00edder carism\u00e1tico que sempre sabe exatamente o que dizer e quando\u2026","rel":"","context":"Em &quot;Ambiente corporativo&quot;","block_context":{"text":"Ambiente corporativo","link":"https:\/\/corporateacademy.org\/index.php\/category\/ambiente-corporativo\/"},"img":{"alt_text":"ambiente corporativo","src":"https:\/\/i0.wp.com\/corporateacademy.org\/wp-content\/uploads\/2024\/08\/AdobeStock_268599822-scaled.jpeg?fit=1200%2C450&ssl=1&resize=350%2C200","width":350,"height":200,"srcset":"https:\/\/i0.wp.com\/corporateacademy.org\/wp-content\/uploads\/2024\/08\/AdobeStock_268599822-scaled.jpeg?fit=1200%2C450&ssl=1&resize=350%2C200 1x, https:\/\/i0.wp.com\/corporateacademy.org\/wp-content\/uploads\/2024\/08\/AdobeStock_268599822-scaled.jpeg?fit=1200%2C450&ssl=1&resize=525%2C300 1.5x, https:\/\/i0.wp.com\/corporateacademy.org\/wp-content\/uploads\/2024\/08\/AdobeStock_268599822-scaled.jpeg?fit=1200%2C450&ssl=1&resize=700%2C400 2x, https:\/\/i0.wp.com\/corporateacademy.org\/wp-content\/uploads\/2024\/08\/AdobeStock_268599822-scaled.jpeg?fit=1200%2C450&ssl=1&resize=1050%2C600 3x"},"classes":[]},{"id":1878,"url":"https:\/\/corporateacademy.org\/index.php\/2023\/03\/03\/lego-serious-play-entenda-como-engajar-e-desenvolver-sua-equipe-com-criatividade\/","url_meta":{"origin":441,"position":4},"title":"Lego\u00ae Serious Play\u00ae: entenda como engajar e desenvolver sua equipe com criatividade !","author":"Editor","date":"03\/03\/2023","format":false,"excerpt":"M\u00e1rcio Camargo, M.Sc. Voc\u00ea j\u00e1 imaginou trabalhar de forma leve e fazer reuni\u00f5es produtivas com LEGO? \u00c9 isso mesmo! Desde de 1996, existe a t\u00e9cnica\u00a0Lego\u00ae Serious Play\u00ae, que foi criada pelos professores Bart Victor e Johan Ross, da IMD Business School, juntamente com o CEO da Lego, Kjeld Kirk Kristiansen.\u2026","rel":"","context":"Em &quot;Ambiente corporativo&quot;","block_context":{"text":"Ambiente corporativo","link":"https:\/\/corporateacademy.org\/index.php\/category\/ambiente-corporativo\/"},"img":{"alt_text":"Lego Serious Play","src":"https:\/\/i0.wp.com\/corporateacademy.org\/wp-content\/uploads\/2023\/03\/LegoResized.jpeg?fit=1200%2C675&ssl=1&resize=350%2C200","width":350,"height":200,"srcset":"https:\/\/i0.wp.com\/corporateacademy.org\/wp-content\/uploads\/2023\/03\/LegoResized.jpeg?fit=1200%2C675&ssl=1&resize=350%2C200 1x, https:\/\/i0.wp.com\/corporateacademy.org\/wp-content\/uploads\/2023\/03\/LegoResized.jpeg?fit=1200%2C675&ssl=1&resize=525%2C300 1.5x, https:\/\/i0.wp.com\/corporateacademy.org\/wp-content\/uploads\/2023\/03\/LegoResized.jpeg?fit=1200%2C675&ssl=1&resize=700%2C400 2x, https:\/\/i0.wp.com\/corporateacademy.org\/wp-content\/uploads\/2023\/03\/LegoResized.jpeg?fit=1200%2C675&ssl=1&resize=1050%2C600 3x"},"classes":[]},{"id":2509,"url":"https:\/\/corporateacademy.org\/index.php\/2025\/05\/04\/por-que-lideres-inteligentes-cometem-erros-estupidos-e-como-evita-los\/","url_meta":{"origin":441,"position":5},"title":"Por que L\u00edderes Inteligentes Cometem Erros Est\u00fapidos e Como Evit\u00e1-los","author":"Editor","date":"04\/05\/2025","format":false,"excerpt":"No mundo corporativo, espera-se que l\u00edderes com alta intelig\u00eancia, forma\u00e7\u00e3o acad\u00eamica s\u00f3lida e vasta experi\u00eancia tomem decis\u00f5es assertivas e guiem suas equipes ao sucesso. No entanto, a realidade frequentemente nos surpreende: pessoas extremamente inteligentes cometem erros que, \u00e0 primeira vista, parecem inexplic\u00e1veis. Por que isso acontece? E, mais importante, como\u2026","rel":"","context":"Em &quot;Ambiente corporativo&quot;","block_context":{"text":"Ambiente corporativo","link":"https:\/\/corporateacademy.org\/index.php\/category\/ambiente-corporativo\/"},"img":{"alt_text":"challenger explosion","src":"https:\/\/i0.wp.com\/corporateacademy.org\/wp-content\/uploads\/2025\/05\/challenger-explosion.png?fit=1200%2C675&ssl=1&resize=350%2C200","width":350,"height":200,"srcset":"https:\/\/i0.wp.com\/corporateacademy.org\/wp-content\/uploads\/2025\/05\/challenger-explosion.png?fit=1200%2C675&ssl=1&resize=350%2C200 1x, https:\/\/i0.wp.com\/corporateacademy.org\/wp-content\/uploads\/2025\/05\/challenger-explosion.png?fit=1200%2C675&ssl=1&resize=525%2C300 1.5x, https:\/\/i0.wp.com\/corporateacademy.org\/wp-content\/uploads\/2025\/05\/challenger-explosion.png?fit=1200%2C675&ssl=1&resize=700%2C400 2x, https:\/\/i0.wp.com\/corporateacademy.org\/wp-content\/uploads\/2025\/05\/challenger-explosion.png?fit=1200%2C675&ssl=1&resize=1050%2C600 3x"},"classes":[]}],"jetpack_featured_media_url":"https:\/\/i0.wp.com\/corporateacademy.org\/wp-content\/uploads\/2019\/02\/RawPixelPixabay-people-3370833_640.jpg?fit=640%2C400&ssl=1","_links":{"self":[{"href":"https:\/\/corporateacademy.org\/index.php\/wp-json\/wp\/v2\/posts\/441","targetHints":{"allow":["GET"]}}],"collection":[{"href":"https:\/\/corporateacademy.org\/index.php\/wp-json\/wp\/v2\/posts"}],"about":[{"href":"https:\/\/corporateacademy.org\/index.php\/wp-json\/wp\/v2\/types\/post"}],"author":[{"embeddable":true,"href":"https:\/\/corporateacademy.org\/index.php\/wp-json\/wp\/v2\/users\/1"}],"replies":[{"embeddable":true,"href":"https:\/\/corporateacademy.org\/index.php\/wp-json\/wp\/v2\/comments?post=441"}],"version-history":[{"count":6,"href":"https:\/\/corporateacademy.org\/index.php\/wp-json\/wp\/v2\/posts\/441\/revisions"}],"predecessor-version":[{"id":1116,"href":"https:\/\/corporateacademy.org\/index.php\/wp-json\/wp\/v2\/posts\/441\/revisions\/1116"}],"wp:featuredmedia":[{"embeddable":true,"href":"https:\/\/corporateacademy.org\/index.php\/wp-json\/wp\/v2\/media\/442"}],"wp:attachment":[{"href":"https:\/\/corporateacademy.org\/index.php\/wp-json\/wp\/v2\/media?parent=441"}],"wp:term":[{"taxonomy":"category","embeddable":true,"href":"https:\/\/corporateacademy.org\/index.php\/wp-json\/wp\/v2\/categories?post=441"},{"taxonomy":"post_tag","embeddable":true,"href":"https:\/\/corporateacademy.org\/index.php\/wp-json\/wp\/v2\/tags?post=441"}],"curies":[{"name":"wp","href":"https:\/\/api.w.org\/{rel}","templated":true}]}}