{"id":564,"date":"2019-07-23T16:06:56","date_gmt":"2019-07-23T19:06:56","guid":{"rendered":"http:\/\/corporateacademy.org\/?p=564"},"modified":"2021-09-08T15:41:45","modified_gmt":"2021-09-08T18:41:45","slug":"as-competencias-profissionais-necessarias-na-quarta-revolucao-industrial","status":"publish","type":"post","link":"https:\/\/corporateacademy.org\/index.php\/2019\/07\/23\/as-competencias-profissionais-necessarias-na-quarta-revolucao-industrial\/","title":{"rendered":"As Compet\u00eancias Profissionais necess\u00e1rias na quarta Revolu\u00e7\u00e3o Industrial"},"content":{"rendered":"\n<h3 class=\"wp-block-heading\"><a href=\"https:\/\/www.linkedin.com\/in\/marciobuenocamargo\/\"><strong>M\u00e1rcio Camargo<\/strong><\/a><\/h3>\n\n\n\n<p class=\"wp-block-paragraph\"><em>Diretor GPTW-Interior\/Coordenador de cursos &#8211; Funda\u00e7\u00e3o Vanzolini \/ Professor na FGV \/ Analista comportamental DISC e SDI<\/em><\/p>\n\n\n\n<p class=\"wp-block-paragraph\"><\/p>\n\n\n\n<p class=\"has-text-align-left wp-block-paragraph\">A internet e as atuais tecnologias proporcionaram uma grande transforma\u00e7\u00e3o mundial em todos os aspectos da sociedade, e essa transforma\u00e7\u00e3o inclui a forma como trabalhamos. A quarta Revolu\u00e7\u00e3o Industrial trouxe consigo a necessidade dos profissionais terem novas compet\u00eancias. O F\u00f3rum Econ\u00f4mico Mundial apresentou as 10 novas compet\u00eancias, chamadas de <em>soft skills<\/em>, e que j\u00e1 devem fazer parte do curr\u00edculo profissional.<\/p>\n\n\n\n<blockquote class=\"wp-block-quote is-layout-flow wp-block-quote-is-layout-flow\"><p> O F\u00f3rum Econ\u00f4mico Mundial apresentou as 10 novas compet\u00eancias, chamadas de <em>soft skills<\/em>, e que j\u00e1 devem fazer parte do curr\u00edculo profissional. <\/p><\/blockquote>\n\n\n\n<p class=\"wp-block-paragraph\"><\/p>\n\n\n\n<p class=\"wp-block-paragraph\">Desde que a humanidade come\u00e7ou a registrar sua hist\u00f3ria, diversos fatos tiveram tamanho impacto que transformaram a sociedade mundial de forma geral. Entre esses fatos, temos a descoberta do fogo, a inven\u00e7\u00e3o da roda, as t\u00e9cnicas de agricultura e, entre os mais marcantes, as revolu\u00e7\u00f5es industriais. Durante essas transforma\u00e7\u00f5es, tamb\u00e9m surgiram a necessidade de compet\u00eancias espec\u00edficas, principalmente no tocante aos processos de trabalho.<\/p>\n\n\n\n<center>\n<a href=\"https:\/\/www.amazon.com.br\/Quarta-Revolu%C3%A7%C3%A3o-Industrial-Klaus-Schwab\/dp\/857283978X\/ref=as_li_ss_il?__mk_pt_BR=%C3%85M%C3%85%C5%BD%C3%95%C3%91&amp;keywords=quarta+revolucao+industrial&amp;qid=1563907659&amp;s=gateway&amp;sr=8-1&amp;linkCode=li3&amp;tag=nevesf-20&amp;linkId=09e2dcc5e3407c73c2f2c27648931e65&amp;language=pt_BR\" target=\"_blank\" rel=\"noopener noreferrer\"><img decoding=\"async\" border=\"0\" src=\"\/\/ws-na.amazon-adsystem.com\/widgets\/q?_encoding=UTF8&amp;ASIN=857283978X&amp;Format=_SL250_&amp;ID=AsinImage&amp;MarketPlace=BR&amp;ServiceVersion=20070822&amp;WS=1&amp;tag=nevesf-20&amp;language=pt_BR\"><\/a><img loading=\"lazy\" decoding=\"async\" src=\"https:\/\/ir-br.amazon-adsystem.com\/e\/ir?t=nevesf-20&amp;language=pt_BR&amp;l=li3&amp;o=33&amp;a=857283978X\" width=\"1\" height=\"1\" border=\"0\" alt=\"\" style=\"border:none !important; margin:0px !important;\"><\/center>\n\n\n\n<p class=\"wp-block-paragraph\">A primeira grande revolu\u00e7\u00e3o industrial come\u00e7ou na Inglaterra, em meados do s\u00e9culo XVIII, e sua principal caracter\u00edstica foi o uso de m\u00e1quinas a vapor para a produ\u00e7\u00e3o t\u00eaxtil em larga escala. A primeira revolu\u00e7\u00e3o industrial fez crescer as cidades e a necessidade por mat\u00e9rias-primas e bens de consumo. E no trabalho, as pessoas aprenderam novas compet\u00eancias, quase todas manuais, na produ\u00e7\u00e3o, administra\u00e7\u00e3o, log\u00edstica e outros processos.<\/p>\n\n\n\n<p class=\"wp-block-paragraph\">A segunda revolu\u00e7\u00e3o industrial teve seu in\u00edcio em meados dos s\u00e9culos XIX e durante o s\u00e9culo XX, j\u00e1 em um cen\u00e1rio global. A maior caracter\u00edstica dessa segunda revolu\u00e7\u00e3o foi o uso de novas tecnologias que possibilitaram a cria\u00e7\u00e3o de autom\u00f3veis, avi\u00f5es, telefones, r\u00e1dios e televisores, apenas para citar alguns. Com isso, as pessoas tiveram que desenvolver compet\u00eancias ligadas \u00e0 tecnologia, ou seja, al\u00e9m dos processos manuais, teve in\u00edcio uma necessidade de compet\u00eancias cognitivas, com um maior n\u00edvel de especialidade.<\/p>\n\n\n\n<p class=\"wp-block-paragraph\">A terceira revolu\u00e7\u00e3o industrial, tamb\u00e9m chamada de revolu\u00e7\u00e3o tecnocient\u00edfica,&nbsp; come\u00e7ou logo depois da Segunda Guerra Mundial e sua principal caracter\u00edstica est\u00e1 ligada aos novos processos tecnol\u00f3gicos desenvolvidos pela integra\u00e7\u00e3o entre f\u00edsica, ci\u00eancia e produ\u00e7\u00e3o. A terceira revolu\u00e7\u00e3o tamb\u00e9m causou profundas transforma\u00e7\u00f5es na economia mundial. As compet\u00eancias necess\u00e1rias para esse per\u00edodo estavam ligadas a um n\u00edvel de alta tecnologia e de fus\u00e3o entre v\u00e1rias \u00e1reas diferentes do conhecimento.<\/p>\n\n\n\n<p class=\"wp-block-paragraph\">E agora, com o advento da internet e da era digital, a sociedade est\u00e1 em sua quarta revolu\u00e7\u00e3o industrial. Totalmente diferente das tr\u00eas primeiras, a quarta revolu\u00e7\u00e3o n\u00e3o se limita \u00e0 produ\u00e7\u00e3o industrial e tem diversas caracter\u00edsticas, como por exemplo a automa\u00e7\u00e3o de processos, troca de dados, computa\u00e7\u00e3o em nuvem, intera\u00e7\u00e3o homem-rob\u00f4 para tomada de decis\u00f5es, velocidade instant\u00e2nea de comunica\u00e7\u00e3o global, descentraliza\u00e7\u00e3o de produ\u00e7\u00e3o e administra\u00e7\u00e3o remota de diversos processos.<\/p>\n\n\n\n<p class=\"wp-block-paragraph\">As compet\u00eancias necess\u00e1rias para essa nova revolu\u00e7\u00e3o tamb\u00e9m s\u00e3o diferentes das anteriores. Agora, as compet\u00eancias manuais s\u00e3o pouco necess\u00e1rias, mas as cognitivas exigem um alto n\u00edvel de desenvolvimento.<\/p>\n\n\n\n<p class=\"wp-block-paragraph\">O F\u00f3rum Econ\u00f4mico Mundial, atrav\u00e9s de seu relat\u00f3rio \u201cO Trabalho do Futuro\u201d, apresentou as compet\u00eancias profissionais que ser\u00e3o as mais requisitadas daqui para frente. Essas novas compet\u00eancias s\u00e3o tamb\u00e9m chamadas de <em>soft skills<\/em>, e compreendem:<\/p>\n\n\n\n<ul class=\"wp-block-list\"><li>Resolu\u00e7\u00e3o de problemas complexos<\/li><\/ul>\n\n\n\n<ul class=\"wp-block-list\"><li> Pensamento cr\u00edtico<\/li><\/ul>\n\n\n\n<ul class=\"wp-block-list\"><li>Criatividade<\/li><\/ul>\n\n\n\n<ul class=\"wp-block-list\"><li>Gest\u00e3o de pessoas<\/li><\/ul>\n\n\n\n<ul class=\"wp-block-list\"><li>Coordena\u00e7\u00e3o<\/li><\/ul>\n\n\n\n<ul class=\"wp-block-list\"><li>Intelig\u00eancia emocional<\/li><\/ul>\n\n\n\n<ul class=\"wp-block-list\"><li> Capacidade de julgamento e tomada de decis\u00f5es<\/li><\/ul>\n\n\n\n<ul class=\"wp-block-list\"><li> Orienta\u00e7\u00e3o para servir<\/li><\/ul>\n\n\n\n<ul class=\"wp-block-list\"><li> Negocia\u00e7\u00e3o<\/li><\/ul>\n\n\n\n<ul class=\"wp-block-list\"><li>Flexibilidade cognitiva<\/li><\/ul>\n\n\n\n<p class=\"wp-block-paragraph\">Como voc\u00ea pode perceber, as <em>soft skills<\/em> s\u00e3o compet\u00eancias completamente adequadas para o novo cen\u00e1rio mundial. A grande intera\u00e7\u00e3o que j\u00e1 existe entre homens, m\u00e1quinas e sistemas necessita de processos mentais humanos para que a tr\u00edade funcione em harmonia. Assim, a produ\u00e7\u00e3o de bens de consumo e a presta\u00e7\u00e3o de servi\u00e7os t\u00eam maior efici\u00eancia, e tamb\u00e9m a gest\u00e3o dos v\u00e1rios processos ganha em produtividade e economia de tempo.<\/p>\n\n\n\n<a target=\"new\" href=\"https:\/\/click.linksynergy.com\/fs-bin\/click?id=4G*ZRI5x5dE&amp;offerid=529351.130&amp;subid=0&amp;type=4\" rel=\"noopener noreferrer\"><img decoding=\"async\" border=\"0\" alt=\"FutureLearn Limited\" src=\"https:\/\/ad.linksynergy.com\/fs-bin\/show?id=4G*ZRI5x5dE&amp;bids=529351.130&amp;subid=0&amp;type=4&amp;gridnum=0\"><\/a>\n\n\n\n<p class=\"wp-block-paragraph\">Apesar de cada mudan\u00e7a hist\u00f3rica ter colaborado para o desenvolvimento da sociedade como um todo, a 4a revolu\u00e7\u00e3o industrial abre as portas para perspectivas nunca antes imaginadas, que v\u00e3o exigir outro n\u00edvel de compet\u00eancias profissionais. E voc\u00ea, j\u00e1 est\u00e1 focado em desenvolver ou aprimorar essas compet\u00eancias? Quais delas hoje voc\u00ea identifica como mais importantes para seu desenvolvimento? Elas s\u00e3o de extrema import\u00e2ncia para o novo cen\u00e1rio do mercado de trabalho que j\u00e1 est\u00e1 acontecendo agora. Nos pr\u00f3ximos artigos, vou falar sobre cada uma das novas compet\u00eancias, para que voc\u00ea tenha o desenvolvimento necess\u00e1rio.<\/p>\n\n\n\n<center>\n<a target=\"new\" href=\"https:\/\/click.linksynergy.com\/link?id=4G*ZRI5x5dE&amp;offerid=388061.264509781386121572&amp;type=2&amp;murl=https%3A%2F%2Fwww.kobo.com%2Fbr%2Fen%2Febook%2Fmastering-google-home-ultimate-guide-to-quickstart-your-google-home-experience\" rel=\"noopener noreferrer\"><img data-recalc-dims=\"1\" decoding=\"async\" border=\"0\" src=\"https:\/\/i0.wp.com\/kbimages1-a.akamaihd.net\/Images\/679690b3-69fd-4bb0-9b82-6618ec518df8\/120\/185\/False\/mastering-google-home-ultimate-guide-to-quickstart-your-google-home-experience.jpg?w=660&#038;ssl=1\"><\/a><img loading=\"lazy\" decoding=\"async\" border=\"0\" width=\"1\" height=\"1\" src=\"https:\/\/ad.linksynergy.com\/fs-bin\/show?id=4G*ZRI5x5dE&amp;bids=388061.264509781386121572&amp;type=2&amp;subid=0\"><\/center>\n","protected":false},"excerpt":{"rendered":"<p>M\u00e1rcio Camargo Diretor GPTW-Interior\/Coordenador de cursos &#8211; Funda\u00e7\u00e3o Vanzolini \/ Professor na FGV \/ Analista comportamental DISC e SDI A internet e as atuais tecnologias proporcionaram uma grande transforma\u00e7\u00e3o mundial em todos os aspectos da sociedade, e essa transforma\u00e7\u00e3o inclui a forma como trabalhamos. A quarta Revolu\u00e7\u00e3o Industrial trouxe consigo a necessidade dos profissionais terem &hellip; <a href=\"https:\/\/corporateacademy.org\/index.php\/2019\/07\/23\/as-competencias-profissionais-necessarias-na-quarta-revolucao-industrial\/\" class=\"more-link\">Continuar lendo <span class=\"screen-reader-text\">As Compet\u00eancias Profissionais necess\u00e1rias na quarta Revolu\u00e7\u00e3o Industrial<\/span><\/a><\/p>\n","protected":false},"author":1,"featured_media":566,"comment_status":"open","ping_status":"open","sticky":false,"template":"","format":"standard","meta":{"_jetpack_newsletter_access":"","_jetpack_dont_email_post_to_subs":false,"_jetpack_newsletter_tier_id":0,"_jetpack_memberships_contains_paywalled_content":false,"_jetpack_feature_clip_id":0,"_jetpack_memberships_contains_paid_content":false,"footnotes":"","jetpack_publicize_message":"","jetpack_publicize_feature_enabled":true,"jetpack_social_post_already_shared":true,"jetpack_social_options":{"image_generator_settings":{"template":"highway","default_image_id":0,"font":"","enabled":false},"version":2},"jetpack_post_was_ever_published":false},"categories":[19,18,131,20,212,65],"tags":[250,249,252,245],"class_list":["post-564","post","type-post","status-publish","format-standard","has-post-thumbnail","hentry","category-ambiente-corporativo","category-comportamento","category-educacao","category-gestao-de-pessoas","category-performance","category-tecnologia","tag-quarta-revolucao-industrial","tag-revolucao","tag-skills","tag-tecnologia"],"aioseo_notices":[],"aioseo_head":"\n\t\t<!-- All in One SEO 5.0.1.1 - aioseo.com -->\n\t<meta name=\"description\" content=\"M\u00e1rcio Camargo Diretor GPTW-Interior\/Coordenador de cursos - Funda\u00e7\u00e3o Vanzolini \/ Professor na FGV \/ Analista comportamental DISC e SDI A internet e as atuais tecnologias proporcionaram uma grande transforma\u00e7\u00e3o mundial em todos os aspectos da sociedade, e essa transforma\u00e7\u00e3o inclui a forma como trabalhamos. A quarta Revolu\u00e7\u00e3o Industrial trouxe consigo a necessidade dos profissionais terem\" \/>\n\t<meta name=\"robots\" content=\"max-image-preview:large\" \/>\n\t<meta name=\"author\" content=\"Editor\"\/>\n\t<link rel=\"canonical\" href=\"https:\/\/corporateacademy.org\/index.php\/2019\/07\/23\/as-competencias-profissionais-necessarias-na-quarta-revolucao-industrial\/\" \/>\n\t<meta name=\"generator\" content=\"All in One SEO (AIOSEO) 5.0.1.1\" \/>\n\t\t<meta property=\"og:locale\" content=\"pt_BR\" \/>\n\t\t<meta property=\"og:site_name\" content=\"Corporate Academy - Compartilhando Conhecimento\" \/>\n\t\t<meta property=\"og:type\" content=\"article\" \/>\n\t\t<meta property=\"og:title\" content=\"As Compet\u00eancias Profissionais necess\u00e1rias na quarta Revolu\u00e7\u00e3o Industrial - Corporate Academy\" \/>\n\t\t<meta property=\"og:description\" content=\"M\u00e1rcio Camargo Diretor GPTW-Interior\/Coordenador de cursos - Funda\u00e7\u00e3o Vanzolini \/ Professor na FGV \/ Analista comportamental DISC e SDI A internet e as atuais tecnologias proporcionaram uma grande transforma\u00e7\u00e3o mundial em todos os aspectos da sociedade, e essa transforma\u00e7\u00e3o inclui a forma como trabalhamos. A quarta Revolu\u00e7\u00e3o Industrial trouxe consigo a necessidade dos profissionais terem\" \/>\n\t\t<meta property=\"og:url\" content=\"https:\/\/corporateacademy.org\/index.php\/2019\/07\/23\/as-competencias-profissionais-necessarias-na-quarta-revolucao-industrial\/\" \/>\n\t\t<meta property=\"og:image\" content=\"https:\/\/i0.wp.com\/corporateacademy.org\/wp-content\/uploads\/2018\/03\/Logo200x200.jpg?fit=200200\" \/>\n\t\t<meta property=\"og:image:secure_url\" content=\"https:\/\/i0.wp.com\/corporateacademy.org\/wp-content\/uploads\/2018\/03\/Logo200x200.jpg?fit=200200\" \/>\n\t\t<meta property=\"article:published_time\" content=\"2019-07-23T19:06:56+00:00\" \/>\n\t\t<meta property=\"article:modified_time\" content=\"2021-09-08T18:41:45+00:00\" \/>\n\t\t<meta name=\"twitter:card\" content=\"summary_large_image\" \/>\n\t\t<meta name=\"twitter:title\" content=\"As Compet\u00eancias Profissionais necess\u00e1rias na quarta Revolu\u00e7\u00e3o Industrial - Corporate Academy\" \/>\n\t\t<meta name=\"twitter:description\" content=\"M\u00e1rcio Camargo Diretor GPTW-Interior\/Coordenador de cursos - Funda\u00e7\u00e3o Vanzolini \/ Professor na FGV \/ Analista comportamental DISC e SDI A internet e as atuais tecnologias proporcionaram uma grande transforma\u00e7\u00e3o mundial em todos os aspectos da sociedade, e essa transforma\u00e7\u00e3o inclui a forma como trabalhamos. A quarta Revolu\u00e7\u00e3o Industrial trouxe consigo a necessidade dos profissionais terem\" \/>\n\t\t<meta name=\"twitter:image\" content=\"https:\/\/i0.wp.com\/corporateacademy.org\/wp-content\/uploads\/2018\/03\/Logo200x200.jpg?fit=200200\" \/>\n\t\t<script type=\"application\/ld+json\" class=\"aioseo-schema\">\n\t\t\t{\"@context\":\"https:\\\/\\\/schema.org\",\"@graph\":[{\"@type\":\"BlogPosting\",\"@id\":\"https:\\\/\\\/corporateacademy.org\\\/index.php\\\/2019\\\/07\\\/23\\\/as-competencias-profissionais-necessarias-na-quarta-revolucao-industrial\\\/#blogposting\",\"name\":\"As Compet\\u00eancias Profissionais necess\\u00e1rias na quarta Revolu\\u00e7\\u00e3o Industrial - Corporate Academy\",\"headline\":\"As Compet\\u00eancias Profissionais necess\\u00e1rias na quarta Revolu\\u00e7\\u00e3o Industrial\",\"author\":{\"@id\":\"https:\\\/\\\/corporateacademy.org\\\/index.php\\\/author\\\/nevesf\\\/#author\"},\"publisher\":{\"@id\":\"https:\\\/\\\/corporateacademy.org\\\/#organization\"},\"image\":{\"@type\":\"ImageObject\",\"url\":\"https:\\\/\\\/i0.wp.com\\\/corporateacademy.org\\\/wp-content\\\/uploads\\\/2019\\\/07\\\/4RevInd.png?fit=1143%2C602&ssl=1\",\"width\":1143,\"height\":602,\"caption\":\"Compet\\u00eancias Necess\\u00e1rias para a Quarta Revolu\\u00e7\\u00e3o Industrial\"},\"datePublished\":\"2019-07-23T16:06:56-03:00\",\"dateModified\":\"2021-09-08T15:41:45-03:00\",\"inLanguage\":\"pt-BR\",\"mainEntityOfPage\":{\"@id\":\"https:\\\/\\\/corporateacademy.org\\\/index.php\\\/2019\\\/07\\\/23\\\/as-competencias-profissionais-necessarias-na-quarta-revolucao-industrial\\\/#webpage\"},\"isPartOf\":{\"@id\":\"https:\\\/\\\/corporateacademy.org\\\/index.php\\\/2019\\\/07\\\/23\\\/as-competencias-profissionais-necessarias-na-quarta-revolucao-industrial\\\/#webpage\"},\"articleSection\":\"Ambiente corporativo, comportamento, Educa\\u00e7\\u00e3o, gest\\u00e3o de pessoas, Performance, tecnologia, quarta revolu\\u00e7\\u00e3o industrial, revolu\\u00e7\\u00e3o, skills, tecnologia\"},{\"@type\":\"BreadcrumbList\",\"@id\":\"https:\\\/\\\/corporateacademy.org\\\/index.php\\\/2019\\\/07\\\/23\\\/as-competencias-profissionais-necessarias-na-quarta-revolucao-industrial\\\/#breadcrumblist\",\"itemListElement\":[{\"@type\":\"ListItem\",\"@id\":\"https:\\\/\\\/corporateacademy.org#listItem\",\"position\":1,\"name\":\"Home\",\"item\":\"https:\\\/\\\/corporateacademy.org\",\"nextItem\":{\"@type\":\"ListItem\",\"@id\":\"https:\\\/\\\/corporateacademy.org\\\/index.php\\\/category\\\/comportamento\\\/#listItem\",\"name\":\"comportamento\"}},{\"@type\":\"ListItem\",\"@id\":\"https:\\\/\\\/corporateacademy.org\\\/index.php\\\/category\\\/comportamento\\\/#listItem\",\"position\":2,\"name\":\"comportamento\",\"item\":\"https:\\\/\\\/corporateacademy.org\\\/index.php\\\/category\\\/comportamento\\\/\",\"nextItem\":{\"@type\":\"ListItem\",\"@id\":\"https:\\\/\\\/corporateacademy.org\\\/index.php\\\/2019\\\/07\\\/23\\\/as-competencias-profissionais-necessarias-na-quarta-revolucao-industrial\\\/#listItem\",\"name\":\"As Compet\\u00eancias Profissionais necess\\u00e1rias na quarta Revolu\\u00e7\\u00e3o Industrial\"},\"previousItem\":{\"@type\":\"ListItem\",\"@id\":\"https:\\\/\\\/corporateacademy.org#listItem\",\"name\":\"Home\"}},{\"@type\":\"ListItem\",\"@id\":\"https:\\\/\\\/corporateacademy.org\\\/index.php\\\/2019\\\/07\\\/23\\\/as-competencias-profissionais-necessarias-na-quarta-revolucao-industrial\\\/#listItem\",\"position\":3,\"name\":\"As Compet\\u00eancias Profissionais necess\\u00e1rias na quarta Revolu\\u00e7\\u00e3o Industrial\",\"previousItem\":{\"@type\":\"ListItem\",\"@id\":\"https:\\\/\\\/corporateacademy.org\\\/index.php\\\/category\\\/comportamento\\\/#listItem\",\"name\":\"comportamento\"}}]},{\"@type\":\"Organization\",\"@id\":\"https:\\\/\\\/corporateacademy.org\\\/#organization\",\"name\":\"Corporate Academy\",\"description\":\"Compartilhando Conhecimento\",\"url\":\"https:\\\/\\\/corporateacademy.org\\\/\",\"logo\":{\"@type\":\"ImageObject\",\"url\":\"https:\\\/\\\/i0.wp.com\\\/corporateacademy.org\\\/wp-content\\\/uploads\\\/2018\\\/03\\\/Logo200x200.jpg?fit=200%2C200&ssl=1\",\"@id\":\"https:\\\/\\\/corporateacademy.org\\\/index.php\\\/2019\\\/07\\\/23\\\/as-competencias-profissionais-necessarias-na-quarta-revolucao-industrial\\\/#organizationLogo\",\"width\":200,\"height\":200},\"image\":{\"@id\":\"https:\\\/\\\/corporateacademy.org\\\/index.php\\\/2019\\\/07\\\/23\\\/as-competencias-profissionais-necessarias-na-quarta-revolucao-industrial\\\/#organizationLogo\"}},{\"@type\":\"Person\",\"@id\":\"https:\\\/\\\/corporateacademy.org\\\/index.php\\\/author\\\/nevesf\\\/#author\",\"url\":\"https:\\\/\\\/corporateacademy.org\\\/index.php\\\/author\\\/nevesf\\\/\",\"name\":\"Editor\",\"image\":{\"@type\":\"ImageObject\",\"@id\":\"https:\\\/\\\/corporateacademy.org\\\/index.php\\\/2019\\\/07\\\/23\\\/as-competencias-profissionais-necessarias-na-quarta-revolucao-industrial\\\/#authorImage\",\"url\":\"https:\\\/\\\/secure.gravatar.com\\\/avatar\\\/40a180061deabb68d04bd9f812bde2b372b5d57984baf7dd947ee866377d90fb?s=96&d=blank&r=g\",\"width\":96,\"height\":96,\"caption\":\"Editor\"}},{\"@type\":\"WebPage\",\"@id\":\"https:\\\/\\\/corporateacademy.org\\\/index.php\\\/2019\\\/07\\\/23\\\/as-competencias-profissionais-necessarias-na-quarta-revolucao-industrial\\\/#webpage\",\"url\":\"https:\\\/\\\/corporateacademy.org\\\/index.php\\\/2019\\\/07\\\/23\\\/as-competencias-profissionais-necessarias-na-quarta-revolucao-industrial\\\/\",\"name\":\"As Compet\\u00eancias Profissionais necess\\u00e1rias na quarta Revolu\\u00e7\\u00e3o Industrial - Corporate Academy\",\"description\":\"M\\u00e1rcio Camargo Diretor GPTW-Interior\\\/Coordenador de cursos - Funda\\u00e7\\u00e3o Vanzolini \\\/ Professor na FGV \\\/ Analista comportamental DISC e SDI A internet e as atuais tecnologias proporcionaram uma grande transforma\\u00e7\\u00e3o mundial em todos os aspectos da sociedade, e essa transforma\\u00e7\\u00e3o inclui a forma como trabalhamos. A quarta Revolu\\u00e7\\u00e3o Industrial trouxe consigo a necessidade dos profissionais terem\",\"inLanguage\":\"pt-BR\",\"isPartOf\":{\"@id\":\"https:\\\/\\\/corporateacademy.org\\\/#website\"},\"breadcrumb\":{\"@id\":\"https:\\\/\\\/corporateacademy.org\\\/index.php\\\/2019\\\/07\\\/23\\\/as-competencias-profissionais-necessarias-na-quarta-revolucao-industrial\\\/#breadcrumblist\"},\"author\":{\"@id\":\"https:\\\/\\\/corporateacademy.org\\\/index.php\\\/author\\\/nevesf\\\/#author\"},\"creator\":{\"@id\":\"https:\\\/\\\/corporateacademy.org\\\/index.php\\\/author\\\/nevesf\\\/#author\"},\"image\":{\"@type\":\"ImageObject\",\"url\":\"https:\\\/\\\/i0.wp.com\\\/corporateacademy.org\\\/wp-content\\\/uploads\\\/2019\\\/07\\\/4RevInd.png?fit=1143%2C602&ssl=1\",\"@id\":\"https:\\\/\\\/corporateacademy.org\\\/index.php\\\/2019\\\/07\\\/23\\\/as-competencias-profissionais-necessarias-na-quarta-revolucao-industrial\\\/#mainImage\",\"width\":1143,\"height\":602,\"caption\":\"Compet\\u00eancias Necess\\u00e1rias para a Quarta Revolu\\u00e7\\u00e3o Industrial\"},\"primaryImageOfPage\":{\"@id\":\"https:\\\/\\\/corporateacademy.org\\\/index.php\\\/2019\\\/07\\\/23\\\/as-competencias-profissionais-necessarias-na-quarta-revolucao-industrial\\\/#mainImage\"},\"datePublished\":\"2019-07-23T16:06:56-03:00\",\"dateModified\":\"2021-09-08T15:41:45-03:00\"},{\"@type\":\"WebSite\",\"@id\":\"https:\\\/\\\/corporateacademy.org\\\/#website\",\"url\":\"https:\\\/\\\/corporateacademy.org\\\/\",\"name\":\"Corporate Academy\",\"description\":\"Compartilhando Conhecimento\",\"inLanguage\":\"pt-BR\",\"publisher\":{\"@id\":\"https:\\\/\\\/corporateacademy.org\\\/#organization\"}}]}\n\t\t<\/script>\n\t\t<!-- All in One SEO -->\n\n","aioseo_head_json":{"title":"As Compet\u00eancias Profissionais necess\u00e1rias na quarta Revolu\u00e7\u00e3o Industrial - Corporate Academy","description":"M\u00e1rcio Camargo Diretor GPTW-Interior\/Coordenador de cursos - Funda\u00e7\u00e3o Vanzolini \/ Professor na FGV \/ Analista comportamental DISC e SDI A internet e as atuais tecnologias proporcionaram uma grande transforma\u00e7\u00e3o mundial em todos os aspectos da sociedade, e essa transforma\u00e7\u00e3o inclui a forma como trabalhamos. A quarta Revolu\u00e7\u00e3o Industrial trouxe consigo a necessidade dos profissionais terem","canonical_url":"https:\/\/corporateacademy.org\/index.php\/2019\/07\/23\/as-competencias-profissionais-necessarias-na-quarta-revolucao-industrial\/","robots":"max-image-preview:large","keywords":"","webmasterTools":{"miscellaneous":""},"schema":{"@context":"https:\/\/schema.org","@graph":[{"@type":"BlogPosting","@id":"https:\/\/corporateacademy.org\/index.php\/2019\/07\/23\/as-competencias-profissionais-necessarias-na-quarta-revolucao-industrial\/#blogposting","name":"As Compet\u00eancias Profissionais necess\u00e1rias na quarta Revolu\u00e7\u00e3o Industrial - Corporate Academy","headline":"As Compet\u00eancias Profissionais necess\u00e1rias na quarta Revolu\u00e7\u00e3o Industrial","author":{"@id":"https:\/\/corporateacademy.org\/index.php\/author\/nevesf\/#author"},"publisher":{"@id":"https:\/\/corporateacademy.org\/#organization"},"image":{"@type":"ImageObject","url":"https:\/\/i0.wp.com\/corporateacademy.org\/wp-content\/uploads\/2019\/07\/4RevInd.png?fit=1143%2C602&ssl=1","width":1143,"height":602,"caption":"Compet\u00eancias Necess\u00e1rias para a Quarta Revolu\u00e7\u00e3o Industrial"},"datePublished":"2019-07-23T16:06:56-03:00","dateModified":"2021-09-08T15:41:45-03:00","inLanguage":"pt-BR","mainEntityOfPage":{"@id":"https:\/\/corporateacademy.org\/index.php\/2019\/07\/23\/as-competencias-profissionais-necessarias-na-quarta-revolucao-industrial\/#webpage"},"isPartOf":{"@id":"https:\/\/corporateacademy.org\/index.php\/2019\/07\/23\/as-competencias-profissionais-necessarias-na-quarta-revolucao-industrial\/#webpage"},"articleSection":"Ambiente corporativo, comportamento, Educa\u00e7\u00e3o, gest\u00e3o de pessoas, Performance, tecnologia, quarta revolu\u00e7\u00e3o industrial, revolu\u00e7\u00e3o, skills, tecnologia"},{"@type":"BreadcrumbList","@id":"https:\/\/corporateacademy.org\/index.php\/2019\/07\/23\/as-competencias-profissionais-necessarias-na-quarta-revolucao-industrial\/#breadcrumblist","itemListElement":[{"@type":"ListItem","@id":"https:\/\/corporateacademy.org#listItem","position":1,"name":"Home","item":"https:\/\/corporateacademy.org","nextItem":{"@type":"ListItem","@id":"https:\/\/corporateacademy.org\/index.php\/category\/comportamento\/#listItem","name":"comportamento"}},{"@type":"ListItem","@id":"https:\/\/corporateacademy.org\/index.php\/category\/comportamento\/#listItem","position":2,"name":"comportamento","item":"https:\/\/corporateacademy.org\/index.php\/category\/comportamento\/","nextItem":{"@type":"ListItem","@id":"https:\/\/corporateacademy.org\/index.php\/2019\/07\/23\/as-competencias-profissionais-necessarias-na-quarta-revolucao-industrial\/#listItem","name":"As Compet\u00eancias Profissionais necess\u00e1rias na quarta Revolu\u00e7\u00e3o Industrial"},"previousItem":{"@type":"ListItem","@id":"https:\/\/corporateacademy.org#listItem","name":"Home"}},{"@type":"ListItem","@id":"https:\/\/corporateacademy.org\/index.php\/2019\/07\/23\/as-competencias-profissionais-necessarias-na-quarta-revolucao-industrial\/#listItem","position":3,"name":"As Compet\u00eancias Profissionais necess\u00e1rias na quarta Revolu\u00e7\u00e3o Industrial","previousItem":{"@type":"ListItem","@id":"https:\/\/corporateacademy.org\/index.php\/category\/comportamento\/#listItem","name":"comportamento"}}]},{"@type":"Organization","@id":"https:\/\/corporateacademy.org\/#organization","name":"Corporate Academy","description":"Compartilhando Conhecimento","url":"https:\/\/corporateacademy.org\/","logo":{"@type":"ImageObject","url":"https:\/\/i0.wp.com\/corporateacademy.org\/wp-content\/uploads\/2018\/03\/Logo200x200.jpg?fit=200%2C200&ssl=1","@id":"https:\/\/corporateacademy.org\/index.php\/2019\/07\/23\/as-competencias-profissionais-necessarias-na-quarta-revolucao-industrial\/#organizationLogo","width":200,"height":200},"image":{"@id":"https:\/\/corporateacademy.org\/index.php\/2019\/07\/23\/as-competencias-profissionais-necessarias-na-quarta-revolucao-industrial\/#organizationLogo"}},{"@type":"Person","@id":"https:\/\/corporateacademy.org\/index.php\/author\/nevesf\/#author","url":"https:\/\/corporateacademy.org\/index.php\/author\/nevesf\/","name":"Editor","image":{"@type":"ImageObject","@id":"https:\/\/corporateacademy.org\/index.php\/2019\/07\/23\/as-competencias-profissionais-necessarias-na-quarta-revolucao-industrial\/#authorImage","url":"https:\/\/secure.gravatar.com\/avatar\/40a180061deabb68d04bd9f812bde2b372b5d57984baf7dd947ee866377d90fb?s=96&d=blank&r=g","width":96,"height":96,"caption":"Editor"}},{"@type":"WebPage","@id":"https:\/\/corporateacademy.org\/index.php\/2019\/07\/23\/as-competencias-profissionais-necessarias-na-quarta-revolucao-industrial\/#webpage","url":"https:\/\/corporateacademy.org\/index.php\/2019\/07\/23\/as-competencias-profissionais-necessarias-na-quarta-revolucao-industrial\/","name":"As Compet\u00eancias Profissionais necess\u00e1rias na quarta Revolu\u00e7\u00e3o Industrial - Corporate Academy","description":"M\u00e1rcio Camargo Diretor GPTW-Interior\/Coordenador de cursos - Funda\u00e7\u00e3o Vanzolini \/ Professor na FGV \/ Analista comportamental DISC e SDI A internet e as atuais tecnologias proporcionaram uma grande transforma\u00e7\u00e3o mundial em todos os aspectos da sociedade, e essa transforma\u00e7\u00e3o inclui a forma como trabalhamos. A quarta Revolu\u00e7\u00e3o Industrial trouxe consigo a necessidade dos profissionais terem","inLanguage":"pt-BR","isPartOf":{"@id":"https:\/\/corporateacademy.org\/#website"},"breadcrumb":{"@id":"https:\/\/corporateacademy.org\/index.php\/2019\/07\/23\/as-competencias-profissionais-necessarias-na-quarta-revolucao-industrial\/#breadcrumblist"},"author":{"@id":"https:\/\/corporateacademy.org\/index.php\/author\/nevesf\/#author"},"creator":{"@id":"https:\/\/corporateacademy.org\/index.php\/author\/nevesf\/#author"},"image":{"@type":"ImageObject","url":"https:\/\/i0.wp.com\/corporateacademy.org\/wp-content\/uploads\/2019\/07\/4RevInd.png?fit=1143%2C602&ssl=1","@id":"https:\/\/corporateacademy.org\/index.php\/2019\/07\/23\/as-competencias-profissionais-necessarias-na-quarta-revolucao-industrial\/#mainImage","width":1143,"height":602,"caption":"Compet\u00eancias Necess\u00e1rias para a Quarta Revolu\u00e7\u00e3o Industrial"},"primaryImageOfPage":{"@id":"https:\/\/corporateacademy.org\/index.php\/2019\/07\/23\/as-competencias-profissionais-necessarias-na-quarta-revolucao-industrial\/#mainImage"},"datePublished":"2019-07-23T16:06:56-03:00","dateModified":"2021-09-08T15:41:45-03:00"},{"@type":"WebSite","@id":"https:\/\/corporateacademy.org\/#website","url":"https:\/\/corporateacademy.org\/","name":"Corporate Academy","description":"Compartilhando Conhecimento","inLanguage":"pt-BR","publisher":{"@id":"https:\/\/corporateacademy.org\/#organization"}}]},"og:locale":"pt_BR","og:site_name":"Corporate Academy - Compartilhando Conhecimento","og:type":"article","og:title":"As Compet\u00eancias Profissionais necess\u00e1rias na quarta Revolu\u00e7\u00e3o Industrial - Corporate Academy","og:description":"M\u00e1rcio Camargo Diretor GPTW-Interior\/Coordenador de cursos - Funda\u00e7\u00e3o Vanzolini \/ Professor na FGV \/ Analista comportamental DISC e SDI A internet e as atuais tecnologias proporcionaram uma grande transforma\u00e7\u00e3o mundial em todos os aspectos da sociedade, e essa transforma\u00e7\u00e3o inclui a forma como trabalhamos. A quarta Revolu\u00e7\u00e3o Industrial trouxe consigo a necessidade dos profissionais terem","og:url":"https:\/\/corporateacademy.org\/index.php\/2019\/07\/23\/as-competencias-profissionais-necessarias-na-quarta-revolucao-industrial\/","og:image":"https:\/\/i0.wp.com\/corporateacademy.org\/wp-content\/uploads\/2018\/03\/Logo200x200.jpg?fit=200200","og:image:secure_url":"https:\/\/i0.wp.com\/corporateacademy.org\/wp-content\/uploads\/2018\/03\/Logo200x200.jpg?fit=200200","article:published_time":"2019-07-23T19:06:56+00:00","article:modified_time":"2021-09-08T18:41:45+00:00","twitter:card":"summary_large_image","twitter:title":"As Compet\u00eancias Profissionais necess\u00e1rias na quarta Revolu\u00e7\u00e3o Industrial - Corporate Academy","twitter:description":"M\u00e1rcio Camargo Diretor GPTW-Interior\/Coordenador de cursos - Funda\u00e7\u00e3o Vanzolini \/ Professor na FGV \/ Analista comportamental DISC e SDI A internet e as atuais tecnologias proporcionaram uma grande transforma\u00e7\u00e3o mundial em todos os aspectos da sociedade, e essa transforma\u00e7\u00e3o inclui a forma como trabalhamos. A quarta Revolu\u00e7\u00e3o Industrial trouxe consigo a necessidade dos profissionais terem","twitter:image":"https:\/\/i0.wp.com\/corporateacademy.org\/wp-content\/uploads\/2018\/03\/Logo200x200.jpg?fit=200200"},"aioseo_meta_data":{"post_id":"564","title":null,"description":null,"keywords":null,"keyphrases":null,"focus_keyword":null,"additional_keywords":null,"truseo_locale":null,"primary_term":null,"canonical_url":null,"og_title":null,"og_description":null,"og_object_type":"default","og_image_type":"default","og_image_custom_url":null,"og_image_custom_fields":null,"og_image_url":null,"og_image_width":null,"og_image_height":null,"og_video":null,"og_custom_url":null,"og_article_section":null,"og_article_tags":null,"twitter_use_og":false,"twitter_card":"default","twitter_image_type":"default","twitter_image_custom_url":null,"twitter_image_custom_fields":null,"twitter_image_url":null,"twitter_title":null,"twitter_description":null,"schema_type":"default","schema_type_options":null,"schema":{"blockGraphs":[],"customGraphs":[],"default":{"data":{"Article":[],"Course":[],"Dataset":[],"FAQPage":[],"Movie":[],"Person":[],"Product":[],"ProductReview":[],"Car":[],"Recipe":[],"Service":[],"SoftwareApplication":[],"WebPage":[]},"graphName":"","isEnabled":true},"graphs":[]},"pillar_content":false,"robots_default":true,"robots_noindex":false,"robots_noarchive":false,"robots_nosnippet":false,"robots_nofollow":false,"robots_noimageindex":false,"robots_noodp":false,"robots_notranslate":false,"robots_max_snippet":null,"robots_max_videopreview":null,"robots_max_imagepreview":"large","priority":null,"frequency":null,"local_seo":null,"limit_modified_date":false,"ai":null,"breadcrumb_settings":null,"seo_analyzer_scan_date":null,"created":"2026-09-02 21:56:41","updated":"2026-09-02 21:56:41"},"aioseo_breadcrumb":"<div class=\"aioseo-breadcrumbs\"><span class=\"aioseo-breadcrumb\">\n\t\t\t<a href=\"https:\/\/corporateacademy.org\" title=\"Home\">Home<\/a>\n\t\t<\/span><span class=\"aioseo-breadcrumb-separator\">&raquo;<\/span><span class=\"aioseo-breadcrumb\">\n\t\t\t<a href=\"https:\/\/corporateacademy.org\/index.php\/category\/comportamento\/\" title=\"comportamento\">comportamento<\/a>\n\t\t<\/span><span class=\"aioseo-breadcrumb-separator\">&raquo;<\/span><span class=\"aioseo-breadcrumb\">\n\t\t\tAs Compet\u00eancias Profissionais necess\u00e1rias na quarta Revolu\u00e7\u00e3o Industrial\n\t\t<\/span><\/div>","aioseo_breadcrumb_json":[{"label":"Home","link":"https:\/\/corporateacademy.org"},{"label":"comportamento","link":"https:\/\/corporateacademy.org\/index.php\/category\/comportamento\/"},{"label":"As Compet\u00eancias Profissionais necess\u00e1rias na quarta Revolu\u00e7\u00e3o Industrial","link":"https:\/\/corporateacademy.org\/index.php\/2019\/07\/23\/as-competencias-profissionais-necessarias-na-quarta-revolucao-industrial\/"}],"jetpack_publicize_connections":[],"jetpack_sharing_enabled":true,"jetpack_shortlink":"https:\/\/wp.me\/p9MYp6-96","jetpack_likes_enabled":true,"jetpack-related-posts":[{"id":578,"url":"https:\/\/corporateacademy.org\/index.php\/2019\/08\/03\/resolucao-de-problemas-complexos-primeira-competencia-profissinal-para-a-quarta-revolucao-industrial\/","url_meta":{"origin":564,"position":0},"title":"Resolucao de Problemas Complexos: Primeira compet\u00eancia Profissinal para a Quarta Revolu\u00e7\u00e3o Industrial","author":"Editor","date":"03\/08\/2019","format":false,"excerpt":"M\u00e1rcio Camargo Diretor GPTW-Interior\/Coordenador de cursos - Vanzolini Professor FGV \/ Analista DISC e facilitador Lego\u00aeSerious Play\u00ae A resolu\u00e7\u00e3o de problemas complexos \u00e9 uma das 10 soft skills, apresentadas pelo F\u00f3rum Econ\u00f4mico Mundial, no relat\u00f3rio \u201cO\u00a0 Trabalho do Futuro\u201d apresentado no meu artigo intitulado: a 4\u00aa Revolu\u00e7\u00e3o Industrial e as\u2026","rel":"","context":"Em &quot;Ambiente corporativo&quot;","block_context":{"text":"Ambiente corporativo","link":"https:\/\/corporateacademy.org\/index.php\/category\/ambiente-corporativo\/"},"img":{"alt_text":"","src":"https:\/\/i0.wp.com\/corporateacademy.org\/wp-content\/uploads\/2019\/08\/4revIndResolucaoProblemas.jpeg?fit=1200%2C600&ssl=1&resize=350%2C200","width":350,"height":200,"srcset":"https:\/\/i0.wp.com\/corporateacademy.org\/wp-content\/uploads\/2019\/08\/4revIndResolucaoProblemas.jpeg?fit=1200%2C600&ssl=1&resize=350%2C200 1x, https:\/\/i0.wp.com\/corporateacademy.org\/wp-content\/uploads\/2019\/08\/4revIndResolucaoProblemas.jpeg?fit=1200%2C600&ssl=1&resize=525%2C300 1.5x, https:\/\/i0.wp.com\/corporateacademy.org\/wp-content\/uploads\/2019\/08\/4revIndResolucaoProblemas.jpeg?fit=1200%2C600&ssl=1&resize=700%2C400 2x, https:\/\/i0.wp.com\/corporateacademy.org\/wp-content\/uploads\/2019\/08\/4revIndResolucaoProblemas.jpeg?fit=1200%2C600&ssl=1&resize=1050%2C600 3x"},"classes":[]},{"id":855,"url":"https:\/\/corporateacademy.org\/index.php\/2020\/10\/29\/inteligencia-emocional-competencia-profissional-para-a-quarta-revolucao-industrial\/","url_meta":{"origin":564,"position":1},"title":"Intelig\u00eancia Emocional: Compet\u00eancia Profissional para a Quarta Revolu\u00e7\u00e3o Industrial","author":"Editor","date":"29\/10\/2020","format":false,"excerpt":"Fernando Neves, Ph.D. Roberto tinha acabado de chegar no escrit\u00f3rio ainda ruminando a discuss\u00e3o que h\u00e1 pouco teve com sua esposa. Os colegas ao lado percebiam que algo n\u00e3o estava bem, mas preferiram ficar cada um na sua. A chefe chega agitada j\u00e1 demonstrando claros sinais de estresse e o\u2026","rel":"","context":"Em &quot;Ambiente corporativo&quot;","block_context":{"text":"Ambiente corporativo","link":"https:\/\/corporateacademy.org\/index.php\/category\/ambiente-corporativo\/"},"img":{"alt_text":"Intelig\u00eancia emocional","src":"https:\/\/i0.wp.com\/corporateacademy.org\/wp-content\/uploads\/2020\/10\/emotional-intelligence-825x510-1.jpg?fit=825%2C510&ssl=1&resize=350%2C200","width":350,"height":200,"srcset":"https:\/\/i0.wp.com\/corporateacademy.org\/wp-content\/uploads\/2020\/10\/emotional-intelligence-825x510-1.jpg?fit=825%2C510&ssl=1&resize=350%2C200 1x, https:\/\/i0.wp.com\/corporateacademy.org\/wp-content\/uploads\/2020\/10\/emotional-intelligence-825x510-1.jpg?fit=825%2C510&ssl=1&resize=525%2C300 1.5x, https:\/\/i0.wp.com\/corporateacademy.org\/wp-content\/uploads\/2020\/10\/emotional-intelligence-825x510-1.jpg?fit=825%2C510&ssl=1&resize=700%2C400 2x"},"classes":[]},{"id":2432,"url":"https:\/\/corporateacademy.org\/index.php\/2025\/02\/14\/o-futuro-do-trabalho-como-lideres-podem-navegar-na-fronteira-entre-humanos-e-maquinas-insights-do-forum-economico-mundial\/","url_meta":{"origin":564,"position":2},"title":"O Futuro do Trabalho: Como L\u00edderes Podem Navegar na Fronteira Entre Humanos e M\u00e1quinas- Insights do F\u00f3rum Econ\u00f4mico Mundial.","author":"Editor","date":"14\/02\/2025","format":false,"excerpt":"Imagine o seguinte cen\u00e1rio: voc\u00ea chega ao trabalho e percebe que metade das tarefas que antes eram executadas por sua equipe agora s\u00e3o gerenciadas por intelig\u00eancia artificial. Os relat\u00f3rios financeiros, a triagem de candidatos para novas contrata\u00e7\u00f5es e at\u00e9 mesmo o atendimento ao cliente passaram a ser conduzidos por algoritmos\u2026","rel":"","context":"Em &quot;Ambiente corporativo&quot;","block_context":{"text":"Ambiente corporativo","link":"https:\/\/corporateacademy.org\/index.php\/category\/ambiente-corporativo\/"},"img":{"alt_text":"Humans and robots at the office","src":"https:\/\/i0.wp.com\/corporateacademy.org\/wp-content\/uploads\/2025\/02\/Human-and-Robots-Office.jpg?fit=1200%2C686&ssl=1&resize=350%2C200","width":350,"height":200,"srcset":"https:\/\/i0.wp.com\/corporateacademy.org\/wp-content\/uploads\/2025\/02\/Human-and-Robots-Office.jpg?fit=1200%2C686&ssl=1&resize=350%2C200 1x, https:\/\/i0.wp.com\/corporateacademy.org\/wp-content\/uploads\/2025\/02\/Human-and-Robots-Office.jpg?fit=1200%2C686&ssl=1&resize=525%2C300 1.5x, https:\/\/i0.wp.com\/corporateacademy.org\/wp-content\/uploads\/2025\/02\/Human-and-Robots-Office.jpg?fit=1200%2C686&ssl=1&resize=700%2C400 2x, https:\/\/i0.wp.com\/corporateacademy.org\/wp-content\/uploads\/2025\/02\/Human-and-Robots-Office.jpg?fit=1200%2C686&ssl=1&resize=1050%2C600 3x"},"classes":[]},{"id":441,"url":"https:\/\/corporateacademy.org\/index.php\/2019\/02\/20\/inteligencia-artificial-afeta-menos-as-pessoas-criativas\/","url_meta":{"origin":564,"position":3},"title":"Intelig\u00eancia artificial afeta menos as pessoas criativas","author":"Editor","date":"20\/02\/2019","format":false,"excerpt":"Texto: Fernando Neves, Ph.D. Imagem : Pixabay (RawPixel) A m\u00fasica da sinfonia come\u00e7ava a entrar pelos meus ouvidos de forma suave, mas \u00e0 medida que eu n\u00e3o me movia tentando ainda aproveitar mais alguns minutos do meu sono, acordes dissonantes me impediam de voltar a dormir. A assistente virtual percebia\u2026","rel":"","context":"Em &quot;Ambiente corporativo&quot;","block_context":{"text":"Ambiente corporativo","link":"https:\/\/corporateacademy.org\/index.php\/category\/ambiente-corporativo\/"},"img":{"alt_text":"","src":"https:\/\/i0.wp.com\/corporateacademy.org\/wp-content\/uploads\/2019\/02\/RawPixelPixabay-people-3370833_640.jpg?fit=640%2C400&ssl=1&resize=350%2C200","width":350,"height":200,"srcset":"https:\/\/i0.wp.com\/corporateacademy.org\/wp-content\/uploads\/2019\/02\/RawPixelPixabay-people-3370833_640.jpg?fit=640%2C400&ssl=1&resize=350%2C200 1x, https:\/\/i0.wp.com\/corporateacademy.org\/wp-content\/uploads\/2019\/02\/RawPixelPixabay-people-3370833_640.jpg?fit=640%2C400&ssl=1&resize=525%2C300 1.5x"},"classes":[]},{"id":2440,"url":"https:\/\/corporateacademy.org\/index.php\/2025\/02\/21\/o-futuro-dos-empregos-uma-jornada-rumo-ao-desconhecido\/","url_meta":{"origin":564,"position":4},"title":"O Futuro dos Empregos: Uma Jornada Rumo ao Desconhecido","author":"Editor","date":"21\/02\/2025","format":false,"excerpt":"Era uma manh\u00e3 comum em S\u00e3o Paulo, dessas com tr\u00e2nsito barulhento e o cheiro de caf\u00e9 pairando no ar. Mariana, gerente de RH de uma multinacional, olhava pela janela do escrit\u00f3rio no 15\u00ba andar enquanto tomava sua segunda x\u00edcara do dia. Entre uma liga\u00e7\u00e3o e outra, ela pensava no relat\u00f3rio\u2026","rel":"","context":"Em &quot;Ambiente corporativo&quot;","block_context":{"text":"Ambiente corporativo","link":"https:\/\/corporateacademy.org\/index.php\/category\/ambiente-corporativo\/"},"img":{"alt_text":"Empregos do futuro","src":"https:\/\/i0.wp.com\/corporateacademy.org\/wp-content\/uploads\/2025\/02\/FutureJobsEdit.png?fit=1016%2C732&ssl=1&resize=350%2C200","width":350,"height":200,"srcset":"https:\/\/i0.wp.com\/corporateacademy.org\/wp-content\/uploads\/2025\/02\/FutureJobsEdit.png?fit=1016%2C732&ssl=1&resize=350%2C200 1x, https:\/\/i0.wp.com\/corporateacademy.org\/wp-content\/uploads\/2025\/02\/FutureJobsEdit.png?fit=1016%2C732&ssl=1&resize=525%2C300 1.5x, https:\/\/i0.wp.com\/corporateacademy.org\/wp-content\/uploads\/2025\/02\/FutureJobsEdit.png?fit=1016%2C732&ssl=1&resize=700%2C400 2x"},"classes":[]},{"id":2071,"url":"https:\/\/corporateacademy.org\/index.php\/2023\/08\/22\/computacao-quantica-sera-esta-a-nova-revolucao-tecnologica\/","url_meta":{"origin":564,"position":5},"title":"Computa\u00e7\u00e3o Qu\u00e2ntica: Ser\u00e1 esta a nova Revolu\u00e7\u00e3o Tecnol\u00f3gica?","author":"Editor","date":"22\/08\/2023","format":false,"excerpt":"Fernando Neves, Ph.D. Em tempos de chatbots inteligentes que respondem a qualquer pergunta em qualquer \u00e1rea do conhecimento, produzem c\u00f3digos de programa\u00e7\u00e3o, resolvem problemas de engenharia, criam roteiros de v\u00eddeos e ainda de quebra agem como meu psic\u00f3logo pessoal, eu me pergunto: O que mais falta ser inventado? O futuro\u2026","rel":"","context":"Em &quot;Ambiente corporativo&quot;","block_context":{"text":"Ambiente corporativo","link":"https:\/\/corporateacademy.org\/index.php\/category\/ambiente-corporativo\/"},"img":{"alt_text":"Osprey- computador quantico da IBM","src":"https:\/\/i0.wp.com\/corporateacademy.org\/wp-content\/uploads\/2023\/08\/IBM-QuantumComputer.png?fit=1178%2C632&ssl=1&resize=350%2C200","width":350,"height":200,"srcset":"https:\/\/i0.wp.com\/corporateacademy.org\/wp-content\/uploads\/2023\/08\/IBM-QuantumComputer.png?fit=1178%2C632&ssl=1&resize=350%2C200 1x, https:\/\/i0.wp.com\/corporateacademy.org\/wp-content\/uploads\/2023\/08\/IBM-QuantumComputer.png?fit=1178%2C632&ssl=1&resize=525%2C300 1.5x, https:\/\/i0.wp.com\/corporateacademy.org\/wp-content\/uploads\/2023\/08\/IBM-QuantumComputer.png?fit=1178%2C632&ssl=1&resize=700%2C400 2x, https:\/\/i0.wp.com\/corporateacademy.org\/wp-content\/uploads\/2023\/08\/IBM-QuantumComputer.png?fit=1178%2C632&ssl=1&resize=1050%2C600 3x"},"classes":[]}],"jetpack_featured_media_url":"https:\/\/i0.wp.com\/corporateacademy.org\/wp-content\/uploads\/2019\/07\/4RevInd.png?fit=1143%2C602&ssl=1","_links":{"self":[{"href":"https:\/\/corporateacademy.org\/index.php\/wp-json\/wp\/v2\/posts\/564","targetHints":{"allow":["GET"]}}],"collection":[{"href":"https:\/\/corporateacademy.org\/index.php\/wp-json\/wp\/v2\/posts"}],"about":[{"href":"https:\/\/corporateacademy.org\/index.php\/wp-json\/wp\/v2\/types\/post"}],"author":[{"embeddable":true,"href":"https:\/\/corporateacademy.org\/index.php\/wp-json\/wp\/v2\/users\/1"}],"replies":[{"embeddable":true,"href":"https:\/\/corporateacademy.org\/index.php\/wp-json\/wp\/v2\/comments?post=564"}],"version-history":[{"count":7,"href":"https:\/\/corporateacademy.org\/index.php\/wp-json\/wp\/v2\/posts\/564\/revisions"}],"predecessor-version":[{"id":1113,"href":"https:\/\/corporateacademy.org\/index.php\/wp-json\/wp\/v2\/posts\/564\/revisions\/1113"}],"wp:featuredmedia":[{"embeddable":true,"href":"https:\/\/corporateacademy.org\/index.php\/wp-json\/wp\/v2\/media\/566"}],"wp:attachment":[{"href":"https:\/\/corporateacademy.org\/index.php\/wp-json\/wp\/v2\/media?parent=564"}],"wp:term":[{"taxonomy":"category","embeddable":true,"href":"https:\/\/corporateacademy.org\/index.php\/wp-json\/wp\/v2\/categories?post=564"},{"taxonomy":"post_tag","embeddable":true,"href":"https:\/\/corporateacademy.org\/index.php\/wp-json\/wp\/v2\/tags?post=564"}],"curies":[{"name":"wp","href":"https:\/\/api.w.org\/{rel}","templated":true}]}}