{"id":615,"date":"2019-09-22T14:53:47","date_gmt":"2019-09-22T17:53:47","guid":{"rendered":"http:\/\/corporateacademy.org\/?p=615"},"modified":"2021-09-08T15:38:57","modified_gmt":"2021-09-08T18:38:57","slug":"o-que-resiliencia-tem-a-ver-com-lideranca","status":"publish","type":"post","link":"https:\/\/corporateacademy.org\/index.php\/2019\/09\/22\/o-que-resiliencia-tem-a-ver-com-lideranca\/","title":{"rendered":"O que Resili\u00eancia tem a ver com Lideran\u00e7a?"},"content":{"rendered":"\n<p class=\"wp-block-paragraph\">O termo resili\u00eancia tomou conta dos ambientes corporativos de uma forma bastante r\u00e1pida, talvez por que esta propriedade dos materiais seja a melhor met\u00e1fora para analisar comportamento de l\u00edderes e liderados no mundo p\u00f3s- moderno.&nbsp;<\/p>\n\n\n\n<h3 class=\"wp-block-heading\">O que \u00e9?<\/h3>\n\n\n\n<p class=\"wp-block-paragraph\">Mas o que \u00e9 resili\u00eancia? este termo hoje utilizado para descrever um comportamento foi emprestado da engenharia dos materiais. Um material \u00e9 resiliente quando ap\u00f3s sofrer stress retorna novamente para sua condi\u00e7\u00e3o original. Assim, o el\u00e1stico \u00e9 um material muito resiliente porque ap\u00f3s elongado retorna ao seu tamanho original, j\u00e1 a maioria dos metais e pl\u00e1sticos aguentam mais for\u00e7a a eles aplicada mas elongam-se muito pouco e quando se aplica muita for\u00e7a rompem-se. S\u00e3o ent\u00e3o classificados como materiais de pouca resili\u00eancia.<\/p>\n\n\n\n<center>\n<a href=\"https:\/\/www.amazon.com.br\/poder-resili%C3%AAncia-Rick-Hanson\/dp\/8543107776\/ref=as_li_ss_il?__mk_pt_BR=%C3%85M%C3%85%C5%BD%C3%95%C3%91&amp;keywords=resiliencia&amp;qid=1569171072&amp;s=gateway&amp;sr=8-1&amp;linkCode=li3&amp;tag=nevesf-20&amp;linkId=05219181d1143d4833514ce825452fb0&amp;language=pt_BR\" target=\"_blank\" rel=\"noopener noreferrer\"><img decoding=\"async\" border=\"0\" src=\"\/\/ws-na.amazon-adsystem.com\/widgets\/q?_encoding=UTF8&amp;ASIN=8543107776&amp;Format=_SL250_&amp;ID=AsinImage&amp;MarketPlace=BR&amp;ServiceVersion=20070822&amp;WS=1&amp;tag=nevesf-20&amp;language=pt_BR\"><\/a><img loading=\"lazy\" decoding=\"async\" src=\"https:\/\/ir-br.amazon-adsystem.com\/e\/ir?t=nevesf-20&amp;language=pt_BR&amp;l=li3&amp;o=33&amp;a=8543107776\" width=\"1\" height=\"1\" border=\"0\" alt=\"\" style=\"border:none !important; margin:0px !important;\">\n<\/center>\n\n\n\n<p class=\"wp-block-paragraph\">Aplicando este conceito \u00e0 pessoas, podemos dizer que algumas s\u00e3o bastante r\u00e1pidas em se adaptar \u00e0s situa\u00e7\u00f5es, controlam suas emo\u00e7\u00f5es e assimilam a nova realidade. Outras s\u00e3o r\u00edgidas como o metal e o pl\u00e1stico e n\u00e3o est\u00e3o dispostas a ceder e por conta deste comportamento sofrem as consequ\u00eancias do stress. Embora alguns suportem mais stress que outros, h\u00e1 sempre um limite quando o comportamento \u00e9 manter o apego ao paradigma antigo. Seguindo a l\u00f3gica de Darwin, n\u00e3o s\u00e3o os mais fortes que sobrevivem, mas os que melhor se adaptam.<\/p>\n\n\n\n<figure class=\"wp-block-image\"><a href=\"https:\/\/amzn.to\/31JpZ3g\"><img data-recalc-dims=\"1\" loading=\"lazy\" decoding=\"async\" width=\"660\" height=\"320\" src=\"https:\/\/i0.wp.com\/corporateacademy.org\/wp-content\/uploads\/2019\/09\/amazonPrime.jpg?resize=660%2C320&#038;ssl=1\" alt=\"Amazon Prime\" class=\"wp-image-620\" srcset=\"https:\/\/i0.wp.com\/corporateacademy.org\/wp-content\/uploads\/2019\/09\/amazonPrime.jpg?resize=1024%2C497&amp;ssl=1 1024w, https:\/\/i0.wp.com\/corporateacademy.org\/wp-content\/uploads\/2019\/09\/amazonPrime.jpg?resize=300%2C146&amp;ssl=1 300w, https:\/\/i0.wp.com\/corporateacademy.org\/wp-content\/uploads\/2019\/09\/amazonPrime.jpg?resize=768%2C373&amp;ssl=1 768w, https:\/\/i0.wp.com\/corporateacademy.org\/wp-content\/uploads\/2019\/09\/amazonPrime.jpg?resize=350%2C170&amp;ssl=1 350w, https:\/\/i0.wp.com\/corporateacademy.org\/wp-content\/uploads\/2019\/09\/amazonPrime.jpg?w=1400&amp;ssl=1 1400w, https:\/\/i0.wp.com\/corporateacademy.org\/wp-content\/uploads\/2019\/09\/amazonPrime.jpg?w=1320&amp;ssl=1 1320w\" sizes=\"auto, (max-width: 660px) 100vw, 660px\" \/><\/a><figcaption>Amazon Prime<br>Seus benef\u00edcios do Amazon Prime incluem:<br>Frete GR\u00c1TIS, r\u00e1pido e ilimitado, acesso a s\u00e9ries e filmes de sucesso, dois milh\u00f5es de m\u00fasicas, centenas de eBooks e revistas, b\u00f4nus em jogos, ofertas exclusivas e muito mais. Tudo em uma \u00fanica assinatura.<\/figcaption><\/figure>\n\n\n\n<h3 class=\"wp-block-heading\">D\u00e1 pra aprender a ser resiliente?<\/h3>\n\n\n\n<p class=\"wp-block-paragraph\">Se resili\u00eancia \u00e9 a capacidade de superar adversidades a grande pergunta \u00e9: como ser mais resiliente? \u00c9 poss\u00edvel aprender a ser resiliente ou este \u00e9 um comportamento nato? Se n\u00e3o pudermos responder a esta pergunta ent\u00e3o resili\u00eancia \u00e9 uma capacidade que tenho ou n\u00e3o. Psic\u00f3logos e pesquisadores tendem a acreditar que esta \u00e9 uma capacidade que pode ser aprendida e lapidada. <strong><a rel=\"noreferrer noopener\" aria-label=\"Andrew Shatt\u00e9, Ph.D (opens in a new tab)\" href=\"https:\/\/amzn.to\/2YNr6wz\" target=\"_blank\">Andrew Shatt\u00e9, Ph.D<\/a><\/strong>., professor e pesquisador na College of Medicine na Universidade do Arizona trabalhou em uma pesquisa juntamente com pesquisadores da Universidade da Pennsylvania e identificaram sete fatores chaves para a resili\u00eancia.<\/p>\n\n\n\n<ol class=\"wp-block-list\"><li>Controle da emo\u00e7\u00e3o<\/li><li>Controle do impulso<\/li><li>An\u00e1lise de causa e efeito<\/li><li>Enfrentar a realidade com otimismo<\/li><li>Disciplina<\/li><li>Empatia<\/li><li>Influenciar outros<\/li><\/ol>\n\n\n\n<p class=\"wp-block-paragraph\">As pessoas podem ter algumas destas habilidades, mas n\u00e3o necessariamente todas. Resili\u00eancia \u00e9 resultado de v\u00e1rias habilidades e pode ser considerada o resultado de v\u00e1rias intelig\u00eancias emocionais.&nbsp;<\/p>\n\n\n\n<h3 class=\"wp-block-heading\">Emo\u00e7\u00f5es e comportamentos impulsivos<\/h3>\n\n\n\n<p class=\"wp-block-paragraph\">N\u00f3s continuamente escaneamos nosso ambiente em busca de amea\u00e7as e desenvolvemos respostas habituais para nos protegermos. Muitas vezes, no entanto, essas rea\u00e7\u00f5es podem atrapalhar o controle de nossas emo\u00e7\u00f5es e impulsos. Quando algo d\u00e1 errado, tamb\u00e9m temos h\u00e1bitos para interpretar sua causa e solu\u00e7\u00e3o de problemas, para que possamos seguir em frente e isso contribui para formar nossas cren\u00e7as de forma muitas vezes inconscientes. Essas cren\u00e7as geralmente aparecem para nossas mentes conscientes como &#8220;regras&#8221; sobre como acreditamos que as coisas deveriam ser, e como n\u00f3s ou os&nbsp; outros devemos nos comportar.&nbsp;<\/p>\n\n\n\n<p class=\"wp-block-paragraph\">Esse tipo&nbsp; de pensamento pode prejudicar nossas rotinas di\u00e1rias e deixar-nos presos a h\u00e1bitos frustrados e acabar por&nbsp; induzir o estresse. Uma maneira de melhorar a resili\u00eancia \u00e9 entender melhor nosso pr\u00f3prio estilo de pensamento e procurarmos desenvolver novos h\u00e1bitos para contornar as situa\u00e7\u00f5es mais dif\u00edceis n\u00e3o apenas nos cr\u00edticos, mas todos os dias.<\/p>\n\n\n\n<a target=\"new\" href=\"https:\/\/click.linksynergy.com\/fs-bin\/click?id=4G*ZRI5x5dE&amp;offerid=467035.488&amp;subid=0&amp;type=4\" rel=\"noopener noreferrer\"><img decoding=\"async\" border=\"0\" alt=\"HEC Managing Innovation &amp; Design Thinking \u2013 Join Today And Inspire Innovation\" src=\"https:\/\/ad.linksynergy.com\/fs-bin\/show?id=4G*ZRI5x5dE&amp;bids=467035.488&amp;subid=0&amp;type=4&amp;gridnum=16\"><\/a>\n\n\n\n<p class=\"wp-block-paragraph\"><\/p>\n\n\n\n<p class=\"wp-block-paragraph\">A resili\u00eancia pode ser aprendida \u00e0 medida que vivenciamos diferentes situa\u00e7\u00f5es, no entanto este desenvolvimento est\u00e1 intrinsecamente relacionado \u00e0s nossas cren\u00e7as e valores. O controle da emo\u00e7\u00e3o e dos impulsos requer uma postura firme com n\u00f3s mesmos e nem todos est\u00e3o dispostos a pagar este pre\u00e7o. Ao ter a clareza de analisar as causas e os efeitos de uma dada situa\u00e7\u00e3o nos mostrar\u00e1 a realidade como ela \u00e9, mas enfrent\u00e1-la com otimismo requer decis\u00e3o e autodisciplina. Uma vez resolvida a situa\u00e7\u00e3o na nossa mente \u00e9 o momento de envolver outros, envolver-se, interessar pelas pessoas ao redor a ponto de influenci\u00e1-las pelo exemplo.<br><\/p>\n\n\n\n<h3 class=\"wp-block-heading\">Ser e permanecer l\u00edder <\/h3>\n\n\n\n<p class=\"wp-block-paragraph\">A resili\u00eancia \u00e9 uma das caracter\u00edsticas que fazem o l\u00edder permanecer l\u00edder. \u00c9 preciso primeiro acreditar, mudar o mindset, fazer o exerc\u00edcio de introspec\u00e7\u00e3o para depois influenciar outros.<br><\/p>\n\n\n\n<p class=\"wp-block-paragraph\">Jon Garcia, fundador e presidente da McKinsey estabelece tr\u00eas pontos importantes ao tratar de resili\u00eancia para a lideran\u00e7a em um ambiente de mudan\u00e7as.<\/p>\n\n\n\n<a target=\"new\" href=\"https:\/\/click.linksynergy.com\/fs-bin\/click?id=4G*ZRI5x5dE&amp;offerid=640765.20&amp;subid=0&amp;type=4\" rel=\"noopener noreferrer\"><img decoding=\"async\" border=\"0\" alt=\"FutureLearn US\" src=\"https:\/\/ad.linksynergy.com\/fs-bin\/show?id=4G*ZRI5x5dE&amp;bids=640765.20&amp;subid=0&amp;type=4&amp;gridnum=11\"><\/a>\n\n\n\n<h3 class=\"wp-block-heading\">Manter-se objetivo<\/h3>\n\n\n\n<p class=\"wp-block-paragraph\">&nbsp;O primeiro ponto \u00e9 manter-se objetivo e ter plena consci\u00eancia de sua capacidade e sa\u00fade pessoal. \u00c9 importante continuar trabalhando, deixar-se levar pela sobrecarga vai apenas lev\u00e1-lo na dire\u00e7\u00e3o de um burnout. Ao manter o foco, tendo objetivos claros para seguir facilita muito o momento de transi\u00e7\u00e3o.]<\/p>\n\n\n\n<blockquote class=\"wp-block-quote is-layout-flow wp-block-quote-is-layout-flow\"><p> <em>\u201cPara ganhar confian\u00e7a n\u00e3o basta dinheiro e poder, voc\u00ea precisa mostrar interesse pelas pessoas. N\u00e3o se compra confian\u00e7a no supermercado\u201d (Dalai Lama)<\/em> <\/p><\/blockquote>\n\n\n\n<h3 class=\"wp-block-heading\">Revisar a agenda<\/h3>\n\n\n\n<p class=\"wp-block-paragraph\">O segundo ponto est\u00e1 diretamente relacionado com o primeiro e trata-se de uma revis\u00e3o da agenda de compromissos. Todas as atividades realmente agregam valor? O que \u00e9 o que n\u00e3o \u00e9 prioridade? Eu fa\u00e7o a minha agenda ou sou levado pelo tsunami de eventos que outros me imp\u00f5em. \u00c9 preciso saber quando e para que dizer n\u00e3o.<\/p>\n\n\n\n<h3 class=\"wp-block-heading\">Delegar<\/h3>\n\n\n\n<p class=\"wp-block-paragraph\">O terceiro ponto diz respeito \u00e0 delega\u00e7\u00e3o. Para Jon, se voc\u00ea n\u00e3o est\u00e1 delegando est\u00e1 cometendo um erro. o ato de delegar n\u00e3o \u00e9 apenas para liberar sua agenda, \u00e9 tamb\u00e9m uma forma de capacitar as pessoas a tomarem decis\u00f5es al\u00e9m de servir como uma ferramenta para estreitar a confian\u00e7a m\u00fatua. Quem delega n\u00e3o se exime da responsabilidade, mas a compartilha assumindo como suas as decis\u00f5es de seu subordinado. Para delegar \u00e9 preciso estabelecer rela\u00e7\u00e3o de confian\u00e7a m\u00fatua.<\/p>\n","protected":false},"excerpt":{"rendered":"<p>O termo resili\u00eancia tomou conta dos ambientes corporativos de uma forma bastante r\u00e1pida, talvez por que esta propriedade dos materiais seja a melhor met\u00e1fora para analisar comportamento de l\u00edderes e liderados no mundo p\u00f3s- moderno.&nbsp; O que \u00e9? Mas o que \u00e9 resili\u00eancia? este termo hoje utilizado para descrever um comportamento foi emprestado da engenharia &hellip; <a href=\"https:\/\/corporateacademy.org\/index.php\/2019\/09\/22\/o-que-resiliencia-tem-a-ver-com-lideranca\/\" class=\"more-link\">Continuar lendo <span class=\"screen-reader-text\">O que Resili\u00eancia tem a ver com Lideran\u00e7a?<\/span><\/a><\/p>\n","protected":false},"author":1,"featured_media":617,"comment_status":"open","ping_status":"open","sticky":false,"template":"","format":"standard","meta":{"_jetpack_newsletter_access":"","_jetpack_dont_email_post_to_subs":false,"_jetpack_newsletter_tier_id":0,"_jetpack_memberships_contains_paywalled_content":false,"_jetpack_feature_clip_id":0,"_jetpack_memberships_contains_paid_content":false,"footnotes":"","jetpack_publicize_message":"","jetpack_publicize_feature_enabled":true,"jetpack_social_post_already_shared":true,"jetpack_social_options":{"image_generator_settings":{"template":"highway","default_image_id":0,"font":"","enabled":false},"version":2},"jetpack_post_was_ever_published":false},"categories":[19,18,20,47,212,262,182],"tags":[270,52,266,22,120,267,24,49,218,50,269,61,271,57,263,244],"class_list":["post-615","post","type-post","status-publish","format-standard","has-post-thumbnail","hentry","category-ambiente-corporativo","category-comportamento","category-gestao-de-pessoas","category-gestao-de-projetos","category-performance","category-resiliencia","category-trabalho-em-equipe","tag-adversidade","tag-ambiente-corporativo","tag-burnout","tag-comportamento","tag-confianca","tag-emocao","tag-gestao-de-pessoas","tag-gestao-de-projetos","tag-gestao-do-tempo","tag-gestao-humana","tag-influenciar","tag-lider","tag-mckinsey","tag-pessoas","tag-resiliencia","tag-trabalho"],"aioseo_notices":[],"aioseo_head":"\n\t\t<!-- All in One SEO 5.0.1.1 - aioseo.com -->\n\t<meta name=\"description\" content=\"O termo resili\u00eancia tomou conta dos ambientes corporativos de uma forma bastante r\u00e1pida, talvez por que esta propriedade dos materiais seja a melhor met\u00e1fora para analisar comportamento de l\u00edderes e liderados no mundo p\u00f3s- moderno. O que \u00e9? Mas o que \u00e9 resili\u00eancia? este termo hoje utilizado para descrever um comportamento foi emprestado da engenharia\" \/>\n\t<meta name=\"robots\" content=\"max-image-preview:large\" \/>\n\t<meta name=\"author\" content=\"Editor\"\/>\n\t<link rel=\"canonical\" href=\"https:\/\/corporateacademy.org\/index.php\/2019\/09\/22\/o-que-resiliencia-tem-a-ver-com-lideranca\/\" \/>\n\t<meta name=\"generator\" content=\"All in One SEO (AIOSEO) 5.0.1.1\" \/>\n\t\t<meta property=\"og:locale\" content=\"pt_BR\" \/>\n\t\t<meta property=\"og:site_name\" content=\"Corporate Academy - Compartilhando Conhecimento\" \/>\n\t\t<meta property=\"og:type\" content=\"article\" \/>\n\t\t<meta property=\"og:title\" content=\"O que Resili\u00eancia tem a ver com Lideran\u00e7a? - Corporate Academy\" \/>\n\t\t<meta property=\"og:description\" content=\"O termo resili\u00eancia tomou conta dos ambientes corporativos de uma forma bastante r\u00e1pida, talvez por que esta propriedade dos materiais seja a melhor met\u00e1fora para analisar comportamento de l\u00edderes e liderados no mundo p\u00f3s- moderno. O que \u00e9? Mas o que \u00e9 resili\u00eancia? este termo hoje utilizado para descrever um comportamento foi emprestado da engenharia\" \/>\n\t\t<meta property=\"og:url\" content=\"https:\/\/corporateacademy.org\/index.php\/2019\/09\/22\/o-que-resiliencia-tem-a-ver-com-lideranca\/\" \/>\n\t\t<meta property=\"og:image\" content=\"https:\/\/i0.wp.com\/corporateacademy.org\/wp-content\/uploads\/2018\/03\/Logo200x200.jpg?fit=200200\" \/>\n\t\t<meta property=\"og:image:secure_url\" content=\"https:\/\/i0.wp.com\/corporateacademy.org\/wp-content\/uploads\/2018\/03\/Logo200x200.jpg?fit=200200\" \/>\n\t\t<meta property=\"article:published_time\" content=\"2019-09-22T17:53:47+00:00\" \/>\n\t\t<meta property=\"article:modified_time\" content=\"2021-09-08T18:38:57+00:00\" \/>\n\t\t<meta name=\"twitter:card\" content=\"summary_large_image\" \/>\n\t\t<meta name=\"twitter:title\" content=\"O que Resili\u00eancia tem a ver com Lideran\u00e7a? - Corporate Academy\" \/>\n\t\t<meta name=\"twitter:description\" content=\"O termo resili\u00eancia tomou conta dos ambientes corporativos de uma forma bastante r\u00e1pida, talvez por que esta propriedade dos materiais seja a melhor met\u00e1fora para analisar comportamento de l\u00edderes e liderados no mundo p\u00f3s- moderno. O que \u00e9? Mas o que \u00e9 resili\u00eancia? este termo hoje utilizado para descrever um comportamento foi emprestado da engenharia\" \/>\n\t\t<meta name=\"twitter:image\" content=\"https:\/\/i0.wp.com\/corporateacademy.org\/wp-content\/uploads\/2018\/03\/Logo200x200.jpg?fit=200200\" \/>\n\t\t<script type=\"application\/ld+json\" class=\"aioseo-schema\">\n\t\t\t{\"@context\":\"https:\\\/\\\/schema.org\",\"@graph\":[{\"@type\":\"BlogPosting\",\"@id\":\"https:\\\/\\\/corporateacademy.org\\\/index.php\\\/2019\\\/09\\\/22\\\/o-que-resiliencia-tem-a-ver-com-lideranca\\\/#blogposting\",\"name\":\"O que Resili\\u00eancia tem a ver com Lideran\\u00e7a? - Corporate Academy\",\"headline\":\"O que Resili\\u00eancia tem a ver com Lideran\\u00e7a?\",\"author\":{\"@id\":\"https:\\\/\\\/corporateacademy.org\\\/index.php\\\/author\\\/nevesf\\\/#author\"},\"publisher\":{\"@id\":\"https:\\\/\\\/corporateacademy.org\\\/#organization\"},\"image\":{\"@type\":\"ImageObject\",\"url\":\"https:\\\/\\\/i0.wp.com\\\/corporateacademy.org\\\/wp-content\\\/uploads\\\/2019\\\/09\\\/the-sapling-4160312_640.jpg?fit=640%2C423&ssl=1\",\"width\":640,\"height\":423,\"caption\":\"Planta resiliente superando ambiente  hostil\"},\"datePublished\":\"2019-09-22T14:53:47-03:00\",\"dateModified\":\"2021-09-08T15:38:57-03:00\",\"inLanguage\":\"pt-BR\",\"mainEntityOfPage\":{\"@id\":\"https:\\\/\\\/corporateacademy.org\\\/index.php\\\/2019\\\/09\\\/22\\\/o-que-resiliencia-tem-a-ver-com-lideranca\\\/#webpage\"},\"isPartOf\":{\"@id\":\"https:\\\/\\\/corporateacademy.org\\\/index.php\\\/2019\\\/09\\\/22\\\/o-que-resiliencia-tem-a-ver-com-lideranca\\\/#webpage\"},\"articleSection\":\"Ambiente corporativo, comportamento, gest\\u00e3o de pessoas, gest\\u00e3o de projetos, Performance, resili\\u00eancia, Trabalho em Equipe, adversidade, ambiente corporativo, burnout, comportamento, confian\\u00e7a, emo\\u00e7\\u00e3o, gest\\u00e3o de pessoas, gest\\u00e3o de projetos, gest\\u00e3o do tempo, gest\\u00e3o humana, influenciar, l\\u00edder, McKinsey, pessoas, resili\\u00eancia, trabalho\"},{\"@type\":\"BreadcrumbList\",\"@id\":\"https:\\\/\\\/corporateacademy.org\\\/index.php\\\/2019\\\/09\\\/22\\\/o-que-resiliencia-tem-a-ver-com-lideranca\\\/#breadcrumblist\",\"itemListElement\":[{\"@type\":\"ListItem\",\"@id\":\"https:\\\/\\\/corporateacademy.org#listItem\",\"position\":1,\"name\":\"Home\",\"item\":\"https:\\\/\\\/corporateacademy.org\",\"nextItem\":{\"@type\":\"ListItem\",\"@id\":\"https:\\\/\\\/corporateacademy.org\\\/index.php\\\/category\\\/comportamento\\\/#listItem\",\"name\":\"comportamento\"}},{\"@type\":\"ListItem\",\"@id\":\"https:\\\/\\\/corporateacademy.org\\\/index.php\\\/category\\\/comportamento\\\/#listItem\",\"position\":2,\"name\":\"comportamento\",\"item\":\"https:\\\/\\\/corporateacademy.org\\\/index.php\\\/category\\\/comportamento\\\/\",\"nextItem\":{\"@type\":\"ListItem\",\"@id\":\"https:\\\/\\\/corporateacademy.org\\\/index.php\\\/2019\\\/09\\\/22\\\/o-que-resiliencia-tem-a-ver-com-lideranca\\\/#listItem\",\"name\":\"O que Resili\\u00eancia tem a ver com Lideran\\u00e7a?\"},\"previousItem\":{\"@type\":\"ListItem\",\"@id\":\"https:\\\/\\\/corporateacademy.org#listItem\",\"name\":\"Home\"}},{\"@type\":\"ListItem\",\"@id\":\"https:\\\/\\\/corporateacademy.org\\\/index.php\\\/2019\\\/09\\\/22\\\/o-que-resiliencia-tem-a-ver-com-lideranca\\\/#listItem\",\"position\":3,\"name\":\"O que Resili\\u00eancia tem a ver com Lideran\\u00e7a?\",\"previousItem\":{\"@type\":\"ListItem\",\"@id\":\"https:\\\/\\\/corporateacademy.org\\\/index.php\\\/category\\\/comportamento\\\/#listItem\",\"name\":\"comportamento\"}}]},{\"@type\":\"Organization\",\"@id\":\"https:\\\/\\\/corporateacademy.org\\\/#organization\",\"name\":\"Corporate Academy\",\"description\":\"Compartilhando Conhecimento\",\"url\":\"https:\\\/\\\/corporateacademy.org\\\/\",\"logo\":{\"@type\":\"ImageObject\",\"url\":\"https:\\\/\\\/i0.wp.com\\\/corporateacademy.org\\\/wp-content\\\/uploads\\\/2018\\\/03\\\/Logo200x200.jpg?fit=200%2C200&ssl=1\",\"@id\":\"https:\\\/\\\/corporateacademy.org\\\/index.php\\\/2019\\\/09\\\/22\\\/o-que-resiliencia-tem-a-ver-com-lideranca\\\/#organizationLogo\",\"width\":200,\"height\":200},\"image\":{\"@id\":\"https:\\\/\\\/corporateacademy.org\\\/index.php\\\/2019\\\/09\\\/22\\\/o-que-resiliencia-tem-a-ver-com-lideranca\\\/#organizationLogo\"}},{\"@type\":\"Person\",\"@id\":\"https:\\\/\\\/corporateacademy.org\\\/index.php\\\/author\\\/nevesf\\\/#author\",\"url\":\"https:\\\/\\\/corporateacademy.org\\\/index.php\\\/author\\\/nevesf\\\/\",\"name\":\"Editor\",\"image\":{\"@type\":\"ImageObject\",\"@id\":\"https:\\\/\\\/corporateacademy.org\\\/index.php\\\/2019\\\/09\\\/22\\\/o-que-resiliencia-tem-a-ver-com-lideranca\\\/#authorImage\",\"url\":\"https:\\\/\\\/secure.gravatar.com\\\/avatar\\\/40a180061deabb68d04bd9f812bde2b372b5d57984baf7dd947ee866377d90fb?s=96&d=blank&r=g\",\"width\":96,\"height\":96,\"caption\":\"Editor\"}},{\"@type\":\"WebPage\",\"@id\":\"https:\\\/\\\/corporateacademy.org\\\/index.php\\\/2019\\\/09\\\/22\\\/o-que-resiliencia-tem-a-ver-com-lideranca\\\/#webpage\",\"url\":\"https:\\\/\\\/corporateacademy.org\\\/index.php\\\/2019\\\/09\\\/22\\\/o-que-resiliencia-tem-a-ver-com-lideranca\\\/\",\"name\":\"O que Resili\\u00eancia tem a ver com Lideran\\u00e7a? - Corporate Academy\",\"description\":\"O termo resili\\u00eancia tomou conta dos ambientes corporativos de uma forma bastante r\\u00e1pida, talvez por que esta propriedade dos materiais seja a melhor met\\u00e1fora para analisar comportamento de l\\u00edderes e liderados no mundo p\\u00f3s- moderno. O que \\u00e9? Mas o que \\u00e9 resili\\u00eancia? este termo hoje utilizado para descrever um comportamento foi emprestado da engenharia\",\"inLanguage\":\"pt-BR\",\"isPartOf\":{\"@id\":\"https:\\\/\\\/corporateacademy.org\\\/#website\"},\"breadcrumb\":{\"@id\":\"https:\\\/\\\/corporateacademy.org\\\/index.php\\\/2019\\\/09\\\/22\\\/o-que-resiliencia-tem-a-ver-com-lideranca\\\/#breadcrumblist\"},\"author\":{\"@id\":\"https:\\\/\\\/corporateacademy.org\\\/index.php\\\/author\\\/nevesf\\\/#author\"},\"creator\":{\"@id\":\"https:\\\/\\\/corporateacademy.org\\\/index.php\\\/author\\\/nevesf\\\/#author\"},\"image\":{\"@type\":\"ImageObject\",\"url\":\"https:\\\/\\\/i0.wp.com\\\/corporateacademy.org\\\/wp-content\\\/uploads\\\/2019\\\/09\\\/the-sapling-4160312_640.jpg?fit=640%2C423&ssl=1\",\"@id\":\"https:\\\/\\\/corporateacademy.org\\\/index.php\\\/2019\\\/09\\\/22\\\/o-que-resiliencia-tem-a-ver-com-lideranca\\\/#mainImage\",\"width\":640,\"height\":423,\"caption\":\"Planta resiliente superando ambiente  hostil\"},\"primaryImageOfPage\":{\"@id\":\"https:\\\/\\\/corporateacademy.org\\\/index.php\\\/2019\\\/09\\\/22\\\/o-que-resiliencia-tem-a-ver-com-lideranca\\\/#mainImage\"},\"datePublished\":\"2019-09-22T14:53:47-03:00\",\"dateModified\":\"2021-09-08T15:38:57-03:00\"},{\"@type\":\"WebSite\",\"@id\":\"https:\\\/\\\/corporateacademy.org\\\/#website\",\"url\":\"https:\\\/\\\/corporateacademy.org\\\/\",\"name\":\"Corporate Academy\",\"description\":\"Compartilhando Conhecimento\",\"inLanguage\":\"pt-BR\",\"publisher\":{\"@id\":\"https:\\\/\\\/corporateacademy.org\\\/#organization\"}}]}\n\t\t<\/script>\n\t\t<!-- All in One SEO -->\n\n","aioseo_head_json":{"title":"O que Resili\u00eancia tem a ver com Lideran\u00e7a? - Corporate Academy","description":"O termo resili\u00eancia tomou conta dos ambientes corporativos de uma forma bastante r\u00e1pida, talvez por que esta propriedade dos materiais seja a melhor met\u00e1fora para analisar comportamento de l\u00edderes e liderados no mundo p\u00f3s- moderno. O que \u00e9? Mas o que \u00e9 resili\u00eancia? este termo hoje utilizado para descrever um comportamento foi emprestado da engenharia","canonical_url":"https:\/\/corporateacademy.org\/index.php\/2019\/09\/22\/o-que-resiliencia-tem-a-ver-com-lideranca\/","robots":"max-image-preview:large","keywords":"","webmasterTools":{"miscellaneous":""},"schema":{"@context":"https:\/\/schema.org","@graph":[{"@type":"BlogPosting","@id":"https:\/\/corporateacademy.org\/index.php\/2019\/09\/22\/o-que-resiliencia-tem-a-ver-com-lideranca\/#blogposting","name":"O que Resili\u00eancia tem a ver com Lideran\u00e7a? - Corporate Academy","headline":"O que Resili\u00eancia tem a ver com Lideran\u00e7a?","author":{"@id":"https:\/\/corporateacademy.org\/index.php\/author\/nevesf\/#author"},"publisher":{"@id":"https:\/\/corporateacademy.org\/#organization"},"image":{"@type":"ImageObject","url":"https:\/\/i0.wp.com\/corporateacademy.org\/wp-content\/uploads\/2019\/09\/the-sapling-4160312_640.jpg?fit=640%2C423&ssl=1","width":640,"height":423,"caption":"Planta resiliente superando ambiente  hostil"},"datePublished":"2019-09-22T14:53:47-03:00","dateModified":"2021-09-08T15:38:57-03:00","inLanguage":"pt-BR","mainEntityOfPage":{"@id":"https:\/\/corporateacademy.org\/index.php\/2019\/09\/22\/o-que-resiliencia-tem-a-ver-com-lideranca\/#webpage"},"isPartOf":{"@id":"https:\/\/corporateacademy.org\/index.php\/2019\/09\/22\/o-que-resiliencia-tem-a-ver-com-lideranca\/#webpage"},"articleSection":"Ambiente corporativo, comportamento, gest\u00e3o de pessoas, gest\u00e3o de projetos, Performance, resili\u00eancia, Trabalho em Equipe, adversidade, ambiente corporativo, burnout, comportamento, confian\u00e7a, emo\u00e7\u00e3o, gest\u00e3o de pessoas, gest\u00e3o de projetos, gest\u00e3o do tempo, gest\u00e3o humana, influenciar, l\u00edder, McKinsey, pessoas, resili\u00eancia, trabalho"},{"@type":"BreadcrumbList","@id":"https:\/\/corporateacademy.org\/index.php\/2019\/09\/22\/o-que-resiliencia-tem-a-ver-com-lideranca\/#breadcrumblist","itemListElement":[{"@type":"ListItem","@id":"https:\/\/corporateacademy.org#listItem","position":1,"name":"Home","item":"https:\/\/corporateacademy.org","nextItem":{"@type":"ListItem","@id":"https:\/\/corporateacademy.org\/index.php\/category\/comportamento\/#listItem","name":"comportamento"}},{"@type":"ListItem","@id":"https:\/\/corporateacademy.org\/index.php\/category\/comportamento\/#listItem","position":2,"name":"comportamento","item":"https:\/\/corporateacademy.org\/index.php\/category\/comportamento\/","nextItem":{"@type":"ListItem","@id":"https:\/\/corporateacademy.org\/index.php\/2019\/09\/22\/o-que-resiliencia-tem-a-ver-com-lideranca\/#listItem","name":"O que Resili\u00eancia tem a ver com Lideran\u00e7a?"},"previousItem":{"@type":"ListItem","@id":"https:\/\/corporateacademy.org#listItem","name":"Home"}},{"@type":"ListItem","@id":"https:\/\/corporateacademy.org\/index.php\/2019\/09\/22\/o-que-resiliencia-tem-a-ver-com-lideranca\/#listItem","position":3,"name":"O que Resili\u00eancia tem a ver com Lideran\u00e7a?","previousItem":{"@type":"ListItem","@id":"https:\/\/corporateacademy.org\/index.php\/category\/comportamento\/#listItem","name":"comportamento"}}]},{"@type":"Organization","@id":"https:\/\/corporateacademy.org\/#organization","name":"Corporate Academy","description":"Compartilhando Conhecimento","url":"https:\/\/corporateacademy.org\/","logo":{"@type":"ImageObject","url":"https:\/\/i0.wp.com\/corporateacademy.org\/wp-content\/uploads\/2018\/03\/Logo200x200.jpg?fit=200%2C200&ssl=1","@id":"https:\/\/corporateacademy.org\/index.php\/2019\/09\/22\/o-que-resiliencia-tem-a-ver-com-lideranca\/#organizationLogo","width":200,"height":200},"image":{"@id":"https:\/\/corporateacademy.org\/index.php\/2019\/09\/22\/o-que-resiliencia-tem-a-ver-com-lideranca\/#organizationLogo"}},{"@type":"Person","@id":"https:\/\/corporateacademy.org\/index.php\/author\/nevesf\/#author","url":"https:\/\/corporateacademy.org\/index.php\/author\/nevesf\/","name":"Editor","image":{"@type":"ImageObject","@id":"https:\/\/corporateacademy.org\/index.php\/2019\/09\/22\/o-que-resiliencia-tem-a-ver-com-lideranca\/#authorImage","url":"https:\/\/secure.gravatar.com\/avatar\/40a180061deabb68d04bd9f812bde2b372b5d57984baf7dd947ee866377d90fb?s=96&d=blank&r=g","width":96,"height":96,"caption":"Editor"}},{"@type":"WebPage","@id":"https:\/\/corporateacademy.org\/index.php\/2019\/09\/22\/o-que-resiliencia-tem-a-ver-com-lideranca\/#webpage","url":"https:\/\/corporateacademy.org\/index.php\/2019\/09\/22\/o-que-resiliencia-tem-a-ver-com-lideranca\/","name":"O que Resili\u00eancia tem a ver com Lideran\u00e7a? - Corporate Academy","description":"O termo resili\u00eancia tomou conta dos ambientes corporativos de uma forma bastante r\u00e1pida, talvez por que esta propriedade dos materiais seja a melhor met\u00e1fora para analisar comportamento de l\u00edderes e liderados no mundo p\u00f3s- moderno. O que \u00e9? Mas o que \u00e9 resili\u00eancia? este termo hoje utilizado para descrever um comportamento foi emprestado da engenharia","inLanguage":"pt-BR","isPartOf":{"@id":"https:\/\/corporateacademy.org\/#website"},"breadcrumb":{"@id":"https:\/\/corporateacademy.org\/index.php\/2019\/09\/22\/o-que-resiliencia-tem-a-ver-com-lideranca\/#breadcrumblist"},"author":{"@id":"https:\/\/corporateacademy.org\/index.php\/author\/nevesf\/#author"},"creator":{"@id":"https:\/\/corporateacademy.org\/index.php\/author\/nevesf\/#author"},"image":{"@type":"ImageObject","url":"https:\/\/i0.wp.com\/corporateacademy.org\/wp-content\/uploads\/2019\/09\/the-sapling-4160312_640.jpg?fit=640%2C423&ssl=1","@id":"https:\/\/corporateacademy.org\/index.php\/2019\/09\/22\/o-que-resiliencia-tem-a-ver-com-lideranca\/#mainImage","width":640,"height":423,"caption":"Planta resiliente superando ambiente  hostil"},"primaryImageOfPage":{"@id":"https:\/\/corporateacademy.org\/index.php\/2019\/09\/22\/o-que-resiliencia-tem-a-ver-com-lideranca\/#mainImage"},"datePublished":"2019-09-22T14:53:47-03:00","dateModified":"2021-09-08T15:38:57-03:00"},{"@type":"WebSite","@id":"https:\/\/corporateacademy.org\/#website","url":"https:\/\/corporateacademy.org\/","name":"Corporate Academy","description":"Compartilhando Conhecimento","inLanguage":"pt-BR","publisher":{"@id":"https:\/\/corporateacademy.org\/#organization"}}]},"og:locale":"pt_BR","og:site_name":"Corporate Academy - Compartilhando Conhecimento","og:type":"article","og:title":"O que Resili\u00eancia tem a ver com Lideran\u00e7a? - Corporate Academy","og:description":"O termo resili\u00eancia tomou conta dos ambientes corporativos de uma forma bastante r\u00e1pida, talvez por que esta propriedade dos materiais seja a melhor met\u00e1fora para analisar comportamento de l\u00edderes e liderados no mundo p\u00f3s- moderno. O que \u00e9? Mas o que \u00e9 resili\u00eancia? este termo hoje utilizado para descrever um comportamento foi emprestado da engenharia","og:url":"https:\/\/corporateacademy.org\/index.php\/2019\/09\/22\/o-que-resiliencia-tem-a-ver-com-lideranca\/","og:image":"https:\/\/i0.wp.com\/corporateacademy.org\/wp-content\/uploads\/2018\/03\/Logo200x200.jpg?fit=200200","og:image:secure_url":"https:\/\/i0.wp.com\/corporateacademy.org\/wp-content\/uploads\/2018\/03\/Logo200x200.jpg?fit=200200","article:published_time":"2019-09-22T17:53:47+00:00","article:modified_time":"2021-09-08T18:38:57+00:00","twitter:card":"summary_large_image","twitter:title":"O que Resili\u00eancia tem a ver com Lideran\u00e7a? - Corporate Academy","twitter:description":"O termo resili\u00eancia tomou conta dos ambientes corporativos de uma forma bastante r\u00e1pida, talvez por que esta propriedade dos materiais seja a melhor met\u00e1fora para analisar comportamento de l\u00edderes e liderados no mundo p\u00f3s- moderno. O que \u00e9? Mas o que \u00e9 resili\u00eancia? este termo hoje utilizado para descrever um comportamento foi emprestado da engenharia","twitter:image":"https:\/\/i0.wp.com\/corporateacademy.org\/wp-content\/uploads\/2018\/03\/Logo200x200.jpg?fit=200200"},"aioseo_meta_data":{"post_id":"615","title":null,"description":null,"keywords":null,"keyphrases":null,"focus_keyword":null,"additional_keywords":null,"truseo_locale":null,"primary_term":null,"canonical_url":null,"og_title":null,"og_description":null,"og_object_type":"default","og_image_type":"default","og_image_custom_url":null,"og_image_custom_fields":null,"og_image_url":null,"og_image_width":null,"og_image_height":null,"og_video":null,"og_custom_url":null,"og_article_section":null,"og_article_tags":null,"twitter_use_og":false,"twitter_card":"default","twitter_image_type":"default","twitter_image_custom_url":null,"twitter_image_custom_fields":null,"twitter_image_url":null,"twitter_title":null,"twitter_description":null,"schema_type":"default","schema_type_options":null,"schema":{"blockGraphs":[],"customGraphs":[],"default":{"data":{"Article":[],"Course":[],"Dataset":[],"FAQPage":[],"Movie":[],"Person":[],"Product":[],"ProductReview":[],"Car":[],"Recipe":[],"Service":[],"SoftwareApplication":[],"WebPage":[]},"graphName":"","isEnabled":true},"graphs":[]},"pillar_content":false,"robots_default":true,"robots_noindex":false,"robots_noarchive":false,"robots_nosnippet":false,"robots_nofollow":false,"robots_noimageindex":false,"robots_noodp":false,"robots_notranslate":false,"robots_max_snippet":null,"robots_max_videopreview":null,"robots_max_imagepreview":"large","priority":null,"frequency":null,"local_seo":null,"limit_modified_date":false,"ai":null,"breadcrumb_settings":null,"seo_analyzer_scan_date":null,"created":"2026-09-02 21:56:41","updated":"2026-09-02 21:56:41"},"aioseo_breadcrumb":"<div class=\"aioseo-breadcrumbs\"><span class=\"aioseo-breadcrumb\">\n\t\t\t<a href=\"https:\/\/corporateacademy.org\" title=\"Home\">Home<\/a>\n\t\t<\/span><span class=\"aioseo-breadcrumb-separator\">&raquo;<\/span><span class=\"aioseo-breadcrumb\">\n\t\t\t<a href=\"https:\/\/corporateacademy.org\/index.php\/category\/comportamento\/\" title=\"comportamento\">comportamento<\/a>\n\t\t<\/span><span class=\"aioseo-breadcrumb-separator\">&raquo;<\/span><span class=\"aioseo-breadcrumb\">\n\t\t\tO que Resili\u00eancia tem a ver com Lideran\u00e7a?\n\t\t<\/span><\/div>","aioseo_breadcrumb_json":[{"label":"Home","link":"https:\/\/corporateacademy.org"},{"label":"comportamento","link":"https:\/\/corporateacademy.org\/index.php\/category\/comportamento\/"},{"label":"O que Resili\u00eancia tem a ver com Lideran\u00e7a?","link":"https:\/\/corporateacademy.org\/index.php\/2019\/09\/22\/o-que-resiliencia-tem-a-ver-com-lideranca\/"}],"jetpack_publicize_connections":[],"jetpack_sharing_enabled":true,"jetpack_shortlink":"https:\/\/wp.me\/p9MYp6-9V","jetpack_likes_enabled":true,"jetpack-related-posts":[{"id":2337,"url":"https:\/\/corporateacademy.org\/index.php\/2024\/11\/14\/inteligencia-emocional-no-ambiente-corporativo-um-guia-para-o-sucesso-profissional\/","url_meta":{"origin":615,"position":0},"title":"Intelig\u00eancia Emocional no Ambiente Corporativo: Um Guia para o Sucesso Profissional","author":"Editor","date":"14\/11\/2024","format":false,"excerpt":"Era uma manh\u00e3 como qualquer outra, e Ana se preparava para mais um dia de reuni\u00f5es no escrit\u00f3rio. Mas, ao abrir o e-mail, foi surpreendida com uma mensagem de um cliente insatisfeito, deixando cr\u00edticas duras sobre o projeto em que vinha trabalhando. A rea\u00e7\u00e3o imediata foi um misto de frustra\u00e7\u00e3o\u2026","rel":"","context":"Em &quot;Ambiente corporativo&quot;","block_context":{"text":"Ambiente corporativo","link":"https:\/\/corporateacademy.org\/index.php\/category\/ambiente-corporativo\/"},"img":{"alt_text":"controle emocional","src":"https:\/\/i0.wp.com\/corporateacademy.org\/wp-content\/uploads\/2024\/11\/respire-fundo02.png?fit=894%2C509&ssl=1&resize=350%2C200","width":350,"height":200,"srcset":"https:\/\/i0.wp.com\/corporateacademy.org\/wp-content\/uploads\/2024\/11\/respire-fundo02.png?fit=894%2C509&ssl=1&resize=350%2C200 1x, https:\/\/i0.wp.com\/corporateacademy.org\/wp-content\/uploads\/2024\/11\/respire-fundo02.png?fit=894%2C509&ssl=1&resize=525%2C300 1.5x, https:\/\/i0.wp.com\/corporateacademy.org\/wp-content\/uploads\/2024\/11\/respire-fundo02.png?fit=894%2C509&ssl=1&resize=700%2C400 2x"},"classes":[]},{"id":2418,"url":"https:\/\/corporateacademy.org\/index.php\/2025\/01\/17\/o-segredo-do-sucesso\/","url_meta":{"origin":615,"position":1},"title":"O Segredo do Sucesso","author":"Editor","date":"17\/01\/2025","format":false,"excerpt":"Em um mundo corporativo em constante evolu\u00e7\u00e3o, o que realmente leva ao sucesso? H\u00e1 muito tempo, acreditamos que a genialidade e o talento inato s\u00e3o os principais motores do \u00eaxito. No entanto, Malcolm Gladwell, em seu livro Outliers, traduzido como \"Fora de S\u00e9rie\", desafia essa no\u00e7\u00e3o ao apresentar uma an\u00e1lise\u2026","rel":"","context":"Em &quot;Ambiente corporativo&quot;","block_context":{"text":"Ambiente corporativo","link":"https:\/\/corporateacademy.org\/index.php\/category\/ambiente-corporativo\/"},"img":{"alt_text":"Outliers: Fora de serie","src":"https:\/\/i0.wp.com\/corporateacademy.org\/wp-content\/uploads\/2025\/01\/outliers-3.png?fit=894%2C493&ssl=1&resize=350%2C200","width":350,"height":200,"srcset":"https:\/\/i0.wp.com\/corporateacademy.org\/wp-content\/uploads\/2025\/01\/outliers-3.png?fit=894%2C493&ssl=1&resize=350%2C200 1x, https:\/\/i0.wp.com\/corporateacademy.org\/wp-content\/uploads\/2025\/01\/outliers-3.png?fit=894%2C493&ssl=1&resize=525%2C300 1.5x, https:\/\/i0.wp.com\/corporateacademy.org\/wp-content\/uploads\/2025\/01\/outliers-3.png?fit=894%2C493&ssl=1&resize=700%2C400 2x"},"classes":[]},{"id":2368,"url":"https:\/\/corporateacademy.org\/index.php\/2024\/12\/10\/a-coragem-de-ser-imperfeito-um-guia-completo-para-autenticidade-e-crescimento\/","url_meta":{"origin":615,"position":2},"title":"A Coragem de Ser Imperfeito: Um Guia Completo para Autenticidade e Crescimento","author":"Editor","date":"10\/12\/2024","format":false,"excerpt":"Era uma manh\u00e3 ensolarada quando Ana se preparava para uma apresenta\u00e7\u00e3o crucial no trabalho. Enquanto revisava suas anota\u00e7\u00f5es, sentiu um frio na barriga. O medo de n\u00e3o corresponder \u00e0s expectativas a deixava inquieta. Ana se lembrou de um livro que havia lido recentemente, \"A Coragem de Ser Imperfeito\", de Bren\u00e9\u2026","rel":"","context":"Em &quot;Ambiente corporativo&quot;","block_context":{"text":"Ambiente corporativo","link":"https:\/\/corporateacademy.org\/index.php\/category\/ambiente-corporativo\/"},"img":{"alt_text":"A coragem de ser imperfeito","src":"https:\/\/i0.wp.com\/corporateacademy.org\/wp-content\/uploads\/2024\/12\/vergonha-1.png?fit=896%2C502&ssl=1&resize=350%2C200","width":350,"height":200,"srcset":"https:\/\/i0.wp.com\/corporateacademy.org\/wp-content\/uploads\/2024\/12\/vergonha-1.png?fit=896%2C502&ssl=1&resize=350%2C200 1x, https:\/\/i0.wp.com\/corporateacademy.org\/wp-content\/uploads\/2024\/12\/vergonha-1.png?fit=896%2C502&ssl=1&resize=525%2C300 1.5x, https:\/\/i0.wp.com\/corporateacademy.org\/wp-content\/uploads\/2024\/12\/vergonha-1.png?fit=896%2C502&ssl=1&resize=700%2C400 2x"},"classes":[]},{"id":2340,"url":"https:\/\/corporateacademy.org\/index.php\/2024\/11\/15\/como-conquistar-e-inspirar-pessoas-no-ambiente-de-trabalho-licoes-de-carnegie\/","url_meta":{"origin":615,"position":3},"title":"Como Conquistar e Inspirar Pessoas no Ambiente de Trabalho: Li\u00e7\u00f5es de Carnegie.","author":"Editor","date":"15\/11\/2024","format":false,"excerpt":"Pedro \u00e9 um executivo de sucesso que lidera uma equipe h\u00e1 anos, \u00e9 respeitado e considerado um \u00f3timo estrategista. No entanto, em suas \u00faltimas reuni\u00f5es com sua equipe, Pedro percebeu um abiente tenso e as pessoas distantes. O time n\u00e3o estava comprando suas ideias, ou talvez ele n\u00e3o estivesse sendo\u2026","rel":"","context":"Em &quot;Ambiente corporativo&quot;","block_context":{"text":"Ambiente corporativo","link":"https:\/\/corporateacademy.org\/index.php\/category\/ambiente-corporativo\/"},"img":{"alt_text":"Happy hour","src":"https:\/\/i0.wp.com\/corporateacademy.org\/wp-content\/uploads\/2024\/11\/amigos-01.jpg?fit=1200%2C670&ssl=1&resize=350%2C200","width":350,"height":200,"srcset":"https:\/\/i0.wp.com\/corporateacademy.org\/wp-content\/uploads\/2024\/11\/amigos-01.jpg?fit=1200%2C670&ssl=1&resize=350%2C200 1x, https:\/\/i0.wp.com\/corporateacademy.org\/wp-content\/uploads\/2024\/11\/amigos-01.jpg?fit=1200%2C670&ssl=1&resize=525%2C300 1.5x, https:\/\/i0.wp.com\/corporateacademy.org\/wp-content\/uploads\/2024\/11\/amigos-01.jpg?fit=1200%2C670&ssl=1&resize=700%2C400 2x, https:\/\/i0.wp.com\/corporateacademy.org\/wp-content\/uploads\/2024\/11\/amigos-01.jpg?fit=1200%2C670&ssl=1&resize=1050%2C600 3x"},"classes":[]},{"id":1732,"url":"https:\/\/corporateacademy.org\/index.php\/2023\/01\/02\/5-habitos-de-lideres-executivos-para-equilibrar-responsabilidades-e-manter-a-sanidade-mental\/","url_meta":{"origin":615,"position":4},"title":"5 H\u00e1bitos de L\u00edderes Executivos para Equilibrar Responsabilidades e Manter a Sanidade Mental","author":"Editor","date":"02\/01\/2023","format":false,"excerpt":"Como ser um l\u00edder de sucesso no dia a dia? Esta \u00e9 uma pergunta que muitas pessoas t\u00eam, mas n\u00e3o sabem como responder. Na vida corporativa n\u00e3o h\u00e1 respostas prontas, mas aprender com os erros dos outros \u00e9 bem melhor do que com os nossos pr\u00f3prios. N\u00e3o h\u00e1 resposta \u00fanica\u2026","rel":"","context":"Em &quot;Ambiente corporativo&quot;","block_context":{"text":"Ambiente corporativo","link":"https:\/\/corporateacademy.org\/index.php\/category\/ambiente-corporativo\/"},"img":{"alt_text":"executivo- ambiente corporativo","src":"https:\/\/i0.wp.com\/corporateacademy.org\/wp-content\/uploads\/2023\/01\/angry-3233158_1280.jpg?fit=1200%2C790&ssl=1&resize=350%2C200","width":350,"height":200,"srcset":"https:\/\/i0.wp.com\/corporateacademy.org\/wp-content\/uploads\/2023\/01\/angry-3233158_1280.jpg?fit=1200%2C790&ssl=1&resize=350%2C200 1x, https:\/\/i0.wp.com\/corporateacademy.org\/wp-content\/uploads\/2023\/01\/angry-3233158_1280.jpg?fit=1200%2C790&ssl=1&resize=525%2C300 1.5x, https:\/\/i0.wp.com\/corporateacademy.org\/wp-content\/uploads\/2023\/01\/angry-3233158_1280.jpg?fit=1200%2C790&ssl=1&resize=700%2C400 2x, https:\/\/i0.wp.com\/corporateacademy.org\/wp-content\/uploads\/2023\/01\/angry-3233158_1280.jpg?fit=1200%2C790&ssl=1&resize=1050%2C600 3x"},"classes":[]},{"id":1,"url":"https:\/\/corporateacademy.org\/index.php\/2018\/01\/12\/gosto-de-voce-somos-parecidos\/","url_meta":{"origin":615,"position":5},"title":"Gosto de voc\u00ea! Somos muito parecidos!","author":"Editor","date":"12\/01\/2018","format":false,"excerpt":"Fernando Neves, Ph.D.\u00a0 \u00a0 \u00a0 \u00a0 Em tempos de rede social e algoritmos, aquela ideia de que os opostos se atraem n\u00e3o \u00e9 verdadeira. O natural \u00e9 exatamente o oposto, ou seja, \u00a0que nos conectemos com as pessoas com quem temos afinidades. Quer queiramos admitir ou n\u00e3o, n\u00f3s gostamos disso!\u2026","rel":"","context":"Em &quot;Ambiente corporativo&quot;","block_context":{"text":"Ambiente corporativo","link":"https:\/\/corporateacademy.org\/index.php\/category\/ambiente-corporativo\/"},"img":{"alt_text":"","src":"https:\/\/i0.wp.com\/corporateacademy.org\/wp-content\/uploads\/2018\/01\/car-communication-3100981GertAltmann.jpg?fit=1200%2C400&ssl=1&resize=350%2C200","width":350,"height":200,"srcset":"https:\/\/i0.wp.com\/corporateacademy.org\/wp-content\/uploads\/2018\/01\/car-communication-3100981GertAltmann.jpg?fit=1200%2C400&ssl=1&resize=350%2C200 1x, https:\/\/i0.wp.com\/corporateacademy.org\/wp-content\/uploads\/2018\/01\/car-communication-3100981GertAltmann.jpg?fit=1200%2C400&ssl=1&resize=525%2C300 1.5x, https:\/\/i0.wp.com\/corporateacademy.org\/wp-content\/uploads\/2018\/01\/car-communication-3100981GertAltmann.jpg?fit=1200%2C400&ssl=1&resize=700%2C400 2x, https:\/\/i0.wp.com\/corporateacademy.org\/wp-content\/uploads\/2018\/01\/car-communication-3100981GertAltmann.jpg?fit=1200%2C400&ssl=1&resize=1050%2C600 3x"},"classes":[]}],"jetpack_featured_media_url":"https:\/\/i0.wp.com\/corporateacademy.org\/wp-content\/uploads\/2019\/09\/the-sapling-4160312_640.jpg?fit=640%2C423&ssl=1","_links":{"self":[{"href":"https:\/\/corporateacademy.org\/index.php\/wp-json\/wp\/v2\/posts\/615","targetHints":{"allow":["GET"]}}],"collection":[{"href":"https:\/\/corporateacademy.org\/index.php\/wp-json\/wp\/v2\/posts"}],"about":[{"href":"https:\/\/corporateacademy.org\/index.php\/wp-json\/wp\/v2\/types\/post"}],"author":[{"embeddable":true,"href":"https:\/\/corporateacademy.org\/index.php\/wp-json\/wp\/v2\/users\/1"}],"replies":[{"embeddable":true,"href":"https:\/\/corporateacademy.org\/index.php\/wp-json\/wp\/v2\/comments?post=615"}],"version-history":[{"count":15,"href":"https:\/\/corporateacademy.org\/index.php\/wp-json\/wp\/v2\/posts\/615\/revisions"}],"predecessor-version":[{"id":1111,"href":"https:\/\/corporateacademy.org\/index.php\/wp-json\/wp\/v2\/posts\/615\/revisions\/1111"}],"wp:featuredmedia":[{"embeddable":true,"href":"https:\/\/corporateacademy.org\/index.php\/wp-json\/wp\/v2\/media\/617"}],"wp:attachment":[{"href":"https:\/\/corporateacademy.org\/index.php\/wp-json\/wp\/v2\/media?parent=615"}],"wp:term":[{"taxonomy":"category","embeddable":true,"href":"https:\/\/corporateacademy.org\/index.php\/wp-json\/wp\/v2\/categories?post=615"},{"taxonomy":"post_tag","embeddable":true,"href":"https:\/\/corporateacademy.org\/index.php\/wp-json\/wp\/v2\/tags?post=615"}],"curies":[{"name":"wp","href":"https:\/\/api.w.org\/{rel}","templated":true}]}}