{"id":855,"date":"2020-10-29T12:52:52","date_gmt":"2020-10-29T15:52:52","guid":{"rendered":"http:\/\/corporateacademy.org\/?p=855"},"modified":"2021-09-08T15:33:40","modified_gmt":"2021-09-08T18:33:40","slug":"inteligencia-emocional-competencia-profissional-para-a-quarta-revolucao-industrial","status":"publish","type":"post","link":"https:\/\/corporateacademy.org\/index.php\/2020\/10\/29\/inteligencia-emocional-competencia-profissional-para-a-quarta-revolucao-industrial\/","title":{"rendered":"Intelig\u00eancia Emocional: Compet\u00eancia Profissional para a Quarta Revolu\u00e7\u00e3o Industrial"},"content":{"rendered":"\n<p class=\"wp-block-paragraph\" style=\"font-size:25px\"><em>Fernando Neves, Ph.D.<\/em><\/p>\n\n\n\n<p class=\"has-drop-cap wp-block-paragraph\">Roberto tinha acabado de chegar no escrit\u00f3rio ainda ruminando a discuss\u00e3o que h\u00e1 pouco teve com sua esposa. Os colegas ao lado percebiam que algo n\u00e3o estava bem, mas preferiram ficar cada um na sua. A chefe chega agitada j\u00e1 demonstrando claros sinais de estresse e o chama: \u2014 Roberto, podemos falar em minha sala?&nbsp; Todos olham uns para os outros, Roberto se levanta, pega o caderno de notas, vai at\u00e9 a sala da chefe e ela recomenda que ele feche a porta. Sem sequer dizer bom dia ela dispara: \u2014 Roberto, parece que n\u00e3o falamos a mesma l\u00edngua, n\u00e3o \u00e9 mesmo? Por que ainda n\u00e3o recebi o relat\u00f3rio que solicitei ontem a voc\u00ea? Algum problema em cumpir minhas ordens?<\/p>\n\n\n\n<p class=\"wp-block-paragraph\">Esta situa\u00e7\u00e3o lhe parece familiar? Alguma vez j\u00e1 passou por isso, seja como l\u00edder ou liderado? Fala-se cada vez mais em soft skills como habilidades essenciais para a lideran\u00e7a. A intelig\u00eancia emocional \u00e9 de extrema import\u00e2ncia neste contexto. Se por um lado o quociente de intelig\u00eancia \u00e9 uma medida da habilidade em alguma \u00e1rea, o quociente emocional \u00e9 um indicador do quanto eu sou capaz de controlar as minhas emo\u00e7\u00f5es e ao mesmo tempo em ler as emo\u00e7\u00f5es do outro. N\u00e3o \u00e9 apenas no mundo corporativo que ela \u00e9 importante, mas em todas as rela\u00e7\u00f5es, sejam elas familiares, conjugais ou profissionais.&nbsp;<\/p>\n\n\n\n<blockquote class=\"wp-block-quote is-layout-flow wp-block-quote-is-layout-flow\"><p>QI \u00e9 um indicador de habilidades, mas QE \u00e9 um indicador de quanto somos capazes de controlar as nossas emo\u00e7\u00f5es e tamb\u00e9m de ler as emo\u00e7\u00f5es dos outros.<\/p><\/blockquote>\n\n\n\n<center><a href=\"https:\/\/www.amazon.com.br\/poder-intelig%C3%AAncia-emocional-sensibilidade-efici%C3%AAncia\/dp\/8547000631\/ref=as_li_ss_il?__mk_pt_BR=%C3%85M%C3%85%C5%BD%C3%95%C3%91&amp;dchild=1&amp;keywords=inteligencia+emocional&amp;qid=1603982542&amp;sr=8-5&amp;linkCode=li3&amp;tag=nevesf-20&amp;linkId=7f87c33f62273d0c46f51543f9be93de&amp;language=pt_BR\" target=\"_blank\" rel=\"noopener noreferrer\"><img decoding=\"async\" border=\"0\" src=\"\/\/ws-na.amazon-adsystem.com\/widgets\/q?_encoding=UTF8&amp;ASIN=8547000631&amp;Format=_SL250_&amp;ID=AsinImage&amp;MarketPlace=BR&amp;ServiceVersion=20070822&amp;WS=1&amp;tag=nevesf-20&amp;language=pt_BR\"><\/a><img loading=\"lazy\" decoding=\"async\" src=\"https:\/\/ir-br.amazon-adsystem.com\/e\/ir?t=nevesf-20&amp;language=pt_BR&amp;l=li3&amp;o=33&amp;a=8547000631\" width=\"1\" height=\"1\" border=\"0\" alt=\"\" style=\"border:none !important; margin:0px !important;\"><\/center>\n\n\n\n<h4 class=\"wp-block-heading\">Modos do C\u00e9rebro<\/h4>\n\n\n\n<p class=\"wp-block-paragraph\">Talvez os conflitos sejam at\u00e9 maiores no ambiente familiar onde uma explos\u00e3o pode arruinar anos de casamento se comparada ao ambiente de trabalho onde o medo de ser demitido nos leva a conter-nos e \u201cengolir alguns sapos\u201d. Isso ocorre porque nosso c\u00e9rebro funciona em tr\u00eas modos diferentes: o primeiro \u00e9 <strong>modo sobreviv\u00eancia<\/strong> que descarrega adrenalina no sangue e nos protege do fato causador do estresse. Na teoria do c\u00e9rebro trino este estado \u00e9 chamado de c\u00e9rebro reptiliano. Neste modo, vale o instinto de sobreviv\u00eancia. Roberto est\u00e1 calado, ele n\u00e3o quer demonstrar sua fraqueza, porque seu c\u00e9rebro est\u00e1 em modo sobreviv\u00eancia. Sua chefe por outro lado quer resolver o problema que causa o estresse nela e tamb\u00e9m tem seu c\u00e9rebro operando em modo sobreviv\u00eancia.&nbsp;<\/p>\n\n\n\n<p class=\"wp-block-paragraph\">O segundo \u00e9 o <strong>modo emocional<\/strong>, tamb\u00e9m chamado de c\u00e9rebro l\u00edmbico. Ele nos conecta com os outros e \u00e9 respons\u00e1vel pelas emo\u00e7\u00f5es de tristeza, amor, cuidado, desgosto ou semelhantes.&nbsp; Os colegas de Roberto percebem algo diferente nele, mas apesar disso, tamb\u00e9m se refugiam calados n\u00e3o demonstrando empatia para com ele. De fato, nem sempre esse \u00e9 o melhor momento, mas quando aprendemos a ler as emo\u00e7\u00f5es do outro, precisamos tamb\u00e9m decidir agir e isso significa tirar o c\u00e9rebro do modo sobreviv\u00eancia demonstrando empatia.<\/p>\n\n\n\n<p class=\"wp-block-paragraph\">O terceiro \u00e9 o <strong>modo racional<\/strong>, sendo o neoc\u00f3rtex respons\u00e1vel pelo seu funcionamento. Este \u00e9 o modo da l\u00f3gica, da an\u00e1lise, de tomada de decis\u00f5es. \u00c9 o nosso centro executivo. Neste modo decidimos como e quando agir e funciona muito bem quando n\u00e3o estamos sob o estresse. <\/p>\n\n\n\n<p class=\"wp-block-paragraph\">O problema \u00e9 que o estresse desencadeia o modo sobreviv\u00eancia que congela o emocional e o racional. Dizemos que algu\u00e9m tem um alto quociente emocional quando esta&nbsp; pessoa \u00e9 capaz de controlar seus impulsos impedindo que seu c\u00e9rebro responda no modo sobreviv\u00eancia. Algumas pessoas s\u00e3o naturalmente mais sens\u00edveis que outras, mas com treino \u00e9 poss\u00edvel aprender a ler as emo\u00e7\u00f5es e decidir demonstrar empatia. A chefe de Roberto muito provavelmente n\u00e3o dedica tempo para conhec\u00ea-lo, j\u00e1 que foi incapaz de ler suas emo\u00e7\u00f5es. Este \u00e9 um desafio atual dos l\u00edderes, j\u00e1 que cada vez mais o trabalho \u00e9 remoto. Todavia, isso n\u00e3o \u00e9 desculpa. \u00c9 poss\u00edvel estabelecer reuni\u00f5es um a um com a c\u00e2mera aberta o que proporciona ao l\u00edder pelo menos dois inputs: o tom de voz e a express\u00e3o facial. \u00c9 imprescind\u00edvel nos dias atuais que as ferramentas online dispon\u00edveis sejam adequadamente utilizadas e que se extraia o m\u00e1ximo delas.<\/p>\n\n\n\n<h4 class=\"wp-block-heading\">Boas Pr\u00e1ticas<\/h4>\n\n\n\n<p class=\"wp-block-paragraph\">&nbsp;Uma boa pr\u00e1tica \u00e9 estabelecer reuni\u00f5es espor\u00e1dicas do tipo coffee break virtual onde o objetivo \u00e9 meramente conversar, como se fosse um coffee break mesmo. A\u00ed vem a grande quest\u00e3o: Sobre o que falar? Muitos l\u00edderes que n\u00e3o est\u00e3o acostumados a conversar assuntos do cotidiano com seus liderados travam nesta hora e procuram evitar este tipo de conversa, mas s\u00e3o nestes momentos, ainda que online, que ser\u00e1 poss\u00edvel conhec\u00ea-lo melhor e come\u00e7ar a estabelecer uma rela\u00e7\u00e3o de empatia. N\u00e3o se trata de amizade, nem tampouco \u00e9 uma reuni\u00e3o para follow up ou apresentar resultados, mas para aprender a ler as emo\u00e7\u00f5es.<\/p>\n\n\n\n<h4 class=\"wp-block-heading\">Simpatia  X Empatia<\/h4>\n\n\n\n<p class=\"wp-block-paragraph\">De acordo com a Dra Bren\u00e9 Brown, empatia \u00e9 diferente de simpatia. Agir com empatia \u00e9 cal\u00e7ar os sapatos do outro, \u00e9 sentir com a outra pessoa e esta \u00e9 uma decis\u00e3o que exp\u00f5e a nossa vulnerabilidade porque eu preciso buscar dentro de mim algo que me fa\u00e7a sentir como o outro. Dra Brown exemplifica a simpatia com uma pequena hist\u00f3ria. Imagine algu\u00e9m que caiu dentro de um po\u00e7o e de l\u00e1 ela diz:\u2014 Estou preso aqui. Est\u00e1 escuro e n\u00e3o sei o que fazer. Ent\u00e3o algu\u00e9m desce at\u00e9 l\u00e1 e diz: \u2014 Hey, eu sei como se sente. Estou aqui com&nbsp; voc\u00ea, voc\u00ea n\u00e3o est\u00e1 sozinho nessa. Agir com simpatia, por outra lado \u00e9 l\u00e1 de cima apenas dizer: \u2014 Nossa! Que chato. Sinto muito.&nbsp;&nbsp;<\/p>\n\n\n\n<center> <a href=\"https:\/\/www.amazon.com.br\/Intelig%C3%AAncia-emocional-Harvard-Business-Review\/dp\/8543107180\/ref=as_li_ss_il?__mk_pt_BR=%C3%85M%C3%85%C5%BD%C3%95%C3%91&amp;dchild=1&amp;keywords=inteligencia+emocional&amp;qid=1603982949&amp;sr=8-3&amp;linkCode=li3&amp;tag=nevesf-20&amp;linkId=af046507e76d6de1c6498e0bfa5c07a8&amp;language=pt_BR\" target=\"_blank\" rel=\"noopener noreferrer\"><img decoding=\"async\" border=\"0\" src=\"\/\/ws-na.amazon-adsystem.com\/widgets\/q?_encoding=UTF8&amp;ASIN=8543107180&amp;Format=_SL250_&amp;ID=AsinImage&amp;MarketPlace=BR&amp;ServiceVersion=20070822&amp;WS=1&amp;tag=nevesf-20&amp;language=pt_BR\"><\/a><img loading=\"lazy\" decoding=\"async\" src=\"https:\/\/ir-br.amazon-adsystem.com\/e\/ir?t=nevesf-20&amp;language=pt_BR&amp;l=li3&amp;o=33&amp;a=8543107180\" width=\"1\" height=\"1\" border=\"0\" alt=\"\" style=\"border:none !important; margin:0px !important;\">  <\/center>\n\n\n\n<p class=\"wp-block-paragraph\">Quando algu\u00e9m perde uma pessoa querida, normalmente dizemos: \u2014 Meus sentimentos e n\u00e3o tem nada errado em ser simp\u00e1tico, mas se tenho uma rela\u00e7\u00e3o mais pr\u00f3xima com esta pessoa sem dizer nada apenas a abra\u00e7amos e choramos juntos. Depois nos colocamos \u00e0 disposi\u00e7\u00e3o para o que for necess\u00e1rio. Isso \u00e9 agir com empatia. Da mesma forma, \u00e9 importante estabelecer rela\u00e7\u00f5es de empatia com as pessoas sejam elas nossos subordinados ou n\u00e3o. Faz parte da natureza humana e o tempo em que da dicotomia na lideran\u00e7a j\u00e1 passou. N\u00e3o \u00e9 mais poss\u00edvel desconectar o seu papel profissional da nossa personalidade. Isso, claro, se quisermos ser l\u00edderes no contexto atual.<\/p>\n\n\n\n<p class=\"wp-block-paragraph\">Veja outros posts sobre as compet\u00eancias para a Quarta Revelou\u00e7\u00e3o Industrial<\/p>\n\n\n\n<p class=\"wp-block-paragraph\">Refer\u00eancias:<\/p>\n\n\n\n<p class=\"wp-block-paragraph\">V\u00eddeo : The Power of Empathy. Voice: Dr. Bren\u00e9 Brown. Animation: Katy Davis.  <a href=\"https:\/\/www.youtube.com\/watch?v=jz1g1SpD9Zo&amp;feature=emb_logo\" target=\"_blank\" rel=\"noreferrer noopener\">https:\/\/www.youtube.com\/watch?v=jz1g1SpD9Zo&amp;feature=emb_logo<\/a><\/p>\n\n\n\n<p class=\"wp-block-paragraph\"><br><a href=\"https:\/\/amzn.to\/3mv3Dg0\" target=\"_blank\" rel=\"noreferrer noopener\">Intelig\u00eancia Emocional: A Teoria Revolucion\u00e1ria que Redefine o que \u00e9 ser Inteligente<\/a>. Daniel Goleman, PhD.<\/p>\n","protected":false},"excerpt":{"rendered":"<p>Fernando Neves, Ph.D. Roberto tinha acabado de chegar no escrit\u00f3rio ainda ruminando a discuss\u00e3o que h\u00e1 pouco teve com sua esposa. Os colegas ao lado percebiam que algo n\u00e3o estava bem, mas preferiram ficar cada um na sua. A chefe chega agitada j\u00e1 demonstrando claros sinais de estresse e o chama: \u2014 Roberto, podemos falar &hellip; <a href=\"https:\/\/corporateacademy.org\/index.php\/2020\/10\/29\/inteligencia-emocional-competencia-profissional-para-a-quarta-revolucao-industrial\/\" class=\"more-link\">Continuar lendo <span class=\"screen-reader-text\">Intelig\u00eancia Emocional: Compet\u00eancia Profissional para a Quarta Revolu\u00e7\u00e3o Industrial<\/span><\/a><\/p>\n","protected":false},"author":1,"featured_media":866,"comment_status":"open","ping_status":"open","sticky":false,"template":"","format":"standard","meta":{"_jetpack_newsletter_access":"","_jetpack_dont_email_post_to_subs":false,"_jetpack_newsletter_tier_id":0,"_jetpack_memberships_contains_paywalled_content":false,"_jetpack_feature_clip_id":0,"_jetpack_memberships_contains_paid_content":false,"footnotes":"","jetpack_publicize_message":"","jetpack_publicize_feature_enabled":true,"jetpack_social_post_already_shared":true,"jetpack_social_options":{"image_generator_settings":{"template":"highway","default_image_id":0,"font":"","enabled":false},"version":2},"jetpack_post_was_ever_published":false},"categories":[19,18,102,226,21,20,272,295,182],"tags":[300,28,267,62,178,298,299,250,301,244],"class_list":["post-855","post","type-post","status-publish","format-standard","has-post-thumbnail","hentry","category-ambiente-corporativo","category-comportamento","category-comunicacao","category-criatividade","category-diversidade","category-gestao-de-pessoas","category-home-office","category-inteligencia-emocional","category-trabalho-em-equipe","tag-cerebro","tag-corporativo","tag-emocao","tag-lideranca","tag-psicologia","tag-qe","tag-qi","tag-quarta-revolucao-industrial","tag-revolucao-industrial","tag-trabalho"],"aioseo_notices":[],"aioseo_head":"\n\t\t<!-- All in One SEO 5.0.1.1 - aioseo.com -->\n\t<meta name=\"description\" content=\"Fernando Neves, Ph.D. Roberto tinha acabado de chegar no escrit\u00f3rio ainda ruminando a discuss\u00e3o que h\u00e1 pouco teve com sua esposa. Os colegas ao lado percebiam que algo n\u00e3o estava bem, mas preferiram ficar cada um na sua. A chefe chega agitada j\u00e1 demonstrando claros sinais de estresse e o chama: \u2014 Roberto, podemos falar\" \/>\n\t<meta name=\"robots\" content=\"max-image-preview:large\" \/>\n\t<meta name=\"author\" content=\"Editor\"\/>\n\t<link rel=\"canonical\" href=\"https:\/\/corporateacademy.org\/index.php\/2020\/10\/29\/inteligencia-emocional-competencia-profissional-para-a-quarta-revolucao-industrial\/\" \/>\n\t<meta name=\"generator\" content=\"All in One SEO (AIOSEO) 5.0.1.1\" \/>\n\t\t<meta property=\"og:locale\" content=\"pt_BR\" \/>\n\t\t<meta property=\"og:site_name\" content=\"Corporate Academy - Compartilhando Conhecimento\" \/>\n\t\t<meta property=\"og:type\" content=\"article\" \/>\n\t\t<meta property=\"og:title\" content=\"Intelig\u00eancia Emocional: Compet\u00eancia Profissional para a Quarta Revolu\u00e7\u00e3o Industrial - Corporate Academy\" \/>\n\t\t<meta property=\"og:description\" content=\"Fernando Neves, Ph.D. Roberto tinha acabado de chegar no escrit\u00f3rio ainda ruminando a discuss\u00e3o que h\u00e1 pouco teve com sua esposa. Os colegas ao lado percebiam que algo n\u00e3o estava bem, mas preferiram ficar cada um na sua. A chefe chega agitada j\u00e1 demonstrando claros sinais de estresse e o chama: \u2014 Roberto, podemos falar\" \/>\n\t\t<meta property=\"og:url\" content=\"https:\/\/corporateacademy.org\/index.php\/2020\/10\/29\/inteligencia-emocional-competencia-profissional-para-a-quarta-revolucao-industrial\/\" \/>\n\t\t<meta property=\"og:image\" content=\"https:\/\/i0.wp.com\/corporateacademy.org\/wp-content\/uploads\/2018\/03\/Logo200x200.jpg?fit=200200\" \/>\n\t\t<meta property=\"og:image:secure_url\" content=\"https:\/\/i0.wp.com\/corporateacademy.org\/wp-content\/uploads\/2018\/03\/Logo200x200.jpg?fit=200200\" \/>\n\t\t<meta property=\"article:published_time\" content=\"2020-10-29T15:52:52+00:00\" \/>\n\t\t<meta property=\"article:modified_time\" content=\"2021-09-08T18:33:40+00:00\" \/>\n\t\t<meta name=\"twitter:card\" content=\"summary_large_image\" \/>\n\t\t<meta name=\"twitter:title\" content=\"Intelig\u00eancia Emocional: Compet\u00eancia Profissional para a Quarta Revolu\u00e7\u00e3o Industrial - Corporate Academy\" \/>\n\t\t<meta name=\"twitter:description\" content=\"Fernando Neves, Ph.D. Roberto tinha acabado de chegar no escrit\u00f3rio ainda ruminando a discuss\u00e3o que h\u00e1 pouco teve com sua esposa. Os colegas ao lado percebiam que algo n\u00e3o estava bem, mas preferiram ficar cada um na sua. A chefe chega agitada j\u00e1 demonstrando claros sinais de estresse e o chama: \u2014 Roberto, podemos falar\" \/>\n\t\t<meta name=\"twitter:image\" content=\"https:\/\/i0.wp.com\/corporateacademy.org\/wp-content\/uploads\/2018\/03\/Logo200x200.jpg?fit=200200\" \/>\n\t\t<script type=\"application\/ld+json\" class=\"aioseo-schema\">\n\t\t\t{\"@context\":\"https:\\\/\\\/schema.org\",\"@graph\":[{\"@type\":\"BlogPosting\",\"@id\":\"https:\\\/\\\/corporateacademy.org\\\/index.php\\\/2020\\\/10\\\/29\\\/inteligencia-emocional-competencia-profissional-para-a-quarta-revolucao-industrial\\\/#blogposting\",\"name\":\"Intelig\\u00eancia Emocional: Compet\\u00eancia Profissional para a Quarta Revolu\\u00e7\\u00e3o Industrial - Corporate Academy\",\"headline\":\"Intelig\\u00eancia Emocional: Compet\\u00eancia Profissional para a Quarta Revolu\\u00e7\\u00e3o Industrial\",\"author\":{\"@id\":\"https:\\\/\\\/corporateacademy.org\\\/index.php\\\/author\\\/nevesf\\\/#author\"},\"publisher\":{\"@id\":\"https:\\\/\\\/corporateacademy.org\\\/#organization\"},\"image\":{\"@type\":\"ImageObject\",\"url\":\"https:\\\/\\\/i0.wp.com\\\/corporateacademy.org\\\/wp-content\\\/uploads\\\/2020\\\/10\\\/emotional-intelligence-825x510-1.jpg?fit=825%2C510&ssl=1\",\"width\":825,\"height\":510,\"caption\":\"Intelig\\u00eancia emocional\"},\"datePublished\":\"2020-10-29T12:52:52-03:00\",\"dateModified\":\"2021-09-08T15:33:40-03:00\",\"inLanguage\":\"pt-BR\",\"mainEntityOfPage\":{\"@id\":\"https:\\\/\\\/corporateacademy.org\\\/index.php\\\/2020\\\/10\\\/29\\\/inteligencia-emocional-competencia-profissional-para-a-quarta-revolucao-industrial\\\/#webpage\"},\"isPartOf\":{\"@id\":\"https:\\\/\\\/corporateacademy.org\\\/index.php\\\/2020\\\/10\\\/29\\\/inteligencia-emocional-competencia-profissional-para-a-quarta-revolucao-industrial\\\/#webpage\"},\"articleSection\":\"Ambiente corporativo, comportamento, comunica\\u00e7\\u00e3o, criatividade, diversidade, gest\\u00e3o de pessoas, home office, inteligencia emocional, Trabalho em Equipe, c\\u00e9rebro, corporativo, emo\\u00e7\\u00e3o, lideran\\u00e7a, psicologia, QE, QI, quarta revolu\\u00e7\\u00e3o industrial, revolucao industrial, trabalho\"},{\"@type\":\"BreadcrumbList\",\"@id\":\"https:\\\/\\\/corporateacademy.org\\\/index.php\\\/2020\\\/10\\\/29\\\/inteligencia-emocional-competencia-profissional-para-a-quarta-revolucao-industrial\\\/#breadcrumblist\",\"itemListElement\":[{\"@type\":\"ListItem\",\"@id\":\"https:\\\/\\\/corporateacademy.org#listItem\",\"position\":1,\"name\":\"Home\",\"item\":\"https:\\\/\\\/corporateacademy.org\",\"nextItem\":{\"@type\":\"ListItem\",\"@id\":\"https:\\\/\\\/corporateacademy.org\\\/index.php\\\/category\\\/comportamento\\\/#listItem\",\"name\":\"comportamento\"}},{\"@type\":\"ListItem\",\"@id\":\"https:\\\/\\\/corporateacademy.org\\\/index.php\\\/category\\\/comportamento\\\/#listItem\",\"position\":2,\"name\":\"comportamento\",\"item\":\"https:\\\/\\\/corporateacademy.org\\\/index.php\\\/category\\\/comportamento\\\/\",\"nextItem\":{\"@type\":\"ListItem\",\"@id\":\"https:\\\/\\\/corporateacademy.org\\\/index.php\\\/2020\\\/10\\\/29\\\/inteligencia-emocional-competencia-profissional-para-a-quarta-revolucao-industrial\\\/#listItem\",\"name\":\"Intelig\\u00eancia Emocional: Compet\\u00eancia Profissional para a Quarta Revolu\\u00e7\\u00e3o Industrial\"},\"previousItem\":{\"@type\":\"ListItem\",\"@id\":\"https:\\\/\\\/corporateacademy.org#listItem\",\"name\":\"Home\"}},{\"@type\":\"ListItem\",\"@id\":\"https:\\\/\\\/corporateacademy.org\\\/index.php\\\/2020\\\/10\\\/29\\\/inteligencia-emocional-competencia-profissional-para-a-quarta-revolucao-industrial\\\/#listItem\",\"position\":3,\"name\":\"Intelig\\u00eancia Emocional: Compet\\u00eancia Profissional para a Quarta Revolu\\u00e7\\u00e3o Industrial\",\"previousItem\":{\"@type\":\"ListItem\",\"@id\":\"https:\\\/\\\/corporateacademy.org\\\/index.php\\\/category\\\/comportamento\\\/#listItem\",\"name\":\"comportamento\"}}]},{\"@type\":\"Organization\",\"@id\":\"https:\\\/\\\/corporateacademy.org\\\/#organization\",\"name\":\"Corporate Academy\",\"description\":\"Compartilhando Conhecimento\",\"url\":\"https:\\\/\\\/corporateacademy.org\\\/\",\"logo\":{\"@type\":\"ImageObject\",\"url\":\"https:\\\/\\\/i0.wp.com\\\/corporateacademy.org\\\/wp-content\\\/uploads\\\/2018\\\/03\\\/Logo200x200.jpg?fit=200%2C200&ssl=1\",\"@id\":\"https:\\\/\\\/corporateacademy.org\\\/index.php\\\/2020\\\/10\\\/29\\\/inteligencia-emocional-competencia-profissional-para-a-quarta-revolucao-industrial\\\/#organizationLogo\",\"width\":200,\"height\":200},\"image\":{\"@id\":\"https:\\\/\\\/corporateacademy.org\\\/index.php\\\/2020\\\/10\\\/29\\\/inteligencia-emocional-competencia-profissional-para-a-quarta-revolucao-industrial\\\/#organizationLogo\"}},{\"@type\":\"Person\",\"@id\":\"https:\\\/\\\/corporateacademy.org\\\/index.php\\\/author\\\/nevesf\\\/#author\",\"url\":\"https:\\\/\\\/corporateacademy.org\\\/index.php\\\/author\\\/nevesf\\\/\",\"name\":\"Editor\",\"image\":{\"@type\":\"ImageObject\",\"@id\":\"https:\\\/\\\/corporateacademy.org\\\/index.php\\\/2020\\\/10\\\/29\\\/inteligencia-emocional-competencia-profissional-para-a-quarta-revolucao-industrial\\\/#authorImage\",\"url\":\"https:\\\/\\\/secure.gravatar.com\\\/avatar\\\/40a180061deabb68d04bd9f812bde2b372b5d57984baf7dd947ee866377d90fb?s=96&d=blank&r=g\",\"width\":96,\"height\":96,\"caption\":\"Editor\"}},{\"@type\":\"WebPage\",\"@id\":\"https:\\\/\\\/corporateacademy.org\\\/index.php\\\/2020\\\/10\\\/29\\\/inteligencia-emocional-competencia-profissional-para-a-quarta-revolucao-industrial\\\/#webpage\",\"url\":\"https:\\\/\\\/corporateacademy.org\\\/index.php\\\/2020\\\/10\\\/29\\\/inteligencia-emocional-competencia-profissional-para-a-quarta-revolucao-industrial\\\/\",\"name\":\"Intelig\\u00eancia Emocional: Compet\\u00eancia Profissional para a Quarta Revolu\\u00e7\\u00e3o Industrial - Corporate Academy\",\"description\":\"Fernando Neves, Ph.D. Roberto tinha acabado de chegar no escrit\\u00f3rio ainda ruminando a discuss\\u00e3o que h\\u00e1 pouco teve com sua esposa. Os colegas ao lado percebiam que algo n\\u00e3o estava bem, mas preferiram ficar cada um na sua. A chefe chega agitada j\\u00e1 demonstrando claros sinais de estresse e o chama: \\u2014 Roberto, podemos falar\",\"inLanguage\":\"pt-BR\",\"isPartOf\":{\"@id\":\"https:\\\/\\\/corporateacademy.org\\\/#website\"},\"breadcrumb\":{\"@id\":\"https:\\\/\\\/corporateacademy.org\\\/index.php\\\/2020\\\/10\\\/29\\\/inteligencia-emocional-competencia-profissional-para-a-quarta-revolucao-industrial\\\/#breadcrumblist\"},\"author\":{\"@id\":\"https:\\\/\\\/corporateacademy.org\\\/index.php\\\/author\\\/nevesf\\\/#author\"},\"creator\":{\"@id\":\"https:\\\/\\\/corporateacademy.org\\\/index.php\\\/author\\\/nevesf\\\/#author\"},\"image\":{\"@type\":\"ImageObject\",\"url\":\"https:\\\/\\\/i0.wp.com\\\/corporateacademy.org\\\/wp-content\\\/uploads\\\/2020\\\/10\\\/emotional-intelligence-825x510-1.jpg?fit=825%2C510&ssl=1\",\"@id\":\"https:\\\/\\\/corporateacademy.org\\\/index.php\\\/2020\\\/10\\\/29\\\/inteligencia-emocional-competencia-profissional-para-a-quarta-revolucao-industrial\\\/#mainImage\",\"width\":825,\"height\":510,\"caption\":\"Intelig\\u00eancia emocional\"},\"primaryImageOfPage\":{\"@id\":\"https:\\\/\\\/corporateacademy.org\\\/index.php\\\/2020\\\/10\\\/29\\\/inteligencia-emocional-competencia-profissional-para-a-quarta-revolucao-industrial\\\/#mainImage\"},\"datePublished\":\"2020-10-29T12:52:52-03:00\",\"dateModified\":\"2021-09-08T15:33:40-03:00\"},{\"@type\":\"WebSite\",\"@id\":\"https:\\\/\\\/corporateacademy.org\\\/#website\",\"url\":\"https:\\\/\\\/corporateacademy.org\\\/\",\"name\":\"Corporate Academy\",\"description\":\"Compartilhando Conhecimento\",\"inLanguage\":\"pt-BR\",\"publisher\":{\"@id\":\"https:\\\/\\\/corporateacademy.org\\\/#organization\"}}]}\n\t\t<\/script>\n\t\t<!-- All in One SEO -->\n\n","aioseo_head_json":{"title":"Intelig\u00eancia Emocional: Compet\u00eancia Profissional para a Quarta Revolu\u00e7\u00e3o Industrial - Corporate Academy","description":"Fernando Neves, Ph.D. Roberto tinha acabado de chegar no escrit\u00f3rio ainda ruminando a discuss\u00e3o que h\u00e1 pouco teve com sua esposa. Os colegas ao lado percebiam que algo n\u00e3o estava bem, mas preferiram ficar cada um na sua. A chefe chega agitada j\u00e1 demonstrando claros sinais de estresse e o chama: \u2014 Roberto, podemos falar","canonical_url":"https:\/\/corporateacademy.org\/index.php\/2020\/10\/29\/inteligencia-emocional-competencia-profissional-para-a-quarta-revolucao-industrial\/","robots":"max-image-preview:large","keywords":"","webmasterTools":{"miscellaneous":""},"schema":{"@context":"https:\/\/schema.org","@graph":[{"@type":"BlogPosting","@id":"https:\/\/corporateacademy.org\/index.php\/2020\/10\/29\/inteligencia-emocional-competencia-profissional-para-a-quarta-revolucao-industrial\/#blogposting","name":"Intelig\u00eancia Emocional: Compet\u00eancia Profissional para a Quarta Revolu\u00e7\u00e3o Industrial - Corporate Academy","headline":"Intelig\u00eancia Emocional: Compet\u00eancia Profissional para a Quarta Revolu\u00e7\u00e3o Industrial","author":{"@id":"https:\/\/corporateacademy.org\/index.php\/author\/nevesf\/#author"},"publisher":{"@id":"https:\/\/corporateacademy.org\/#organization"},"image":{"@type":"ImageObject","url":"https:\/\/i0.wp.com\/corporateacademy.org\/wp-content\/uploads\/2020\/10\/emotional-intelligence-825x510-1.jpg?fit=825%2C510&ssl=1","width":825,"height":510,"caption":"Intelig\u00eancia emocional"},"datePublished":"2020-10-29T12:52:52-03:00","dateModified":"2021-09-08T15:33:40-03:00","inLanguage":"pt-BR","mainEntityOfPage":{"@id":"https:\/\/corporateacademy.org\/index.php\/2020\/10\/29\/inteligencia-emocional-competencia-profissional-para-a-quarta-revolucao-industrial\/#webpage"},"isPartOf":{"@id":"https:\/\/corporateacademy.org\/index.php\/2020\/10\/29\/inteligencia-emocional-competencia-profissional-para-a-quarta-revolucao-industrial\/#webpage"},"articleSection":"Ambiente corporativo, comportamento, comunica\u00e7\u00e3o, criatividade, diversidade, gest\u00e3o de pessoas, home office, inteligencia emocional, Trabalho em Equipe, c\u00e9rebro, corporativo, emo\u00e7\u00e3o, lideran\u00e7a, psicologia, QE, QI, quarta revolu\u00e7\u00e3o industrial, revolucao industrial, trabalho"},{"@type":"BreadcrumbList","@id":"https:\/\/corporateacademy.org\/index.php\/2020\/10\/29\/inteligencia-emocional-competencia-profissional-para-a-quarta-revolucao-industrial\/#breadcrumblist","itemListElement":[{"@type":"ListItem","@id":"https:\/\/corporateacademy.org#listItem","position":1,"name":"Home","item":"https:\/\/corporateacademy.org","nextItem":{"@type":"ListItem","@id":"https:\/\/corporateacademy.org\/index.php\/category\/comportamento\/#listItem","name":"comportamento"}},{"@type":"ListItem","@id":"https:\/\/corporateacademy.org\/index.php\/category\/comportamento\/#listItem","position":2,"name":"comportamento","item":"https:\/\/corporateacademy.org\/index.php\/category\/comportamento\/","nextItem":{"@type":"ListItem","@id":"https:\/\/corporateacademy.org\/index.php\/2020\/10\/29\/inteligencia-emocional-competencia-profissional-para-a-quarta-revolucao-industrial\/#listItem","name":"Intelig\u00eancia Emocional: Compet\u00eancia Profissional para a Quarta Revolu\u00e7\u00e3o Industrial"},"previousItem":{"@type":"ListItem","@id":"https:\/\/corporateacademy.org#listItem","name":"Home"}},{"@type":"ListItem","@id":"https:\/\/corporateacademy.org\/index.php\/2020\/10\/29\/inteligencia-emocional-competencia-profissional-para-a-quarta-revolucao-industrial\/#listItem","position":3,"name":"Intelig\u00eancia Emocional: Compet\u00eancia Profissional para a Quarta Revolu\u00e7\u00e3o Industrial","previousItem":{"@type":"ListItem","@id":"https:\/\/corporateacademy.org\/index.php\/category\/comportamento\/#listItem","name":"comportamento"}}]},{"@type":"Organization","@id":"https:\/\/corporateacademy.org\/#organization","name":"Corporate Academy","description":"Compartilhando Conhecimento","url":"https:\/\/corporateacademy.org\/","logo":{"@type":"ImageObject","url":"https:\/\/i0.wp.com\/corporateacademy.org\/wp-content\/uploads\/2018\/03\/Logo200x200.jpg?fit=200%2C200&ssl=1","@id":"https:\/\/corporateacademy.org\/index.php\/2020\/10\/29\/inteligencia-emocional-competencia-profissional-para-a-quarta-revolucao-industrial\/#organizationLogo","width":200,"height":200},"image":{"@id":"https:\/\/corporateacademy.org\/index.php\/2020\/10\/29\/inteligencia-emocional-competencia-profissional-para-a-quarta-revolucao-industrial\/#organizationLogo"}},{"@type":"Person","@id":"https:\/\/corporateacademy.org\/index.php\/author\/nevesf\/#author","url":"https:\/\/corporateacademy.org\/index.php\/author\/nevesf\/","name":"Editor","image":{"@type":"ImageObject","@id":"https:\/\/corporateacademy.org\/index.php\/2020\/10\/29\/inteligencia-emocional-competencia-profissional-para-a-quarta-revolucao-industrial\/#authorImage","url":"https:\/\/secure.gravatar.com\/avatar\/40a180061deabb68d04bd9f812bde2b372b5d57984baf7dd947ee866377d90fb?s=96&d=blank&r=g","width":96,"height":96,"caption":"Editor"}},{"@type":"WebPage","@id":"https:\/\/corporateacademy.org\/index.php\/2020\/10\/29\/inteligencia-emocional-competencia-profissional-para-a-quarta-revolucao-industrial\/#webpage","url":"https:\/\/corporateacademy.org\/index.php\/2020\/10\/29\/inteligencia-emocional-competencia-profissional-para-a-quarta-revolucao-industrial\/","name":"Intelig\u00eancia Emocional: Compet\u00eancia Profissional para a Quarta Revolu\u00e7\u00e3o Industrial - Corporate Academy","description":"Fernando Neves, Ph.D. Roberto tinha acabado de chegar no escrit\u00f3rio ainda ruminando a discuss\u00e3o que h\u00e1 pouco teve com sua esposa. Os colegas ao lado percebiam que algo n\u00e3o estava bem, mas preferiram ficar cada um na sua. A chefe chega agitada j\u00e1 demonstrando claros sinais de estresse e o chama: \u2014 Roberto, podemos falar","inLanguage":"pt-BR","isPartOf":{"@id":"https:\/\/corporateacademy.org\/#website"},"breadcrumb":{"@id":"https:\/\/corporateacademy.org\/index.php\/2020\/10\/29\/inteligencia-emocional-competencia-profissional-para-a-quarta-revolucao-industrial\/#breadcrumblist"},"author":{"@id":"https:\/\/corporateacademy.org\/index.php\/author\/nevesf\/#author"},"creator":{"@id":"https:\/\/corporateacademy.org\/index.php\/author\/nevesf\/#author"},"image":{"@type":"ImageObject","url":"https:\/\/i0.wp.com\/corporateacademy.org\/wp-content\/uploads\/2020\/10\/emotional-intelligence-825x510-1.jpg?fit=825%2C510&ssl=1","@id":"https:\/\/corporateacademy.org\/index.php\/2020\/10\/29\/inteligencia-emocional-competencia-profissional-para-a-quarta-revolucao-industrial\/#mainImage","width":825,"height":510,"caption":"Intelig\u00eancia emocional"},"primaryImageOfPage":{"@id":"https:\/\/corporateacademy.org\/index.php\/2020\/10\/29\/inteligencia-emocional-competencia-profissional-para-a-quarta-revolucao-industrial\/#mainImage"},"datePublished":"2020-10-29T12:52:52-03:00","dateModified":"2021-09-08T15:33:40-03:00"},{"@type":"WebSite","@id":"https:\/\/corporateacademy.org\/#website","url":"https:\/\/corporateacademy.org\/","name":"Corporate Academy","description":"Compartilhando Conhecimento","inLanguage":"pt-BR","publisher":{"@id":"https:\/\/corporateacademy.org\/#organization"}}]},"og:locale":"pt_BR","og:site_name":"Corporate Academy - Compartilhando Conhecimento","og:type":"article","og:title":"Intelig\u00eancia Emocional: Compet\u00eancia Profissional para a Quarta Revolu\u00e7\u00e3o Industrial - Corporate Academy","og:description":"Fernando Neves, Ph.D. Roberto tinha acabado de chegar no escrit\u00f3rio ainda ruminando a discuss\u00e3o que h\u00e1 pouco teve com sua esposa. Os colegas ao lado percebiam que algo n\u00e3o estava bem, mas preferiram ficar cada um na sua. A chefe chega agitada j\u00e1 demonstrando claros sinais de estresse e o chama: \u2014 Roberto, podemos falar","og:url":"https:\/\/corporateacademy.org\/index.php\/2020\/10\/29\/inteligencia-emocional-competencia-profissional-para-a-quarta-revolucao-industrial\/","og:image":"https:\/\/i0.wp.com\/corporateacademy.org\/wp-content\/uploads\/2018\/03\/Logo200x200.jpg?fit=200200","og:image:secure_url":"https:\/\/i0.wp.com\/corporateacademy.org\/wp-content\/uploads\/2018\/03\/Logo200x200.jpg?fit=200200","article:published_time":"2020-10-29T15:52:52+00:00","article:modified_time":"2021-09-08T18:33:40+00:00","twitter:card":"summary_large_image","twitter:title":"Intelig\u00eancia Emocional: Compet\u00eancia Profissional para a Quarta Revolu\u00e7\u00e3o Industrial - Corporate Academy","twitter:description":"Fernando Neves, Ph.D. Roberto tinha acabado de chegar no escrit\u00f3rio ainda ruminando a discuss\u00e3o que h\u00e1 pouco teve com sua esposa. Os colegas ao lado percebiam que algo n\u00e3o estava bem, mas preferiram ficar cada um na sua. A chefe chega agitada j\u00e1 demonstrando claros sinais de estresse e o chama: \u2014 Roberto, podemos falar","twitter:image":"https:\/\/i0.wp.com\/corporateacademy.org\/wp-content\/uploads\/2018\/03\/Logo200x200.jpg?fit=200200"},"aioseo_meta_data":{"post_id":"855","title":null,"description":null,"keywords":null,"keyphrases":null,"focus_keyword":null,"additional_keywords":null,"truseo_locale":null,"primary_term":null,"canonical_url":null,"og_title":null,"og_description":null,"og_object_type":"default","og_image_type":"default","og_image_custom_url":null,"og_image_custom_fields":null,"og_image_url":null,"og_image_width":null,"og_image_height":null,"og_video":null,"og_custom_url":null,"og_article_section":null,"og_article_tags":null,"twitter_use_og":false,"twitter_card":"default","twitter_image_type":"default","twitter_image_custom_url":null,"twitter_image_custom_fields":null,"twitter_image_url":null,"twitter_title":null,"twitter_description":null,"schema_type":"default","schema_type_options":null,"schema":{"blockGraphs":[],"customGraphs":[],"default":{"data":{"Article":[],"Course":[],"Dataset":[],"FAQPage":[],"Movie":[],"Person":[],"Product":[],"ProductReview":[],"Car":[],"Recipe":[],"Service":[],"SoftwareApplication":[],"WebPage":[]},"graphName":"","isEnabled":true},"graphs":[]},"pillar_content":false,"robots_default":true,"robots_noindex":false,"robots_noarchive":false,"robots_nosnippet":false,"robots_nofollow":false,"robots_noimageindex":false,"robots_noodp":false,"robots_notranslate":false,"robots_max_snippet":null,"robots_max_videopreview":null,"robots_max_imagepreview":"large","priority":null,"frequency":null,"local_seo":null,"limit_modified_date":false,"ai":null,"breadcrumb_settings":null,"seo_analyzer_scan_date":null,"created":"2026-09-02 21:56:41","updated":"2026-09-02 21:56:41"},"aioseo_breadcrumb":"<div class=\"aioseo-breadcrumbs\"><span class=\"aioseo-breadcrumb\">\n\t\t\t<a href=\"https:\/\/corporateacademy.org\" title=\"Home\">Home<\/a>\n\t\t<\/span><span class=\"aioseo-breadcrumb-separator\">&raquo;<\/span><span class=\"aioseo-breadcrumb\">\n\t\t\t<a href=\"https:\/\/corporateacademy.org\/index.php\/category\/comportamento\/\" title=\"comportamento\">comportamento<\/a>\n\t\t<\/span><span class=\"aioseo-breadcrumb-separator\">&raquo;<\/span><span class=\"aioseo-breadcrumb\">\n\t\t\tIntelig\u00eancia Emocional: Compet\u00eancia Profissional para a Quarta Revolu\u00e7\u00e3o Industrial\n\t\t<\/span><\/div>","aioseo_breadcrumb_json":[{"label":"Home","link":"https:\/\/corporateacademy.org"},{"label":"comportamento","link":"https:\/\/corporateacademy.org\/index.php\/category\/comportamento\/"},{"label":"Intelig\u00eancia Emocional: Compet\u00eancia Profissional para a Quarta Revolu\u00e7\u00e3o Industrial","link":"https:\/\/corporateacademy.org\/index.php\/2020\/10\/29\/inteligencia-emocional-competencia-profissional-para-a-quarta-revolucao-industrial\/"}],"jetpack_publicize_connections":[],"jetpack_sharing_enabled":true,"jetpack_shortlink":"https:\/\/wp.me\/p9MYp6-dN","jetpack_likes_enabled":true,"jetpack-related-posts":[{"id":564,"url":"https:\/\/corporateacademy.org\/index.php\/2019\/07\/23\/as-competencias-profissionais-necessarias-na-quarta-revolucao-industrial\/","url_meta":{"origin":855,"position":0},"title":"As Compet\u00eancias Profissionais necess\u00e1rias na quarta Revolu\u00e7\u00e3o Industrial","author":"Editor","date":"23\/07\/2019","format":false,"excerpt":"M\u00e1rcio Camargo Diretor GPTW-Interior\/Coordenador de cursos - Funda\u00e7\u00e3o Vanzolini \/ Professor na FGV \/ Analista comportamental DISC e SDI A internet e as atuais tecnologias proporcionaram uma grande transforma\u00e7\u00e3o mundial em todos os aspectos da sociedade, e essa transforma\u00e7\u00e3o inclui a forma como trabalhamos. A quarta Revolu\u00e7\u00e3o Industrial trouxe consigo\u2026","rel":"","context":"Em &quot;Ambiente corporativo&quot;","block_context":{"text":"Ambiente corporativo","link":"https:\/\/corporateacademy.org\/index.php\/category\/ambiente-corporativo\/"},"img":{"alt_text":"","src":"https:\/\/i0.wp.com\/corporateacademy.org\/wp-content\/uploads\/2019\/07\/4RevInd.png?fit=1143%2C602&ssl=1&resize=350%2C200","width":350,"height":200,"srcset":"https:\/\/i0.wp.com\/corporateacademy.org\/wp-content\/uploads\/2019\/07\/4RevInd.png?fit=1143%2C602&ssl=1&resize=350%2C200 1x, https:\/\/i0.wp.com\/corporateacademy.org\/wp-content\/uploads\/2019\/07\/4RevInd.png?fit=1143%2C602&ssl=1&resize=525%2C300 1.5x, https:\/\/i0.wp.com\/corporateacademy.org\/wp-content\/uploads\/2019\/07\/4RevInd.png?fit=1143%2C602&ssl=1&resize=700%2C400 2x, https:\/\/i0.wp.com\/corporateacademy.org\/wp-content\/uploads\/2019\/07\/4RevInd.png?fit=1143%2C602&ssl=1&resize=1050%2C600 3x"},"classes":[]},{"id":578,"url":"https:\/\/corporateacademy.org\/index.php\/2019\/08\/03\/resolucao-de-problemas-complexos-primeira-competencia-profissinal-para-a-quarta-revolucao-industrial\/","url_meta":{"origin":855,"position":1},"title":"Resolucao de Problemas Complexos: Primeira compet\u00eancia Profissinal para a Quarta Revolu\u00e7\u00e3o Industrial","author":"Editor","date":"03\/08\/2019","format":false,"excerpt":"M\u00e1rcio Camargo Diretor GPTW-Interior\/Coordenador de cursos - Vanzolini Professor FGV \/ Analista DISC e facilitador Lego\u00aeSerious Play\u00ae A resolu\u00e7\u00e3o de problemas complexos \u00e9 uma das 10 soft skills, apresentadas pelo F\u00f3rum Econ\u00f4mico Mundial, no relat\u00f3rio \u201cO\u00a0 Trabalho do Futuro\u201d apresentado no meu artigo intitulado: a 4\u00aa Revolu\u00e7\u00e3o Industrial e as\u2026","rel":"","context":"Em &quot;Ambiente corporativo&quot;","block_context":{"text":"Ambiente corporativo","link":"https:\/\/corporateacademy.org\/index.php\/category\/ambiente-corporativo\/"},"img":{"alt_text":"","src":"https:\/\/i0.wp.com\/corporateacademy.org\/wp-content\/uploads\/2019\/08\/4revIndResolucaoProblemas.jpeg?fit=1200%2C600&ssl=1&resize=350%2C200","width":350,"height":200,"srcset":"https:\/\/i0.wp.com\/corporateacademy.org\/wp-content\/uploads\/2019\/08\/4revIndResolucaoProblemas.jpeg?fit=1200%2C600&ssl=1&resize=350%2C200 1x, https:\/\/i0.wp.com\/corporateacademy.org\/wp-content\/uploads\/2019\/08\/4revIndResolucaoProblemas.jpeg?fit=1200%2C600&ssl=1&resize=525%2C300 1.5x, https:\/\/i0.wp.com\/corporateacademy.org\/wp-content\/uploads\/2019\/08\/4revIndResolucaoProblemas.jpeg?fit=1200%2C600&ssl=1&resize=700%2C400 2x, https:\/\/i0.wp.com\/corporateacademy.org\/wp-content\/uploads\/2019\/08\/4revIndResolucaoProblemas.jpeg?fit=1200%2C600&ssl=1&resize=1050%2C600 3x"},"classes":[]},{"id":441,"url":"https:\/\/corporateacademy.org\/index.php\/2019\/02\/20\/inteligencia-artificial-afeta-menos-as-pessoas-criativas\/","url_meta":{"origin":855,"position":2},"title":"Intelig\u00eancia artificial afeta menos as pessoas criativas","author":"Editor","date":"20\/02\/2019","format":false,"excerpt":"Texto: Fernando Neves, Ph.D. Imagem : Pixabay (RawPixel) A m\u00fasica da sinfonia come\u00e7ava a entrar pelos meus ouvidos de forma suave, mas \u00e0 medida que eu n\u00e3o me movia tentando ainda aproveitar mais alguns minutos do meu sono, acordes dissonantes me impediam de voltar a dormir. A assistente virtual percebia\u2026","rel":"","context":"Em &quot;Ambiente corporativo&quot;","block_context":{"text":"Ambiente corporativo","link":"https:\/\/corporateacademy.org\/index.php\/category\/ambiente-corporativo\/"},"img":{"alt_text":"","src":"https:\/\/i0.wp.com\/corporateacademy.org\/wp-content\/uploads\/2019\/02\/RawPixelPixabay-people-3370833_640.jpg?fit=640%2C400&ssl=1&resize=350%2C200","width":350,"height":200,"srcset":"https:\/\/i0.wp.com\/corporateacademy.org\/wp-content\/uploads\/2019\/02\/RawPixelPixabay-people-3370833_640.jpg?fit=640%2C400&ssl=1&resize=350%2C200 1x, https:\/\/i0.wp.com\/corporateacademy.org\/wp-content\/uploads\/2019\/02\/RawPixelPixabay-people-3370833_640.jpg?fit=640%2C400&ssl=1&resize=525%2C300 1.5x"},"classes":[]},{"id":2312,"url":"https:\/\/corporateacademy.org\/index.php\/2024\/08\/23\/alem-do-qi-navegando-o-complexo-mundo-da-inteligencia-emocional-e-social\/","url_meta":{"origin":855,"position":3},"title":"Al\u00e9m do QI: Navegando o Complexo Mundo da Intelig\u00eancia Emocional e Social.","author":"Editor","date":"23\/08\/2024","format":false,"excerpt":"Imagine-se em uma reuni\u00e3o de diretoria. O CEO acaba de lan\u00e7ar um desafio complexo. Quem se destacar\u00e1? O executivo brilhante com um QI astron\u00f4mico? A gerente com uma incr\u00edvel capacidade de ler as emo\u00e7\u00f5es da sala? Ou talvez o l\u00edder carism\u00e1tico que sempre sabe exatamente o que dizer e quando\u2026","rel":"","context":"Em &quot;Ambiente corporativo&quot;","block_context":{"text":"Ambiente corporativo","link":"https:\/\/corporateacademy.org\/index.php\/category\/ambiente-corporativo\/"},"img":{"alt_text":"ambiente corporativo","src":"https:\/\/i0.wp.com\/corporateacademy.org\/wp-content\/uploads\/2024\/08\/AdobeStock_268599822-scaled.jpeg?fit=1200%2C450&ssl=1&resize=350%2C200","width":350,"height":200,"srcset":"https:\/\/i0.wp.com\/corporateacademy.org\/wp-content\/uploads\/2024\/08\/AdobeStock_268599822-scaled.jpeg?fit=1200%2C450&ssl=1&resize=350%2C200 1x, https:\/\/i0.wp.com\/corporateacademy.org\/wp-content\/uploads\/2024\/08\/AdobeStock_268599822-scaled.jpeg?fit=1200%2C450&ssl=1&resize=525%2C300 1.5x, https:\/\/i0.wp.com\/corporateacademy.org\/wp-content\/uploads\/2024\/08\/AdobeStock_268599822-scaled.jpeg?fit=1200%2C450&ssl=1&resize=700%2C400 2x, https:\/\/i0.wp.com\/corporateacademy.org\/wp-content\/uploads\/2024\/08\/AdobeStock_268599822-scaled.jpeg?fit=1200%2C450&ssl=1&resize=1050%2C600 3x"},"classes":[]},{"id":2337,"url":"https:\/\/corporateacademy.org\/index.php\/2024\/11\/14\/inteligencia-emocional-no-ambiente-corporativo-um-guia-para-o-sucesso-profissional\/","url_meta":{"origin":855,"position":4},"title":"Intelig\u00eancia Emocional no Ambiente Corporativo: Um Guia para o Sucesso Profissional","author":"Editor","date":"14\/11\/2024","format":false,"excerpt":"Era uma manh\u00e3 como qualquer outra, e Ana se preparava para mais um dia de reuni\u00f5es no escrit\u00f3rio. Mas, ao abrir o e-mail, foi surpreendida com uma mensagem de um cliente insatisfeito, deixando cr\u00edticas duras sobre o projeto em que vinha trabalhando. A rea\u00e7\u00e3o imediata foi um misto de frustra\u00e7\u00e3o\u2026","rel":"","context":"Em &quot;Ambiente corporativo&quot;","block_context":{"text":"Ambiente corporativo","link":"https:\/\/corporateacademy.org\/index.php\/category\/ambiente-corporativo\/"},"img":{"alt_text":"controle emocional","src":"https:\/\/i0.wp.com\/corporateacademy.org\/wp-content\/uploads\/2024\/11\/respire-fundo02.png?fit=894%2C509&ssl=1&resize=350%2C200","width":350,"height":200,"srcset":"https:\/\/i0.wp.com\/corporateacademy.org\/wp-content\/uploads\/2024\/11\/respire-fundo02.png?fit=894%2C509&ssl=1&resize=350%2C200 1x, https:\/\/i0.wp.com\/corporateacademy.org\/wp-content\/uploads\/2024\/11\/respire-fundo02.png?fit=894%2C509&ssl=1&resize=525%2C300 1.5x, https:\/\/i0.wp.com\/corporateacademy.org\/wp-content\/uploads\/2024\/11\/respire-fundo02.png?fit=894%2C509&ssl=1&resize=700%2C400 2x"},"classes":[]},{"id":2071,"url":"https:\/\/corporateacademy.org\/index.php\/2023\/08\/22\/computacao-quantica-sera-esta-a-nova-revolucao-tecnologica\/","url_meta":{"origin":855,"position":5},"title":"Computa\u00e7\u00e3o Qu\u00e2ntica: Ser\u00e1 esta a nova Revolu\u00e7\u00e3o Tecnol\u00f3gica?","author":"Editor","date":"22\/08\/2023","format":false,"excerpt":"Fernando Neves, Ph.D. Em tempos de chatbots inteligentes que respondem a qualquer pergunta em qualquer \u00e1rea do conhecimento, produzem c\u00f3digos de programa\u00e7\u00e3o, resolvem problemas de engenharia, criam roteiros de v\u00eddeos e ainda de quebra agem como meu psic\u00f3logo pessoal, eu me pergunto: O que mais falta ser inventado? O futuro\u2026","rel":"","context":"Em &quot;Ambiente corporativo&quot;","block_context":{"text":"Ambiente corporativo","link":"https:\/\/corporateacademy.org\/index.php\/category\/ambiente-corporativo\/"},"img":{"alt_text":"Osprey- computador quantico da IBM","src":"https:\/\/i0.wp.com\/corporateacademy.org\/wp-content\/uploads\/2023\/08\/IBM-QuantumComputer.png?fit=1178%2C632&ssl=1&resize=350%2C200","width":350,"height":200,"srcset":"https:\/\/i0.wp.com\/corporateacademy.org\/wp-content\/uploads\/2023\/08\/IBM-QuantumComputer.png?fit=1178%2C632&ssl=1&resize=350%2C200 1x, https:\/\/i0.wp.com\/corporateacademy.org\/wp-content\/uploads\/2023\/08\/IBM-QuantumComputer.png?fit=1178%2C632&ssl=1&resize=525%2C300 1.5x, https:\/\/i0.wp.com\/corporateacademy.org\/wp-content\/uploads\/2023\/08\/IBM-QuantumComputer.png?fit=1178%2C632&ssl=1&resize=700%2C400 2x, https:\/\/i0.wp.com\/corporateacademy.org\/wp-content\/uploads\/2023\/08\/IBM-QuantumComputer.png?fit=1178%2C632&ssl=1&resize=1050%2C600 3x"},"classes":[]}],"jetpack_featured_media_url":"https:\/\/i0.wp.com\/corporateacademy.org\/wp-content\/uploads\/2020\/10\/emotional-intelligence-825x510-1.jpg?fit=825%2C510&ssl=1","_links":{"self":[{"href":"https:\/\/corporateacademy.org\/index.php\/wp-json\/wp\/v2\/posts\/855","targetHints":{"allow":["GET"]}}],"collection":[{"href":"https:\/\/corporateacademy.org\/index.php\/wp-json\/wp\/v2\/posts"}],"about":[{"href":"https:\/\/corporateacademy.org\/index.php\/wp-json\/wp\/v2\/types\/post"}],"author":[{"embeddable":true,"href":"https:\/\/corporateacademy.org\/index.php\/wp-json\/wp\/v2\/users\/1"}],"replies":[{"embeddable":true,"href":"https:\/\/corporateacademy.org\/index.php\/wp-json\/wp\/v2\/comments?post=855"}],"version-history":[{"count":11,"href":"https:\/\/corporateacademy.org\/index.php\/wp-json\/wp\/v2\/posts\/855\/revisions"}],"predecessor-version":[{"id":1108,"href":"https:\/\/corporateacademy.org\/index.php\/wp-json\/wp\/v2\/posts\/855\/revisions\/1108"}],"wp:featuredmedia":[{"embeddable":true,"href":"https:\/\/corporateacademy.org\/index.php\/wp-json\/wp\/v2\/media\/866"}],"wp:attachment":[{"href":"https:\/\/corporateacademy.org\/index.php\/wp-json\/wp\/v2\/media?parent=855"}],"wp:term":[{"taxonomy":"category","embeddable":true,"href":"https:\/\/corporateacademy.org\/index.php\/wp-json\/wp\/v2\/categories?post=855"},{"taxonomy":"post_tag","embeddable":true,"href":"https:\/\/corporateacademy.org\/index.php\/wp-json\/wp\/v2\/tags?post=855"}],"curies":[{"name":"wp","href":"https:\/\/api.w.org\/{rel}","templated":true}]}}