{"id":874,"date":"2020-11-04T20:55:19","date_gmt":"2020-11-04T23:55:19","guid":{"rendered":"http:\/\/corporateacademy.org\/?p=874"},"modified":"2021-09-08T15:31:45","modified_gmt":"2021-09-08T18:31:45","slug":"como-ser-um-lider-inclusivo","status":"publish","type":"post","link":"https:\/\/corporateacademy.org\/index.php\/2020\/11\/04\/como-ser-um-lider-inclusivo\/","title":{"rendered":"Como ser um l\u00edder inclusivo"},"content":{"rendered":"\n<p class=\"wp-block-paragraph\"><em><strong>Fernando Neves, Ph.D.<\/strong><\/em><\/p>\n\n\n\n<p class=\"has-drop-cap wp-block-paragraph\">Ap\u00f3s um dia cheio de atividades na empresa Reinaldo convidou o time para um jantar de boas vindas aos visitantes estrangeiros que vieram para o startup do projeto de uma nova m\u00e1quina na filial do Brasil. Cada um tomou seu lugar na churrascaria quando um dos visitantes solicitou ao gar\u00e7om em ingl\u00eas:\u2014 Por gentileza, gostaria de um prato vegetariano pode me ver o card\u00e1pio? A pergunta causou um impacto em todo o grupo. Como assim? A gente vem na churrascaria e o cara quer comer vegetal? O gar\u00e7om gentilmente comentou que eles n\u00e3o tinham pratos vegetarianos porque o restaurante era especializado em carnes, mas que ele poderia servir-se do buf\u00ea de saladas. O anfitri\u00e3o ent\u00e3o percebeu a gafe que tinha cometido ao n\u00e3o perguntar aos convidados que tipo de alimenta\u00e7\u00e3o eles preferiam. Desculpou-se ent\u00e3o dizendo:\u2014 Desculpe-me, amigo. N\u00e3o sabia que voc\u00eas n\u00e3o comiam carne. Ao que ele respondeu:\u2014 Sim, na \u00cdndia a maioria das pessoas n\u00e3o consome por quest\u00f5es culturais e religiosas.<\/p>\n\n\n\n<p class=\"wp-block-paragraph\">Este exemplo pode parecer rid\u00edculo, mas o n\u00famero de pessoas em cargos de lideran\u00e7a nas empresas que n\u00e3o atentam \u00e0s quest\u00f5es culturais&nbsp; n\u00e3o \u00e9 pequena. No entanto, n\u00e3o s\u00e3o apenas quest\u00f5es culturais que devem ser tratadas com aten\u00e7\u00e3o. Discrimina\u00e7\u00e3o racial,&nbsp; religiosa, de g\u00eanero,&nbsp; de orienta\u00e7\u00e3o sexual, por condi\u00e7\u00e3o f\u00edsica, al\u00e9m de discuss\u00f5es de cunho&nbsp; pol\u00edtico ou qualquer manifesta\u00e7\u00e3o pol\u00eamica precisam da devida atren\u00e7\u00e3o da lideran\u00e7a. Felizmente h\u00e1 um movimento forte dentro das empresas que tem for\u00e7ado as pessoas a olharem mais atentamente para esses temas. As grandes corpora\u00e7\u00f5es t\u00eam estabelecido pol\u00edticas neste sentido e a ordem do dia \u00e9 inclus\u00e3o.&nbsp;<\/p>\n\n\n\n<center> <a href=\"https:\/\/www.amazon.com.br\/Como-ser-um-l%C3%ADder-inclusivo\/dp\/8536652594\/ref=as_li_ss_il?__mk_pt_BR=%C3%85M%C3%85%C5%BD%C3%95%C3%91&amp;dchild=1&amp;keywords=lider+inclusivo&amp;qid=1604531126&amp;sr=8-1&amp;linkCode=li3&amp;tag=nevesf-20&amp;linkId=bdb8499d2fac60ca4d2297c278a27d3f&amp;language=pt_BR\" target=\"_blank\" rel=\"noopener noreferrer\"><img decoding=\"async\" border=\"0\" src=\"\/\/ws-na.amazon-adsystem.com\/widgets\/q?_encoding=UTF8&amp;ASIN=8536652594&amp;Format=_SL250_&amp;ID=AsinImage&amp;MarketPlace=BR&amp;ServiceVersion=20070822&amp;WS=1&amp;tag=nevesf-20&amp;language=pt_BR\"><\/a><img loading=\"lazy\" decoding=\"async\" src=\"https:\/\/ir-br.amazon-adsystem.com\/e\/ir?t=nevesf-20&amp;language=pt_BR&amp;l=li3&amp;o=33&amp;a=8536652594\" width=\"1\" height=\"1\" border=\"0\" alt=\"\" style=\"border:none !important; margin:0px !important;\"><\/center>\n\n\n\n<p class=\"wp-block-paragraph\">No caso de Reinaldo, talvez n\u00e3o tenha sido intencional, mas de falta conhecimento ou at\u00e9 mesmo a falta do posicionamento da empresa em rela\u00e7\u00e3o ao assunto. Em um mundo globalizado este tipo de deslize \u00e9 inaceit\u00e1vel.&nbsp; Al\u00e9m de colocar em risco os neg\u00f3cios, pode at\u00e9&nbsp; configurar crime. As pessoas possuem culturas diferentes, posi\u00e7\u00f5es diferentes, religi\u00f5es diferentes, mas isso n\u00e3o lhes d\u00e1 o direito de impor suas convic\u00e7\u00f5es pessoais de forma a ferir outro. Mas \u00e9 papel da empresa tratar destes temas? At\u00e9 que ponto as convic\u00e7\u00f5es pessoas de seus colaboradores deve consumir tempo e recursos? Por que a lideran\u00e7a precisa estar preparada para eles? Apesar de ser um tema de grande import\u00e2ncia, nunca foi tratado com tanta seriedade como o \u00e9 hoje.&nbsp;<\/p>\n\n\n\n<h4 class=\"wp-block-heading\"><strong>O impacto<\/strong><\/h4>\n\n\n\n<p class=\"wp-block-paragraph\">Do ponto de vista do neg\u00f3cio, a discrimina\u00e7\u00e3o destr\u00f3i a confian\u00e7a dos times, afeta a rela\u00e7\u00e3o com clientes e fornecedores, al\u00e9m de causar impactos expressivos na produtividade e por que n\u00e3o dizer na qualidade do servi\u00e7o. Pense em uma pessoa trabalhando na linha de produ\u00e7\u00e3o que acabou de ser tratada com indiferen\u00e7a ou foi alvo de piadinhas racistas. H\u00e1 um risco real de acidente ou perda de foco na atividade. Afinal de contas, somos humanos e&nbsp; \u00e9 imposs\u00edvel controlarmos nossas emo\u00e7\u00f5es quando somos tratados desta maneira. Do ponto de vista legal e de \u201ccompliance\u201d, \u00e9 dever da empresa garantir um ambiente de trabalho agrad\u00e1vel onde h\u00e1 respeito m\u00fatuo e&nbsp; seguro. Ent\u00e3o \u00e9 inadmiss\u00edvel este tipo de comportamento seja dentro ou fora da empresa. \u00c9 preciso entender que nosso comportamento fora das paredes da empresa continuam a mostrar quem somos e como agimos. Um post racista, por exemplo,&nbsp; \u00e9 crime e pode ser usado como evid\u00eancia para demiss\u00e3o por justa causa. O mesmo se aplica a qualquer outro tipo de discrimina\u00e7\u00e3o.<\/p>\n\n\n\n<center> <a href=\"https:\/\/www.amazon.com.br\/Inclusive-Conversations-Fostering-Belonging-Differences-ebook\/dp\/B082MS634P\/ref=as_li_ss_il?__mk_pt_BR=%C3%85M%C3%85%C5%BD%C3%95%C3%91&amp;dchild=1&amp;keywords=mary+Frances+winters&amp;qid=1604531196&amp;sr=8-3&amp;linkCode=li3&amp;tag=nevesf-20&amp;linkId=606affad20445e9d030247b2579f485a&amp;language=pt_BR\" target=\"_blank\" rel=\"noopener noreferrer\"><img decoding=\"async\" border=\"0\" src=\"\/\/ws-na.amazon-adsystem.com\/widgets\/q?_encoding=UTF8&amp;ASIN=B082MS634P&amp;Format=_SL250_&amp;ID=AsinImage&amp;MarketPlace=BR&amp;ServiceVersion=20070822&amp;WS=1&amp;tag=nevesf-20&amp;language=pt_BR\"><\/a><img loading=\"lazy\" decoding=\"async\" src=\"https:\/\/ir-br.amazon-adsystem.com\/e\/ir?t=nevesf-20&amp;language=pt_BR&amp;l=li3&amp;o=33&amp;a=B082MS634P\" width=\"1\" height=\"1\" border=\"0\" alt=\"\" style=\"border:none !important; margin:0px !important;\"><\/center>\n\n\n\n<p class=\"wp-block-paragraph\">Qual deve ser ent\u00e3o a atitude do l\u00edder frente a este tipo de comportamento? Em primeiro lugar, \u00e9 preciso fazer uma auto-avalia\u00e7\u00e3o porque mesmo que n\u00e3o queiramos admitir, trazemos nossas pr\u00f3prias convic\u00e7\u00f5es e nosso comportamento reflete a nossa cultura. Antes de tratar o tema com os subordinados ou estabelecer amplas pol\u00edticas dentro das companhias, \u00e9 preciso que a lideran\u00e7a confronte suas pr\u00f3prias convic\u00e7\u00f5es. Somente ap\u00f3s um trabalho focado com a lideran\u00e7a \u00e9 poss\u00edvel abrir o di\u00e1logo entre grupos. <\/p>\n\n\n\n<p class=\"wp-block-paragraph\">Quando n\u00e3o h\u00e1 uma cultura de inclus\u00e3o dentro da empresa, a solu\u00e7\u00e3o pode ser a den\u00fancia an\u00f4nima. Ela n\u00e3o resolve o problema, mas \u00e9 um primeiro passo para que fique claro para as pessoas qual \u00e9 o comportamento esperado. O segundo passo \u00e9 educar e conscientizar as pessoas atrav\u00e9s de palestras, discuss\u00f5es, workshops, enfim, qualquer ferramenta que fa\u00e7a as pessoas refletirem e se colocarem na pele de quem est\u00e1 sendo discriminado.<\/p>\n\n\n\n<center> <a href=\"https:\/\/www.amazon.com.br\/Cant-about-Guide-Inclusive-Conversations\/dp\/1523094265\/ref=as_li_ss_il?__mk_pt_BR=%C3%85M%C3%85%C5%BD%C3%95%C3%91&amp;dchild=1&amp;keywords=mary+Frances+winters&amp;qid=1604531263&amp;sr=8-4&amp;linkCode=li3&amp;tag=nevesf-20&amp;linkId=61c46b53a992e9d60c69e574efcb7af2&amp;language=pt_BR\" target=\"_blank\" rel=\"noopener noreferrer\"><img decoding=\"async\" border=\"0\" src=\"\/\/ws-na.amazon-adsystem.com\/widgets\/q?_encoding=UTF8&amp;ASIN=1523094265&amp;Format=_SL250_&amp;ID=AsinImage&amp;MarketPlace=BR&amp;ServiceVersion=20070822&amp;WS=1&amp;tag=nevesf-20&amp;language=pt_BR\"><\/a><img loading=\"lazy\" decoding=\"async\" src=\"https:\/\/ir-br.amazon-adsystem.com\/e\/ir?t=nevesf-20&amp;language=pt_BR&amp;l=li3&amp;o=33&amp;a=1523094265\" width=\"1\" height=\"1\" border=\"0\" alt=\"\" style=\"border:none !important; margin:0px !important;\"><\/center>\n\n\n\n<h4 class=\"wp-block-heading\"><strong>6 passos para conversas inclusivas<\/strong><\/h4>\n\n\n\n<p class=\"wp-block-paragraph\">Mary-Frances trata desses temas em seus livros \u201c We can\u2019t talk about that at work\u201d e \u201cinclusive conversations\u201d prop\u00f5e seis passos para conversas inclusivas:&nbsp;<\/p>\n\n\n\n<p class=\"wp-block-paragraph\">1. Promover a auto-reflex\u00e3o e entender o outro. Por que acredito no que acredito?E por que as convic\u00e7\u00f5es de outros s\u00e3o diferentes das minhas?<\/p>\n\n\n\n<p class=\"wp-block-paragraph\">&nbsp;2. avaliar a receptividade e prontid\u00e3o individual, da equipe e da organiza\u00e7\u00e3o. Discuss\u00f5es polarizadoras n\u00e3o levar\u00e3o a lugar algum se voc\u00ea mesmo n\u00e3o for capaz de olhar o mundo pelas lentes de outra pessoa.&nbsp;<\/p>\n\n\n\n<p class=\"wp-block-paragraph\">3. Preparar para a conversa, o que envolve perguntar quem, o qu\u00ea, quando, onde, como e por que voc\u00ea est\u00e1 conduzindo esta conversa.&nbsp;<\/p>\n\n\n\n<p class=\"wp-block-paragraph\">4. Estabelecer o senso comum, colocando todos na mesma p\u00e1gina e criar um significado compartilhado sobre o tema. Em que cada um acredita? Quais as intercess\u00f5es? H\u00e1 pontos compartilhados? Estabele\u00e7a o respeito m\u00fatuo.<\/p>\n\n\n\n<p class=\"wp-block-paragraph\">&nbsp;5. Uma vez consolidado o passo quatro, \u00e9 poss\u00edvel come\u00e7ar a explorar perspectivas divergentes e ent\u00e3o \u00e9 poss\u00edvel engajar o time de forma mais profunda, levando as pessoas a se colocarem no lugar das outras e a sentirem o que os outros sentem ao serem hostilizados, menosprezados ou discriminados.<\/p>\n\n\n\n<p class=\"wp-block-paragraph\">6. O \u00faltimo passo \u00e9 ent\u00e3o&nbsp; buscar criar pontes entre as diverg\u00eancias.<\/p>\n\n\n\n<p class=\"wp-block-paragraph\">Este modelo n\u00e3o precisa ser linear, nem tampouco \u00e9 para ser aplicado em uma \u00fanica conversa, mas faz parte de um processo que dependendo do caso pode ser lento. Se aplicado com disciplina e paci\u00eancia, no entanto, \u00e9 libertador. Ser inclusivo n\u00e3o se trata de mudar valores ou a cultura de cada indiv\u00edduo, mas de criar um ambiente de respeito e aceita\u00e7\u00e3o. <\/p>\n\n\n\n<p class=\"wp-block-paragraph\">Ningu\u00e9m est\u00e1 sendo obrigado a deixar de seguir suas pr\u00f3prias regras e convic\u00e7\u00f5es, mas&nbsp; aceitar e respeitar&nbsp; o outro \u00e9 dever de todos. Garantir um ambiente de trabalho seguro e saud\u00e1vel onde as pessoas se respeitam e se aceitam&nbsp; faz sim parte do papel das empresas.<\/p>\n\n\n\n<p class=\"wp-block-paragraph\"><\/p>\n\n\n\n<h4 class=\"wp-block-heading\">Refer\u00eancias<\/h4>\n\n\n\n<p class=\"wp-block-paragraph\"><a href=\"https:\/\/amzn.to\/362YTYl\" target=\"_blank\" rel=\"noreferrer noopener\">We can&#8217;t Talk about that at work. Mary-Frances Winter.<\/a><\/p>\n\n\n\n<p class=\"wp-block-paragraph\"><a href=\"https:\/\/amzn.to\/3oX2Nup\" target=\"_blank\" rel=\"noreferrer noopener\">Inclusive Conversations. Mary-Frances Winter<\/a>.<\/p>\n\n\n\n<p class=\"wp-block-paragraph\"><\/p>\n","protected":false},"excerpt":{"rendered":"<p>Fernando Neves, Ph.D. Ap\u00f3s um dia cheio de atividades na empresa Reinaldo convidou o time para um jantar de boas vindas aos visitantes estrangeiros que vieram para o startup do projeto de uma nova m\u00e1quina na filial do Brasil. Cada um tomou seu lugar na churrascaria quando um dos visitantes solicitou ao gar\u00e7om em ingl\u00eas:\u2014 &hellip; <a href=\"https:\/\/corporateacademy.org\/index.php\/2020\/11\/04\/como-ser-um-lider-inclusivo\/\" class=\"more-link\">Continuar lendo <span class=\"screen-reader-text\">Como ser um l\u00edder inclusivo<\/span><\/a><\/p>\n","protected":false},"author":1,"featured_media":878,"comment_status":"open","ping_status":"open","sticky":false,"template":"","format":"standard","meta":{"_jetpack_newsletter_access":"","_jetpack_dont_email_post_to_subs":false,"_jetpack_newsletter_tier_id":0,"_jetpack_memberships_contains_paywalled_content":false,"_jetpack_feature_clip_id":0,"_jetpack_memberships_contains_paid_content":false,"footnotes":"","jetpack_publicize_message":"","jetpack_publicize_feature_enabled":true,"jetpack_social_post_already_shared":true,"jetpack_social_options":{"image_generator_settings":{"template":"highway","default_image_id":0,"font":"","enabled":false},"version":2},"jetpack_post_was_ever_published":false},"categories":[19,18,21,131,20,295,182],"tags":[109,28,27,310,302,62,303,305,304,311,312,186,188],"class_list":["post-874","post","type-post","status-publish","format-standard","has-post-thumbnail","hentry","category-ambiente-corporativo","category-comportamento","category-diversidade","category-educacao","category-gestao-de-pessoas","category-inteligencia-emocional","category-trabalho-em-equipe","tag-conversa","tag-corporativo","tag-diversidade","tag-genero","tag-inclusao","tag-lideranca","tag-lideranca-inclusiva","tag-liderar","tag-mary-frances","tag-raca","tag-religiao","tag-time","tag-trabalho-em-equipe"],"aioseo_notices":[],"aioseo_head":"\n\t\t<!-- All in One SEO 5.0.1.1 - aioseo.com -->\n\t<meta name=\"description\" content=\"Fernando Neves, Ph.D. Ap\u00f3s um dia cheio de atividades na empresa Reinaldo convidou o time para um jantar de boas vindas aos visitantes estrangeiros que vieram para o startup do projeto de uma nova m\u00e1quina na filial do Brasil. Cada um tomou seu lugar na churrascaria quando um dos visitantes solicitou ao gar\u00e7om em ingl\u00eas:\u2014\" \/>\n\t<meta name=\"robots\" content=\"max-image-preview:large\" \/>\n\t<meta name=\"author\" content=\"Editor\"\/>\n\t<link rel=\"canonical\" href=\"https:\/\/corporateacademy.org\/index.php\/2020\/11\/04\/como-ser-um-lider-inclusivo\/\" \/>\n\t<meta name=\"generator\" content=\"All in One SEO (AIOSEO) 5.0.1.1\" \/>\n\t\t<meta property=\"og:locale\" content=\"pt_BR\" \/>\n\t\t<meta property=\"og:site_name\" content=\"Corporate Academy - Compartilhando Conhecimento\" \/>\n\t\t<meta property=\"og:type\" content=\"article\" \/>\n\t\t<meta property=\"og:title\" content=\"Como ser um l\u00edder inclusivo - Corporate Academy\" \/>\n\t\t<meta property=\"og:description\" content=\"Fernando Neves, Ph.D. Ap\u00f3s um dia cheio de atividades na empresa Reinaldo convidou o time para um jantar de boas vindas aos visitantes estrangeiros que vieram para o startup do projeto de uma nova m\u00e1quina na filial do Brasil. Cada um tomou seu lugar na churrascaria quando um dos visitantes solicitou ao gar\u00e7om em ingl\u00eas:\u2014\" \/>\n\t\t<meta property=\"og:url\" content=\"https:\/\/corporateacademy.org\/index.php\/2020\/11\/04\/como-ser-um-lider-inclusivo\/\" \/>\n\t\t<meta property=\"og:image\" content=\"https:\/\/i0.wp.com\/corporateacademy.org\/wp-content\/uploads\/2018\/03\/Logo200x200.jpg?fit=200200\" \/>\n\t\t<meta property=\"og:image:secure_url\" content=\"https:\/\/i0.wp.com\/corporateacademy.org\/wp-content\/uploads\/2018\/03\/Logo200x200.jpg?fit=200200\" \/>\n\t\t<meta property=\"article:published_time\" content=\"2020-11-04T23:55:19+00:00\" \/>\n\t\t<meta property=\"article:modified_time\" content=\"2021-09-08T18:31:45+00:00\" \/>\n\t\t<meta name=\"twitter:card\" content=\"summary_large_image\" \/>\n\t\t<meta name=\"twitter:title\" content=\"Como ser um l\u00edder inclusivo - Corporate Academy\" \/>\n\t\t<meta name=\"twitter:description\" content=\"Fernando Neves, Ph.D. Ap\u00f3s um dia cheio de atividades na empresa Reinaldo convidou o time para um jantar de boas vindas aos visitantes estrangeiros que vieram para o startup do projeto de uma nova m\u00e1quina na filial do Brasil. Cada um tomou seu lugar na churrascaria quando um dos visitantes solicitou ao gar\u00e7om em ingl\u00eas:\u2014\" \/>\n\t\t<meta name=\"twitter:image\" content=\"https:\/\/i0.wp.com\/corporateacademy.org\/wp-content\/uploads\/2018\/03\/Logo200x200.jpg?fit=200200\" \/>\n\t\t<script type=\"application\/ld+json\" class=\"aioseo-schema\">\n\t\t\t{\"@context\":\"https:\\\/\\\/schema.org\",\"@graph\":[{\"@type\":\"BlogPosting\",\"@id\":\"https:\\\/\\\/corporateacademy.org\\\/index.php\\\/2020\\\/11\\\/04\\\/como-ser-um-lider-inclusivo\\\/#blogposting\",\"name\":\"Como ser um l\\u00edder inclusivo - Corporate Academy\",\"headline\":\"Como ser um l\\u00edder inclusivo\",\"author\":{\"@id\":\"https:\\\/\\\/corporateacademy.org\\\/index.php\\\/author\\\/nevesf\\\/#author\"},\"publisher\":{\"@id\":\"https:\\\/\\\/corporateacademy.org\\\/#organization\"},\"image\":{\"@type\":\"ImageObject\",\"url\":\"https:\\\/\\\/i0.wp.com\\\/corporateacademy.org\\\/wp-content\\\/uploads\\\/2020\\\/11\\\/migration-3129340_1920.jpg?fit=1920%2C1079&ssl=1\",\"width\":1920,\"height\":1079,\"caption\":\"lideran\\u00e7a inclusiva\"},\"datePublished\":\"2020-11-04T20:55:19-03:00\",\"dateModified\":\"2021-09-08T15:31:45-03:00\",\"inLanguage\":\"pt-BR\",\"mainEntityOfPage\":{\"@id\":\"https:\\\/\\\/corporateacademy.org\\\/index.php\\\/2020\\\/11\\\/04\\\/como-ser-um-lider-inclusivo\\\/#webpage\"},\"isPartOf\":{\"@id\":\"https:\\\/\\\/corporateacademy.org\\\/index.php\\\/2020\\\/11\\\/04\\\/como-ser-um-lider-inclusivo\\\/#webpage\"},\"articleSection\":\"Ambiente corporativo, comportamento, diversidade, Educa\\u00e7\\u00e3o, gest\\u00e3o de pessoas, inteligencia emocional, Trabalho em Equipe, conversa, corporativo, diversidade, g\\u00eanero, inclus\\u00e3o, lideran\\u00e7a, lideran\\u00e7a inclusiva, liderar, Mary-Frances, ra\\u00e7a, religi\\u00e3o, time, trabalho em equipe\"},{\"@type\":\"BreadcrumbList\",\"@id\":\"https:\\\/\\\/corporateacademy.org\\\/index.php\\\/2020\\\/11\\\/04\\\/como-ser-um-lider-inclusivo\\\/#breadcrumblist\",\"itemListElement\":[{\"@type\":\"ListItem\",\"@id\":\"https:\\\/\\\/corporateacademy.org#listItem\",\"position\":1,\"name\":\"Home\",\"item\":\"https:\\\/\\\/corporateacademy.org\",\"nextItem\":{\"@type\":\"ListItem\",\"@id\":\"https:\\\/\\\/corporateacademy.org\\\/index.php\\\/category\\\/comportamento\\\/#listItem\",\"name\":\"comportamento\"}},{\"@type\":\"ListItem\",\"@id\":\"https:\\\/\\\/corporateacademy.org\\\/index.php\\\/category\\\/comportamento\\\/#listItem\",\"position\":2,\"name\":\"comportamento\",\"item\":\"https:\\\/\\\/corporateacademy.org\\\/index.php\\\/category\\\/comportamento\\\/\",\"nextItem\":{\"@type\":\"ListItem\",\"@id\":\"https:\\\/\\\/corporateacademy.org\\\/index.php\\\/2020\\\/11\\\/04\\\/como-ser-um-lider-inclusivo\\\/#listItem\",\"name\":\"Como ser um l\\u00edder inclusivo\"},\"previousItem\":{\"@type\":\"ListItem\",\"@id\":\"https:\\\/\\\/corporateacademy.org#listItem\",\"name\":\"Home\"}},{\"@type\":\"ListItem\",\"@id\":\"https:\\\/\\\/corporateacademy.org\\\/index.php\\\/2020\\\/11\\\/04\\\/como-ser-um-lider-inclusivo\\\/#listItem\",\"position\":3,\"name\":\"Como ser um l\\u00edder inclusivo\",\"previousItem\":{\"@type\":\"ListItem\",\"@id\":\"https:\\\/\\\/corporateacademy.org\\\/index.php\\\/category\\\/comportamento\\\/#listItem\",\"name\":\"comportamento\"}}]},{\"@type\":\"Organization\",\"@id\":\"https:\\\/\\\/corporateacademy.org\\\/#organization\",\"name\":\"Corporate Academy\",\"description\":\"Compartilhando Conhecimento\",\"url\":\"https:\\\/\\\/corporateacademy.org\\\/\",\"logo\":{\"@type\":\"ImageObject\",\"url\":\"https:\\\/\\\/i0.wp.com\\\/corporateacademy.org\\\/wp-content\\\/uploads\\\/2018\\\/03\\\/Logo200x200.jpg?fit=200%2C200&ssl=1\",\"@id\":\"https:\\\/\\\/corporateacademy.org\\\/index.php\\\/2020\\\/11\\\/04\\\/como-ser-um-lider-inclusivo\\\/#organizationLogo\",\"width\":200,\"height\":200},\"image\":{\"@id\":\"https:\\\/\\\/corporateacademy.org\\\/index.php\\\/2020\\\/11\\\/04\\\/como-ser-um-lider-inclusivo\\\/#organizationLogo\"}},{\"@type\":\"Person\",\"@id\":\"https:\\\/\\\/corporateacademy.org\\\/index.php\\\/author\\\/nevesf\\\/#author\",\"url\":\"https:\\\/\\\/corporateacademy.org\\\/index.php\\\/author\\\/nevesf\\\/\",\"name\":\"Editor\",\"image\":{\"@type\":\"ImageObject\",\"@id\":\"https:\\\/\\\/corporateacademy.org\\\/index.php\\\/2020\\\/11\\\/04\\\/como-ser-um-lider-inclusivo\\\/#authorImage\",\"url\":\"https:\\\/\\\/secure.gravatar.com\\\/avatar\\\/40a180061deabb68d04bd9f812bde2b372b5d57984baf7dd947ee866377d90fb?s=96&d=blank&r=g\",\"width\":96,\"height\":96,\"caption\":\"Editor\"}},{\"@type\":\"WebPage\",\"@id\":\"https:\\\/\\\/corporateacademy.org\\\/index.php\\\/2020\\\/11\\\/04\\\/como-ser-um-lider-inclusivo\\\/#webpage\",\"url\":\"https:\\\/\\\/corporateacademy.org\\\/index.php\\\/2020\\\/11\\\/04\\\/como-ser-um-lider-inclusivo\\\/\",\"name\":\"Como ser um l\\u00edder inclusivo - Corporate Academy\",\"description\":\"Fernando Neves, Ph.D. Ap\\u00f3s um dia cheio de atividades na empresa Reinaldo convidou o time para um jantar de boas vindas aos visitantes estrangeiros que vieram para o startup do projeto de uma nova m\\u00e1quina na filial do Brasil. Cada um tomou seu lugar na churrascaria quando um dos visitantes solicitou ao gar\\u00e7om em ingl\\u00eas:\\u2014\",\"inLanguage\":\"pt-BR\",\"isPartOf\":{\"@id\":\"https:\\\/\\\/corporateacademy.org\\\/#website\"},\"breadcrumb\":{\"@id\":\"https:\\\/\\\/corporateacademy.org\\\/index.php\\\/2020\\\/11\\\/04\\\/como-ser-um-lider-inclusivo\\\/#breadcrumblist\"},\"author\":{\"@id\":\"https:\\\/\\\/corporateacademy.org\\\/index.php\\\/author\\\/nevesf\\\/#author\"},\"creator\":{\"@id\":\"https:\\\/\\\/corporateacademy.org\\\/index.php\\\/author\\\/nevesf\\\/#author\"},\"image\":{\"@type\":\"ImageObject\",\"url\":\"https:\\\/\\\/i0.wp.com\\\/corporateacademy.org\\\/wp-content\\\/uploads\\\/2020\\\/11\\\/migration-3129340_1920.jpg?fit=1920%2C1079&ssl=1\",\"@id\":\"https:\\\/\\\/corporateacademy.org\\\/index.php\\\/2020\\\/11\\\/04\\\/como-ser-um-lider-inclusivo\\\/#mainImage\",\"width\":1920,\"height\":1079,\"caption\":\"lideran\\u00e7a inclusiva\"},\"primaryImageOfPage\":{\"@id\":\"https:\\\/\\\/corporateacademy.org\\\/index.php\\\/2020\\\/11\\\/04\\\/como-ser-um-lider-inclusivo\\\/#mainImage\"},\"datePublished\":\"2020-11-04T20:55:19-03:00\",\"dateModified\":\"2021-09-08T15:31:45-03:00\"},{\"@type\":\"WebSite\",\"@id\":\"https:\\\/\\\/corporateacademy.org\\\/#website\",\"url\":\"https:\\\/\\\/corporateacademy.org\\\/\",\"name\":\"Corporate Academy\",\"description\":\"Compartilhando Conhecimento\",\"inLanguage\":\"pt-BR\",\"publisher\":{\"@id\":\"https:\\\/\\\/corporateacademy.org\\\/#organization\"}}]}\n\t\t<\/script>\n\t\t<!-- All in One SEO -->\n\n","aioseo_head_json":{"title":"Como ser um l\u00edder inclusivo - Corporate Academy","description":"Fernando Neves, Ph.D. Ap\u00f3s um dia cheio de atividades na empresa Reinaldo convidou o time para um jantar de boas vindas aos visitantes estrangeiros que vieram para o startup do projeto de uma nova m\u00e1quina na filial do Brasil. Cada um tomou seu lugar na churrascaria quando um dos visitantes solicitou ao gar\u00e7om em ingl\u00eas:\u2014","canonical_url":"https:\/\/corporateacademy.org\/index.php\/2020\/11\/04\/como-ser-um-lider-inclusivo\/","robots":"max-image-preview:large","keywords":"","webmasterTools":{"miscellaneous":""},"schema":{"@context":"https:\/\/schema.org","@graph":[{"@type":"BlogPosting","@id":"https:\/\/corporateacademy.org\/index.php\/2020\/11\/04\/como-ser-um-lider-inclusivo\/#blogposting","name":"Como ser um l\u00edder inclusivo - Corporate Academy","headline":"Como ser um l\u00edder inclusivo","author":{"@id":"https:\/\/corporateacademy.org\/index.php\/author\/nevesf\/#author"},"publisher":{"@id":"https:\/\/corporateacademy.org\/#organization"},"image":{"@type":"ImageObject","url":"https:\/\/i0.wp.com\/corporateacademy.org\/wp-content\/uploads\/2020\/11\/migration-3129340_1920.jpg?fit=1920%2C1079&ssl=1","width":1920,"height":1079,"caption":"lideran\u00e7a inclusiva"},"datePublished":"2020-11-04T20:55:19-03:00","dateModified":"2021-09-08T15:31:45-03:00","inLanguage":"pt-BR","mainEntityOfPage":{"@id":"https:\/\/corporateacademy.org\/index.php\/2020\/11\/04\/como-ser-um-lider-inclusivo\/#webpage"},"isPartOf":{"@id":"https:\/\/corporateacademy.org\/index.php\/2020\/11\/04\/como-ser-um-lider-inclusivo\/#webpage"},"articleSection":"Ambiente corporativo, comportamento, diversidade, Educa\u00e7\u00e3o, gest\u00e3o de pessoas, inteligencia emocional, Trabalho em Equipe, conversa, corporativo, diversidade, g\u00eanero, inclus\u00e3o, lideran\u00e7a, lideran\u00e7a inclusiva, liderar, Mary-Frances, ra\u00e7a, religi\u00e3o, time, trabalho em equipe"},{"@type":"BreadcrumbList","@id":"https:\/\/corporateacademy.org\/index.php\/2020\/11\/04\/como-ser-um-lider-inclusivo\/#breadcrumblist","itemListElement":[{"@type":"ListItem","@id":"https:\/\/corporateacademy.org#listItem","position":1,"name":"Home","item":"https:\/\/corporateacademy.org","nextItem":{"@type":"ListItem","@id":"https:\/\/corporateacademy.org\/index.php\/category\/comportamento\/#listItem","name":"comportamento"}},{"@type":"ListItem","@id":"https:\/\/corporateacademy.org\/index.php\/category\/comportamento\/#listItem","position":2,"name":"comportamento","item":"https:\/\/corporateacademy.org\/index.php\/category\/comportamento\/","nextItem":{"@type":"ListItem","@id":"https:\/\/corporateacademy.org\/index.php\/2020\/11\/04\/como-ser-um-lider-inclusivo\/#listItem","name":"Como ser um l\u00edder inclusivo"},"previousItem":{"@type":"ListItem","@id":"https:\/\/corporateacademy.org#listItem","name":"Home"}},{"@type":"ListItem","@id":"https:\/\/corporateacademy.org\/index.php\/2020\/11\/04\/como-ser-um-lider-inclusivo\/#listItem","position":3,"name":"Como ser um l\u00edder inclusivo","previousItem":{"@type":"ListItem","@id":"https:\/\/corporateacademy.org\/index.php\/category\/comportamento\/#listItem","name":"comportamento"}}]},{"@type":"Organization","@id":"https:\/\/corporateacademy.org\/#organization","name":"Corporate Academy","description":"Compartilhando Conhecimento","url":"https:\/\/corporateacademy.org\/","logo":{"@type":"ImageObject","url":"https:\/\/i0.wp.com\/corporateacademy.org\/wp-content\/uploads\/2018\/03\/Logo200x200.jpg?fit=200%2C200&ssl=1","@id":"https:\/\/corporateacademy.org\/index.php\/2020\/11\/04\/como-ser-um-lider-inclusivo\/#organizationLogo","width":200,"height":200},"image":{"@id":"https:\/\/corporateacademy.org\/index.php\/2020\/11\/04\/como-ser-um-lider-inclusivo\/#organizationLogo"}},{"@type":"Person","@id":"https:\/\/corporateacademy.org\/index.php\/author\/nevesf\/#author","url":"https:\/\/corporateacademy.org\/index.php\/author\/nevesf\/","name":"Editor","image":{"@type":"ImageObject","@id":"https:\/\/corporateacademy.org\/index.php\/2020\/11\/04\/como-ser-um-lider-inclusivo\/#authorImage","url":"https:\/\/secure.gravatar.com\/avatar\/40a180061deabb68d04bd9f812bde2b372b5d57984baf7dd947ee866377d90fb?s=96&d=blank&r=g","width":96,"height":96,"caption":"Editor"}},{"@type":"WebPage","@id":"https:\/\/corporateacademy.org\/index.php\/2020\/11\/04\/como-ser-um-lider-inclusivo\/#webpage","url":"https:\/\/corporateacademy.org\/index.php\/2020\/11\/04\/como-ser-um-lider-inclusivo\/","name":"Como ser um l\u00edder inclusivo - Corporate Academy","description":"Fernando Neves, Ph.D. Ap\u00f3s um dia cheio de atividades na empresa Reinaldo convidou o time para um jantar de boas vindas aos visitantes estrangeiros que vieram para o startup do projeto de uma nova m\u00e1quina na filial do Brasil. Cada um tomou seu lugar na churrascaria quando um dos visitantes solicitou ao gar\u00e7om em ingl\u00eas:\u2014","inLanguage":"pt-BR","isPartOf":{"@id":"https:\/\/corporateacademy.org\/#website"},"breadcrumb":{"@id":"https:\/\/corporateacademy.org\/index.php\/2020\/11\/04\/como-ser-um-lider-inclusivo\/#breadcrumblist"},"author":{"@id":"https:\/\/corporateacademy.org\/index.php\/author\/nevesf\/#author"},"creator":{"@id":"https:\/\/corporateacademy.org\/index.php\/author\/nevesf\/#author"},"image":{"@type":"ImageObject","url":"https:\/\/i0.wp.com\/corporateacademy.org\/wp-content\/uploads\/2020\/11\/migration-3129340_1920.jpg?fit=1920%2C1079&ssl=1","@id":"https:\/\/corporateacademy.org\/index.php\/2020\/11\/04\/como-ser-um-lider-inclusivo\/#mainImage","width":1920,"height":1079,"caption":"lideran\u00e7a inclusiva"},"primaryImageOfPage":{"@id":"https:\/\/corporateacademy.org\/index.php\/2020\/11\/04\/como-ser-um-lider-inclusivo\/#mainImage"},"datePublished":"2020-11-04T20:55:19-03:00","dateModified":"2021-09-08T15:31:45-03:00"},{"@type":"WebSite","@id":"https:\/\/corporateacademy.org\/#website","url":"https:\/\/corporateacademy.org\/","name":"Corporate Academy","description":"Compartilhando Conhecimento","inLanguage":"pt-BR","publisher":{"@id":"https:\/\/corporateacademy.org\/#organization"}}]},"og:locale":"pt_BR","og:site_name":"Corporate Academy - Compartilhando Conhecimento","og:type":"article","og:title":"Como ser um l\u00edder inclusivo - Corporate Academy","og:description":"Fernando Neves, Ph.D. Ap\u00f3s um dia cheio de atividades na empresa Reinaldo convidou o time para um jantar de boas vindas aos visitantes estrangeiros que vieram para o startup do projeto de uma nova m\u00e1quina na filial do Brasil. Cada um tomou seu lugar na churrascaria quando um dos visitantes solicitou ao gar\u00e7om em ingl\u00eas:\u2014","og:url":"https:\/\/corporateacademy.org\/index.php\/2020\/11\/04\/como-ser-um-lider-inclusivo\/","og:image":"https:\/\/i0.wp.com\/corporateacademy.org\/wp-content\/uploads\/2018\/03\/Logo200x200.jpg?fit=200200","og:image:secure_url":"https:\/\/i0.wp.com\/corporateacademy.org\/wp-content\/uploads\/2018\/03\/Logo200x200.jpg?fit=200200","article:published_time":"2020-11-04T23:55:19+00:00","article:modified_time":"2021-09-08T18:31:45+00:00","twitter:card":"summary_large_image","twitter:title":"Como ser um l\u00edder inclusivo - Corporate Academy","twitter:description":"Fernando Neves, Ph.D. Ap\u00f3s um dia cheio de atividades na empresa Reinaldo convidou o time para um jantar de boas vindas aos visitantes estrangeiros que vieram para o startup do projeto de uma nova m\u00e1quina na filial do Brasil. Cada um tomou seu lugar na churrascaria quando um dos visitantes solicitou ao gar\u00e7om em ingl\u00eas:\u2014","twitter:image":"https:\/\/i0.wp.com\/corporateacademy.org\/wp-content\/uploads\/2018\/03\/Logo200x200.jpg?fit=200200"},"aioseo_meta_data":{"post_id":"874","title":null,"description":null,"keywords":null,"keyphrases":null,"focus_keyword":null,"additional_keywords":null,"truseo_locale":null,"primary_term":null,"canonical_url":null,"og_title":null,"og_description":null,"og_object_type":"default","og_image_type":"default","og_image_custom_url":null,"og_image_custom_fields":null,"og_image_url":null,"og_image_width":null,"og_image_height":null,"og_video":null,"og_custom_url":null,"og_article_section":null,"og_article_tags":null,"twitter_use_og":false,"twitter_card":"default","twitter_image_type":"default","twitter_image_custom_url":null,"twitter_image_custom_fields":null,"twitter_image_url":null,"twitter_title":null,"twitter_description":null,"schema_type":"default","schema_type_options":null,"schema":{"blockGraphs":[],"customGraphs":[],"default":{"data":{"Article":[],"Course":[],"Dataset":[],"FAQPage":[],"Movie":[],"Person":[],"Product":[],"ProductReview":[],"Car":[],"Recipe":[],"Service":[],"SoftwareApplication":[],"WebPage":[]},"graphName":"","isEnabled":true},"graphs":[]},"pillar_content":false,"robots_default":true,"robots_noindex":false,"robots_noarchive":false,"robots_nosnippet":false,"robots_nofollow":false,"robots_noimageindex":false,"robots_noodp":false,"robots_notranslate":false,"robots_max_snippet":null,"robots_max_videopreview":null,"robots_max_imagepreview":"large","priority":null,"frequency":null,"local_seo":null,"limit_modified_date":false,"ai":null,"breadcrumb_settings":null,"seo_analyzer_scan_date":null,"created":"2026-09-02 21:56:41","updated":"2026-09-02 21:56:41"},"aioseo_breadcrumb":"<div class=\"aioseo-breadcrumbs\"><span class=\"aioseo-breadcrumb\">\n\t\t\t<a href=\"https:\/\/corporateacademy.org\" title=\"Home\">Home<\/a>\n\t\t<\/span><span class=\"aioseo-breadcrumb-separator\">&raquo;<\/span><span class=\"aioseo-breadcrumb\">\n\t\t\t<a href=\"https:\/\/corporateacademy.org\/index.php\/category\/comportamento\/\" title=\"comportamento\">comportamento<\/a>\n\t\t<\/span><span class=\"aioseo-breadcrumb-separator\">&raquo;<\/span><span class=\"aioseo-breadcrumb\">\n\t\t\tComo ser um l\u00edder inclusivo\n\t\t<\/span><\/div>","aioseo_breadcrumb_json":[{"label":"Home","link":"https:\/\/corporateacademy.org"},{"label":"comportamento","link":"https:\/\/corporateacademy.org\/index.php\/category\/comportamento\/"},{"label":"Como ser um l\u00edder inclusivo","link":"https:\/\/corporateacademy.org\/index.php\/2020\/11\/04\/como-ser-um-lider-inclusivo\/"}],"jetpack_publicize_connections":[],"jetpack_sharing_enabled":true,"jetpack_shortlink":"https:\/\/wp.me\/p9MYp6-e6","jetpack_likes_enabled":true,"jetpack-related-posts":[{"id":2432,"url":"https:\/\/corporateacademy.org\/index.php\/2025\/02\/14\/o-futuro-do-trabalho-como-lideres-podem-navegar-na-fronteira-entre-humanos-e-maquinas-insights-do-forum-economico-mundial\/","url_meta":{"origin":874,"position":0},"title":"O Futuro do Trabalho: Como L\u00edderes Podem Navegar na Fronteira Entre Humanos e M\u00e1quinas- Insights do F\u00f3rum Econ\u00f4mico Mundial.","author":"Editor","date":"14\/02\/2025","format":false,"excerpt":"Imagine o seguinte cen\u00e1rio: voc\u00ea chega ao trabalho e percebe que metade das tarefas que antes eram executadas por sua equipe agora s\u00e3o gerenciadas por intelig\u00eancia artificial. Os relat\u00f3rios financeiros, a triagem de candidatos para novas contrata\u00e7\u00f5es e at\u00e9 mesmo o atendimento ao cliente passaram a ser conduzidos por algoritmos\u2026","rel":"","context":"Em &quot;Ambiente corporativo&quot;","block_context":{"text":"Ambiente corporativo","link":"https:\/\/corporateacademy.org\/index.php\/category\/ambiente-corporativo\/"},"img":{"alt_text":"Humans and robots at the office","src":"https:\/\/i0.wp.com\/corporateacademy.org\/wp-content\/uploads\/2025\/02\/Human-and-Robots-Office.jpg?fit=1200%2C686&ssl=1&resize=350%2C200","width":350,"height":200,"srcset":"https:\/\/i0.wp.com\/corporateacademy.org\/wp-content\/uploads\/2025\/02\/Human-and-Robots-Office.jpg?fit=1200%2C686&ssl=1&resize=350%2C200 1x, https:\/\/i0.wp.com\/corporateacademy.org\/wp-content\/uploads\/2025\/02\/Human-and-Robots-Office.jpg?fit=1200%2C686&ssl=1&resize=525%2C300 1.5x, https:\/\/i0.wp.com\/corporateacademy.org\/wp-content\/uploads\/2025\/02\/Human-and-Robots-Office.jpg?fit=1200%2C686&ssl=1&resize=700%2C400 2x, https:\/\/i0.wp.com\/corporateacademy.org\/wp-content\/uploads\/2025\/02\/Human-and-Robots-Office.jpg?fit=1200%2C686&ssl=1&resize=1050%2C600 3x"},"classes":[]},{"id":2360,"url":"https:\/\/corporateacademy.org\/index.php\/2024\/12\/08\/e-lideranca-a-arte-de-liderar-na-era-digital\/","url_meta":{"origin":874,"position":1},"title":"E-Lideran\u00e7a: A Arte de Liderar na Era Digital","author":"Editor","date":"08\/12\/2024","format":false,"excerpt":"Era uma manh\u00e3 nublada de segunda-feira quando Ana, uma gerente de projetos em uma empresa de tecnologia, acordou com uma notifica\u00e7\u00e3o urgente em seu celular: \"Reuni\u00e3o de emerg\u00eancia \u00e0s 9h.\" Desde o in\u00edcio da pandemia, o escrit\u00f3rio f\u00edsico havia se transformado em um mosaico de telas de v\u00eddeo, com sua\u2026","rel":"","context":"Em &quot;Ambiente corporativo&quot;","block_context":{"text":"Ambiente corporativo","link":"https:\/\/corporateacademy.org\/index.php\/category\/ambiente-corporativo\/"},"img":{"alt_text":"e-lideran\u00e7a","src":"https:\/\/i0.wp.com\/corporateacademy.org\/wp-content\/uploads\/2024\/12\/e-lider3.png?fit=978%2C542&ssl=1&resize=350%2C200","width":350,"height":200,"srcset":"https:\/\/i0.wp.com\/corporateacademy.org\/wp-content\/uploads\/2024\/12\/e-lider3.png?fit=978%2C542&ssl=1&resize=350%2C200 1x, https:\/\/i0.wp.com\/corporateacademy.org\/wp-content\/uploads\/2024\/12\/e-lider3.png?fit=978%2C542&ssl=1&resize=525%2C300 1.5x, https:\/\/i0.wp.com\/corporateacademy.org\/wp-content\/uploads\/2024\/12\/e-lider3.png?fit=978%2C542&ssl=1&resize=700%2C400 2x"},"classes":[]},{"id":1,"url":"https:\/\/corporateacademy.org\/index.php\/2018\/01\/12\/gosto-de-voce-somos-parecidos\/","url_meta":{"origin":874,"position":2},"title":"Gosto de voc\u00ea! Somos muito parecidos!","author":"Editor","date":"12\/01\/2018","format":false,"excerpt":"Fernando Neves, Ph.D.\u00a0 \u00a0 \u00a0 \u00a0 Em tempos de rede social e algoritmos, aquela ideia de que os opostos se atraem n\u00e3o \u00e9 verdadeira. O natural \u00e9 exatamente o oposto, ou seja, \u00a0que nos conectemos com as pessoas com quem temos afinidades. Quer queiramos admitir ou n\u00e3o, n\u00f3s gostamos disso!\u2026","rel":"","context":"Em &quot;Ambiente corporativo&quot;","block_context":{"text":"Ambiente corporativo","link":"https:\/\/corporateacademy.org\/index.php\/category\/ambiente-corporativo\/"},"img":{"alt_text":"","src":"https:\/\/i0.wp.com\/corporateacademy.org\/wp-content\/uploads\/2018\/01\/car-communication-3100981GertAltmann.jpg?fit=1200%2C400&ssl=1&resize=350%2C200","width":350,"height":200,"srcset":"https:\/\/i0.wp.com\/corporateacademy.org\/wp-content\/uploads\/2018\/01\/car-communication-3100981GertAltmann.jpg?fit=1200%2C400&ssl=1&resize=350%2C200 1x, https:\/\/i0.wp.com\/corporateacademy.org\/wp-content\/uploads\/2018\/01\/car-communication-3100981GertAltmann.jpg?fit=1200%2C400&ssl=1&resize=525%2C300 1.5x, https:\/\/i0.wp.com\/corporateacademy.org\/wp-content\/uploads\/2018\/01\/car-communication-3100981GertAltmann.jpg?fit=1200%2C400&ssl=1&resize=700%2C400 2x, https:\/\/i0.wp.com\/corporateacademy.org\/wp-content\/uploads\/2018\/01\/car-communication-3100981GertAltmann.jpg?fit=1200%2C400&ssl=1&resize=1050%2C600 3x"},"classes":[]},{"id":1656,"url":"https:\/\/corporateacademy.org\/index.php\/2022\/12\/28\/as-cinco-melhores-praticas-usadas-por-lideres-de-sucesso-para-formar-as-melhores-equipes\/","url_meta":{"origin":874,"position":3},"title":"As Cinco Melhores Pr\u00e1ticas usadas por L\u00edderes de Sucesso para Formar as Melhores equipes.","author":"Editor","date":"28\/12\/2022","format":false,"excerpt":"Imagine que voc\u00ea \u00e9 o CEO de uma empresa de tecnologia que est\u00e1 prestes a lan\u00e7ar um novo produto. Voc\u00ea sabe que o sucesso desse produto depende da capacidade de sua equipe de trabalhar junta de forma coesa e eficiente. Ent\u00e3o, voc\u00ea come\u00e7a a procurar as melhores pr\u00e1ticas para formar\u2026","rel":"","context":"Em &quot;Ambiente corporativo&quot;","block_context":{"text":"Ambiente corporativo","link":"https:\/\/corporateacademy.org\/index.php\/category\/ambiente-corporativo\/"},"img":{"alt_text":"Lideran\u00e7a e equipe","src":"https:\/\/i0.wp.com\/corporateacademy.org\/wp-content\/uploads\/2022\/12\/people-1979261_1280.jpg?fit=1200%2C800&ssl=1&resize=350%2C200","width":350,"height":200,"srcset":"https:\/\/i0.wp.com\/corporateacademy.org\/wp-content\/uploads\/2022\/12\/people-1979261_1280.jpg?fit=1200%2C800&ssl=1&resize=350%2C200 1x, https:\/\/i0.wp.com\/corporateacademy.org\/wp-content\/uploads\/2022\/12\/people-1979261_1280.jpg?fit=1200%2C800&ssl=1&resize=525%2C300 1.5x, https:\/\/i0.wp.com\/corporateacademy.org\/wp-content\/uploads\/2022\/12\/people-1979261_1280.jpg?fit=1200%2C800&ssl=1&resize=700%2C400 2x, https:\/\/i0.wp.com\/corporateacademy.org\/wp-content\/uploads\/2022\/12\/people-1979261_1280.jpg?fit=1200%2C800&ssl=1&resize=1050%2C600 3x"},"classes":[]},{"id":327,"url":"https:\/\/corporateacademy.org\/index.php\/2018\/08\/09\/trabalhando-com-equipes-multiculturais-e-multifuncionais-em-ambiente-vuca\/","url_meta":{"origin":874,"position":4},"title":"Trabalhando com equipes multiculturais e multifuncionais em ambiente VUCA","author":"Editor","date":"09\/08\/2018","format":false,"excerpt":"Texto: Fernando Neves, Ph.D. Imagem: Alexandra (Alexas_Fotos, Pixabay) As organiza\u00e7\u00f5es s\u00e3o formadas por pessoas e pessoas s\u00e3o diferentes, possuem interesses e aspira\u00e7\u00f5es distintas e acima de tudo cada um tem a sua pr\u00f3pria personalidade e individualidade. Mas o que acontece quando estas pessoas possuem um objetivo comum? O que ocorre\u2026","rel":"","context":"Em &quot;Ambiente corporativo&quot;","block_context":{"text":"Ambiente corporativo","link":"https:\/\/corporateacademy.org\/index.php\/category\/ambiente-corporativo\/"},"img":{"alt_text":"","src":"\/\/ws-na.amazon-adsystem.com\/widgets\/q?_encoding=UTF8&MarketPlace=BR&ASIN=8598254584&ServiceVersion=20070822&ID=AsinImage&WS=1&Format=_SL250_&tag=nevesf-20","width":350,"height":200},"classes":[]},{"id":2340,"url":"https:\/\/corporateacademy.org\/index.php\/2024\/11\/15\/como-conquistar-e-inspirar-pessoas-no-ambiente-de-trabalho-licoes-de-carnegie\/","url_meta":{"origin":874,"position":5},"title":"Como Conquistar e Inspirar Pessoas no Ambiente de Trabalho: Li\u00e7\u00f5es de Carnegie.","author":"Editor","date":"15\/11\/2024","format":false,"excerpt":"Pedro \u00e9 um executivo de sucesso que lidera uma equipe h\u00e1 anos, \u00e9 respeitado e considerado um \u00f3timo estrategista. No entanto, em suas \u00faltimas reuni\u00f5es com sua equipe, Pedro percebeu um abiente tenso e as pessoas distantes. O time n\u00e3o estava comprando suas ideias, ou talvez ele n\u00e3o estivesse sendo\u2026","rel":"","context":"Em &quot;Ambiente corporativo&quot;","block_context":{"text":"Ambiente corporativo","link":"https:\/\/corporateacademy.org\/index.php\/category\/ambiente-corporativo\/"},"img":{"alt_text":"Happy hour","src":"https:\/\/i0.wp.com\/corporateacademy.org\/wp-content\/uploads\/2024\/11\/amigos-01.jpg?fit=1200%2C670&ssl=1&resize=350%2C200","width":350,"height":200,"srcset":"https:\/\/i0.wp.com\/corporateacademy.org\/wp-content\/uploads\/2024\/11\/amigos-01.jpg?fit=1200%2C670&ssl=1&resize=350%2C200 1x, https:\/\/i0.wp.com\/corporateacademy.org\/wp-content\/uploads\/2024\/11\/amigos-01.jpg?fit=1200%2C670&ssl=1&resize=525%2C300 1.5x, https:\/\/i0.wp.com\/corporateacademy.org\/wp-content\/uploads\/2024\/11\/amigos-01.jpg?fit=1200%2C670&ssl=1&resize=700%2C400 2x, https:\/\/i0.wp.com\/corporateacademy.org\/wp-content\/uploads\/2024\/11\/amigos-01.jpg?fit=1200%2C670&ssl=1&resize=1050%2C600 3x"},"classes":[]}],"jetpack_featured_media_url":"https:\/\/i0.wp.com\/corporateacademy.org\/wp-content\/uploads\/2020\/11\/migration-3129340_1920.jpg?fit=1920%2C1079&ssl=1","_links":{"self":[{"href":"https:\/\/corporateacademy.org\/index.php\/wp-json\/wp\/v2\/posts\/874","targetHints":{"allow":["GET"]}}],"collection":[{"href":"https:\/\/corporateacademy.org\/index.php\/wp-json\/wp\/v2\/posts"}],"about":[{"href":"https:\/\/corporateacademy.org\/index.php\/wp-json\/wp\/v2\/types\/post"}],"author":[{"embeddable":true,"href":"https:\/\/corporateacademy.org\/index.php\/wp-json\/wp\/v2\/users\/1"}],"replies":[{"embeddable":true,"href":"https:\/\/corporateacademy.org\/index.php\/wp-json\/wp\/v2\/comments?post=874"}],"version-history":[{"count":12,"href":"https:\/\/corporateacademy.org\/index.php\/wp-json\/wp\/v2\/posts\/874\/revisions"}],"predecessor-version":[{"id":1107,"href":"https:\/\/corporateacademy.org\/index.php\/wp-json\/wp\/v2\/posts\/874\/revisions\/1107"}],"wp:featuredmedia":[{"embeddable":true,"href":"https:\/\/corporateacademy.org\/index.php\/wp-json\/wp\/v2\/media\/878"}],"wp:attachment":[{"href":"https:\/\/corporateacademy.org\/index.php\/wp-json\/wp\/v2\/media?parent=874"}],"wp:term":[{"taxonomy":"category","embeddable":true,"href":"https:\/\/corporateacademy.org\/index.php\/wp-json\/wp\/v2\/categories?post=874"},{"taxonomy":"post_tag","embeddable":true,"href":"https:\/\/corporateacademy.org\/index.php\/wp-json\/wp\/v2\/tags?post=874"}],"curies":[{"name":"wp","href":"https:\/\/api.w.org\/{rel}","templated":true}]}}