{"id":973,"date":"2021-03-12T12:17:05","date_gmt":"2021-03-12T15:17:05","guid":{"rendered":"https:\/\/corporateacademy.org\/?p=973"},"modified":"2021-03-12T15:15:32","modified_gmt":"2021-03-12T18:15:32","slug":"do-vuca-ao-bani-uma-nova-forma-de-interpretar-as-mudancas","status":"publish","type":"post","link":"https:\/\/corporateacademy.org\/index.php\/2021\/03\/12\/do-vuca-ao-bani-uma-nova-forma-de-interpretar-as-mudancas\/","title":{"rendered":"Do VUCA ao BANI &#8211; Uma nova forma de interpretar as mudan\u00e7as."},"content":{"rendered":"\n<p class=\"wp-block-paragraph\">Fernando Neves, Ph.D.<\/p>\n\n\n\n<p class=\"has-drop-cap wp-block-paragraph\">O ano de 2020 ser\u00e1 sempre lembrado como um marco na hist\u00f3ria. Seria dif\u00edcil apostar que haveria uma mudan\u00e7a de comportamento t\u00e3o dr\u00e1stica n\u00e3o somente na rotina das pessoas, mas  tamb\u00e9m na economia, pol\u00edtica e na forma de fazer neg\u00f3cios. N\u00e3o podemos dizer que ningu\u00e9m esperava algo dessa natureza, mas o mundo n\u00e3o estava e ainda n\u00e3o est\u00e1 preparado para o caos que foi instaurado. O fato \u00e9 que ap\u00f3s a tempestade vem a bonan\u00e7a, mas o mundo mudou de tal forma que at\u00e9 mesmo a esperan\u00e7a de ventos favor\u00e1veis coloca em d\u00favida at\u00e9 quando os impactos da pandemia ir\u00e1 nos acompanhar.<\/p>\n\n\n\n<blockquote class=\"wp-block-quote is-layout-flow wp-block-quote-is-layout-flow\"><p>Vivemos uma era de desastres clim\u00e1ticos, disrup\u00e7\u00e3o tecnol\u00f3gica e caos pol\u00edtico, que fogem a qualquer estabilidade.<\/p><\/blockquote>\n\n\n\n<p class=\"wp-block-paragraph\">Para o escritor e consultor Jamais Cascio, n\u00f3s entramos na era do caos. Os efeitos da pandemia s\u00e3o percebidos de imediato porque causa uma mudan\u00e7a instant\u00e2nea e at\u00e9 por for\u00e7a de lei, dado o risco iminente. No entanto, vivemos em uma era de desastres clim\u00e1ticos, disrup\u00e7\u00e3o tecnol\u00f3gica e caos&nbsp; pol\u00edtico, que fogem a qualquer estabilidade. Os m\u00e9todos at\u00e9 ent\u00e3o desenvolvidos para fazer previs\u00f5es, de repente se tornaram obsoletos. O acr\u00f3stico VUCA nos \u00e9 familiar para descrever o mundo como vol\u00e1til, incerto, complexo e amb\u00edguo, mas tamb\u00e9m j\u00e1 est\u00e1 ficando obsoleto. A primeira vez que se cunhou este termo data do final da&nbsp; d\u00e9cada de 1980 e teve origem no&nbsp; US Army College. Foi bastante disseminado para a lideran\u00e7a militar americana nos anos 1990 e come\u00e7ou a fazer parte do mundo dos neg\u00f3cios no in\u00edcio dos anos 2000.<\/p>\n\n\n\n<div class=\"wp-block-buttons is-content-justification-center is-layout-flex wp-block-buttons-is-layout-flex\">\n<div class=\"wp-block-button\"><a class=\"wp-block-button__link has-yellow-color has-dark-purple-background-color has-text-color has-background\" href=\"https:\/\/amzn.to\/3cl7GrQ\" style=\"border-radius:15px\" target=\"_blank\" rel=\"noreferrer noopener\">Saber mais sobre o conceito vuca<\/a><\/div>\n<\/div>\n\n\n\n<h4 class=\"wp-block-heading\">Do VUCA ao BANI<\/h4>\n\n\n\n<p class=\"wp-block-paragraph\">O Dr. Cascio cunhou um novo acr\u00f3stico em substitui\u00e7\u00e3o ao VUCA. Para ele, n\u00f3s vivemos em um mundo BANI (Brittle, Anxious, Nonlinear, Incomprehensible) que \u00e9 o acr\u00f3stico em ingl\u00eas de&nbsp; fr\u00e1gil, ansioso, n\u00e3o linear e incompreens\u00edvel. O mundo em que vivemos n\u00e3o \u00e9 apenas vol\u00e1til, como o l\u00edquido que muda de fase rapidamente alterando suas propriedades, mas ainda mantendo sua ess\u00eancia. Agora, vivemos a fragilidade de um mundo que chegou no limite da resili\u00eancia e se fragiliza. Se a volatilidade representa as mudan\u00e7as constantes, a fragilidade representa o rompimento de um modelo em favor de outro. Modelos como Uber, Fintecs e Airbnb s\u00e3o exemplos de rompimento de modelos at\u00e9 ent\u00e3o considerados s\u00f3lidos, mas que de repente encontram-se em uma realidade alternativa em que as regras do jogo s\u00e3o totalmente diferentes. Algo que \u00e9 fr\u00e1gil est\u00e1 sujeito a uma falha repentina e catastr\u00f3fica. A pandemia do COVID-19 apenas acelerou mudan\u00e7as que estavam na imin\u00eancia se mudarem velhos paradigmas.&nbsp;<\/p>\n\n\n\n<h4 class=\"wp-block-heading\">Fr\u00e1gil (Brittle)<\/h4>\n\n\n\n<p class=\"wp-block-paragraph\">Algo que \u00e9 fr\u00e1gil n\u00e3o rompe aos poucos, mas repentinamente. A fragilidade surge de esfor\u00e7os para maximizar a efici\u00eancia at\u00e9 extrair a \u00faltima gota de valor de um sistema sem deixar margem para manobras. Ent\u00e3o, de repente uma mudan\u00e7a dr\u00e1stica de paradigma rompe o velho modelo. A fragilidade \u00e9 mais danosa que a volatilidade porque algo que \u00e9 vol\u00e1til, muda rapidamente e a resposta \u00e9 responder e adaptar r\u00e1pido, mas a fragilidade quebra o neg\u00f3cio, destr\u00f3i ou substitui completamente o modelo sem a possibilidade de regressar \u00e0 antiga vers\u00e3o ou fazer reboot.<\/p>\n\n\n\n<h4 class=\"wp-block-heading\">Ansiedade (Anxious)<\/h4>\n\n\n\n<p class=\"wp-block-paragraph\">Se o mundo VUCA \u00e9 incerto e demanda v\u00e1rios cen\u00e1rios como modelo, no mundo BANI a quantidade de vari\u00e1veis, a velocidade da mudan\u00e7a, o excesso de informa\u00e7\u00e3o e de dados faz com que precisemos  trat\u00e1-lo de outra forma. O c\u00e9rebro humano j\u00e1 n\u00e3o \u00e9 capaz de solucionar e precisa aderir \u00e0 intelig\u00eancia artificial. A perda do controle causa ansiedade em perceber que qualquer decis\u00e3o pode ser potencialmente desastrosa. <\/p>\n\n\n\n<p class=\"wp-block-paragraph\">N\u00e3o \u00e9 incomum l\u00edderes ansiosos serem acometidos de depress\u00e3o ou burnout. \u00c9 preciso desaprender o que sabemos para aprendermos a usar a tecnologia a nosso favor, mas n\u00e3o apenas isso. \u00c9 preciso mais do que nunca conectarmos nossos c\u00e9rebros, passarmos da competi\u00e7\u00e3o para a coopera\u00e7\u00e3o, al\u00e9m de sermos capazes de transformar dados em ativos. A dissemina\u00e7\u00e3o de fake news \u00e9 uma tentativa de evitar o rompimento do modelo, criando um falso controle da situa\u00e7\u00e3o. O populismo, a imposi\u00e7\u00e3o de valores individuais ou at\u00e9 mesmo coletivos ferem valores individuais e contribuem para um mundo de l\u00edderes ansiosos, mas sem a\u00e7\u00e3o efetiva. \u00c9 preciso ter consci\u00eancia que j\u00e1 n\u00e3o temos mais o controle da situa\u00e7\u00e3o e talvez nunca o tivemos de fato.<\/p>\n\n\n\n<h4 class=\"wp-block-heading\">N\u00e3o-Linear (Nonlinear)<\/h4>\n\n\n\n<p class=\"wp-block-paragraph\">A complexidade do mundo VUCA d\u00e1 lugar \u00e0 n\u00e3o linearidade do mundo BANI. Estamos acostumados com causa e efeito que s\u00e3o atributos de um mundo linear, embora complexo. Com v\u00e1rias causas e efeitos que se entrela\u00e7am e se influenciam de forma m\u00fatua,  o ambiente n\u00e3o-linear est\u00e1 mais pr\u00f3ximo de ser descrito como  efeito borboleta em que&nbsp; as causas e os efeitos parecem estar desconectados ou serem totalmente desproporcionais a ponto de inviabilizar qualquer conclus\u00e3o com alta probabilidade de certeza. Pequenas decis\u00f5es podem resultar em consequ\u00eancias massivas que podem ser boas ou m\u00e1s, enquanto grandes investimentos de tempo e recursos podem simplesmente n\u00e3o trazer benef\u00edcios de forma proporcional. N\u00e3o \u00e9 de se estranhar que pequenas startups que crescem exponencialmente s\u00e3o chamadas de unic\u00f3rnios, porque n\u00e3o parecem fazer parte da realidade.&nbsp;<\/p>\n\n\n\n<blockquote class=\"wp-block-quote has-text-align-center is-layout-flow wp-block-quote-is-layout-flow\"><p> \u201cAt\u00e9 mesmo os big data podem ser contraproducentes, sobrecarregando nossa capacidade de entender o mundo dificultando a distin\u00e7\u00e3o entre sinal e ru\u00eddo\u201d <\/p><p>                                                                    Jamais Cascio<\/p><\/blockquote>\n\n\n\n<h4 class=\"wp-block-heading\">Incompreens\u00edvel ( Inconprehensible)<\/h4>\n\n\n\n<p class=\"wp-block-paragraph\">Finalmente a ambiguidade do mundo VUCA d\u00e1 lugar \u00e0 incompreens\u00e3o do mundo BANI. Em um mundo amb\u00edguo devemos estar preparados para dar diferentes respostas a um mesmo problema, ou moldar a solu\u00e7\u00e3o de acordo com as premissas do cliente, ou ainda estar preparados para receber a aceita\u00e7\u00e3o de nosso produto por um p\u00fablico e a rejei\u00e7\u00e3o por outro. J\u00e1 n\u00e3o conseguimos ter todas as respostas e em algumas situa\u00e7\u00f5es n\u00e3o temos resposta alguma. N\u00e3o \u00e9 mais incomum testemunharmos eventos ou decis\u00f5es&nbsp; sem l\u00f3gica, sem sentido ou absurdas.<\/p>\n\n\n\n<p class=\"wp-block-paragraph\"> Por que n\u00e3o nos preparamos para uma pandemia antes, se \u00e9 algo que j\u00e1 aconteceu antes? Por que n\u00e3o diminuir as emiss\u00f5es se sabemos que os efeitos no clima s\u00e3o irrevers\u00edveis? Al\u00e9m disso, informa\u00e7\u00f5es adicionais n\u00e3o s\u00e3o garantia de melhor compreens\u00e3o. \u201cAt\u00e9 mesmo os big data podem ser contraproducentes, sobrecarregando nossa capacidade de entender o mundo dificultando a distin\u00e7\u00e3o entre sinal e ru\u00eddo\u201d (Jamais Cascio). O excesso e sobrecarga de informa\u00e7\u00e3o somados \u00e0s informa\u00e7\u00f5es falsas amplamente divulgadas s\u00e3o efeitos da incompreens\u00e3o de nossa realidade.<\/p>\n\n\n\n<blockquote class=\"wp-block-quote is-layout-flow wp-block-quote-is-layout-flow\"><p>Se o sapo percebesse que a \u00e1gua ao seu redor estava aumentando n\u00e3o teria morrido cozido.<\/p><\/blockquote>\n\n\n\n<h4 class=\"wp-block-heading\">Lentes para a nova realidade<\/h4>\n\n\n\n<p class=\"wp-block-paragraph\">O cen\u00e1rio pode parecer apocal\u00edptico, mas o conceito BANI funciona como lentes para percebermos melhor nossa realidade, para que possamos pensar diferente e consequentemente agir de forma diferente. Se o sapo percebesse que a \u00e1gua ao seu redor estava aumentando n\u00e3o teria morrido cozido. Cascio, autor do conceito, sugere que cada componente da sigla deve nos levar a oportunidades de resposta. Assim,&nbsp; a fragilidade pode ser o indutor para sermos mais resilientes e estabelecermos limites, assim como na engenharia os materiais s\u00e3o dimensionados com folga. <\/p>\n\n\n\n<p class=\"wp-block-paragraph\">A resposta \u00e0 ansiedade pode ser a empatia e aten\u00e7\u00e3o plena \u00e0s pessoas. A&nbsp; n\u00e3o-linearidade nos faz refletir sobre o conceito de flexibilidade, abrindo os nossos olhos para solu\u00e7\u00f5es que aparentemente n\u00e3o fazem sentido algum. A incompreensibilidade nos conduz \u00e0 transpar\u00eancia e \u00e0 intui\u00e7\u00e3o sem contudo deixar de analisar os dados que n\u00e3o compreendemos.&nbsp;<\/p>\n\n\n\n<p class=\"wp-block-paragraph\">Quando Einstein se deparou com os paradoxos de sua teoria precisou ter consci\u00eancia que somente olhar para os dados n\u00e3o o levaria a nenhuma conclus\u00e3o l\u00f3gica. Apenas quando teve a coragem de nadar contra a corrente apresentando conceitos contra-intuitivos para o velho paradigma que moviam os cientistas de sua \u00e9poca, foi que conseguiu propor uma nova forma de ver o mundo. A partir da\u00ed, precisou usar os dados a seu favor. O conceito BANI n\u00e3o significa romper completamente com nossos conceitos e valores, mas nos ajuda a sermos capazes de olhar o mundo por uma \u00f3ptica diferente para que possamos solucionar os problemas em um outro n\u00edvel.<\/p>\n\n\n\n<p class=\"wp-block-paragraph\">Algo massivo e potencialmente opressor est\u00e1 ocorrendo em todos os nossos sistemas. Seja nas redes globais de comunica\u00e7\u00e3o, na forma de fazer neg\u00f3cios ou nas conex\u00f5es pessoais. Todos estes sistemas est\u00e3o em constante mudan\u00e7a e n\u00e3o nos&nbsp; \u00e9 poss\u00edvel prever o que o futuro nos trar\u00e1. N\u00e3o se trata apenas de tecnologia, mas de comportamento, lideran\u00e7a e humanidade.&nbsp;<\/p>\n\n\n\n<h3 class=\"wp-block-heading\">Refer\u00eancias:<\/h3>\n\n\n\n<p class=\"wp-block-paragraph\">Facing the age of chaos, Jamais Cascio &#8211; Institute for the Future &#8211; <a href=\"https:\/\/medium.com\">https:\/\/medium.com<\/a><\/p>\n\n\n\n<h4 class=\"wp-block-heading\">Posts Relacionados<\/h4>\n\n\n\n<div class=\"wp-block-columns is-layout-flex wp-container-core-columns-is-layout-8f761849 wp-block-columns-is-layout-flex\">\n<div class=\"wp-block-column is-layout-flow wp-block-column-is-layout-flow\" style=\"flex-basis:100%\">\n<div class=\"wp-block-group\"><div class=\"wp-block-group__inner-container is-layout-flow wp-block-group-is-layout-flow\"><\/div><\/div>\n<\/div>\n<\/div>\n\n\n\n<p class=\"wp-block-paragraph\"><\/p>\n","protected":false},"excerpt":{"rendered":"<p>Fernando Neves, Ph.D. O ano de 2020 ser\u00e1 sempre lembrado como um marco na hist\u00f3ria. Seria dif\u00edcil apostar que haveria uma mudan\u00e7a de comportamento t\u00e3o dr\u00e1stica n\u00e3o somente na rotina das pessoas, mas tamb\u00e9m na economia, pol\u00edtica e na forma de fazer neg\u00f3cios. N\u00e3o podemos dizer que ningu\u00e9m esperava algo dessa natureza, mas o mundo &hellip; <a href=\"https:\/\/corporateacademy.org\/index.php\/2021\/03\/12\/do-vuca-ao-bani-uma-nova-forma-de-interpretar-as-mudancas\/\" class=\"more-link\">Continuar lendo <span class=\"screen-reader-text\">Do VUCA ao BANI &#8211; Uma nova forma de interpretar as mudan\u00e7as.<\/span><\/a><\/p>\n","protected":false},"author":1,"featured_media":976,"comment_status":"open","ping_status":"open","sticky":false,"template":"","format":"standard","meta":{"_jetpack_newsletter_access":"","_jetpack_dont_email_post_to_subs":false,"_jetpack_newsletter_tier_id":0,"_jetpack_memberships_contains_paywalled_content":false,"_jetpack_feature_clip_id":0,"_jetpack_memberships_contains_paid_content":false,"footnotes":"","jetpack_publicize_message":"","jetpack_publicize_feature_enabled":true,"jetpack_social_post_already_shared":true,"jetpack_social_options":{"image_generator_settings":{"template":"highway","default_image_id":0,"font":"","enabled":false},"version":2},"jetpack_post_was_ever_published":false},"categories":[19,18,131,20,64,295,253,262],"tags":[334,338,254,293,189],"class_list":["post-973","post","type-post","status-publish","format-standard","has-post-thumbnail","hentry","category-ambiente-corporativo","category-comportamento","category-educacao","category-gestao-de-pessoas","category-inteligencia-artificial","category-inteligencia-emocional","category-quarta-revolucao-industrial","category-resiliencia","tag-bani","tag-mundo-bani","tag-mundo-corporativo","tag-paradigma","tag-vuca"],"aioseo_notices":[],"aioseo_head":"\n\t\t<!-- All in One SEO 5.0.1.1 - aioseo.com -->\n\t<meta name=\"description\" content=\"Fernando Neves, Ph.D. O ano de 2020 ser\u00e1 sempre lembrado como um marco na hist\u00f3ria. Seria dif\u00edcil apostar que haveria uma mudan\u00e7a de comportamento t\u00e3o dr\u00e1stica n\u00e3o somente na rotina das pessoas, mas tamb\u00e9m na economia, pol\u00edtica e na forma de fazer neg\u00f3cios. N\u00e3o podemos dizer que ningu\u00e9m esperava algo dessa natureza, mas o mundo\" \/>\n\t<meta name=\"robots\" content=\"max-image-preview:large\" \/>\n\t<meta name=\"author\" content=\"Editor\"\/>\n\t<link rel=\"canonical\" href=\"https:\/\/corporateacademy.org\/index.php\/2021\/03\/12\/do-vuca-ao-bani-uma-nova-forma-de-interpretar-as-mudancas\/\" \/>\n\t<meta name=\"generator\" content=\"All in One SEO (AIOSEO) 5.0.1.1\" \/>\n\t\t<meta property=\"og:locale\" content=\"pt_BR\" \/>\n\t\t<meta property=\"og:site_name\" content=\"Corporate Academy - Compartilhando Conhecimento\" \/>\n\t\t<meta property=\"og:type\" content=\"article\" \/>\n\t\t<meta property=\"og:title\" content=\"Do VUCA ao BANI \u2013 Uma nova forma de interpretar as mudan\u00e7as. - Corporate Academy\" \/>\n\t\t<meta property=\"og:description\" content=\"Fernando Neves, Ph.D. O ano de 2020 ser\u00e1 sempre lembrado como um marco na hist\u00f3ria. Seria dif\u00edcil apostar que haveria uma mudan\u00e7a de comportamento t\u00e3o dr\u00e1stica n\u00e3o somente na rotina das pessoas, mas tamb\u00e9m na economia, pol\u00edtica e na forma de fazer neg\u00f3cios. N\u00e3o podemos dizer que ningu\u00e9m esperava algo dessa natureza, mas o mundo\" \/>\n\t\t<meta property=\"og:url\" content=\"https:\/\/corporateacademy.org\/index.php\/2021\/03\/12\/do-vuca-ao-bani-uma-nova-forma-de-interpretar-as-mudancas\/\" \/>\n\t\t<meta property=\"og:image\" content=\"https:\/\/i0.wp.com\/corporateacademy.org\/wp-content\/uploads\/2018\/03\/Logo200x200.jpg?fit=200200\" \/>\n\t\t<meta property=\"og:image:secure_url\" content=\"https:\/\/i0.wp.com\/corporateacademy.org\/wp-content\/uploads\/2018\/03\/Logo200x200.jpg?fit=200200\" \/>\n\t\t<meta property=\"article:published_time\" content=\"2021-03-12T15:17:05+00:00\" \/>\n\t\t<meta property=\"article:modified_time\" content=\"2021-03-12T18:15:32+00:00\" \/>\n\t\t<meta name=\"twitter:card\" content=\"summary_large_image\" \/>\n\t\t<meta name=\"twitter:title\" content=\"Do VUCA ao BANI \u2013 Uma nova forma de interpretar as mudan\u00e7as. - Corporate Academy\" \/>\n\t\t<meta name=\"twitter:description\" content=\"Fernando Neves, Ph.D. O ano de 2020 ser\u00e1 sempre lembrado como um marco na hist\u00f3ria. Seria dif\u00edcil apostar que haveria uma mudan\u00e7a de comportamento t\u00e3o dr\u00e1stica n\u00e3o somente na rotina das pessoas, mas tamb\u00e9m na economia, pol\u00edtica e na forma de fazer neg\u00f3cios. N\u00e3o podemos dizer que ningu\u00e9m esperava algo dessa natureza, mas o mundo\" \/>\n\t\t<meta name=\"twitter:image\" content=\"https:\/\/i0.wp.com\/corporateacademy.org\/wp-content\/uploads\/2018\/03\/Logo200x200.jpg?fit=200200\" \/>\n\t\t<script type=\"application\/ld+json\" class=\"aioseo-schema\">\n\t\t\t{\"@context\":\"https:\\\/\\\/schema.org\",\"@graph\":[{\"@type\":\"BlogPosting\",\"@id\":\"https:\\\/\\\/corporateacademy.org\\\/index.php\\\/2021\\\/03\\\/12\\\/do-vuca-ao-bani-uma-nova-forma-de-interpretar-as-mudancas\\\/#blogposting\",\"name\":\"Do VUCA ao BANI \\u2013 Uma nova forma de interpretar as mudan\\u00e7as. - Corporate Academy\",\"headline\":\"Do VUCA ao BANI &#8211; Uma nova forma de interpretar as mudan\\u00e7as.\",\"author\":{\"@id\":\"https:\\\/\\\/corporateacademy.org\\\/index.php\\\/author\\\/nevesf\\\/#author\"},\"publisher\":{\"@id\":\"https:\\\/\\\/corporateacademy.org\\\/#organization\"},\"image\":{\"@type\":\"ImageObject\",\"url\":\"https:\\\/\\\/i0.wp.com\\\/corporateacademy.org\\\/wp-content\\\/uploads\\\/2021\\\/03\\\/butterfly-and-waves-Pixabay.jpg?fit=1920%2C1280&ssl=1\",\"width\":1920,\"height\":1280,\"caption\":\"Fragilidade e turbulencia. Efeito borboleta\"},\"datePublished\":\"2021-03-12T12:17:05-03:00\",\"dateModified\":\"2021-03-12T15:15:32-03:00\",\"inLanguage\":\"pt-BR\",\"mainEntityOfPage\":{\"@id\":\"https:\\\/\\\/corporateacademy.org\\\/index.php\\\/2021\\\/03\\\/12\\\/do-vuca-ao-bani-uma-nova-forma-de-interpretar-as-mudancas\\\/#webpage\"},\"isPartOf\":{\"@id\":\"https:\\\/\\\/corporateacademy.org\\\/index.php\\\/2021\\\/03\\\/12\\\/do-vuca-ao-bani-uma-nova-forma-de-interpretar-as-mudancas\\\/#webpage\"},\"articleSection\":\"Ambiente corporativo, comportamento, Educa\\u00e7\\u00e3o, gest\\u00e3o de pessoas, Intelig\\u00eancia Artificial, inteligencia emocional, Quarta Revolu\\u00e7\\u00e3o Industrial, resili\\u00eancia, BANI, mundo BANI, mundo corporativo, paradigma, VUCA\"},{\"@type\":\"BreadcrumbList\",\"@id\":\"https:\\\/\\\/corporateacademy.org\\\/index.php\\\/2021\\\/03\\\/12\\\/do-vuca-ao-bani-uma-nova-forma-de-interpretar-as-mudancas\\\/#breadcrumblist\",\"itemListElement\":[{\"@type\":\"ListItem\",\"@id\":\"https:\\\/\\\/corporateacademy.org#listItem\",\"position\":1,\"name\":\"Home\",\"item\":\"https:\\\/\\\/corporateacademy.org\",\"nextItem\":{\"@type\":\"ListItem\",\"@id\":\"https:\\\/\\\/corporateacademy.org\\\/index.php\\\/category\\\/comportamento\\\/#listItem\",\"name\":\"comportamento\"}},{\"@type\":\"ListItem\",\"@id\":\"https:\\\/\\\/corporateacademy.org\\\/index.php\\\/category\\\/comportamento\\\/#listItem\",\"position\":2,\"name\":\"comportamento\",\"item\":\"https:\\\/\\\/corporateacademy.org\\\/index.php\\\/category\\\/comportamento\\\/\",\"nextItem\":{\"@type\":\"ListItem\",\"@id\":\"https:\\\/\\\/corporateacademy.org\\\/index.php\\\/2021\\\/03\\\/12\\\/do-vuca-ao-bani-uma-nova-forma-de-interpretar-as-mudancas\\\/#listItem\",\"name\":\"Do VUCA ao BANI &#8211; Uma nova forma de interpretar as mudan\\u00e7as.\"},\"previousItem\":{\"@type\":\"ListItem\",\"@id\":\"https:\\\/\\\/corporateacademy.org#listItem\",\"name\":\"Home\"}},{\"@type\":\"ListItem\",\"@id\":\"https:\\\/\\\/corporateacademy.org\\\/index.php\\\/2021\\\/03\\\/12\\\/do-vuca-ao-bani-uma-nova-forma-de-interpretar-as-mudancas\\\/#listItem\",\"position\":3,\"name\":\"Do VUCA ao BANI &#8211; Uma nova forma de interpretar as mudan\\u00e7as.\",\"previousItem\":{\"@type\":\"ListItem\",\"@id\":\"https:\\\/\\\/corporateacademy.org\\\/index.php\\\/category\\\/comportamento\\\/#listItem\",\"name\":\"comportamento\"}}]},{\"@type\":\"Organization\",\"@id\":\"https:\\\/\\\/corporateacademy.org\\\/#organization\",\"name\":\"Corporate Academy\",\"description\":\"Compartilhando Conhecimento\",\"url\":\"https:\\\/\\\/corporateacademy.org\\\/\",\"logo\":{\"@type\":\"ImageObject\",\"url\":\"https:\\\/\\\/i0.wp.com\\\/corporateacademy.org\\\/wp-content\\\/uploads\\\/2018\\\/03\\\/Logo200x200.jpg?fit=200%2C200&ssl=1\",\"@id\":\"https:\\\/\\\/corporateacademy.org\\\/index.php\\\/2021\\\/03\\\/12\\\/do-vuca-ao-bani-uma-nova-forma-de-interpretar-as-mudancas\\\/#organizationLogo\",\"width\":200,\"height\":200},\"image\":{\"@id\":\"https:\\\/\\\/corporateacademy.org\\\/index.php\\\/2021\\\/03\\\/12\\\/do-vuca-ao-bani-uma-nova-forma-de-interpretar-as-mudancas\\\/#organizationLogo\"}},{\"@type\":\"Person\",\"@id\":\"https:\\\/\\\/corporateacademy.org\\\/index.php\\\/author\\\/nevesf\\\/#author\",\"url\":\"https:\\\/\\\/corporateacademy.org\\\/index.php\\\/author\\\/nevesf\\\/\",\"name\":\"Editor\",\"image\":{\"@type\":\"ImageObject\",\"@id\":\"https:\\\/\\\/corporateacademy.org\\\/index.php\\\/2021\\\/03\\\/12\\\/do-vuca-ao-bani-uma-nova-forma-de-interpretar-as-mudancas\\\/#authorImage\",\"url\":\"https:\\\/\\\/secure.gravatar.com\\\/avatar\\\/40a180061deabb68d04bd9f812bde2b372b5d57984baf7dd947ee866377d90fb?s=96&d=blank&r=g\",\"width\":96,\"height\":96,\"caption\":\"Editor\"}},{\"@type\":\"WebPage\",\"@id\":\"https:\\\/\\\/corporateacademy.org\\\/index.php\\\/2021\\\/03\\\/12\\\/do-vuca-ao-bani-uma-nova-forma-de-interpretar-as-mudancas\\\/#webpage\",\"url\":\"https:\\\/\\\/corporateacademy.org\\\/index.php\\\/2021\\\/03\\\/12\\\/do-vuca-ao-bani-uma-nova-forma-de-interpretar-as-mudancas\\\/\",\"name\":\"Do VUCA ao BANI \\u2013 Uma nova forma de interpretar as mudan\\u00e7as. - Corporate Academy\",\"description\":\"Fernando Neves, Ph.D. O ano de 2020 ser\\u00e1 sempre lembrado como um marco na hist\\u00f3ria. Seria dif\\u00edcil apostar que haveria uma mudan\\u00e7a de comportamento t\\u00e3o dr\\u00e1stica n\\u00e3o somente na rotina das pessoas, mas tamb\\u00e9m na economia, pol\\u00edtica e na forma de fazer neg\\u00f3cios. N\\u00e3o podemos dizer que ningu\\u00e9m esperava algo dessa natureza, mas o mundo\",\"inLanguage\":\"pt-BR\",\"isPartOf\":{\"@id\":\"https:\\\/\\\/corporateacademy.org\\\/#website\"},\"breadcrumb\":{\"@id\":\"https:\\\/\\\/corporateacademy.org\\\/index.php\\\/2021\\\/03\\\/12\\\/do-vuca-ao-bani-uma-nova-forma-de-interpretar-as-mudancas\\\/#breadcrumblist\"},\"author\":{\"@id\":\"https:\\\/\\\/corporateacademy.org\\\/index.php\\\/author\\\/nevesf\\\/#author\"},\"creator\":{\"@id\":\"https:\\\/\\\/corporateacademy.org\\\/index.php\\\/author\\\/nevesf\\\/#author\"},\"image\":{\"@type\":\"ImageObject\",\"url\":\"https:\\\/\\\/i0.wp.com\\\/corporateacademy.org\\\/wp-content\\\/uploads\\\/2021\\\/03\\\/butterfly-and-waves-Pixabay.jpg?fit=1920%2C1280&ssl=1\",\"@id\":\"https:\\\/\\\/corporateacademy.org\\\/index.php\\\/2021\\\/03\\\/12\\\/do-vuca-ao-bani-uma-nova-forma-de-interpretar-as-mudancas\\\/#mainImage\",\"width\":1920,\"height\":1280,\"caption\":\"Fragilidade e turbulencia. Efeito borboleta\"},\"primaryImageOfPage\":{\"@id\":\"https:\\\/\\\/corporateacademy.org\\\/index.php\\\/2021\\\/03\\\/12\\\/do-vuca-ao-bani-uma-nova-forma-de-interpretar-as-mudancas\\\/#mainImage\"},\"datePublished\":\"2021-03-12T12:17:05-03:00\",\"dateModified\":\"2021-03-12T15:15:32-03:00\"},{\"@type\":\"WebSite\",\"@id\":\"https:\\\/\\\/corporateacademy.org\\\/#website\",\"url\":\"https:\\\/\\\/corporateacademy.org\\\/\",\"name\":\"Corporate Academy\",\"description\":\"Compartilhando Conhecimento\",\"inLanguage\":\"pt-BR\",\"publisher\":{\"@id\":\"https:\\\/\\\/corporateacademy.org\\\/#organization\"}}]}\n\t\t<\/script>\n\t\t<!-- All in One SEO -->\n\n","aioseo_head_json":{"title":"Do VUCA ao BANI \u2013 Uma nova forma de interpretar as mudan\u00e7as. - Corporate Academy","description":"Fernando Neves, Ph.D. O ano de 2020 ser\u00e1 sempre lembrado como um marco na hist\u00f3ria. Seria dif\u00edcil apostar que haveria uma mudan\u00e7a de comportamento t\u00e3o dr\u00e1stica n\u00e3o somente na rotina das pessoas, mas tamb\u00e9m na economia, pol\u00edtica e na forma de fazer neg\u00f3cios. N\u00e3o podemos dizer que ningu\u00e9m esperava algo dessa natureza, mas o mundo","canonical_url":"https:\/\/corporateacademy.org\/index.php\/2021\/03\/12\/do-vuca-ao-bani-uma-nova-forma-de-interpretar-as-mudancas\/","robots":"max-image-preview:large","keywords":"","webmasterTools":{"miscellaneous":""},"schema":{"@context":"https:\/\/schema.org","@graph":[{"@type":"BlogPosting","@id":"https:\/\/corporateacademy.org\/index.php\/2021\/03\/12\/do-vuca-ao-bani-uma-nova-forma-de-interpretar-as-mudancas\/#blogposting","name":"Do VUCA ao BANI \u2013 Uma nova forma de interpretar as mudan\u00e7as. - Corporate Academy","headline":"Do VUCA ao BANI &#8211; Uma nova forma de interpretar as mudan\u00e7as.","author":{"@id":"https:\/\/corporateacademy.org\/index.php\/author\/nevesf\/#author"},"publisher":{"@id":"https:\/\/corporateacademy.org\/#organization"},"image":{"@type":"ImageObject","url":"https:\/\/i0.wp.com\/corporateacademy.org\/wp-content\/uploads\/2021\/03\/butterfly-and-waves-Pixabay.jpg?fit=1920%2C1280&ssl=1","width":1920,"height":1280,"caption":"Fragilidade e turbulencia. Efeito borboleta"},"datePublished":"2021-03-12T12:17:05-03:00","dateModified":"2021-03-12T15:15:32-03:00","inLanguage":"pt-BR","mainEntityOfPage":{"@id":"https:\/\/corporateacademy.org\/index.php\/2021\/03\/12\/do-vuca-ao-bani-uma-nova-forma-de-interpretar-as-mudancas\/#webpage"},"isPartOf":{"@id":"https:\/\/corporateacademy.org\/index.php\/2021\/03\/12\/do-vuca-ao-bani-uma-nova-forma-de-interpretar-as-mudancas\/#webpage"},"articleSection":"Ambiente corporativo, comportamento, Educa\u00e7\u00e3o, gest\u00e3o de pessoas, Intelig\u00eancia Artificial, inteligencia emocional, Quarta Revolu\u00e7\u00e3o Industrial, resili\u00eancia, BANI, mundo BANI, mundo corporativo, paradigma, VUCA"},{"@type":"BreadcrumbList","@id":"https:\/\/corporateacademy.org\/index.php\/2021\/03\/12\/do-vuca-ao-bani-uma-nova-forma-de-interpretar-as-mudancas\/#breadcrumblist","itemListElement":[{"@type":"ListItem","@id":"https:\/\/corporateacademy.org#listItem","position":1,"name":"Home","item":"https:\/\/corporateacademy.org","nextItem":{"@type":"ListItem","@id":"https:\/\/corporateacademy.org\/index.php\/category\/comportamento\/#listItem","name":"comportamento"}},{"@type":"ListItem","@id":"https:\/\/corporateacademy.org\/index.php\/category\/comportamento\/#listItem","position":2,"name":"comportamento","item":"https:\/\/corporateacademy.org\/index.php\/category\/comportamento\/","nextItem":{"@type":"ListItem","@id":"https:\/\/corporateacademy.org\/index.php\/2021\/03\/12\/do-vuca-ao-bani-uma-nova-forma-de-interpretar-as-mudancas\/#listItem","name":"Do VUCA ao BANI &#8211; Uma nova forma de interpretar as mudan\u00e7as."},"previousItem":{"@type":"ListItem","@id":"https:\/\/corporateacademy.org#listItem","name":"Home"}},{"@type":"ListItem","@id":"https:\/\/corporateacademy.org\/index.php\/2021\/03\/12\/do-vuca-ao-bani-uma-nova-forma-de-interpretar-as-mudancas\/#listItem","position":3,"name":"Do VUCA ao BANI &#8211; Uma nova forma de interpretar as mudan\u00e7as.","previousItem":{"@type":"ListItem","@id":"https:\/\/corporateacademy.org\/index.php\/category\/comportamento\/#listItem","name":"comportamento"}}]},{"@type":"Organization","@id":"https:\/\/corporateacademy.org\/#organization","name":"Corporate Academy","description":"Compartilhando Conhecimento","url":"https:\/\/corporateacademy.org\/","logo":{"@type":"ImageObject","url":"https:\/\/i0.wp.com\/corporateacademy.org\/wp-content\/uploads\/2018\/03\/Logo200x200.jpg?fit=200%2C200&ssl=1","@id":"https:\/\/corporateacademy.org\/index.php\/2021\/03\/12\/do-vuca-ao-bani-uma-nova-forma-de-interpretar-as-mudancas\/#organizationLogo","width":200,"height":200},"image":{"@id":"https:\/\/corporateacademy.org\/index.php\/2021\/03\/12\/do-vuca-ao-bani-uma-nova-forma-de-interpretar-as-mudancas\/#organizationLogo"}},{"@type":"Person","@id":"https:\/\/corporateacademy.org\/index.php\/author\/nevesf\/#author","url":"https:\/\/corporateacademy.org\/index.php\/author\/nevesf\/","name":"Editor","image":{"@type":"ImageObject","@id":"https:\/\/corporateacademy.org\/index.php\/2021\/03\/12\/do-vuca-ao-bani-uma-nova-forma-de-interpretar-as-mudancas\/#authorImage","url":"https:\/\/secure.gravatar.com\/avatar\/40a180061deabb68d04bd9f812bde2b372b5d57984baf7dd947ee866377d90fb?s=96&d=blank&r=g","width":96,"height":96,"caption":"Editor"}},{"@type":"WebPage","@id":"https:\/\/corporateacademy.org\/index.php\/2021\/03\/12\/do-vuca-ao-bani-uma-nova-forma-de-interpretar-as-mudancas\/#webpage","url":"https:\/\/corporateacademy.org\/index.php\/2021\/03\/12\/do-vuca-ao-bani-uma-nova-forma-de-interpretar-as-mudancas\/","name":"Do VUCA ao BANI \u2013 Uma nova forma de interpretar as mudan\u00e7as. - Corporate Academy","description":"Fernando Neves, Ph.D. O ano de 2020 ser\u00e1 sempre lembrado como um marco na hist\u00f3ria. Seria dif\u00edcil apostar que haveria uma mudan\u00e7a de comportamento t\u00e3o dr\u00e1stica n\u00e3o somente na rotina das pessoas, mas tamb\u00e9m na economia, pol\u00edtica e na forma de fazer neg\u00f3cios. N\u00e3o podemos dizer que ningu\u00e9m esperava algo dessa natureza, mas o mundo","inLanguage":"pt-BR","isPartOf":{"@id":"https:\/\/corporateacademy.org\/#website"},"breadcrumb":{"@id":"https:\/\/corporateacademy.org\/index.php\/2021\/03\/12\/do-vuca-ao-bani-uma-nova-forma-de-interpretar-as-mudancas\/#breadcrumblist"},"author":{"@id":"https:\/\/corporateacademy.org\/index.php\/author\/nevesf\/#author"},"creator":{"@id":"https:\/\/corporateacademy.org\/index.php\/author\/nevesf\/#author"},"image":{"@type":"ImageObject","url":"https:\/\/i0.wp.com\/corporateacademy.org\/wp-content\/uploads\/2021\/03\/butterfly-and-waves-Pixabay.jpg?fit=1920%2C1280&ssl=1","@id":"https:\/\/corporateacademy.org\/index.php\/2021\/03\/12\/do-vuca-ao-bani-uma-nova-forma-de-interpretar-as-mudancas\/#mainImage","width":1920,"height":1280,"caption":"Fragilidade e turbulencia. Efeito borboleta"},"primaryImageOfPage":{"@id":"https:\/\/corporateacademy.org\/index.php\/2021\/03\/12\/do-vuca-ao-bani-uma-nova-forma-de-interpretar-as-mudancas\/#mainImage"},"datePublished":"2021-03-12T12:17:05-03:00","dateModified":"2021-03-12T15:15:32-03:00"},{"@type":"WebSite","@id":"https:\/\/corporateacademy.org\/#website","url":"https:\/\/corporateacademy.org\/","name":"Corporate Academy","description":"Compartilhando Conhecimento","inLanguage":"pt-BR","publisher":{"@id":"https:\/\/corporateacademy.org\/#organization"}}]},"og:locale":"pt_BR","og:site_name":"Corporate Academy - Compartilhando Conhecimento","og:type":"article","og:title":"Do VUCA ao BANI \u2013 Uma nova forma de interpretar as mudan\u00e7as. - Corporate Academy","og:description":"Fernando Neves, Ph.D. O ano de 2020 ser\u00e1 sempre lembrado como um marco na hist\u00f3ria. Seria dif\u00edcil apostar que haveria uma mudan\u00e7a de comportamento t\u00e3o dr\u00e1stica n\u00e3o somente na rotina das pessoas, mas tamb\u00e9m na economia, pol\u00edtica e na forma de fazer neg\u00f3cios. N\u00e3o podemos dizer que ningu\u00e9m esperava algo dessa natureza, mas o mundo","og:url":"https:\/\/corporateacademy.org\/index.php\/2021\/03\/12\/do-vuca-ao-bani-uma-nova-forma-de-interpretar-as-mudancas\/","og:image":"https:\/\/i0.wp.com\/corporateacademy.org\/wp-content\/uploads\/2018\/03\/Logo200x200.jpg?fit=200200","og:image:secure_url":"https:\/\/i0.wp.com\/corporateacademy.org\/wp-content\/uploads\/2018\/03\/Logo200x200.jpg?fit=200200","article:published_time":"2021-03-12T15:17:05+00:00","article:modified_time":"2021-03-12T18:15:32+00:00","twitter:card":"summary_large_image","twitter:title":"Do VUCA ao BANI \u2013 Uma nova forma de interpretar as mudan\u00e7as. - Corporate Academy","twitter:description":"Fernando Neves, Ph.D. O ano de 2020 ser\u00e1 sempre lembrado como um marco na hist\u00f3ria. Seria dif\u00edcil apostar que haveria uma mudan\u00e7a de comportamento t\u00e3o dr\u00e1stica n\u00e3o somente na rotina das pessoas, mas tamb\u00e9m na economia, pol\u00edtica e na forma de fazer neg\u00f3cios. N\u00e3o podemos dizer que ningu\u00e9m esperava algo dessa natureza, mas o mundo","twitter:image":"https:\/\/i0.wp.com\/corporateacademy.org\/wp-content\/uploads\/2018\/03\/Logo200x200.jpg?fit=200200"},"aioseo_meta_data":{"post_id":"973","title":null,"description":null,"keywords":null,"keyphrases":null,"focus_keyword":null,"additional_keywords":null,"truseo_locale":null,"primary_term":null,"canonical_url":null,"og_title":null,"og_description":null,"og_object_type":"default","og_image_type":"default","og_image_custom_url":null,"og_image_custom_fields":null,"og_image_url":null,"og_image_width":null,"og_image_height":null,"og_video":null,"og_custom_url":null,"og_article_section":null,"og_article_tags":null,"twitter_use_og":false,"twitter_card":"default","twitter_image_type":"default","twitter_image_custom_url":null,"twitter_image_custom_fields":null,"twitter_image_url":null,"twitter_title":null,"twitter_description":null,"schema_type":"default","schema_type_options":null,"schema":{"blockGraphs":[],"customGraphs":[],"default":{"data":{"Article":[],"Course":[],"Dataset":[],"FAQPage":[],"Movie":[],"Person":[],"Product":[],"ProductReview":[],"Car":[],"Recipe":[],"Service":[],"SoftwareApplication":[],"WebPage":[]},"graphName":"","isEnabled":true},"graphs":[]},"pillar_content":false,"robots_default":true,"robots_noindex":false,"robots_noarchive":false,"robots_nosnippet":false,"robots_nofollow":false,"robots_noimageindex":false,"robots_noodp":false,"robots_notranslate":false,"robots_max_snippet":null,"robots_max_videopreview":null,"robots_max_imagepreview":"large","priority":null,"frequency":null,"local_seo":null,"limit_modified_date":false,"ai":null,"breadcrumb_settings":null,"seo_analyzer_scan_date":null,"created":"2026-09-02 22:00:30","updated":"2026-09-02 22:00:30"},"aioseo_breadcrumb":"<div class=\"aioseo-breadcrumbs\"><span class=\"aioseo-breadcrumb\">\n\t\t\t<a href=\"https:\/\/corporateacademy.org\" title=\"Home\">Home<\/a>\n\t\t<\/span><span class=\"aioseo-breadcrumb-separator\">&raquo;<\/span><span class=\"aioseo-breadcrumb\">\n\t\t\t<a href=\"https:\/\/corporateacademy.org\/index.php\/category\/comportamento\/\" title=\"comportamento\">comportamento<\/a>\n\t\t<\/span><span class=\"aioseo-breadcrumb-separator\">&raquo;<\/span><span class=\"aioseo-breadcrumb\">\n\t\t\tDo VUCA ao BANI \u2013 Uma nova forma de interpretar as mudan\u00e7as.\n\t\t<\/span><\/div>","aioseo_breadcrumb_json":[{"label":"Home","link":"https:\/\/corporateacademy.org"},{"label":"comportamento","link":"https:\/\/corporateacademy.org\/index.php\/category\/comportamento\/"},{"label":"Do VUCA ao BANI &#8211; Uma nova forma de interpretar as mudan\u00e7as.","link":"https:\/\/corporateacademy.org\/index.php\/2021\/03\/12\/do-vuca-ao-bani-uma-nova-forma-de-interpretar-as-mudancas\/"}],"jetpack_publicize_connections":[],"jetpack_sharing_enabled":true,"jetpack_shortlink":"https:\/\/wp.me\/p9MYp6-fH","jetpack_likes_enabled":true,"jetpack-related-posts":[{"id":1,"url":"https:\/\/corporateacademy.org\/index.php\/2018\/01\/12\/gosto-de-voce-somos-parecidos\/","url_meta":{"origin":973,"position":0},"title":"Gosto de voc\u00ea! Somos muito parecidos!","author":"Editor","date":"12\/01\/2018","format":false,"excerpt":"Fernando Neves, Ph.D.\u00a0 \u00a0 \u00a0 \u00a0 Em tempos de rede social e algoritmos, aquela ideia de que os opostos se atraem n\u00e3o \u00e9 verdadeira. O natural \u00e9 exatamente o oposto, ou seja, \u00a0que nos conectemos com as pessoas com quem temos afinidades. Quer queiramos admitir ou n\u00e3o, n\u00f3s gostamos disso!\u2026","rel":"","context":"Em &quot;Ambiente corporativo&quot;","block_context":{"text":"Ambiente corporativo","link":"https:\/\/corporateacademy.org\/index.php\/category\/ambiente-corporativo\/"},"img":{"alt_text":"","src":"https:\/\/i0.wp.com\/corporateacademy.org\/wp-content\/uploads\/2018\/01\/car-communication-3100981GertAltmann.jpg?fit=1200%2C400&ssl=1&resize=350%2C200","width":350,"height":200,"srcset":"https:\/\/i0.wp.com\/corporateacademy.org\/wp-content\/uploads\/2018\/01\/car-communication-3100981GertAltmann.jpg?fit=1200%2C400&ssl=1&resize=350%2C200 1x, https:\/\/i0.wp.com\/corporateacademy.org\/wp-content\/uploads\/2018\/01\/car-communication-3100981GertAltmann.jpg?fit=1200%2C400&ssl=1&resize=525%2C300 1.5x, https:\/\/i0.wp.com\/corporateacademy.org\/wp-content\/uploads\/2018\/01\/car-communication-3100981GertAltmann.jpg?fit=1200%2C400&ssl=1&resize=700%2C400 2x, https:\/\/i0.wp.com\/corporateacademy.org\/wp-content\/uploads\/2018\/01\/car-communication-3100981GertAltmann.jpg?fit=1200%2C400&ssl=1&resize=1050%2C600 3x"},"classes":[]},{"id":2312,"url":"https:\/\/corporateacademy.org\/index.php\/2024\/08\/23\/alem-do-qi-navegando-o-complexo-mundo-da-inteligencia-emocional-e-social\/","url_meta":{"origin":973,"position":1},"title":"Al\u00e9m do QI: Navegando o Complexo Mundo da Intelig\u00eancia Emocional e Social.","author":"Editor","date":"23\/08\/2024","format":false,"excerpt":"Imagine-se em uma reuni\u00e3o de diretoria. O CEO acaba de lan\u00e7ar um desafio complexo. Quem se destacar\u00e1? O executivo brilhante com um QI astron\u00f4mico? A gerente com uma incr\u00edvel capacidade de ler as emo\u00e7\u00f5es da sala? Ou talvez o l\u00edder carism\u00e1tico que sempre sabe exatamente o que dizer e quando\u2026","rel":"","context":"Em &quot;Ambiente corporativo&quot;","block_context":{"text":"Ambiente corporativo","link":"https:\/\/corporateacademy.org\/index.php\/category\/ambiente-corporativo\/"},"img":{"alt_text":"ambiente corporativo","src":"https:\/\/i0.wp.com\/corporateacademy.org\/wp-content\/uploads\/2024\/08\/AdobeStock_268599822-scaled.jpeg?fit=1200%2C450&ssl=1&resize=350%2C200","width":350,"height":200,"srcset":"https:\/\/i0.wp.com\/corporateacademy.org\/wp-content\/uploads\/2024\/08\/AdobeStock_268599822-scaled.jpeg?fit=1200%2C450&ssl=1&resize=350%2C200 1x, https:\/\/i0.wp.com\/corporateacademy.org\/wp-content\/uploads\/2024\/08\/AdobeStock_268599822-scaled.jpeg?fit=1200%2C450&ssl=1&resize=525%2C300 1.5x, https:\/\/i0.wp.com\/corporateacademy.org\/wp-content\/uploads\/2024\/08\/AdobeStock_268599822-scaled.jpeg?fit=1200%2C450&ssl=1&resize=700%2C400 2x, https:\/\/i0.wp.com\/corporateacademy.org\/wp-content\/uploads\/2024\/08\/AdobeStock_268599822-scaled.jpeg?fit=1200%2C450&ssl=1&resize=1050%2C600 3x"},"classes":[]},{"id":2432,"url":"https:\/\/corporateacademy.org\/index.php\/2025\/02\/14\/o-futuro-do-trabalho-como-lideres-podem-navegar-na-fronteira-entre-humanos-e-maquinas-insights-do-forum-economico-mundial\/","url_meta":{"origin":973,"position":2},"title":"O Futuro do Trabalho: Como L\u00edderes Podem Navegar na Fronteira Entre Humanos e M\u00e1quinas- Insights do F\u00f3rum Econ\u00f4mico Mundial.","author":"Editor","date":"14\/02\/2025","format":false,"excerpt":"Imagine o seguinte cen\u00e1rio: voc\u00ea chega ao trabalho e percebe que metade das tarefas que antes eram executadas por sua equipe agora s\u00e3o gerenciadas por intelig\u00eancia artificial. Os relat\u00f3rios financeiros, a triagem de candidatos para novas contrata\u00e7\u00f5es e at\u00e9 mesmo o atendimento ao cliente passaram a ser conduzidos por algoritmos\u2026","rel":"","context":"Em &quot;Ambiente corporativo&quot;","block_context":{"text":"Ambiente corporativo","link":"https:\/\/corporateacademy.org\/index.php\/category\/ambiente-corporativo\/"},"img":{"alt_text":"Humans and robots at the office","src":"https:\/\/i0.wp.com\/corporateacademy.org\/wp-content\/uploads\/2025\/02\/Human-and-Robots-Office.jpg?fit=1200%2C686&ssl=1&resize=350%2C200","width":350,"height":200,"srcset":"https:\/\/i0.wp.com\/corporateacademy.org\/wp-content\/uploads\/2025\/02\/Human-and-Robots-Office.jpg?fit=1200%2C686&ssl=1&resize=350%2C200 1x, https:\/\/i0.wp.com\/corporateacademy.org\/wp-content\/uploads\/2025\/02\/Human-and-Robots-Office.jpg?fit=1200%2C686&ssl=1&resize=525%2C300 1.5x, https:\/\/i0.wp.com\/corporateacademy.org\/wp-content\/uploads\/2025\/02\/Human-and-Robots-Office.jpg?fit=1200%2C686&ssl=1&resize=700%2C400 2x, https:\/\/i0.wp.com\/corporateacademy.org\/wp-content\/uploads\/2025\/02\/Human-and-Robots-Office.jpg?fit=1200%2C686&ssl=1&resize=1050%2C600 3x"},"classes":[]},{"id":2248,"url":"https:\/\/corporateacademy.org\/index.php\/2024\/01\/25\/a-ilusao-do-poder-como-os-paradigmas-moldam-as-relacoes-de-conflito-e-poder-nas-organizacoes\/","url_meta":{"origin":973,"position":3},"title":"A Ilus\u00e3o do Poder: Como os Paradigmas Moldam as Rela\u00e7\u00f5es de Conflito e Poder nas Organiza\u00e7\u00f5es.","author":"Editor","date":"25\/01\/2024","format":false,"excerpt":"Fernando Neves, Ph.D. Em uma noite escura e nebulosa, um grande navio se aproximava da costa. O capit\u00e3o, no conv\u00e9s, vigiava atentamente a aproxima\u00e7\u00e3o da terra. Ele viu uma luz fraca \u00e0 frente e disse ao sinalizador que enviasse uma mensagem: Alterar curso 20 graus. Estamos em rota de colis\u00e3o.\u2026","rel":"","context":"Em &quot;Ambiente corporativo&quot;","block_context":{"text":"Ambiente corporativo","link":"https:\/\/corporateacademy.org\/index.php\/category\/ambiente-corporativo\/"},"img":{"alt_text":"Navio de guerra colidindo com Farol","src":"https:\/\/i0.wp.com\/corporateacademy.org\/wp-content\/uploads\/2024\/01\/NavioFarolEditado.jpg?fit=1200%2C675&ssl=1&resize=350%2C200","width":350,"height":200,"srcset":"https:\/\/i0.wp.com\/corporateacademy.org\/wp-content\/uploads\/2024\/01\/NavioFarolEditado.jpg?fit=1200%2C675&ssl=1&resize=350%2C200 1x, https:\/\/i0.wp.com\/corporateacademy.org\/wp-content\/uploads\/2024\/01\/NavioFarolEditado.jpg?fit=1200%2C675&ssl=1&resize=525%2C300 1.5x, https:\/\/i0.wp.com\/corporateacademy.org\/wp-content\/uploads\/2024\/01\/NavioFarolEditado.jpg?fit=1200%2C675&ssl=1&resize=700%2C400 2x, https:\/\/i0.wp.com\/corporateacademy.org\/wp-content\/uploads\/2024\/01\/NavioFarolEditado.jpg?fit=1200%2C675&ssl=1&resize=1050%2C600 3x"},"classes":[]},{"id":2340,"url":"https:\/\/corporateacademy.org\/index.php\/2024\/11\/15\/como-conquistar-e-inspirar-pessoas-no-ambiente-de-trabalho-licoes-de-carnegie\/","url_meta":{"origin":973,"position":4},"title":"Como Conquistar e Inspirar Pessoas no Ambiente de Trabalho: Li\u00e7\u00f5es de Carnegie.","author":"Editor","date":"15\/11\/2024","format":false,"excerpt":"Pedro \u00e9 um executivo de sucesso que lidera uma equipe h\u00e1 anos, \u00e9 respeitado e considerado um \u00f3timo estrategista. No entanto, em suas \u00faltimas reuni\u00f5es com sua equipe, Pedro percebeu um abiente tenso e as pessoas distantes. O time n\u00e3o estava comprando suas ideias, ou talvez ele n\u00e3o estivesse sendo\u2026","rel":"","context":"Em &quot;Ambiente corporativo&quot;","block_context":{"text":"Ambiente corporativo","link":"https:\/\/corporateacademy.org\/index.php\/category\/ambiente-corporativo\/"},"img":{"alt_text":"Happy hour","src":"https:\/\/i0.wp.com\/corporateacademy.org\/wp-content\/uploads\/2024\/11\/amigos-01.jpg?fit=1200%2C670&ssl=1&resize=350%2C200","width":350,"height":200,"srcset":"https:\/\/i0.wp.com\/corporateacademy.org\/wp-content\/uploads\/2024\/11\/amigos-01.jpg?fit=1200%2C670&ssl=1&resize=350%2C200 1x, https:\/\/i0.wp.com\/corporateacademy.org\/wp-content\/uploads\/2024\/11\/amigos-01.jpg?fit=1200%2C670&ssl=1&resize=525%2C300 1.5x, https:\/\/i0.wp.com\/corporateacademy.org\/wp-content\/uploads\/2024\/11\/amigos-01.jpg?fit=1200%2C670&ssl=1&resize=700%2C400 2x, https:\/\/i0.wp.com\/corporateacademy.org\/wp-content\/uploads\/2024\/11\/amigos-01.jpg?fit=1200%2C670&ssl=1&resize=1050%2C600 3x"},"classes":[]},{"id":2440,"url":"https:\/\/corporateacademy.org\/index.php\/2025\/02\/21\/o-futuro-dos-empregos-uma-jornada-rumo-ao-desconhecido\/","url_meta":{"origin":973,"position":5},"title":"O Futuro dos Empregos: Uma Jornada Rumo ao Desconhecido","author":"Editor","date":"21\/02\/2025","format":false,"excerpt":"Era uma manh\u00e3 comum em S\u00e3o Paulo, dessas com tr\u00e2nsito barulhento e o cheiro de caf\u00e9 pairando no ar. Mariana, gerente de RH de uma multinacional, olhava pela janela do escrit\u00f3rio no 15\u00ba andar enquanto tomava sua segunda x\u00edcara do dia. Entre uma liga\u00e7\u00e3o e outra, ela pensava no relat\u00f3rio\u2026","rel":"","context":"Em &quot;Ambiente corporativo&quot;","block_context":{"text":"Ambiente corporativo","link":"https:\/\/corporateacademy.org\/index.php\/category\/ambiente-corporativo\/"},"img":{"alt_text":"Empregos do futuro","src":"https:\/\/i0.wp.com\/corporateacademy.org\/wp-content\/uploads\/2025\/02\/FutureJobsEdit.png?fit=1016%2C732&ssl=1&resize=350%2C200","width":350,"height":200,"srcset":"https:\/\/i0.wp.com\/corporateacademy.org\/wp-content\/uploads\/2025\/02\/FutureJobsEdit.png?fit=1016%2C732&ssl=1&resize=350%2C200 1x, https:\/\/i0.wp.com\/corporateacademy.org\/wp-content\/uploads\/2025\/02\/FutureJobsEdit.png?fit=1016%2C732&ssl=1&resize=525%2C300 1.5x, https:\/\/i0.wp.com\/corporateacademy.org\/wp-content\/uploads\/2025\/02\/FutureJobsEdit.png?fit=1016%2C732&ssl=1&resize=700%2C400 2x"},"classes":[]}],"jetpack_featured_media_url":"https:\/\/i0.wp.com\/corporateacademy.org\/wp-content\/uploads\/2021\/03\/butterfly-and-waves-Pixabay.jpg?fit=1920%2C1280&ssl=1","_links":{"self":[{"href":"https:\/\/corporateacademy.org\/index.php\/wp-json\/wp\/v2\/posts\/973","targetHints":{"allow":["GET"]}}],"collection":[{"href":"https:\/\/corporateacademy.org\/index.php\/wp-json\/wp\/v2\/posts"}],"about":[{"href":"https:\/\/corporateacademy.org\/index.php\/wp-json\/wp\/v2\/types\/post"}],"author":[{"embeddable":true,"href":"https:\/\/corporateacademy.org\/index.php\/wp-json\/wp\/v2\/users\/1"}],"replies":[{"embeddable":true,"href":"https:\/\/corporateacademy.org\/index.php\/wp-json\/wp\/v2\/comments?post=973"}],"version-history":[{"count":22,"href":"https:\/\/corporateacademy.org\/index.php\/wp-json\/wp\/v2\/posts\/973\/revisions"}],"predecessor-version":[{"id":1000,"href":"https:\/\/corporateacademy.org\/index.php\/wp-json\/wp\/v2\/posts\/973\/revisions\/1000"}],"wp:featuredmedia":[{"embeddable":true,"href":"https:\/\/corporateacademy.org\/index.php\/wp-json\/wp\/v2\/media\/976"}],"wp:attachment":[{"href":"https:\/\/corporateacademy.org\/index.php\/wp-json\/wp\/v2\/media?parent=973"}],"wp:term":[{"taxonomy":"category","embeddable":true,"href":"https:\/\/corporateacademy.org\/index.php\/wp-json\/wp\/v2\/categories?post=973"},{"taxonomy":"post_tag","embeddable":true,"href":"https:\/\/corporateacademy.org\/index.php\/wp-json\/wp\/v2\/tags?post=973"}],"curies":[{"name":"wp","href":"https:\/\/api.w.org\/{rel}","templated":true}]}}